{"id":420070,"date":"2026-03-24T16:49:18","date_gmt":"2026-03-24T19:49:18","guid":{"rendered":"https:\/\/portaltela.pt\/noticias\/2026\/03\/24\/entroncamento-reforca-seguranca-com-55-camaras-de-videovigilancia\/"},"modified":"2026-03-24T16:49:18","modified_gmt":"2026-03-24T19:49:18","slug":"entroncamento-reforca-seguranca-com-55-camaras-de-videovigilancia","status":"publish","type":"post","link":"https:\/\/portaltela.pt\/seguranca\/2026\/03\/24\/entroncamento-reforca-seguranca-com-55-camaras-de-videovigilancia\/","title":{"rendered":"Entroncamento refor\u00e7a seguran\u00e7a com 55 c\u00e2maras de videovigil\u00e2ncia"},"content":{"rendered":"<p>A C\u00e2mara do Entroncamento confirmou, nesta ter\u00e7a-feira, um protocolo com a PSP para implementar um sistema de videovigil\u00e2ncia com 55 c\u00e2maras. O investimento ronda os 200 mil euros e visa refor\u00e7ar a seguran\u00e7a e prevenir a criminalidade no concelho. O acordo envolve coopera\u00e7\u00e3o entre o munic\u00edpio e a Pol\u00edcia de Seguran\u00e7a P\u00fablica.<\/p>\n<p>O protocolo define as bases para utiliza\u00e7\u00e3o e manuten\u00e7\u00e3o do sistema, ainda dependente de parecer da CNPD. A implementa\u00e7\u00e3o dever\u00e1 ficar conclu\u00edda em cerca de cinco meses, ap\u00f3s aprova\u00e7\u00e3o regulat\u00f3ria, concurso p\u00fablico e adjudica\u00e7\u00e3o.<\/p>\n<p>O mapa t\u00e9cnico foi definido em parceria com a PSP, incidindo em locais sens\u00edveis como o centro hist\u00f3rico, entradas e sa\u00eddas da cidade e zonas de maior aflu\u00eancia. Inicialmente seriam 14 c\u00e2maras, mas passaram a 55, para ampliar cobertura.<\/p>\n<p>A gest\u00e3o \u00e9 partilhada: a componente tecnol\u00f3gica \u00e9 da tutela da Administra\u00e7\u00e3o Interna, enquanto a manuten\u00e7\u00e3o cabe ao munic\u00edpio. O objetivo \u00e9 aumentar a perce\u00e7\u00e3o de seguran\u00e7a e apoiar as for\u00e7as de seguran\u00e7a.<\/p>\n<p>\u00c0 Lusa, o presidente da C\u00e2mara, Nelson Cunha, reiterou que o sistema n\u00e3o substitui o policiamento, funcionando como refor\u00e7o \u00e0 confian\u00e7a da popula\u00e7\u00e3o. Cunha \u00e9 eleito pelo Chega e est\u00e1 no 1\u00ba mandato desde outubro de 2025.<\/p>\n<p>A autarquia espera que a videovigil\u00e2ncia contribua para a dissuas\u00e3o de il\u00edcitos e para a prote\u00e7\u00e3o de pessoas e bens. O projeto integra uma estrat\u00e9gia de seguran\u00e7a urbana mais ampla, com planos para uma futura pol\u00edcia municipal.<\/p>\n<p>O sistema j\u00e1 esteve em fase de testes em 2023 e evoluiu para uma solu\u00e7\u00e3o de maior escala. A C\u00e2mara destaca que a decis\u00e3o se alinha com objetivos de vigil\u00e2ncia estrat\u00e9gica do concelho. A CNPD ainda precisa emitir parecer.<\/p>\n<p>Fonte: Lusa.<\/p>\n","protected":false},"excerpt":{"rendered":"<ul>\n<li>A C\u00e2mara do Entroncamento assinou um protocolo com a Pol\u00edcia de Seguran\u00e7a P\u00fablica para implementar um sistema de videovigil\u00e2ncia com 55 c\u00e2maras, num investimento de cerca de 200 mil euros.<\/li>\n<li>O objetivo \u00e9 refor\u00e7ar a seguran\u00e7a e prevenir a criminalidade no concelho, sem substituir o policiamento, funcionando como complemento ao trabalho da PSP.<\/li>\n<li>A implementa\u00e7\u00e3o depende de parecer da Comiss\u00e3o Nacional de Prote\u00e7\u00e3o de Dados (CNPD) e dever\u00e1 ficar conclu\u00edda em cerca de cinco meses ap\u00f3s a aprova\u00e7\u00e3o requerida.<\/li>\n<li>As c\u00e2maras v\u00e3o ficar principalmente no centro hist\u00f3rico, bem como em entradas e sa\u00eddas da cidade e \u00e1reas de maior aflu\u00eancia, com gest\u00e3o partilhada entre a Administra\u00e7\u00e3o Interna (componentes tecnol\u00f3gica) e o munic\u00edpio (manuten\u00e7\u00e3o).<\/li>\n<li>O autarca referiu que a videovigil\u00e2ncia \u00e9 parte de uma estrat\u00e9gia mais ampla de seguran\u00e7a urbana, que inclui a cria\u00e7\u00e3o de uma pol\u00edcia municipal e a requalifica\u00e7\u00e3o da antiga sede da PSP para acolher servi\u00e7os de prote\u00e7\u00e3o civil e fiscaliza\u00e7\u00e3o.<\/li>\n<\/ul>\n","protected":false},"author":2,"featured_media":420077,"comment_status":"closed","ping_status":"closed","sticky":false,"template":"","format":"standard","meta":{"footnotes":""},"categories":[6779],"tags":[5161,177,1430,3418,250,3045],"class_list":["post-420070","post","type-post","status-publish","format-standard","has-post-thumbnail","hentry","category-seguranca","tag-cnpd","tag-crimes","tag-entroncamento","tag-policia-de-seguranca-publica","tag-seguranca-publica","tag-vigilancia-electronica"],"yoast_head":"<!-- This site is optimized with the Yoast SEO plugin v27.2 - https:\/\/yoast.com\/product\/yoast-seo-wordpress\/ -->\n<title>Entroncamento refor\u00e7a seguran\u00e7a com 55 c\u00e2maras de videovigil\u00e2ncia - Portal Tela Portugal<\/title>\n<meta name=\"robots\" content=\"index, follow, max-snippet:-1, max-image-preview:large, max-video-preview:-1\" \/>\n<meta property=\"og:locale\" content=\"pt_PT\" \/>\n<meta property=\"og:type\" content=\"article\" \/>\n<meta property=\"og:title\" content=\"Entroncamento refor\u00e7a seguran\u00e7a com 55 c\u00e2maras de videovigil\u00e2ncia - Portal Tela Portugal\" \/>\n<meta property=\"og:description\" content=\"A C\u00e2mara do Entroncamento assinou um protocolo com a Pol\u00edcia de Seguran\u00e7a P\u00fablica para implementar um sistema de videovigil\u00e2ncia com 55 c\u00e2maras, num investimento de cerca de 200 mil euros. O objetivo \u00e9 refor\u00e7ar a seguran\u00e7a e prevenir a criminalidade no concelho, sem substituir o policiamento, funcionando como complemento ao trabalho da PSP. A implementa\u00e7\u00e3o depende de parecer da Comiss\u00e3o Nacional de Prote\u00e7\u00e3o de Dados (CNPD) e dever\u00e1 ficar conclu\u00edda em cerca de cinco meses ap\u00f3s a aprova\u00e7\u00e3o requerida. As c\u00e2maras v\u00e3o ficar principalmente no centro hist\u00f3rico, bem como em entradas e sa\u00eddas da cidade e \u00e1reas de maior aflu\u00eancia, com gest\u00e3o partilhada entre a Administra\u00e7\u00e3o Interna (componentes tecnol\u00f3gica) e o munic\u00edpio (manuten\u00e7\u00e3o). O autarca referiu que a videovigil\u00e2ncia \u00e9 parte de uma estrat\u00e9gia mais ampla de seguran\u00e7a urbana, que inclui a cria\u00e7\u00e3o de uma pol\u00edcia municipal e a requalifica\u00e7\u00e3o da antiga sede da PSP para acolher servi\u00e7os de prote\u00e7\u00e3o civil e fiscaliza\u00e7\u00e3o.\" \/>\n<meta property=\"og:url\" content=\"https:\/\/portaltela.pt\/noticias\/2026\/03\/24\/entroncamento-reforca-seguranca-com-55-camaras-de-videovigilancia\/\" \/>\n<meta property=\"og:site_name\" content=\"Portal Tela Portugal\" \/>\n<meta property=\"article:published_time\" content=\"2026-03-24T19:49:18+00:00\" \/>\n<meta name=\"author\" content=\"Telinha\" \/>\n<meta name=\"twitter:card\" content=\"summary_large_image\" \/>\n<meta name=\"twitter:label1\" content=\"Escrito por\" \/>\n\t<meta name=\"twitter:data1\" content=\"Telinha\" \/>\n\t<meta name=\"twitter:label2\" content=\"Tempo estimado de leitura\" \/>\n\t<meta name=\"twitter:data2\" content=\"2 minutos\" \/>\n<script type=\"application\/ld+json\" class=\"yoast-schema-graph\">{\"@context\":\"https:\/\/schema.org\",\"@graph\":[{\"@type\":\"Article\",\"@id\":\"https:\/\/portaltela.pt\/noticias\/2026\/03\/24\/entroncamento-reforca-seguranca-com-55-camaras-de-videovigilancia\/#article\",\"isPartOf\":{\"@id\":\"https:\/\/portaltela.pt\/noticias\/2026\/03\/24\/entroncamento-reforca-seguranca-com-55-camaras-de-videovigilancia\/\"},\"author\":{\"name\":\"Telinha\",\"@id\":\"https:\/\/portaltela.pt\/#\/schema\/person\/c4278d4a6028830caff9ee44b42d32ed\"},\"headline\":\"Entroncamento refor\u00e7a seguran\u00e7a com 55 c\u00e2maras de videovigil\u00e2ncia\",\"datePublished\":\"2026-03-24T19:49:18+00:00\",\"mainEntityOfPage\":{\"@id\":\"https:\/\/portaltela.pt\/noticias\/2026\/03\/24\/entroncamento-reforca-seguranca-com-55-camaras-de-videovigilancia\/\"},\"wordCount\":323,\"image\":{\"@id\":\"https:\/\/portaltela.pt\/noticias\/2026\/03\/24\/entroncamento-reforca-seguranca-com-55-camaras-de-videovigilancia\/#primaryimage\"},\"thumbnailUrl\":\"https:\/\/portaltela.pt\/s.01k8rhncp4jt1\/2026\/03\/img_1500x1000uu2017-10-06-02-27-00-674221.jpg\",\"keywords\":[\"CNPD\",\"crimes\",\"Entroncamento\",\"Pol\u00edcia de Seguran\u00e7a P\u00fablica\",\"seguran\u00e7a p\u00fablica\",\"vigil\u00e2ncia electr\u00f3nica\"],\"articleSection\":[\"Seguran\u00e7a\"],\"inLanguage\":\"pt-PT\"},{\"@type\":\"WebPage\",\"@id\":\"https:\/\/portaltela.pt\/noticias\/2026\/03\/24\/entroncamento-reforca-seguranca-com-55-camaras-de-videovigilancia\/\",\"url\":\"https:\/\/portaltela.pt\/noticias\/2026\/03\/24\/entroncamento-reforca-seguranca-com-55-camaras-de-videovigilancia\/\",\"name\":\"Entroncamento refor\u00e7a seguran\u00e7a com 55 c\u00e2maras de videovigil\u00e2ncia - Portal Tela Portugal\",\"isPartOf\":{\"@id\":\"https:\/\/portaltela.pt\/#website\"},\"primaryImageOfPage\":{\"@id\":\"https:\/\/portaltela.pt\/noticias\/2026\/03\/24\/entroncamento-reforca-seguranca-com-55-camaras-de-videovigilancia\/#primaryimage\"},\"image\":{\"@id\":\"https:\/\/portaltela.pt\/noticias\/2026\/03\/24\/entroncamento-reforca-seguranca-com-55-camaras-de-videovigilancia\/#primaryimage\"},\"thumbnailUrl\":\"https:\/\/portaltela.pt\/s.01k8rhncp4jt1\/2026\/03\/img_1500x1000uu2017-10-06-02-27-00-674221.jpg\",\"datePublished\":\"2026-03-24T19:49:18+00:00\",\"author\":{\"@id\":\"https:\/\/portaltela.pt\/#\/schema\/person\/c4278d4a6028830caff9ee44b42d32ed\"},\"breadcrumb\":{\"@id\":\"https:\/\/portaltela.pt\/noticias\/2026\/03\/24\/entroncamento-reforca-seguranca-com-55-camaras-de-videovigilancia\/#breadcrumb\"},\"inLanguage\":\"pt-PT\",\"potentialAction\":[{\"@type\":\"ReadAction\",\"target\":[\"https:\/\/portaltela.pt\/noticias\/2026\/03\/24\/entroncamento-reforca-seguranca-com-55-camaras-de-videovigilancia\/\"]}]},{\"@type\":\"ImageObject\",\"inLanguage\":\"pt-PT\",\"@id\":\"https:\/\/portaltela.pt\/noticias\/2026\/03\/24\/entroncamento-reforca-seguranca-com-55-camaras-de-videovigilancia\/#primaryimage\",\"url\":\"https:\/\/portaltela.pt\/s.01k8rhncp4jt1\/2026\/03\/img_1500x1000uu2017-10-06-02-27-00-674221.jpg\",\"contentUrl\":\"https:\/\/portaltela.pt\/s.01k8rhncp4jt1\/2026\/03\/img_1500x1000uu2017-10-06-02-27-00-674221.jpg\",\"width\":796,\"height\":448,\"caption\":\"Sistema de videovigil\u00e2ncia\"},{\"@type\":\"BreadcrumbList\",\"@id\":\"https:\/\/portaltela.pt\/noticias\/2026\/03\/24\/entroncamento-reforca-seguranca-com-55-camaras-de-videovigilancia\/#breadcrumb\",\"itemListElement\":[{\"@type\":\"ListItem\",\"position\":1,\"name\":\"In\u00edcio\",\"item\":\"https:\/\/portaltela.pt\/\"},{\"@type\":\"ListItem\",\"position\":2,\"name\":\"Entroncamento refor\u00e7a seguran\u00e7a com 55 c\u00e2maras de videovigil\u00e2ncia\"}]},{\"@type\":\"WebSite\",\"@id\":\"https:\/\/portaltela.pt\/#website\",\"url\":\"https:\/\/portaltela.pt\/\",\"name\":\"Portal Tela Portugal\",\"description\":\"\",\"potentialAction\":[{\"@type\":\"SearchAction\",\"target\":{\"@type\":\"EntryPoint\",\"urlTemplate\":\"https:\/\/portaltela.pt\/?s={search_term_string}\"},\"query-input\":{\"@type\":\"PropertyValueSpecification\",\"valueRequired\":true,\"valueName\":\"search_term_string\"}}],\"inLanguage\":\"pt-PT\"},{\"@type\":\"Person\",\"@id\":\"https:\/\/portaltela.pt\/#\/schema\/person\/c4278d4a6028830caff9ee44b42d32ed\",\"name\":\"Telinha\",\"image\":{\"@type\":\"ImageObject\",\"inLanguage\":\"pt-PT\",\"@id\":\"https:\/\/portaltela.pt\/s.01k8rhncp4jt1\/2025\/11\/talking-bot-125x125.png\",\"url\":\"https:\/\/portaltela.pt\/s.01k8rhncp4jt1\/2025\/11\/talking-bot-125x125.png\",\"contentUrl\":\"https:\/\/portaltela.pt\/s.01k8rhncp4jt1\/2025\/11\/talking-bot-125x125.png\",\"caption\":\"Telinha\"},\"sameAs\":[\"https:\/\/portaltela.pt\/\"],\"url\":\"https:\/\/portaltela.pt\/por\/367410592786\/\"}]}<\/script>\n<!-- \/ Yoast SEO plugin. -->","yoast_head_json":{"title":"Entroncamento refor\u00e7a seguran\u00e7a com 55 c\u00e2maras de videovigil\u00e2ncia - Portal Tela Portugal","robots":{"index":"index","follow":"follow","max-snippet":"max-snippet:-1","max-image-preview":"max-image-preview:large","max-video-preview":"max-video-preview:-1"},"og_locale":"pt_PT","og_type":"article","og_title":"Entroncamento refor\u00e7a seguran\u00e7a com 55 c\u00e2maras de videovigil\u00e2ncia - Portal Tela Portugal","og_description":"A C\u00e2mara do Entroncamento assinou um protocolo com a Pol\u00edcia de Seguran\u00e7a P\u00fablica para implementar um sistema de videovigil\u00e2ncia com 55 c\u00e2maras, num investimento de cerca de 200 mil euros. O objetivo \u00e9 refor\u00e7ar a seguran\u00e7a e prevenir a criminalidade no concelho, sem substituir o policiamento, funcionando como complemento ao trabalho da PSP. A implementa\u00e7\u00e3o depende de parecer da Comiss\u00e3o Nacional de Prote\u00e7\u00e3o de Dados (CNPD) e dever\u00e1 ficar conclu\u00edda em cerca de cinco meses ap\u00f3s a aprova\u00e7\u00e3o requerida. As c\u00e2maras v\u00e3o ficar principalmente no centro hist\u00f3rico, bem como em entradas e sa\u00eddas da cidade e \u00e1reas de maior aflu\u00eancia, com gest\u00e3o partilhada entre a Administra\u00e7\u00e3o Interna (componentes tecnol\u00f3gica) e o munic\u00edpio (manuten\u00e7\u00e3o). O autarca referiu que a videovigil\u00e2ncia \u00e9 parte de uma estrat\u00e9gia mais ampla de seguran\u00e7a urbana, que inclui a cria\u00e7\u00e3o de uma pol\u00edcia municipal e a requalifica\u00e7\u00e3o da antiga sede da PSP para acolher servi\u00e7os de prote\u00e7\u00e3o civil e fiscaliza\u00e7\u00e3o.","og_url":"https:\/\/portaltela.pt\/noticias\/2026\/03\/24\/entroncamento-reforca-seguranca-com-55-camaras-de-videovigilancia\/","og_site_name":"Portal Tela Portugal","article_published_time":"2026-03-24T19:49:18+00:00","author":"Telinha","twitter_card":"summary_large_image","twitter_misc":{"Escrito por":"Telinha","Tempo estimado de leitura":"2 minutos"},"schema":{"@context":"https:\/\/schema.org","@graph":[{"@type":"Article","@id":"https:\/\/portaltela.pt\/noticias\/2026\/03\/24\/entroncamento-reforca-seguranca-com-55-camaras-de-videovigilancia\/#article","isPartOf":{"@id":"https:\/\/portaltela.pt\/noticias\/2026\/03\/24\/entroncamento-reforca-seguranca-com-55-camaras-de-videovigilancia\/"},"author":{"name":"Telinha","@id":"https:\/\/portaltela.pt\/#\/schema\/person\/c4278d4a6028830caff9ee44b42d32ed"},"headline":"Entroncamento refor\u00e7a seguran\u00e7a com 55 c\u00e2maras de videovigil\u00e2ncia","datePublished":"2026-03-24T19:49:18+00:00","mainEntityOfPage":{"@id":"https:\/\/portaltela.pt\/noticias\/2026\/03\/24\/entroncamento-reforca-seguranca-com-55-camaras-de-videovigilancia\/"},"wordCount":323,"image":{"@id":"https:\/\/portaltela.pt\/noticias\/2026\/03\/24\/entroncamento-reforca-seguranca-com-55-camaras-de-videovigilancia\/#primaryimage"},"thumbnailUrl":"https:\/\/portaltela.pt\/s.01k8rhncp4jt1\/2026\/03\/img_1500x1000uu2017-10-06-02-27-00-674221.jpg","keywords":["CNPD","crimes","Entroncamento","Pol\u00edcia de Seguran\u00e7a P\u00fablica","seguran\u00e7a p\u00fablica","vigil\u00e2ncia electr\u00f3nica"],"articleSection":["Seguran\u00e7a"],"inLanguage":"pt-PT"},{"@type":"WebPage","@id":"https:\/\/portaltela.pt\/noticias\/2026\/03\/24\/entroncamento-reforca-seguranca-com-55-camaras-de-videovigilancia\/","url":"https:\/\/portaltela.pt\/noticias\/2026\/03\/24\/entroncamento-reforca-seguranca-com-55-camaras-de-videovigilancia\/","name":"Entroncamento refor\u00e7a seguran\u00e7a com 55 c\u00e2maras de videovigil\u00e2ncia - Portal Tela Portugal","isPartOf":{"@id":"https:\/\/portaltela.pt\/#website"},"primaryImageOfPage":{"@id":"https:\/\/portaltela.pt\/noticias\/2026\/03\/24\/entroncamento-reforca-seguranca-com-55-camaras-de-videovigilancia\/#primaryimage"},"image":{"@id":"https:\/\/portaltela.pt\/noticias\/2026\/03\/24\/entroncamento-reforca-seguranca-com-55-camaras-de-videovigilancia\/#primaryimage"},"thumbnailUrl":"https:\/\/portaltela.pt\/s.01k8rhncp4jt1\/2026\/03\/img_1500x1000uu2017-10-06-02-27-00-674221.jpg","datePublished":"2026-03-24T19:49:18+00:00","author":{"@id":"https:\/\/portaltela.pt\/#\/schema\/person\/c4278d4a6028830caff9ee44b42d32ed"},"breadcrumb":{"@id":"https:\/\/portaltela.pt\/noticias\/2026\/03\/24\/entroncamento-reforca-seguranca-com-55-camaras-de-videovigilancia\/#breadcrumb"},"inLanguage":"pt-PT","potentialAction":[{"@type":"ReadAction","target":["https:\/\/portaltela.pt\/noticias\/2026\/03\/24\/entroncamento-reforca-seguranca-com-55-camaras-de-videovigilancia\/"]}]},{"@type":"ImageObject","inLanguage":"pt-PT","@id":"https:\/\/portaltela.pt\/noticias\/2026\/03\/24\/entroncamento-reforca-seguranca-com-55-camaras-de-videovigilancia\/#primaryimage","url":"https:\/\/portaltela.pt\/s.01k8rhncp4jt1\/2026\/03\/img_1500x1000uu2017-10-06-02-27-00-674221.jpg","contentUrl":"https:\/\/portaltela.pt\/s.01k8rhncp4jt1\/2026\/03\/img_1500x1000uu2017-10-06-02-27-00-674221.jpg","width":796,"height":448,"caption":"Sistema de videovigil\u00e2ncia"},{"@type":"BreadcrumbList","@id":"https:\/\/portaltela.pt\/noticias\/2026\/03\/24\/entroncamento-reforca-seguranca-com-55-camaras-de-videovigilancia\/#breadcrumb","itemListElement":[{"@type":"ListItem","position":1,"name":"In\u00edcio","item":"https:\/\/portaltela.pt\/"},{"@type":"ListItem","position":2,"name":"Entroncamento refor\u00e7a seguran\u00e7a com 55 c\u00e2maras de videovigil\u00e2ncia"}]},{"@type":"WebSite","@id":"https:\/\/portaltela.pt\/#website","url":"https:\/\/portaltela.pt\/","name":"Portal Tela Portugal","description":"","potentialAction":[{"@type":"SearchAction","target":{"@type":"EntryPoint","urlTemplate":"https:\/\/portaltela.pt\/?s={search_term_string}"},"query-input":{"@type":"PropertyValueSpecification","valueRequired":true,"valueName":"search_term_string"}}],"inLanguage":"pt-PT"},{"@type":"Person","@id":"https:\/\/portaltela.pt\/#\/schema\/person\/c4278d4a6028830caff9ee44b42d32ed","name":"Telinha","image":{"@type":"ImageObject","inLanguage":"pt-PT","@id":"https:\/\/portaltela.pt\/s.01k8rhncp4jt1\/2025\/11\/talking-bot-125x125.png","url":"https:\/\/portaltela.pt\/s.01k8rhncp4jt1\/2025\/11\/talking-bot-125x125.png","contentUrl":"https:\/\/portaltela.pt\/s.01k8rhncp4jt1\/2025\/11\/talking-bot-125x125.png","caption":"Telinha"},"sameAs":["https:\/\/portaltela.pt\/"],"url":"https:\/\/portaltela.pt\/por\/367410592786\/"}]}},"_links":{"self":[{"href":"https:\/\/portaltela.pt\/api\/wp\/v2\/posts\/420070","targetHints":{"allow":["GET"]}}],"collection":[{"href":"https:\/\/portaltela.pt\/api\/wp\/v2\/posts"}],"about":[{"href":"https:\/\/portaltela.pt\/api\/wp\/v2\/types\/post"}],"author":[{"embeddable":true,"href":"https:\/\/portaltela.pt\/api\/wp\/v2\/users\/2"}],"replies":[{"embeddable":true,"href":"https:\/\/portaltela.pt\/api\/wp\/v2\/comments?post=420070"}],"version-history":[{"count":0,"href":"https:\/\/portaltela.pt\/api\/wp\/v2\/posts\/420070\/revisions"}],"wp:featuredmedia":[{"embeddable":true,"href":"https:\/\/portaltela.pt\/api\/wp\/v2\/media\/420077"}],"wp:attachment":[{"href":"https:\/\/portaltela.pt\/api\/wp\/v2\/media?parent=420070"}],"wp:term":[{"taxonomy":"category","embeddable":true,"href":"https:\/\/portaltela.pt\/api\/wp\/v2\/categories?post=420070"},{"taxonomy":"post_tag","embeddable":true,"href":"https:\/\/portaltela.pt\/api\/wp\/v2\/tags?post=420070"}],"curies":[{"name":"wp","href":"https:\/\/api.w.org\/{rel}","templated":true}]}}