{"id":420068,"date":"2026-03-24T16:49:00","date_gmt":"2026-03-24T19:49:00","guid":{"rendered":"https:\/\/portaltela.pt\/noticias\/2026\/03\/24\/envelope-com-ameacas-a-israel-na-embaixada-em-lisboa-gera-alerta-da-psp\/"},"modified":"2026-03-24T16:49:00","modified_gmt":"2026-03-24T19:49:00","slug":"envelope-com-ameacas-a-israel-na-embaixada-em-lisboa-gera-alerta-da-psp","status":"publish","type":"post","link":"https:\/\/portaltela.pt\/seguranca\/2026\/03\/24\/envelope-com-ameacas-a-israel-na-embaixada-em-lisboa-gera-alerta-da-psp\/","title":{"rendered":"Envelope com amea\u00e7as a Israel na embaixada em Lisboa gera alerta da PSP"},"content":{"rendered":"<p>Um envelope com amea\u00e7as a Israel foi encontrado no correio da Embaixada de Israel, em Lisboa, levando \u00e0 evacua\u00e7\u00e3o da esta\u00e7\u00e3o dos CTT da Rua Filipe Folque. O incidente ocorreu hoje, perto das horas de meio da tarde, numa opera\u00e7\u00e3o de seguran\u00e7a e gest\u00e3o de risco.<\/p>\n<p>Segundo o CM, o alarme foi acionado por um funcion\u00e1rio da embaixada \u00e0s 13h55. De imediato, a loja dos CTT foi esvaziada e o envelope foi encaminhado para avalia\u00e7\u00e3o.<\/p>\n<p>\u00c0s 14h50, a PSP ativou o Centro de Inativa\u00e7\u00e3o de Engenhos Explosivos e Seguran\u00e7a em Subsolo (CIEXSS) da Unidade Especial, para avalia\u00e7\u00e3o t\u00e9cnica do envelope. Pelas 16h40, a PSP informou ter verificado que o objeto n\u00e3o constitu\u00eda perigo imediato.<\/p>\n<p>O envelope foi apreendido pela PSP, que abriu inqu\u00e9rito para apurar a origem e motiva\u00e7\u00e3o das mensagens. A embaixada de Israel tem aumentado a seguran\u00e7a desde o in\u00edcio dos ataques ao Ir\u00e3o, em 28 de fevereiro, como medida de prote\u00e7\u00e3o adicional.<\/p>\n","protected":false},"excerpt":{"rendered":"<ul>\n<li>A esta\u00e7\u00e3o dos CTT da rua Filipe Folque, em Lisboa, foi evacuada ap\u00f3s o alarme de um envelope com ofensas a Israel.<\/li>\n<li>O envolope continha frases montadas com letras de jornal e revista.<\/li>\n<li>O alarme foi acionado \u00e0s 13h55 por um funcion\u00e1rio da embaixada de Israel; a loja foi evacuada.<\/li>\n<li>Pelas 14h50 acionou-se o Centro de Inativa\u00e7\u00e3o de Engenhos Explosivos e Seguran\u00e7a em Subsolo (CIEXSS) da Unidade Especial de Pol\u00edcia da PSP; \u00e0s 16h40 foi verificado que o envelope n\u00e3o constitu\u00eda perigo.<\/li>\n<li>O envelope foi apreendido pela PSP; a embaixada de Israel teve a seguran\u00e7a refor\u00e7ada ap\u00f3s ataques ao Ir\u00e3o iniciados a 28 de fevereiro.<\/li>\n<\/ul>\n","protected":false},"author":2,"featured_media":420074,"comment_status":"closed","ping_status":"closed","sticky":false,"template":"","format":"standard","meta":{"footnotes":""},"categories":[6781,6779],"tags":[5744,3205,3708,981,1381,4536],"class_list":["post-420068","post","type-post","status-publish","format-standard","has-post-thumbnail","hentry","category-policia","category-seguranca","tag-ameacas","tag-embaixadas","tag-israel","tag-lisboa","tag-psp","tag-seguranca"],"yoast_head":"<!-- This site is optimized with the Yoast SEO plugin v27.2 - https:\/\/yoast.com\/product\/yoast-seo-wordpress\/ -->\n<title>Envelope com amea\u00e7as a Israel na embaixada em Lisboa gera alerta da PSP - Portal Tela Portugal<\/title>\n<meta name=\"robots\" content=\"index, follow, max-snippet:-1, max-image-preview:large, max-video-preview:-1\" \/>\n<meta property=\"og:locale\" content=\"pt_PT\" \/>\n<meta property=\"og:type\" content=\"article\" \/>\n<meta property=\"og:title\" content=\"Envelope com amea\u00e7as a Israel na embaixada em Lisboa gera alerta da PSP - Portal Tela Portugal\" \/>\n<meta property=\"og:description\" content=\"A esta\u00e7\u00e3o dos CTT da rua Filipe Folque, em Lisboa, foi evacuada ap\u00f3s o alarme de um envelope com ofensas a Israel. O envolope continha frases montadas com letras de jornal e revista. O alarme foi acionado \u00e0s 13h55 por um funcion\u00e1rio da embaixada de Israel; a loja foi evacuada. Pelas 14h50 acionou-se o Centro de Inativa\u00e7\u00e3o de Engenhos Explosivos e Seguran\u00e7a em Subsolo (CIEXSS) da Unidade Especial de Pol\u00edcia da PSP; \u00e0s 16h40 foi verificado que o envelope n\u00e3o constitu\u00eda perigo. O envelope foi apreendido pela PSP; a embaixada de Israel teve a seguran\u00e7a refor\u00e7ada ap\u00f3s ataques ao Ir\u00e3o iniciados a 28 de fevereiro.\" \/>\n<meta property=\"og:url\" content=\"https:\/\/portaltela.pt\/noticias\/2026\/03\/24\/envelope-com-ameacas-a-israel-na-embaixada-em-lisboa-gera-alerta-da-psp\/\" \/>\n<meta property=\"og:site_name\" content=\"Portal Tela Portugal\" \/>\n<meta property=\"article:published_time\" content=\"2026-03-24T19:49:00+00:00\" \/>\n<meta name=\"author\" content=\"Telinha\" \/>\n<meta name=\"twitter:card\" content=\"summary_large_image\" \/>\n<meta name=\"twitter:label1\" content=\"Escrito por\" \/>\n\t<meta name=\"twitter:data1\" content=\"Telinha\" \/>\n\t<meta name=\"twitter:label2\" content=\"Tempo estimado de leitura\" \/>\n\t<meta name=\"twitter:data2\" content=\"1 minuto\" \/>\n<script type=\"application\/ld+json\" class=\"yoast-schema-graph\">{\"@context\":\"https:\/\/schema.org\",\"@graph\":[{\"@type\":\"Article\",\"@id\":\"https:\/\/portaltela.pt\/noticias\/2026\/03\/24\/envelope-com-ameacas-a-israel-na-embaixada-em-lisboa-gera-alerta-da-psp\/#article\",\"isPartOf\":{\"@id\":\"https:\/\/portaltela.pt\/noticias\/2026\/03\/24\/envelope-com-ameacas-a-israel-na-embaixada-em-lisboa-gera-alerta-da-psp\/\"},\"author\":{\"name\":\"Telinha\",\"@id\":\"https:\/\/portaltela.pt\/#\/schema\/person\/c4278d4a6028830caff9ee44b42d32ed\"},\"headline\":\"Envelope com amea\u00e7as a Israel na embaixada em Lisboa gera alerta da PSP\",\"datePublished\":\"2026-03-24T19:49:00+00:00\",\"mainEntityOfPage\":{\"@id\":\"https:\/\/portaltela.pt\/noticias\/2026\/03\/24\/envelope-com-ameacas-a-israel-na-embaixada-em-lisboa-gera-alerta-da-psp\/\"},\"wordCount\":187,\"image\":{\"@id\":\"https:\/\/portaltela.pt\/noticias\/2026\/03\/24\/envelope-com-ameacas-a-israel-na-embaixada-em-lisboa-gera-alerta-da-psp\/#primaryimage\"},\"thumbnailUrl\":\"https:\/\/portaltela.pt\/s.01k8rhncp4jt1\/2026\/03\/img_1280x721uu2025-03-27-13-50-40-2200554-im-638793720628384724.jpg\",\"keywords\":[\"amea\u00e7as\",\"embaixadas\",\"Israel\",\"Lisboa\",\"PSP\",\"seguran\u00e7a\"],\"articleSection\":[\"Pol\u00edcia\",\"Seguran\u00e7a\"],\"inLanguage\":\"pt-PT\"},{\"@type\":\"WebPage\",\"@id\":\"https:\/\/portaltela.pt\/noticias\/2026\/03\/24\/envelope-com-ameacas-a-israel-na-embaixada-em-lisboa-gera-alerta-da-psp\/\",\"url\":\"https:\/\/portaltela.pt\/noticias\/2026\/03\/24\/envelope-com-ameacas-a-israel-na-embaixada-em-lisboa-gera-alerta-da-psp\/\",\"name\":\"Envelope com amea\u00e7as a Israel na embaixada em Lisboa gera alerta da PSP - Portal Tela Portugal\",\"isPartOf\":{\"@id\":\"https:\/\/portaltela.pt\/#website\"},\"primaryImageOfPage\":{\"@id\":\"https:\/\/portaltela.pt\/noticias\/2026\/03\/24\/envelope-com-ameacas-a-israel-na-embaixada-em-lisboa-gera-alerta-da-psp\/#primaryimage\"},\"image\":{\"@id\":\"https:\/\/portaltela.pt\/noticias\/2026\/03\/24\/envelope-com-ameacas-a-israel-na-embaixada-em-lisboa-gera-alerta-da-psp\/#primaryimage\"},\"thumbnailUrl\":\"https:\/\/portaltela.pt\/s.01k8rhncp4jt1\/2026\/03\/img_1280x721uu2025-03-27-13-50-40-2200554-im-638793720628384724.jpg\",\"datePublished\":\"2026-03-24T19:49:00+00:00\",\"author\":{\"@id\":\"https:\/\/portaltela.pt\/#\/schema\/person\/c4278d4a6028830caff9ee44b42d32ed\"},\"breadcrumb\":{\"@id\":\"https:\/\/portaltela.pt\/noticias\/2026\/03\/24\/envelope-com-ameacas-a-israel-na-embaixada-em-lisboa-gera-alerta-da-psp\/#breadcrumb\"},\"inLanguage\":\"pt-PT\",\"potentialAction\":[{\"@type\":\"ReadAction\",\"target\":[\"https:\/\/portaltela.pt\/noticias\/2026\/03\/24\/envelope-com-ameacas-a-israel-na-embaixada-em-lisboa-gera-alerta-da-psp\/\"]}]},{\"@type\":\"ImageObject\",\"inLanguage\":\"pt-PT\",\"@id\":\"https:\/\/portaltela.pt\/noticias\/2026\/03\/24\/envelope-com-ameacas-a-israel-na-embaixada-em-lisboa-gera-alerta-da-psp\/#primaryimage\",\"url\":\"https:\/\/portaltela.pt\/s.01k8rhncp4jt1\/2026\/03\/img_1280x721uu2025-03-27-13-50-40-2200554-im-638793720628384724.jpg\",\"contentUrl\":\"https:\/\/portaltela.pt\/s.01k8rhncp4jt1\/2026\/03\/img_1280x721uu2025-03-27-13-50-40-2200554-im-638793720628384724.jpg\",\"width\":1280,\"height\":721,\"caption\":\"Photo\"},{\"@type\":\"BreadcrumbList\",\"@id\":\"https:\/\/portaltela.pt\/noticias\/2026\/03\/24\/envelope-com-ameacas-a-israel-na-embaixada-em-lisboa-gera-alerta-da-psp\/#breadcrumb\",\"itemListElement\":[{\"@type\":\"ListItem\",\"position\":1,\"name\":\"In\u00edcio\",\"item\":\"https:\/\/portaltela.pt\/\"},{\"@type\":\"ListItem\",\"position\":2,\"name\":\"Envelope com amea\u00e7as a Israel na embaixada em Lisboa gera alerta da PSP\"}]},{\"@type\":\"WebSite\",\"@id\":\"https:\/\/portaltela.pt\/#website\",\"url\":\"https:\/\/portaltela.pt\/\",\"name\":\"Portal Tela Portugal\",\"description\":\"\",\"potentialAction\":[{\"@type\":\"SearchAction\",\"target\":{\"@type\":\"EntryPoint\",\"urlTemplate\":\"https:\/\/portaltela.pt\/?s={search_term_string}\"},\"query-input\":{\"@type\":\"PropertyValueSpecification\",\"valueRequired\":true,\"valueName\":\"search_term_string\"}}],\"inLanguage\":\"pt-PT\"},{\"@type\":\"Person\",\"@id\":\"https:\/\/portaltela.pt\/#\/schema\/person\/c4278d4a6028830caff9ee44b42d32ed\",\"name\":\"Telinha\",\"image\":{\"@type\":\"ImageObject\",\"inLanguage\":\"pt-PT\",\"@id\":\"https:\/\/portaltela.pt\/s.01k8rhncp4jt1\/2025\/11\/talking-bot-125x125.png\",\"url\":\"https:\/\/portaltela.pt\/s.01k8rhncp4jt1\/2025\/11\/talking-bot-125x125.png\",\"contentUrl\":\"https:\/\/portaltela.pt\/s.01k8rhncp4jt1\/2025\/11\/talking-bot-125x125.png\",\"caption\":\"Telinha\"},\"sameAs\":[\"https:\/\/portaltela.pt\/\"],\"url\":\"https:\/\/portaltela.pt\/por\/367410592786\/\"}]}<\/script>\n<!-- \/ Yoast SEO plugin. -->","yoast_head_json":{"title":"Envelope com amea\u00e7as a Israel na embaixada em Lisboa gera alerta da PSP - Portal Tela Portugal","robots":{"index":"index","follow":"follow","max-snippet":"max-snippet:-1","max-image-preview":"max-image-preview:large","max-video-preview":"max-video-preview:-1"},"og_locale":"pt_PT","og_type":"article","og_title":"Envelope com amea\u00e7as a Israel na embaixada em Lisboa gera alerta da PSP - Portal Tela Portugal","og_description":"A esta\u00e7\u00e3o dos CTT da rua Filipe Folque, em Lisboa, foi evacuada ap\u00f3s o alarme de um envelope com ofensas a Israel. O envolope continha frases montadas com letras de jornal e revista. O alarme foi acionado \u00e0s 13h55 por um funcion\u00e1rio da embaixada de Israel; a loja foi evacuada. Pelas 14h50 acionou-se o Centro de Inativa\u00e7\u00e3o de Engenhos Explosivos e Seguran\u00e7a em Subsolo (CIEXSS) da Unidade Especial de Pol\u00edcia da PSP; \u00e0s 16h40 foi verificado que o envelope n\u00e3o constitu\u00eda perigo. O envelope foi apreendido pela PSP; a embaixada de Israel teve a seguran\u00e7a refor\u00e7ada ap\u00f3s ataques ao Ir\u00e3o iniciados a 28 de fevereiro.","og_url":"https:\/\/portaltela.pt\/noticias\/2026\/03\/24\/envelope-com-ameacas-a-israel-na-embaixada-em-lisboa-gera-alerta-da-psp\/","og_site_name":"Portal Tela Portugal","article_published_time":"2026-03-24T19:49:00+00:00","author":"Telinha","twitter_card":"summary_large_image","twitter_misc":{"Escrito por":"Telinha","Tempo estimado de leitura":"1 minuto"},"schema":{"@context":"https:\/\/schema.org","@graph":[{"@type":"Article","@id":"https:\/\/portaltela.pt\/noticias\/2026\/03\/24\/envelope-com-ameacas-a-israel-na-embaixada-em-lisboa-gera-alerta-da-psp\/#article","isPartOf":{"@id":"https:\/\/portaltela.pt\/noticias\/2026\/03\/24\/envelope-com-ameacas-a-israel-na-embaixada-em-lisboa-gera-alerta-da-psp\/"},"author":{"name":"Telinha","@id":"https:\/\/portaltela.pt\/#\/schema\/person\/c4278d4a6028830caff9ee44b42d32ed"},"headline":"Envelope com amea\u00e7as a Israel na embaixada em Lisboa gera alerta da PSP","datePublished":"2026-03-24T19:49:00+00:00","mainEntityOfPage":{"@id":"https:\/\/portaltela.pt\/noticias\/2026\/03\/24\/envelope-com-ameacas-a-israel-na-embaixada-em-lisboa-gera-alerta-da-psp\/"},"wordCount":187,"image":{"@id":"https:\/\/portaltela.pt\/noticias\/2026\/03\/24\/envelope-com-ameacas-a-israel-na-embaixada-em-lisboa-gera-alerta-da-psp\/#primaryimage"},"thumbnailUrl":"https:\/\/portaltela.pt\/s.01k8rhncp4jt1\/2026\/03\/img_1280x721uu2025-03-27-13-50-40-2200554-im-638793720628384724.jpg","keywords":["amea\u00e7as","embaixadas","Israel","Lisboa","PSP","seguran\u00e7a"],"articleSection":["Pol\u00edcia","Seguran\u00e7a"],"inLanguage":"pt-PT"},{"@type":"WebPage","@id":"https:\/\/portaltela.pt\/noticias\/2026\/03\/24\/envelope-com-ameacas-a-israel-na-embaixada-em-lisboa-gera-alerta-da-psp\/","url":"https:\/\/portaltela.pt\/noticias\/2026\/03\/24\/envelope-com-ameacas-a-israel-na-embaixada-em-lisboa-gera-alerta-da-psp\/","name":"Envelope com amea\u00e7as a Israel na embaixada em Lisboa gera alerta da PSP - Portal Tela Portugal","isPartOf":{"@id":"https:\/\/portaltela.pt\/#website"},"primaryImageOfPage":{"@id":"https:\/\/portaltela.pt\/noticias\/2026\/03\/24\/envelope-com-ameacas-a-israel-na-embaixada-em-lisboa-gera-alerta-da-psp\/#primaryimage"},"image":{"@id":"https:\/\/portaltela.pt\/noticias\/2026\/03\/24\/envelope-com-ameacas-a-israel-na-embaixada-em-lisboa-gera-alerta-da-psp\/#primaryimage"},"thumbnailUrl":"https:\/\/portaltela.pt\/s.01k8rhncp4jt1\/2026\/03\/img_1280x721uu2025-03-27-13-50-40-2200554-im-638793720628384724.jpg","datePublished":"2026-03-24T19:49:00+00:00","author":{"@id":"https:\/\/portaltela.pt\/#\/schema\/person\/c4278d4a6028830caff9ee44b42d32ed"},"breadcrumb":{"@id":"https:\/\/portaltela.pt\/noticias\/2026\/03\/24\/envelope-com-ameacas-a-israel-na-embaixada-em-lisboa-gera-alerta-da-psp\/#breadcrumb"},"inLanguage":"pt-PT","potentialAction":[{"@type":"ReadAction","target":["https:\/\/portaltela.pt\/noticias\/2026\/03\/24\/envelope-com-ameacas-a-israel-na-embaixada-em-lisboa-gera-alerta-da-psp\/"]}]},{"@type":"ImageObject","inLanguage":"pt-PT","@id":"https:\/\/portaltela.pt\/noticias\/2026\/03\/24\/envelope-com-ameacas-a-israel-na-embaixada-em-lisboa-gera-alerta-da-psp\/#primaryimage","url":"https:\/\/portaltela.pt\/s.01k8rhncp4jt1\/2026\/03\/img_1280x721uu2025-03-27-13-50-40-2200554-im-638793720628384724.jpg","contentUrl":"https:\/\/portaltela.pt\/s.01k8rhncp4jt1\/2026\/03\/img_1280x721uu2025-03-27-13-50-40-2200554-im-638793720628384724.jpg","width":1280,"height":721,"caption":"Photo"},{"@type":"BreadcrumbList","@id":"https:\/\/portaltela.pt\/noticias\/2026\/03\/24\/envelope-com-ameacas-a-israel-na-embaixada-em-lisboa-gera-alerta-da-psp\/#breadcrumb","itemListElement":[{"@type":"ListItem","position":1,"name":"In\u00edcio","item":"https:\/\/portaltela.pt\/"},{"@type":"ListItem","position":2,"name":"Envelope com amea\u00e7as a Israel na embaixada em Lisboa gera alerta da PSP"}]},{"@type":"WebSite","@id":"https:\/\/portaltela.pt\/#website","url":"https:\/\/portaltela.pt\/","name":"Portal Tela Portugal","description":"","potentialAction":[{"@type":"SearchAction","target":{"@type":"EntryPoint","urlTemplate":"https:\/\/portaltela.pt\/?s={search_term_string}"},"query-input":{"@type":"PropertyValueSpecification","valueRequired":true,"valueName":"search_term_string"}}],"inLanguage":"pt-PT"},{"@type":"Person","@id":"https:\/\/portaltela.pt\/#\/schema\/person\/c4278d4a6028830caff9ee44b42d32ed","name":"Telinha","image":{"@type":"ImageObject","inLanguage":"pt-PT","@id":"https:\/\/portaltela.pt\/s.01k8rhncp4jt1\/2025\/11\/talking-bot-125x125.png","url":"https:\/\/portaltela.pt\/s.01k8rhncp4jt1\/2025\/11\/talking-bot-125x125.png","contentUrl":"https:\/\/portaltela.pt\/s.01k8rhncp4jt1\/2025\/11\/talking-bot-125x125.png","caption":"Telinha"},"sameAs":["https:\/\/portaltela.pt\/"],"url":"https:\/\/portaltela.pt\/por\/367410592786\/"}]}},"_links":{"self":[{"href":"https:\/\/portaltela.pt\/api\/wp\/v2\/posts\/420068","targetHints":{"allow":["GET"]}}],"collection":[{"href":"https:\/\/portaltela.pt\/api\/wp\/v2\/posts"}],"about":[{"href":"https:\/\/portaltela.pt\/api\/wp\/v2\/types\/post"}],"author":[{"embeddable":true,"href":"https:\/\/portaltela.pt\/api\/wp\/v2\/users\/2"}],"replies":[{"embeddable":true,"href":"https:\/\/portaltela.pt\/api\/wp\/v2\/comments?post=420068"}],"version-history":[{"count":0,"href":"https:\/\/portaltela.pt\/api\/wp\/v2\/posts\/420068\/revisions"}],"wp:featuredmedia":[{"embeddable":true,"href":"https:\/\/portaltela.pt\/api\/wp\/v2\/media\/420074"}],"wp:attachment":[{"href":"https:\/\/portaltela.pt\/api\/wp\/v2\/media?parent=420068"}],"wp:term":[{"taxonomy":"category","embeddable":true,"href":"https:\/\/portaltela.pt\/api\/wp\/v2\/categories?post=420068"},{"taxonomy":"post_tag","embeddable":true,"href":"https:\/\/portaltela.pt\/api\/wp\/v2\/tags?post=420068"}],"curies":[{"name":"wp","href":"https:\/\/api.w.org\/{rel}","templated":true}]}}