{"id":420066,"date":"2026-03-24T16:47:11","date_gmt":"2026-03-24T19:47:11","guid":{"rendered":"https:\/\/portaltela.pt\/noticias\/2026\/03\/24\/luka-doncic-contrata-advogada-de-divorcios-para-disputa-com-a-ex-mulher\/"},"modified":"2026-03-24T16:47:11","modified_gmt":"2026-03-24T19:47:11","slug":"luka-doncic-contrata-advogada-de-divorcios-para-disputa-com-a-ex-mulher","status":"publish","type":"post","link":"https:\/\/portaltela.pt\/celebridades\/2026\/03\/24\/luka-doncic-contrata-advogada-de-divorcios-para-disputa-com-a-ex-mulher\/","title":{"rendered":"Luka Doncic contrata advogada de div\u00f3rcios para disputa com a ex-mulher"},"content":{"rendered":"<p>Luka Doncic, estrela dos Los Angeles Lakers, contratou a advogada Laura Wasser, conhecida por representar celebridades em casos de div\u00f3rcio, para a disputa judicial em curso. A a\u00e7\u00e3o foi apresentada na semana passada no Tribunal Superior de Los Angeles, com o objetivo de rejeitar o pedido de Anamaria Goltes, a ex-noiva, de pens\u00e3o de alimentos e honor\u00e1rios de defesa.<\/p>\n<p>O base alega que o processo foi aberto no pa\u00eds errado, j\u00e1 que a ex-noiva vive na Eslov\u00e9nia. Al\u00e9m disso, Doncic j\u00e1 pediu provid\u00eancia cautelar nos tribunais eslovenos para manter contacto imediato com as filhas Gabriela e Olivia, que n\u00e3o v\u00ea desde dezembro.<\/p>\n<h3>Perfil da advogada<\/h3>\n<p>Laura Wasser \u00e9 considerada uma das advogadas mais requisitadas em casos de div\u00f3rcio de celebridades, tendo representado nomes como Kim Kardashian, Britney Spears, Angelina Jolie e Johnny Depp, em v\u00e1rias a\u00e7\u00f5es de alto perfil. A escolha refor\u00e7a a gravidade da disputa em curso.<\/p>\n<p>O jogador afirmou, em declara\u00e7\u00f5es \u00e0 imprensa, que ama as filhas e tem feito tudo para que estejam com ele nos EUA durante a \u00e9poca. Considera, no entanto, que n\u00e3o tem sido poss\u00edvel, o que levou ao fim do noivado, segundo o texto.<\/p>\n<p>Anamaria Goltes n\u00e3o comentou publicamente o desenrolar do processo. As informa\u00e7\u00f5es dispon\u00edveis indicam que a batalha envolve guarda, visitas e apoios econ\u00f3micos, com v\u00e1rias linhas processuais a serem avaliadas nos tribunais de dois pa\u00edses.<\/p>\n","protected":false},"excerpt":{"rendered":"<ul>\n<li>Luka Doncic, estrela dos Los Angeles Lakers, contratou a advogada de div\u00f3rcios Laura Wasser para a alegada batalha legal com a ex-noiva.<\/li>\n<li>O atleta apresentou, na semana passada, documentos no Tribunal Superior de Los Angeles a pedir a rejei\u00e7\u00e3o do pedido de pens\u00e3o de alimentos e de honor\u00e1rios de advogado feito pela ex-noiva, Anamaria Goltes.<\/li>\n<li>Doncic alega que o pedido foi apresentado no pa\u00eds errado (EUA), j\u00e1 que a modelo vive na Eslov\u00e9nia.<\/li>\n<li>No m\u00eas passado, o base entrou com uma provid\u00eancia cautelar nos tribunais eslovenos para obter contacto imediato com as filhas Gabriela e Olivia, que n\u00e3o v\u00ea desde dezembro.<\/li>\n<li>A not\u00edcia indica que o processo pode evoluir para uma disputa de cust\u00f3dia, com Wasser a representar o jogador, conhecida como a advogada mais requisitada entre celebridades.<\/li>\n<\/ul>\n","protected":false},"author":2,"featured_media":420075,"comment_status":"closed","ping_status":"closed","sticky":false,"template":"","format":"standard","meta":{"footnotes":""},"categories":[6675],"tags":[6618,76,7178,64,1113,81],"class_list":["post-420066","post","type-post","status-publish","format-standard","has-post-thumbnail","hentry","category-celebridades","tag-advogados","tag-celebridades","tag-direitos-de-menores","tag-familia","tag-guarda","tag-internacionais"],"yoast_head":"<!-- This site is optimized with the Yoast SEO plugin v27.2 - https:\/\/yoast.com\/product\/yoast-seo-wordpress\/ -->\n<title>Luka Doncic contrata advogada de div\u00f3rcios para disputa com a ex-mulher - Portal Tela Portugal<\/title>\n<meta name=\"robots\" content=\"index, follow, max-snippet:-1, max-image-preview:large, max-video-preview:-1\" \/>\n<meta property=\"og:locale\" content=\"pt_PT\" \/>\n<meta property=\"og:type\" content=\"article\" \/>\n<meta property=\"og:title\" content=\"Luka Doncic contrata advogada de div\u00f3rcios para disputa com a ex-mulher - Portal Tela Portugal\" \/>\n<meta property=\"og:description\" content=\"Luka Doncic, estrela dos Los Angeles Lakers, contratou a advogada de div\u00f3rcios Laura Wasser para a alegada batalha legal com a ex-noiva. O atleta apresentou, na semana passada, documentos no Tribunal Superior de Los Angeles a pedir a rejei\u00e7\u00e3o do pedido de pens\u00e3o de alimentos e de honor\u00e1rios de advogado feito pela ex-noiva, Anamaria Goltes. Doncic alega que o pedido foi apresentado no pa\u00eds errado (EUA), j\u00e1 que a modelo vive na Eslov\u00e9nia. No m\u00eas passado, o base entrou com uma provid\u00eancia cautelar nos tribunais eslovenos para obter contacto imediato com as filhas Gabriela e Olivia, que n\u00e3o v\u00ea desde dezembro. A not\u00edcia indica que o processo pode evoluir para uma disputa de cust\u00f3dia, com Wasser a representar o jogador, conhecida como a advogada mais requisitada entre celebridades.\" \/>\n<meta property=\"og:url\" content=\"https:\/\/portaltela.pt\/noticias\/2026\/03\/24\/luka-doncic-contrata-advogada-de-divorcios-para-disputa-com-a-ex-mulher\/\" \/>\n<meta property=\"og:site_name\" content=\"Portal Tela Portugal\" \/>\n<meta property=\"article:published_time\" content=\"2026-03-24T19:47:11+00:00\" \/>\n<meta name=\"author\" content=\"Telinha\" \/>\n<meta name=\"twitter:card\" content=\"summary_large_image\" \/>\n<meta name=\"twitter:label1\" content=\"Escrito por\" \/>\n\t<meta name=\"twitter:data1\" content=\"Telinha\" \/>\n\t<meta name=\"twitter:label2\" content=\"Tempo estimado de leitura\" \/>\n\t<meta name=\"twitter:data2\" content=\"1 minuto\" \/>\n<script type=\"application\/ld+json\" class=\"yoast-schema-graph\">{\"@context\":\"https:\/\/schema.org\",\"@graph\":[{\"@type\":\"Article\",\"@id\":\"https:\/\/portaltela.pt\/noticias\/2026\/03\/24\/luka-doncic-contrata-advogada-de-divorcios-para-disputa-com-a-ex-mulher\/#article\",\"isPartOf\":{\"@id\":\"https:\/\/portaltela.pt\/noticias\/2026\/03\/24\/luka-doncic-contrata-advogada-de-divorcios-para-disputa-com-a-ex-mulher\/\"},\"author\":{\"name\":\"Telinha\",\"@id\":\"https:\/\/portaltela.pt\/#\/schema\/person\/c4278d4a6028830caff9ee44b42d32ed\"},\"headline\":\"Luka Doncic contrata advogada de div\u00f3rcios para disputa com a ex-mulher\",\"datePublished\":\"2026-03-24T19:47:11+00:00\",\"mainEntityOfPage\":{\"@id\":\"https:\/\/portaltela.pt\/noticias\/2026\/03\/24\/luka-doncic-contrata-advogada-de-divorcios-para-disputa-com-a-ex-mulher\/\"},\"wordCount\":257,\"image\":{\"@id\":\"https:\/\/portaltela.pt\/noticias\/2026\/03\/24\/luka-doncic-contrata-advogada-de-divorcios-para-disputa-com-a-ex-mulher\/#primaryimage\"},\"thumbnailUrl\":\"https:\/\/portaltela.pt\/s.01k8rhncp4jt1\/2026\/03\/img_920x518uu2026-03-24-19-46-26-2429166.jpg\",\"keywords\":[\"Advogados\",\"celebridades\",\"direitos de menores\",\"fam\u00edlia\",\"Guarda\",\"internacionais\"],\"articleSection\":[\"Celebridades\"],\"inLanguage\":\"pt-PT\"},{\"@type\":\"WebPage\",\"@id\":\"https:\/\/portaltela.pt\/noticias\/2026\/03\/24\/luka-doncic-contrata-advogada-de-divorcios-para-disputa-com-a-ex-mulher\/\",\"url\":\"https:\/\/portaltela.pt\/noticias\/2026\/03\/24\/luka-doncic-contrata-advogada-de-divorcios-para-disputa-com-a-ex-mulher\/\",\"name\":\"Luka Doncic contrata advogada de div\u00f3rcios para disputa com a ex-mulher - Portal Tela Portugal\",\"isPartOf\":{\"@id\":\"https:\/\/portaltela.pt\/#website\"},\"primaryImageOfPage\":{\"@id\":\"https:\/\/portaltela.pt\/noticias\/2026\/03\/24\/luka-doncic-contrata-advogada-de-divorcios-para-disputa-com-a-ex-mulher\/#primaryimage\"},\"image\":{\"@id\":\"https:\/\/portaltela.pt\/noticias\/2026\/03\/24\/luka-doncic-contrata-advogada-de-divorcios-para-disputa-com-a-ex-mulher\/#primaryimage\"},\"thumbnailUrl\":\"https:\/\/portaltela.pt\/s.01k8rhncp4jt1\/2026\/03\/img_920x518uu2026-03-24-19-46-26-2429166.jpg\",\"datePublished\":\"2026-03-24T19:47:11+00:00\",\"author\":{\"@id\":\"https:\/\/portaltela.pt\/#\/schema\/person\/c4278d4a6028830caff9ee44b42d32ed\"},\"breadcrumb\":{\"@id\":\"https:\/\/portaltela.pt\/noticias\/2026\/03\/24\/luka-doncic-contrata-advogada-de-divorcios-para-disputa-com-a-ex-mulher\/#breadcrumb\"},\"inLanguage\":\"pt-PT\",\"potentialAction\":[{\"@type\":\"ReadAction\",\"target\":[\"https:\/\/portaltela.pt\/noticias\/2026\/03\/24\/luka-doncic-contrata-advogada-de-divorcios-para-disputa-com-a-ex-mulher\/\"]}]},{\"@type\":\"ImageObject\",\"inLanguage\":\"pt-PT\",\"@id\":\"https:\/\/portaltela.pt\/noticias\/2026\/03\/24\/luka-doncic-contrata-advogada-de-divorcios-para-disputa-com-a-ex-mulher\/#primaryimage\",\"url\":\"https:\/\/portaltela.pt\/s.01k8rhncp4jt1\/2026\/03\/img_920x518uu2026-03-24-19-46-26-2429166.jpg\",\"contentUrl\":\"https:\/\/portaltela.pt\/s.01k8rhncp4jt1\/2026\/03\/img_920x518uu2026-03-24-19-46-26-2429166.jpg\",\"width\":796,\"height\":448,\"caption\":\"Luka Doncic\"},{\"@type\":\"BreadcrumbList\",\"@id\":\"https:\/\/portaltela.pt\/noticias\/2026\/03\/24\/luka-doncic-contrata-advogada-de-divorcios-para-disputa-com-a-ex-mulher\/#breadcrumb\",\"itemListElement\":[{\"@type\":\"ListItem\",\"position\":1,\"name\":\"In\u00edcio\",\"item\":\"https:\/\/portaltela.pt\/\"},{\"@type\":\"ListItem\",\"position\":2,\"name\":\"Luka Doncic contrata advogada de div\u00f3rcios para disputa com a ex-mulher\"}]},{\"@type\":\"WebSite\",\"@id\":\"https:\/\/portaltela.pt\/#website\",\"url\":\"https:\/\/portaltela.pt\/\",\"name\":\"Portal Tela Portugal\",\"description\":\"\",\"potentialAction\":[{\"@type\":\"SearchAction\",\"target\":{\"@type\":\"EntryPoint\",\"urlTemplate\":\"https:\/\/portaltela.pt\/?s={search_term_string}\"},\"query-input\":{\"@type\":\"PropertyValueSpecification\",\"valueRequired\":true,\"valueName\":\"search_term_string\"}}],\"inLanguage\":\"pt-PT\"},{\"@type\":\"Person\",\"@id\":\"https:\/\/portaltela.pt\/#\/schema\/person\/c4278d4a6028830caff9ee44b42d32ed\",\"name\":\"Telinha\",\"image\":{\"@type\":\"ImageObject\",\"inLanguage\":\"pt-PT\",\"@id\":\"https:\/\/portaltela.pt\/s.01k8rhncp4jt1\/2025\/11\/talking-bot-125x125.png\",\"url\":\"https:\/\/portaltela.pt\/s.01k8rhncp4jt1\/2025\/11\/talking-bot-125x125.png\",\"contentUrl\":\"https:\/\/portaltela.pt\/s.01k8rhncp4jt1\/2025\/11\/talking-bot-125x125.png\",\"caption\":\"Telinha\"},\"sameAs\":[\"https:\/\/portaltela.pt\/\"],\"url\":\"https:\/\/portaltela.pt\/por\/367410592786\/\"}]}<\/script>\n<!-- \/ Yoast SEO plugin. -->","yoast_head_json":{"title":"Luka Doncic contrata advogada de div\u00f3rcios para disputa com a ex-mulher - Portal Tela Portugal","robots":{"index":"index","follow":"follow","max-snippet":"max-snippet:-1","max-image-preview":"max-image-preview:large","max-video-preview":"max-video-preview:-1"},"og_locale":"pt_PT","og_type":"article","og_title":"Luka Doncic contrata advogada de div\u00f3rcios para disputa com a ex-mulher - Portal Tela Portugal","og_description":"Luka Doncic, estrela dos Los Angeles Lakers, contratou a advogada de div\u00f3rcios Laura Wasser para a alegada batalha legal com a ex-noiva. O atleta apresentou, na semana passada, documentos no Tribunal Superior de Los Angeles a pedir a rejei\u00e7\u00e3o do pedido de pens\u00e3o de alimentos e de honor\u00e1rios de advogado feito pela ex-noiva, Anamaria Goltes. Doncic alega que o pedido foi apresentado no pa\u00eds errado (EUA), j\u00e1 que a modelo vive na Eslov\u00e9nia. No m\u00eas passado, o base entrou com uma provid\u00eancia cautelar nos tribunais eslovenos para obter contacto imediato com as filhas Gabriela e Olivia, que n\u00e3o v\u00ea desde dezembro. A not\u00edcia indica que o processo pode evoluir para uma disputa de cust\u00f3dia, com Wasser a representar o jogador, conhecida como a advogada mais requisitada entre celebridades.","og_url":"https:\/\/portaltela.pt\/noticias\/2026\/03\/24\/luka-doncic-contrata-advogada-de-divorcios-para-disputa-com-a-ex-mulher\/","og_site_name":"Portal Tela Portugal","article_published_time":"2026-03-24T19:47:11+00:00","author":"Telinha","twitter_card":"summary_large_image","twitter_misc":{"Escrito por":"Telinha","Tempo estimado de leitura":"1 minuto"},"schema":{"@context":"https:\/\/schema.org","@graph":[{"@type":"Article","@id":"https:\/\/portaltela.pt\/noticias\/2026\/03\/24\/luka-doncic-contrata-advogada-de-divorcios-para-disputa-com-a-ex-mulher\/#article","isPartOf":{"@id":"https:\/\/portaltela.pt\/noticias\/2026\/03\/24\/luka-doncic-contrata-advogada-de-divorcios-para-disputa-com-a-ex-mulher\/"},"author":{"name":"Telinha","@id":"https:\/\/portaltela.pt\/#\/schema\/person\/c4278d4a6028830caff9ee44b42d32ed"},"headline":"Luka Doncic contrata advogada de div\u00f3rcios para disputa com a ex-mulher","datePublished":"2026-03-24T19:47:11+00:00","mainEntityOfPage":{"@id":"https:\/\/portaltela.pt\/noticias\/2026\/03\/24\/luka-doncic-contrata-advogada-de-divorcios-para-disputa-com-a-ex-mulher\/"},"wordCount":257,"image":{"@id":"https:\/\/portaltela.pt\/noticias\/2026\/03\/24\/luka-doncic-contrata-advogada-de-divorcios-para-disputa-com-a-ex-mulher\/#primaryimage"},"thumbnailUrl":"https:\/\/portaltela.pt\/s.01k8rhncp4jt1\/2026\/03\/img_920x518uu2026-03-24-19-46-26-2429166.jpg","keywords":["Advogados","celebridades","direitos de menores","fam\u00edlia","Guarda","internacionais"],"articleSection":["Celebridades"],"inLanguage":"pt-PT"},{"@type":"WebPage","@id":"https:\/\/portaltela.pt\/noticias\/2026\/03\/24\/luka-doncic-contrata-advogada-de-divorcios-para-disputa-com-a-ex-mulher\/","url":"https:\/\/portaltela.pt\/noticias\/2026\/03\/24\/luka-doncic-contrata-advogada-de-divorcios-para-disputa-com-a-ex-mulher\/","name":"Luka Doncic contrata advogada de div\u00f3rcios para disputa com a ex-mulher - Portal Tela Portugal","isPartOf":{"@id":"https:\/\/portaltela.pt\/#website"},"primaryImageOfPage":{"@id":"https:\/\/portaltela.pt\/noticias\/2026\/03\/24\/luka-doncic-contrata-advogada-de-divorcios-para-disputa-com-a-ex-mulher\/#primaryimage"},"image":{"@id":"https:\/\/portaltela.pt\/noticias\/2026\/03\/24\/luka-doncic-contrata-advogada-de-divorcios-para-disputa-com-a-ex-mulher\/#primaryimage"},"thumbnailUrl":"https:\/\/portaltela.pt\/s.01k8rhncp4jt1\/2026\/03\/img_920x518uu2026-03-24-19-46-26-2429166.jpg","datePublished":"2026-03-24T19:47:11+00:00","author":{"@id":"https:\/\/portaltela.pt\/#\/schema\/person\/c4278d4a6028830caff9ee44b42d32ed"},"breadcrumb":{"@id":"https:\/\/portaltela.pt\/noticias\/2026\/03\/24\/luka-doncic-contrata-advogada-de-divorcios-para-disputa-com-a-ex-mulher\/#breadcrumb"},"inLanguage":"pt-PT","potentialAction":[{"@type":"ReadAction","target":["https:\/\/portaltela.pt\/noticias\/2026\/03\/24\/luka-doncic-contrata-advogada-de-divorcios-para-disputa-com-a-ex-mulher\/"]}]},{"@type":"ImageObject","inLanguage":"pt-PT","@id":"https:\/\/portaltela.pt\/noticias\/2026\/03\/24\/luka-doncic-contrata-advogada-de-divorcios-para-disputa-com-a-ex-mulher\/#primaryimage","url":"https:\/\/portaltela.pt\/s.01k8rhncp4jt1\/2026\/03\/img_920x518uu2026-03-24-19-46-26-2429166.jpg","contentUrl":"https:\/\/portaltela.pt\/s.01k8rhncp4jt1\/2026\/03\/img_920x518uu2026-03-24-19-46-26-2429166.jpg","width":796,"height":448,"caption":"Luka Doncic"},{"@type":"BreadcrumbList","@id":"https:\/\/portaltela.pt\/noticias\/2026\/03\/24\/luka-doncic-contrata-advogada-de-divorcios-para-disputa-com-a-ex-mulher\/#breadcrumb","itemListElement":[{"@type":"ListItem","position":1,"name":"In\u00edcio","item":"https:\/\/portaltela.pt\/"},{"@type":"ListItem","position":2,"name":"Luka Doncic contrata advogada de div\u00f3rcios para disputa com a ex-mulher"}]},{"@type":"WebSite","@id":"https:\/\/portaltela.pt\/#website","url":"https:\/\/portaltela.pt\/","name":"Portal Tela Portugal","description":"","potentialAction":[{"@type":"SearchAction","target":{"@type":"EntryPoint","urlTemplate":"https:\/\/portaltela.pt\/?s={search_term_string}"},"query-input":{"@type":"PropertyValueSpecification","valueRequired":true,"valueName":"search_term_string"}}],"inLanguage":"pt-PT"},{"@type":"Person","@id":"https:\/\/portaltela.pt\/#\/schema\/person\/c4278d4a6028830caff9ee44b42d32ed","name":"Telinha","image":{"@type":"ImageObject","inLanguage":"pt-PT","@id":"https:\/\/portaltela.pt\/s.01k8rhncp4jt1\/2025\/11\/talking-bot-125x125.png","url":"https:\/\/portaltela.pt\/s.01k8rhncp4jt1\/2025\/11\/talking-bot-125x125.png","contentUrl":"https:\/\/portaltela.pt\/s.01k8rhncp4jt1\/2025\/11\/talking-bot-125x125.png","caption":"Telinha"},"sameAs":["https:\/\/portaltela.pt\/"],"url":"https:\/\/portaltela.pt\/por\/367410592786\/"}]}},"_links":{"self":[{"href":"https:\/\/portaltela.pt\/api\/wp\/v2\/posts\/420066","targetHints":{"allow":["GET"]}}],"collection":[{"href":"https:\/\/portaltela.pt\/api\/wp\/v2\/posts"}],"about":[{"href":"https:\/\/portaltela.pt\/api\/wp\/v2\/types\/post"}],"author":[{"embeddable":true,"href":"https:\/\/portaltela.pt\/api\/wp\/v2\/users\/2"}],"replies":[{"embeddable":true,"href":"https:\/\/portaltela.pt\/api\/wp\/v2\/comments?post=420066"}],"version-history":[{"count":0,"href":"https:\/\/portaltela.pt\/api\/wp\/v2\/posts\/420066\/revisions"}],"wp:featuredmedia":[{"embeddable":true,"href":"https:\/\/portaltela.pt\/api\/wp\/v2\/media\/420075"}],"wp:attachment":[{"href":"https:\/\/portaltela.pt\/api\/wp\/v2\/media?parent=420066"}],"wp:term":[{"taxonomy":"category","embeddable":true,"href":"https:\/\/portaltela.pt\/api\/wp\/v2\/categories?post=420066"},{"taxonomy":"post_tag","embeddable":true,"href":"https:\/\/portaltela.pt\/api\/wp\/v2\/tags?post=420066"}],"curies":[{"name":"wp","href":"https:\/\/api.w.org\/{rel}","templated":true}]}}