{"id":420064,"date":"2026-03-24T16:54:00","date_gmt":"2026-03-24T19:54:00","guid":{"rendered":"https:\/\/portaltela.pt\/noticias\/2026\/03\/24\/republica-dominicana-assina-acordo-com-ocde-em-passo-para-adesao\/"},"modified":"2026-03-24T16:54:00","modified_gmt":"2026-03-24T19:54:00","slug":"republica-dominicana-assina-acordo-com-ocde-em-passo-para-adesao","status":"publish","type":"post","link":"https:\/\/portaltela.pt\/noticias\/2026\/03\/24\/republica-dominicana-assina-acordo-com-ocde-em-passo-para-adesao\/","title":{"rendered":"Rep\u00fablica Dominicana assina acordo com OCDE em passo para ades\u00e3o"},"content":{"rendered":"<p>A Rep\u00fablica Dominicana assinou nesta ter\u00e7a-feira um memorando de entendimento com a OCDE para estabelecer um quadro de coopera\u00e7\u00e3o. O objetivo \u00e9 dar um primeiro passo rumo a uma futura ades\u00e3o, em Paris, durante o F\u00f3rum de Integridade e Anticorrup\u00e7\u00e3o.<\/p>\n<p>A assinatura, na sede da OCDE, ocorreu na presen\u00e7a do Presidente Lu\u00eds Abinader. Assinaram o acordo o ministro dos Neg\u00f3cios Estrangeiros, Roberto \u00c1lvarez, e o secret\u00e1rio-geral da OCDE, Mathias Cormann. O intuito \u00e9 formalizar a aproxima\u00e7\u00e3o entre as partes e fomentar a coopera\u00e7\u00e3o.<\/p>\n<p>Segundo a presid\u00eancia dominicana, o memorando visa promover o interc\u00e2mbio de boas pr\u00e1ticas e apoiar pol\u00edticas p\u00fablicas alinhadas com padr\u00f5es internacionais. Tamb\u00e9m pretende incentivar a participa\u00e7\u00e3o dominicana nos \u00f3rg\u00e3os da OCDE e o seu alinhamento com as melhores pr\u00e1ticas da organiza\u00e7\u00e3o.<\/p>\n<h3>Contexto da coopera\u00e7\u00e3o com a OCDE<\/h3>\n<p>Fontes da OCDE explicaram \u00e0 ag\u00eancia EFE que o acordo \u00e9 um pacote de coopera\u00e7\u00e3o para apoiar reformas na Rep\u00fablica Dominicana. N\u00e3o est\u00e1 em discuss\u00e3o, neste momento, um processo de ades\u00e3o, embora a colabora\u00e7\u00e3o possa, no futuro, aproximar o pa\u00eds de uma candidatura.<\/p>\n<p>A OCDE conta com 38 membros, entre os quais quatro latino-americanos: M\u00e9xico, Chile, Col\u00f4mbia e Costa Rica. A coopera\u00e7\u00e3o anunciada hoje \u00e9 apresentada como um passo preparat\u00f3rio para eventual ades\u00e3o.<\/p>\n","protected":false},"excerpt":{"rendered":"<ul>\n<li>A Rep\u00fablica Dominicana assinou um memorando de entendimento com a OCDE para estabelecer coopera\u00e7\u00e3o como primeiro passo para eventual ades\u00e3o.<\/li>\n<li>A assinatura ocorreu em Paris, na sede da OCDE, na presen\u00e7a do presidente Lu\u00eds Abinader, do ministro dos Neg\u00f3cios Estrangeiros, Roberto \u00c1lvarez, e do secret\u00e1rio-geral Mathias Cormann, durante o F\u00f3rum de Integridade e Anticorrup\u00e7\u00e3o.<\/li>\n<li>O acordo visa formalizar a aproxima\u00e7\u00e3o, promover o interc\u00e2mbio de boas pr\u00e1ticas e apoiar pol\u00edticas p\u00fablicas alinhadas com padr\u00f5es internacionais.<\/li>\n<li>O memorando \u00e9 visto como um pacote de coopera\u00e7\u00e3o para apoiar reformas; n\u00e3o envolve, neste momento, um processo de ades\u00e3o, embora possa evoluir no futuro.<\/li>\n<li>A OCDE tem 38 membros, incluindo quatro latino-americanos: M\u00e9xico, Chile, Col\u00f4mbia e Costa Rica.<\/li>\n<\/ul>\n","protected":false},"author":2,"featured_media":420069,"comment_status":"closed","ping_status":"closed","sticky":false,"template":"","format":"standard","meta":{"footnotes":""},"categories":[6912,1],"tags":[3977,256,4345,466,7439],"class_list":["post-420064","post","type-post","status-publish","format-standard","has-post-thumbnail","hentry","category-internacionais","category-noticias","tag-adesao","tag-cooperacao-internacional","tag-ocde","tag-organizacao-internacional","tag-politica-externa"],"yoast_head":"<!-- This site is optimized with the Yoast SEO plugin v27.2 - https:\/\/yoast.com\/product\/yoast-seo-wordpress\/ -->\n<title>Rep\u00fablica Dominicana assina acordo com OCDE em passo para ades\u00e3o - Portal Tela Portugal<\/title>\n<meta name=\"robots\" content=\"index, follow, max-snippet:-1, max-image-preview:large, max-video-preview:-1\" \/>\n<meta property=\"og:locale\" content=\"pt_PT\" \/>\n<meta property=\"og:type\" content=\"article\" \/>\n<meta property=\"og:title\" content=\"Rep\u00fablica Dominicana assina acordo com OCDE em passo para ades\u00e3o - Portal Tela Portugal\" \/>\n<meta property=\"og:description\" content=\"A Rep\u00fablica Dominicana assinou um memorando de entendimento com a OCDE para estabelecer coopera\u00e7\u00e3o como primeiro passo para eventual ades\u00e3o. A assinatura ocorreu em Paris, na sede da OCDE, na presen\u00e7a do presidente Lu\u00eds Abinader, do ministro dos Neg\u00f3cios Estrangeiros, Roberto \u00c1lvarez, e do secret\u00e1rio-geral Mathias Cormann, durante o F\u00f3rum de Integridade e Anticorrup\u00e7\u00e3o. O acordo visa formalizar a aproxima\u00e7\u00e3o, promover o interc\u00e2mbio de boas pr\u00e1ticas e apoiar pol\u00edticas p\u00fablicas alinhadas com padr\u00f5es internacionais. O memorando \u00e9 visto como um pacote de coopera\u00e7\u00e3o para apoiar reformas; n\u00e3o envolve, neste momento, um processo de ades\u00e3o, embora possa evoluir no futuro. A OCDE tem 38 membros, incluindo quatro latino-americanos: M\u00e9xico, Chile, Col\u00f4mbia e Costa Rica.\" \/>\n<meta property=\"og:url\" content=\"https:\/\/portaltela.pt\/noticias\/2026\/03\/24\/republica-dominicana-assina-acordo-com-ocde-em-passo-para-adesao\/\" \/>\n<meta property=\"og:site_name\" content=\"Portal Tela Portugal\" \/>\n<meta property=\"article:published_time\" content=\"2026-03-24T19:54:00+00:00\" \/>\n<meta name=\"author\" content=\"Telinha\" \/>\n<meta name=\"twitter:card\" content=\"summary_large_image\" \/>\n<meta name=\"twitter:label1\" content=\"Escrito por\" \/>\n\t<meta name=\"twitter:data1\" content=\"Telinha\" \/>\n\t<meta name=\"twitter:label2\" content=\"Tempo estimado de leitura\" \/>\n\t<meta name=\"twitter:data2\" content=\"1 minuto\" \/>\n<script type=\"application\/ld+json\" class=\"yoast-schema-graph\">{\"@context\":\"https:\/\/schema.org\",\"@graph\":[{\"@type\":\"Article\",\"@id\":\"https:\/\/portaltela.pt\/noticias\/2026\/03\/24\/republica-dominicana-assina-acordo-com-ocde-em-passo-para-adesao\/#article\",\"isPartOf\":{\"@id\":\"https:\/\/portaltela.pt\/noticias\/2026\/03\/24\/republica-dominicana-assina-acordo-com-ocde-em-passo-para-adesao\/\"},\"author\":{\"name\":\"Telinha\",\"@id\":\"https:\/\/portaltela.pt\/#\/schema\/person\/c4278d4a6028830caff9ee44b42d32ed\"},\"headline\":\"Rep\u00fablica Dominicana assina acordo com OCDE em passo para ades\u00e3o\",\"datePublished\":\"2026-03-24T19:54:00+00:00\",\"mainEntityOfPage\":{\"@id\":\"https:\/\/portaltela.pt\/noticias\/2026\/03\/24\/republica-dominicana-assina-acordo-com-ocde-em-passo-para-adesao\/\"},\"wordCount\":246,\"image\":{\"@id\":\"https:\/\/portaltela.pt\/noticias\/2026\/03\/24\/republica-dominicana-assina-acordo-com-ocde-em-passo-para-adesao\/#primaryimage\"},\"thumbnailUrl\":\"https:\/\/portaltela.pt\/s.01k8rhncp4jt1\/2026\/03\/img_1280x721uu2024-10-06-07-42-14-1763183.jpg\",\"keywords\":[\"ades\u00e3o\",\"coopera\u00e7\u00e3o internacional\",\"OCDE\",\"organiza\u00e7\u00e3o internacional\",\"pol\u00edtica externa\"],\"articleSection\":[\"Internacionais\",\"Not\u00edcias\"],\"inLanguage\":\"pt-PT\"},{\"@type\":\"WebPage\",\"@id\":\"https:\/\/portaltela.pt\/noticias\/2026\/03\/24\/republica-dominicana-assina-acordo-com-ocde-em-passo-para-adesao\/\",\"url\":\"https:\/\/portaltela.pt\/noticias\/2026\/03\/24\/republica-dominicana-assina-acordo-com-ocde-em-passo-para-adesao\/\",\"name\":\"Rep\u00fablica Dominicana assina acordo com OCDE em passo para ades\u00e3o - Portal Tela Portugal\",\"isPartOf\":{\"@id\":\"https:\/\/portaltela.pt\/#website\"},\"primaryImageOfPage\":{\"@id\":\"https:\/\/portaltela.pt\/noticias\/2026\/03\/24\/republica-dominicana-assina-acordo-com-ocde-em-passo-para-adesao\/#primaryimage\"},\"image\":{\"@id\":\"https:\/\/portaltela.pt\/noticias\/2026\/03\/24\/republica-dominicana-assina-acordo-com-ocde-em-passo-para-adesao\/#primaryimage\"},\"thumbnailUrl\":\"https:\/\/portaltela.pt\/s.01k8rhncp4jt1\/2026\/03\/img_1280x721uu2024-10-06-07-42-14-1763183.jpg\",\"datePublished\":\"2026-03-24T19:54:00+00:00\",\"author\":{\"@id\":\"https:\/\/portaltela.pt\/#\/schema\/person\/c4278d4a6028830caff9ee44b42d32ed\"},\"breadcrumb\":{\"@id\":\"https:\/\/portaltela.pt\/noticias\/2026\/03\/24\/republica-dominicana-assina-acordo-com-ocde-em-passo-para-adesao\/#breadcrumb\"},\"inLanguage\":\"pt-PT\",\"potentialAction\":[{\"@type\":\"ReadAction\",\"target\":[\"https:\/\/portaltela.pt\/noticias\/2026\/03\/24\/republica-dominicana-assina-acordo-com-ocde-em-passo-para-adesao\/\"]}]},{\"@type\":\"ImageObject\",\"inLanguage\":\"pt-PT\",\"@id\":\"https:\/\/portaltela.pt\/noticias\/2026\/03\/24\/republica-dominicana-assina-acordo-com-ocde-em-passo-para-adesao\/#primaryimage\",\"url\":\"https:\/\/portaltela.pt\/s.01k8rhncp4jt1\/2026\/03\/img_1280x721uu2024-10-06-07-42-14-1763183.jpg\",\"contentUrl\":\"https:\/\/portaltela.pt\/s.01k8rhncp4jt1\/2026\/03\/img_1280x721uu2024-10-06-07-42-14-1763183.jpg\",\"width\":796,\"height\":448,\"caption\":\"Presidente Luis Abinader\"},{\"@type\":\"BreadcrumbList\",\"@id\":\"https:\/\/portaltela.pt\/noticias\/2026\/03\/24\/republica-dominicana-assina-acordo-com-ocde-em-passo-para-adesao\/#breadcrumb\",\"itemListElement\":[{\"@type\":\"ListItem\",\"position\":1,\"name\":\"In\u00edcio\",\"item\":\"https:\/\/portaltela.pt\/\"},{\"@type\":\"ListItem\",\"position\":2,\"name\":\"Rep\u00fablica Dominicana assina acordo com OCDE em passo para ades\u00e3o\"}]},{\"@type\":\"WebSite\",\"@id\":\"https:\/\/portaltela.pt\/#website\",\"url\":\"https:\/\/portaltela.pt\/\",\"name\":\"Portal Tela Portugal\",\"description\":\"\",\"potentialAction\":[{\"@type\":\"SearchAction\",\"target\":{\"@type\":\"EntryPoint\",\"urlTemplate\":\"https:\/\/portaltela.pt\/?s={search_term_string}\"},\"query-input\":{\"@type\":\"PropertyValueSpecification\",\"valueRequired\":true,\"valueName\":\"search_term_string\"}}],\"inLanguage\":\"pt-PT\"},{\"@type\":\"Person\",\"@id\":\"https:\/\/portaltela.pt\/#\/schema\/person\/c4278d4a6028830caff9ee44b42d32ed\",\"name\":\"Telinha\",\"image\":{\"@type\":\"ImageObject\",\"inLanguage\":\"pt-PT\",\"@id\":\"https:\/\/portaltela.pt\/s.01k8rhncp4jt1\/2025\/11\/talking-bot-125x125.png\",\"url\":\"https:\/\/portaltela.pt\/s.01k8rhncp4jt1\/2025\/11\/talking-bot-125x125.png\",\"contentUrl\":\"https:\/\/portaltela.pt\/s.01k8rhncp4jt1\/2025\/11\/talking-bot-125x125.png\",\"caption\":\"Telinha\"},\"sameAs\":[\"https:\/\/portaltela.pt\/\"],\"url\":\"https:\/\/portaltela.pt\/por\/367410592786\/\"}]}<\/script>\n<!-- \/ Yoast SEO plugin. -->","yoast_head_json":{"title":"Rep\u00fablica Dominicana assina acordo com OCDE em passo para ades\u00e3o - Portal Tela Portugal","robots":{"index":"index","follow":"follow","max-snippet":"max-snippet:-1","max-image-preview":"max-image-preview:large","max-video-preview":"max-video-preview:-1"},"og_locale":"pt_PT","og_type":"article","og_title":"Rep\u00fablica Dominicana assina acordo com OCDE em passo para ades\u00e3o - Portal Tela Portugal","og_description":"A Rep\u00fablica Dominicana assinou um memorando de entendimento com a OCDE para estabelecer coopera\u00e7\u00e3o como primeiro passo para eventual ades\u00e3o. A assinatura ocorreu em Paris, na sede da OCDE, na presen\u00e7a do presidente Lu\u00eds Abinader, do ministro dos Neg\u00f3cios Estrangeiros, Roberto \u00c1lvarez, e do secret\u00e1rio-geral Mathias Cormann, durante o F\u00f3rum de Integridade e Anticorrup\u00e7\u00e3o. O acordo visa formalizar a aproxima\u00e7\u00e3o, promover o interc\u00e2mbio de boas pr\u00e1ticas e apoiar pol\u00edticas p\u00fablicas alinhadas com padr\u00f5es internacionais. O memorando \u00e9 visto como um pacote de coopera\u00e7\u00e3o para apoiar reformas; n\u00e3o envolve, neste momento, um processo de ades\u00e3o, embora possa evoluir no futuro. A OCDE tem 38 membros, incluindo quatro latino-americanos: M\u00e9xico, Chile, Col\u00f4mbia e Costa Rica.","og_url":"https:\/\/portaltela.pt\/noticias\/2026\/03\/24\/republica-dominicana-assina-acordo-com-ocde-em-passo-para-adesao\/","og_site_name":"Portal Tela Portugal","article_published_time":"2026-03-24T19:54:00+00:00","author":"Telinha","twitter_card":"summary_large_image","twitter_misc":{"Escrito por":"Telinha","Tempo estimado de leitura":"1 minuto"},"schema":{"@context":"https:\/\/schema.org","@graph":[{"@type":"Article","@id":"https:\/\/portaltela.pt\/noticias\/2026\/03\/24\/republica-dominicana-assina-acordo-com-ocde-em-passo-para-adesao\/#article","isPartOf":{"@id":"https:\/\/portaltela.pt\/noticias\/2026\/03\/24\/republica-dominicana-assina-acordo-com-ocde-em-passo-para-adesao\/"},"author":{"name":"Telinha","@id":"https:\/\/portaltela.pt\/#\/schema\/person\/c4278d4a6028830caff9ee44b42d32ed"},"headline":"Rep\u00fablica Dominicana assina acordo com OCDE em passo para ades\u00e3o","datePublished":"2026-03-24T19:54:00+00:00","mainEntityOfPage":{"@id":"https:\/\/portaltela.pt\/noticias\/2026\/03\/24\/republica-dominicana-assina-acordo-com-ocde-em-passo-para-adesao\/"},"wordCount":246,"image":{"@id":"https:\/\/portaltela.pt\/noticias\/2026\/03\/24\/republica-dominicana-assina-acordo-com-ocde-em-passo-para-adesao\/#primaryimage"},"thumbnailUrl":"https:\/\/portaltela.pt\/s.01k8rhncp4jt1\/2026\/03\/img_1280x721uu2024-10-06-07-42-14-1763183.jpg","keywords":["ades\u00e3o","coopera\u00e7\u00e3o internacional","OCDE","organiza\u00e7\u00e3o internacional","pol\u00edtica externa"],"articleSection":["Internacionais","Not\u00edcias"],"inLanguage":"pt-PT"},{"@type":"WebPage","@id":"https:\/\/portaltela.pt\/noticias\/2026\/03\/24\/republica-dominicana-assina-acordo-com-ocde-em-passo-para-adesao\/","url":"https:\/\/portaltela.pt\/noticias\/2026\/03\/24\/republica-dominicana-assina-acordo-com-ocde-em-passo-para-adesao\/","name":"Rep\u00fablica Dominicana assina acordo com OCDE em passo para ades\u00e3o - Portal Tela Portugal","isPartOf":{"@id":"https:\/\/portaltela.pt\/#website"},"primaryImageOfPage":{"@id":"https:\/\/portaltela.pt\/noticias\/2026\/03\/24\/republica-dominicana-assina-acordo-com-ocde-em-passo-para-adesao\/#primaryimage"},"image":{"@id":"https:\/\/portaltela.pt\/noticias\/2026\/03\/24\/republica-dominicana-assina-acordo-com-ocde-em-passo-para-adesao\/#primaryimage"},"thumbnailUrl":"https:\/\/portaltela.pt\/s.01k8rhncp4jt1\/2026\/03\/img_1280x721uu2024-10-06-07-42-14-1763183.jpg","datePublished":"2026-03-24T19:54:00+00:00","author":{"@id":"https:\/\/portaltela.pt\/#\/schema\/person\/c4278d4a6028830caff9ee44b42d32ed"},"breadcrumb":{"@id":"https:\/\/portaltela.pt\/noticias\/2026\/03\/24\/republica-dominicana-assina-acordo-com-ocde-em-passo-para-adesao\/#breadcrumb"},"inLanguage":"pt-PT","potentialAction":[{"@type":"ReadAction","target":["https:\/\/portaltela.pt\/noticias\/2026\/03\/24\/republica-dominicana-assina-acordo-com-ocde-em-passo-para-adesao\/"]}]},{"@type":"ImageObject","inLanguage":"pt-PT","@id":"https:\/\/portaltela.pt\/noticias\/2026\/03\/24\/republica-dominicana-assina-acordo-com-ocde-em-passo-para-adesao\/#primaryimage","url":"https:\/\/portaltela.pt\/s.01k8rhncp4jt1\/2026\/03\/img_1280x721uu2024-10-06-07-42-14-1763183.jpg","contentUrl":"https:\/\/portaltela.pt\/s.01k8rhncp4jt1\/2026\/03\/img_1280x721uu2024-10-06-07-42-14-1763183.jpg","width":796,"height":448,"caption":"Presidente Luis Abinader"},{"@type":"BreadcrumbList","@id":"https:\/\/portaltela.pt\/noticias\/2026\/03\/24\/republica-dominicana-assina-acordo-com-ocde-em-passo-para-adesao\/#breadcrumb","itemListElement":[{"@type":"ListItem","position":1,"name":"In\u00edcio","item":"https:\/\/portaltela.pt\/"},{"@type":"ListItem","position":2,"name":"Rep\u00fablica Dominicana assina acordo com OCDE em passo para ades\u00e3o"}]},{"@type":"WebSite","@id":"https:\/\/portaltela.pt\/#website","url":"https:\/\/portaltela.pt\/","name":"Portal Tela Portugal","description":"","potentialAction":[{"@type":"SearchAction","target":{"@type":"EntryPoint","urlTemplate":"https:\/\/portaltela.pt\/?s={search_term_string}"},"query-input":{"@type":"PropertyValueSpecification","valueRequired":true,"valueName":"search_term_string"}}],"inLanguage":"pt-PT"},{"@type":"Person","@id":"https:\/\/portaltela.pt\/#\/schema\/person\/c4278d4a6028830caff9ee44b42d32ed","name":"Telinha","image":{"@type":"ImageObject","inLanguage":"pt-PT","@id":"https:\/\/portaltela.pt\/s.01k8rhncp4jt1\/2025\/11\/talking-bot-125x125.png","url":"https:\/\/portaltela.pt\/s.01k8rhncp4jt1\/2025\/11\/talking-bot-125x125.png","contentUrl":"https:\/\/portaltela.pt\/s.01k8rhncp4jt1\/2025\/11\/talking-bot-125x125.png","caption":"Telinha"},"sameAs":["https:\/\/portaltela.pt\/"],"url":"https:\/\/portaltela.pt\/por\/367410592786\/"}]}},"_links":{"self":[{"href":"https:\/\/portaltela.pt\/api\/wp\/v2\/posts\/420064","targetHints":{"allow":["GET"]}}],"collection":[{"href":"https:\/\/portaltela.pt\/api\/wp\/v2\/posts"}],"about":[{"href":"https:\/\/portaltela.pt\/api\/wp\/v2\/types\/post"}],"author":[{"embeddable":true,"href":"https:\/\/portaltela.pt\/api\/wp\/v2\/users\/2"}],"replies":[{"embeddable":true,"href":"https:\/\/portaltela.pt\/api\/wp\/v2\/comments?post=420064"}],"version-history":[{"count":0,"href":"https:\/\/portaltela.pt\/api\/wp\/v2\/posts\/420064\/revisions"}],"wp:featuredmedia":[{"embeddable":true,"href":"https:\/\/portaltela.pt\/api\/wp\/v2\/media\/420069"}],"wp:attachment":[{"href":"https:\/\/portaltela.pt\/api\/wp\/v2\/media?parent=420064"}],"wp:term":[{"taxonomy":"category","embeddable":true,"href":"https:\/\/portaltela.pt\/api\/wp\/v2\/categories?post=420064"},{"taxonomy":"post_tag","embeddable":true,"href":"https:\/\/portaltela.pt\/api\/wp\/v2\/tags?post=420064"}],"curies":[{"name":"wp","href":"https:\/\/api.w.org\/{rel}","templated":true}]}}