{"id":420057,"date":"2026-03-24T16:36:00","date_gmt":"2026-03-24T19:36:00","guid":{"rendered":"https:\/\/portaltela.pt\/noticias\/2026\/03\/24\/isabel-moreira-alvo-de-inquerito-apos-queixa-de-hugo-soares\/"},"modified":"2026-03-24T16:36:00","modified_gmt":"2026-03-24T19:36:00","slug":"isabel-moreira-alvo-de-inquerito-apos-queixa-de-hugo-soares","status":"publish","type":"post","link":"https:\/\/portaltela.pt\/noticias\/2026\/03\/24\/isabel-moreira-alvo-de-inquerito-apos-queixa-de-hugo-soares\/","title":{"rendered":"Isabel Moreira alvo de inqu\u00e9rito ap\u00f3s queixa de Hugo Soares"},"content":{"rendered":"<p>O presidente da Assembleia da Rep\u00fablica pediu \u00e0 Comiss\u00e3o de Transpar\u00eancia a abertura de um inqu\u00e9rito \u00e0s afirma\u00e7\u00f5es da deputada do PS Isabel Moreira, proferidas no debate sobre diplomas de mudan\u00e7a de g\u00e9nero. A queixa foi apresentada pelo l\u00edder parlamentar do PSD, Hugo Soares.<\/p>\n<p>No despacho a que a Lusa teve acesso, Jos\u00e9 Pedro Aguiar-Branco afirmou que as declara\u00e7\u00f5es da deputada socialista possuem gravidade suficiente para justificar averigua\u00e7\u00e3o. A defesa responsabiliza-a por ofensa \u00e0 honra de deputados subscritores das propostas.<\/p>\n<p>A queixa alega que Isabel Moreira afirmou em plen\u00e1rio que os diplomas do PSD, Chega e CDS-PP ratificaram um homic\u00eddio, ao relacionar o caso Gisberta com o conte\u00fado legislativo. Gisberta foi uma mulher transexual morta em 2006 durante agress\u00f5es no Porto.<\/p>\n<p>Al\u00e9m disso, Hugo Soares incluiu numa publica\u00e7\u00e3o na rede social X uma cr\u00edtica \u00e0 posi\u00e7\u00e3o dos partidos visados, alegando que o PSD teria capitulado e que a aprova\u00e7\u00e3o equivaleria a legitimar viol\u00eancia contra pessoas trans.<\/p>\n<p>O presidente da Assembleia considerou que a linguagem pode ter ultrapassado a cr\u00edtica pol\u00edtica vigorosa, entrando no dom\u00ednio da desqualifica\u00e7\u00e3o moral dos proponentes. A express\u00e3o usada pode evidenciar uma censura de gravidade excecional aos deputados.<\/p>\n<p>Aguiar-Branco concluiu que as declara\u00e7\u00f5es, bem como a publica\u00e7\u00e3o na rede social, podem comprometer a honra de deputados espec\u00edficos e violar deveres de urbanidade, lealdade institucional e prest\u00edgio da institui\u00e7\u00e3o.<\/p>\n<p>Por isso, decidiu abrir o inqu\u00e9rito \u00e0 Comiss\u00e3o Parlamentar de Transpar\u00eancia e Estatuto dos Deputados. O procedimento notifica o queixoso e os visados, al\u00e9m de informar os grupos parlamentares do CDS-PP e do Chega, dada a rela\u00e7\u00e3o com os factos em aprecia\u00e7\u00e3o.<\/p>\n","protected":false},"excerpt":{"rendered":"<ul>\n<li>O presidente da Assembleia da Rep\u00fablica pediu \u00e0 Comiss\u00e3o de Transpar\u00eancia a abertura de um inqu\u00e9rito \u00e0s afirma\u00e7\u00f5es da deputada Isabel Moreira, feitas no debate sobre diplomas de mudan\u00e7a de g\u00e9nero, ap\u00f3s queixa de Hugo Soares.<\/li>\n<li>O despacho, ao qual a Lusa teve acesso, indica que as afirma\u00e7\u00f5es da deputada do PS t\u00eam gravidade suficiente para justificar averigua\u00e7\u00e3o.<\/li>\n<li>Hugo Soares alegou viola\u00e7\u00e3o grave de deveres dos deputados ao afirmar que os projetos de PSD, Chega e CDS-PP \u201cratificaram o assassinato de Gisberta\u201d, mulher transexual morta em 2006.<\/li>\n<li>Al\u00e9m das palavras em plen\u00e1rio, houve uma publica\u00e7\u00e3o da deputada na rede social X, sugerindo que o PSD \u201ccapitulou\u201d e associando o ato a uma morte.<\/li>\n<li>O presidente da Assembleia considerou que a linguagem pode ultrapassar a cr\u00edtica pol\u00edtica e desqualificar moralmente proponentes, determinando o inqu\u00e9rito \u00e0 Comiss\u00e3o Parlamentar de Transpar\u00eancia e ao Estatuto dos Deputados, com comunica\u00e7\u00e3o aos grupos CDS-PP e Chega.<\/li>\n<\/ul>\n","protected":false},"author":2,"featured_media":420061,"comment_status":"closed","ping_status":"closed","sticky":false,"template":"","format":"standard","meta":{"footnotes":""},"categories":[6815,1],"tags":[4211,2442,6039,2832,2144,3695],"class_list":["post-420057","post","type-post","status-publish","format-standard","has-post-thumbnail","hentry","category-justica","category-noticias","tag-assembleia-nacional","tag-difamacao","tag-injuria","tag-politica","tag-ps","tag-psd"],"yoast_head":"<!-- This site is optimized with the Yoast SEO plugin v27.2 - https:\/\/yoast.com\/product\/yoast-seo-wordpress\/ -->\n<title>Isabel Moreira alvo de inqu\u00e9rito ap\u00f3s queixa de Hugo Soares - Portal Tela Portugal<\/title>\n<meta name=\"robots\" content=\"index, follow, max-snippet:-1, max-image-preview:large, max-video-preview:-1\" \/>\n<meta property=\"og:locale\" content=\"pt_PT\" \/>\n<meta property=\"og:type\" content=\"article\" \/>\n<meta property=\"og:title\" content=\"Isabel Moreira alvo de inqu\u00e9rito ap\u00f3s queixa de Hugo Soares - Portal Tela Portugal\" \/>\n<meta property=\"og:description\" content=\"O presidente da Assembleia da Rep\u00fablica pediu \u00e0 Comiss\u00e3o de Transpar\u00eancia a abertura de um inqu\u00e9rito \u00e0s afirma\u00e7\u00f5es da deputada Isabel Moreira, feitas no debate sobre diplomas de mudan\u00e7a de g\u00e9nero, ap\u00f3s queixa de Hugo Soares. O despacho, ao qual a Lusa teve acesso, indica que as afirma\u00e7\u00f5es da deputada do PS t\u00eam gravidade suficiente para justificar averigua\u00e7\u00e3o. Hugo Soares alegou viola\u00e7\u00e3o grave de deveres dos deputados ao afirmar que os projetos de PSD, Chega e CDS-PP \u201cratificaram o assassinato de Gisberta\u201d, mulher transexual morta em 2006. Al\u00e9m das palavras em plen\u00e1rio, houve uma publica\u00e7\u00e3o da deputada na rede social X, sugerindo que o PSD \u201ccapitulou\u201d e associando o ato a uma morte. O presidente da Assembleia considerou que a linguagem pode ultrapassar a cr\u00edtica pol\u00edtica e desqualificar moralmente proponentes, determinando o inqu\u00e9rito \u00e0 Comiss\u00e3o Parlamentar de Transpar\u00eancia e ao Estatuto dos Deputados, com comunica\u00e7\u00e3o aos grupos CDS-PP e Chega.\" \/>\n<meta property=\"og:url\" content=\"https:\/\/portaltela.pt\/noticias\/2026\/03\/24\/isabel-moreira-alvo-de-inquerito-apos-queixa-de-hugo-soares\/\" \/>\n<meta property=\"og:site_name\" content=\"Portal Tela Portugal\" \/>\n<meta property=\"article:published_time\" content=\"2026-03-24T19:36:00+00:00\" \/>\n<meta name=\"author\" content=\"Telinha\" \/>\n<meta name=\"twitter:card\" content=\"summary_large_image\" \/>\n<meta name=\"twitter:label1\" content=\"Escrito por\" \/>\n\t<meta name=\"twitter:data1\" content=\"Telinha\" \/>\n\t<meta name=\"twitter:label2\" content=\"Tempo estimado de leitura\" \/>\n\t<meta name=\"twitter:data2\" content=\"1 minuto\" \/>\n<script type=\"application\/ld+json\" class=\"yoast-schema-graph\">{\"@context\":\"https:\/\/schema.org\",\"@graph\":[{\"@type\":\"Article\",\"@id\":\"https:\/\/portaltela.pt\/noticias\/2026\/03\/24\/isabel-moreira-alvo-de-inquerito-apos-queixa-de-hugo-soares\/#article\",\"isPartOf\":{\"@id\":\"https:\/\/portaltela.pt\/noticias\/2026\/03\/24\/isabel-moreira-alvo-de-inquerito-apos-queixa-de-hugo-soares\/\"},\"author\":{\"name\":\"Telinha\",\"@id\":\"https:\/\/portaltela.pt\/#\/schema\/person\/c4278d4a6028830caff9ee44b42d32ed\"},\"headline\":\"Isabel Moreira alvo de inqu\u00e9rito ap\u00f3s queixa de Hugo Soares\",\"datePublished\":\"2026-03-24T19:36:00+00:00\",\"mainEntityOfPage\":{\"@id\":\"https:\/\/portaltela.pt\/noticias\/2026\/03\/24\/isabel-moreira-alvo-de-inquerito-apos-queixa-de-hugo-soares\/\"},\"wordCount\":306,\"image\":{\"@id\":\"https:\/\/portaltela.pt\/noticias\/2026\/03\/24\/isabel-moreira-alvo-de-inquerito-apos-queixa-de-hugo-soares\/#primaryimage\"},\"thumbnailUrl\":\"https:\/\/portaltela.pt\/s.01k8rhncp4jt1\/2026\/03\/a9b40a9d-9b68-4b2c-b735-339926b00250_1200x675.jpg\",\"keywords\":[\"Assembleia Nacional\",\"difama\u00e7\u00e3o\",\"inj\u00faria\",\"pol\u00edtica\",\"PS\",\"PSD\"],\"articleSection\":[\"Justi\u00e7a\",\"Not\u00edcias\"],\"inLanguage\":\"pt-PT\"},{\"@type\":\"WebPage\",\"@id\":\"https:\/\/portaltela.pt\/noticias\/2026\/03\/24\/isabel-moreira-alvo-de-inquerito-apos-queixa-de-hugo-soares\/\",\"url\":\"https:\/\/portaltela.pt\/noticias\/2026\/03\/24\/isabel-moreira-alvo-de-inquerito-apos-queixa-de-hugo-soares\/\",\"name\":\"Isabel Moreira alvo de inqu\u00e9rito ap\u00f3s queixa de Hugo Soares - Portal Tela Portugal\",\"isPartOf\":{\"@id\":\"https:\/\/portaltela.pt\/#website\"},\"primaryImageOfPage\":{\"@id\":\"https:\/\/portaltela.pt\/noticias\/2026\/03\/24\/isabel-moreira-alvo-de-inquerito-apos-queixa-de-hugo-soares\/#primaryimage\"},\"image\":{\"@id\":\"https:\/\/portaltela.pt\/noticias\/2026\/03\/24\/isabel-moreira-alvo-de-inquerito-apos-queixa-de-hugo-soares\/#primaryimage\"},\"thumbnailUrl\":\"https:\/\/portaltela.pt\/s.01k8rhncp4jt1\/2026\/03\/a9b40a9d-9b68-4b2c-b735-339926b00250_1200x675.jpg\",\"datePublished\":\"2026-03-24T19:36:00+00:00\",\"author\":{\"@id\":\"https:\/\/portaltela.pt\/#\/schema\/person\/c4278d4a6028830caff9ee44b42d32ed\"},\"breadcrumb\":{\"@id\":\"https:\/\/portaltela.pt\/noticias\/2026\/03\/24\/isabel-moreira-alvo-de-inquerito-apos-queixa-de-hugo-soares\/#breadcrumb\"},\"inLanguage\":\"pt-PT\",\"potentialAction\":[{\"@type\":\"ReadAction\",\"target\":[\"https:\/\/portaltela.pt\/noticias\/2026\/03\/24\/isabel-moreira-alvo-de-inquerito-apos-queixa-de-hugo-soares\/\"]}]},{\"@type\":\"ImageObject\",\"inLanguage\":\"pt-PT\",\"@id\":\"https:\/\/portaltela.pt\/noticias\/2026\/03\/24\/isabel-moreira-alvo-de-inquerito-apos-queixa-de-hugo-soares\/#primaryimage\",\"url\":\"https:\/\/portaltela.pt\/s.01k8rhncp4jt1\/2026\/03\/a9b40a9d-9b68-4b2c-b735-339926b00250_1200x675.jpg\",\"contentUrl\":\"https:\/\/portaltela.pt\/s.01k8rhncp4jt1\/2026\/03\/a9b40a9d-9b68-4b2c-b735-339926b00250_1200x675.jpg\",\"width\":1200,\"height\":675,\"caption\":\"A deputada do PS, Isabel Moreira\"},{\"@type\":\"BreadcrumbList\",\"@id\":\"https:\/\/portaltela.pt\/noticias\/2026\/03\/24\/isabel-moreira-alvo-de-inquerito-apos-queixa-de-hugo-soares\/#breadcrumb\",\"itemListElement\":[{\"@type\":\"ListItem\",\"position\":1,\"name\":\"In\u00edcio\",\"item\":\"https:\/\/portaltela.pt\/\"},{\"@type\":\"ListItem\",\"position\":2,\"name\":\"Isabel Moreira alvo de inqu\u00e9rito ap\u00f3s queixa de Hugo Soares\"}]},{\"@type\":\"WebSite\",\"@id\":\"https:\/\/portaltela.pt\/#website\",\"url\":\"https:\/\/portaltela.pt\/\",\"name\":\"Portal Tela Portugal\",\"description\":\"\",\"potentialAction\":[{\"@type\":\"SearchAction\",\"target\":{\"@type\":\"EntryPoint\",\"urlTemplate\":\"https:\/\/portaltela.pt\/?s={search_term_string}\"},\"query-input\":{\"@type\":\"PropertyValueSpecification\",\"valueRequired\":true,\"valueName\":\"search_term_string\"}}],\"inLanguage\":\"pt-PT\"},{\"@type\":\"Person\",\"@id\":\"https:\/\/portaltela.pt\/#\/schema\/person\/c4278d4a6028830caff9ee44b42d32ed\",\"name\":\"Telinha\",\"image\":{\"@type\":\"ImageObject\",\"inLanguage\":\"pt-PT\",\"@id\":\"https:\/\/portaltela.pt\/s.01k8rhncp4jt1\/2025\/11\/talking-bot-125x125.png\",\"url\":\"https:\/\/portaltela.pt\/s.01k8rhncp4jt1\/2025\/11\/talking-bot-125x125.png\",\"contentUrl\":\"https:\/\/portaltela.pt\/s.01k8rhncp4jt1\/2025\/11\/talking-bot-125x125.png\",\"caption\":\"Telinha\"},\"sameAs\":[\"https:\/\/portaltela.pt\/\"],\"url\":\"https:\/\/portaltela.pt\/por\/367410592786\/\"}]}<\/script>\n<!-- \/ Yoast SEO plugin. -->","yoast_head_json":{"title":"Isabel Moreira alvo de inqu\u00e9rito ap\u00f3s queixa de Hugo Soares - Portal Tela Portugal","robots":{"index":"index","follow":"follow","max-snippet":"max-snippet:-1","max-image-preview":"max-image-preview:large","max-video-preview":"max-video-preview:-1"},"og_locale":"pt_PT","og_type":"article","og_title":"Isabel Moreira alvo de inqu\u00e9rito ap\u00f3s queixa de Hugo Soares - Portal Tela Portugal","og_description":"O presidente da Assembleia da Rep\u00fablica pediu \u00e0 Comiss\u00e3o de Transpar\u00eancia a abertura de um inqu\u00e9rito \u00e0s afirma\u00e7\u00f5es da deputada Isabel Moreira, feitas no debate sobre diplomas de mudan\u00e7a de g\u00e9nero, ap\u00f3s queixa de Hugo Soares. O despacho, ao qual a Lusa teve acesso, indica que as afirma\u00e7\u00f5es da deputada do PS t\u00eam gravidade suficiente para justificar averigua\u00e7\u00e3o. Hugo Soares alegou viola\u00e7\u00e3o grave de deveres dos deputados ao afirmar que os projetos de PSD, Chega e CDS-PP \u201cratificaram o assassinato de Gisberta\u201d, mulher transexual morta em 2006. Al\u00e9m das palavras em plen\u00e1rio, houve uma publica\u00e7\u00e3o da deputada na rede social X, sugerindo que o PSD \u201ccapitulou\u201d e associando o ato a uma morte. O presidente da Assembleia considerou que a linguagem pode ultrapassar a cr\u00edtica pol\u00edtica e desqualificar moralmente proponentes, determinando o inqu\u00e9rito \u00e0 Comiss\u00e3o Parlamentar de Transpar\u00eancia e ao Estatuto dos Deputados, com comunica\u00e7\u00e3o aos grupos CDS-PP e Chega.","og_url":"https:\/\/portaltela.pt\/noticias\/2026\/03\/24\/isabel-moreira-alvo-de-inquerito-apos-queixa-de-hugo-soares\/","og_site_name":"Portal Tela Portugal","article_published_time":"2026-03-24T19:36:00+00:00","author":"Telinha","twitter_card":"summary_large_image","twitter_misc":{"Escrito por":"Telinha","Tempo estimado de leitura":"1 minuto"},"schema":{"@context":"https:\/\/schema.org","@graph":[{"@type":"Article","@id":"https:\/\/portaltela.pt\/noticias\/2026\/03\/24\/isabel-moreira-alvo-de-inquerito-apos-queixa-de-hugo-soares\/#article","isPartOf":{"@id":"https:\/\/portaltela.pt\/noticias\/2026\/03\/24\/isabel-moreira-alvo-de-inquerito-apos-queixa-de-hugo-soares\/"},"author":{"name":"Telinha","@id":"https:\/\/portaltela.pt\/#\/schema\/person\/c4278d4a6028830caff9ee44b42d32ed"},"headline":"Isabel Moreira alvo de inqu\u00e9rito ap\u00f3s queixa de Hugo Soares","datePublished":"2026-03-24T19:36:00+00:00","mainEntityOfPage":{"@id":"https:\/\/portaltela.pt\/noticias\/2026\/03\/24\/isabel-moreira-alvo-de-inquerito-apos-queixa-de-hugo-soares\/"},"wordCount":306,"image":{"@id":"https:\/\/portaltela.pt\/noticias\/2026\/03\/24\/isabel-moreira-alvo-de-inquerito-apos-queixa-de-hugo-soares\/#primaryimage"},"thumbnailUrl":"https:\/\/portaltela.pt\/s.01k8rhncp4jt1\/2026\/03\/a9b40a9d-9b68-4b2c-b735-339926b00250_1200x675.jpg","keywords":["Assembleia Nacional","difama\u00e7\u00e3o","inj\u00faria","pol\u00edtica","PS","PSD"],"articleSection":["Justi\u00e7a","Not\u00edcias"],"inLanguage":"pt-PT"},{"@type":"WebPage","@id":"https:\/\/portaltela.pt\/noticias\/2026\/03\/24\/isabel-moreira-alvo-de-inquerito-apos-queixa-de-hugo-soares\/","url":"https:\/\/portaltela.pt\/noticias\/2026\/03\/24\/isabel-moreira-alvo-de-inquerito-apos-queixa-de-hugo-soares\/","name":"Isabel Moreira alvo de inqu\u00e9rito ap\u00f3s queixa de Hugo Soares - Portal Tela Portugal","isPartOf":{"@id":"https:\/\/portaltela.pt\/#website"},"primaryImageOfPage":{"@id":"https:\/\/portaltela.pt\/noticias\/2026\/03\/24\/isabel-moreira-alvo-de-inquerito-apos-queixa-de-hugo-soares\/#primaryimage"},"image":{"@id":"https:\/\/portaltela.pt\/noticias\/2026\/03\/24\/isabel-moreira-alvo-de-inquerito-apos-queixa-de-hugo-soares\/#primaryimage"},"thumbnailUrl":"https:\/\/portaltela.pt\/s.01k8rhncp4jt1\/2026\/03\/a9b40a9d-9b68-4b2c-b735-339926b00250_1200x675.jpg","datePublished":"2026-03-24T19:36:00+00:00","author":{"@id":"https:\/\/portaltela.pt\/#\/schema\/person\/c4278d4a6028830caff9ee44b42d32ed"},"breadcrumb":{"@id":"https:\/\/portaltela.pt\/noticias\/2026\/03\/24\/isabel-moreira-alvo-de-inquerito-apos-queixa-de-hugo-soares\/#breadcrumb"},"inLanguage":"pt-PT","potentialAction":[{"@type":"ReadAction","target":["https:\/\/portaltela.pt\/noticias\/2026\/03\/24\/isabel-moreira-alvo-de-inquerito-apos-queixa-de-hugo-soares\/"]}]},{"@type":"ImageObject","inLanguage":"pt-PT","@id":"https:\/\/portaltela.pt\/noticias\/2026\/03\/24\/isabel-moreira-alvo-de-inquerito-apos-queixa-de-hugo-soares\/#primaryimage","url":"https:\/\/portaltela.pt\/s.01k8rhncp4jt1\/2026\/03\/a9b40a9d-9b68-4b2c-b735-339926b00250_1200x675.jpg","contentUrl":"https:\/\/portaltela.pt\/s.01k8rhncp4jt1\/2026\/03\/a9b40a9d-9b68-4b2c-b735-339926b00250_1200x675.jpg","width":1200,"height":675,"caption":"A deputada do PS, Isabel Moreira"},{"@type":"BreadcrumbList","@id":"https:\/\/portaltela.pt\/noticias\/2026\/03\/24\/isabel-moreira-alvo-de-inquerito-apos-queixa-de-hugo-soares\/#breadcrumb","itemListElement":[{"@type":"ListItem","position":1,"name":"In\u00edcio","item":"https:\/\/portaltela.pt\/"},{"@type":"ListItem","position":2,"name":"Isabel Moreira alvo de inqu\u00e9rito ap\u00f3s queixa de Hugo Soares"}]},{"@type":"WebSite","@id":"https:\/\/portaltela.pt\/#website","url":"https:\/\/portaltela.pt\/","name":"Portal Tela Portugal","description":"","potentialAction":[{"@type":"SearchAction","target":{"@type":"EntryPoint","urlTemplate":"https:\/\/portaltela.pt\/?s={search_term_string}"},"query-input":{"@type":"PropertyValueSpecification","valueRequired":true,"valueName":"search_term_string"}}],"inLanguage":"pt-PT"},{"@type":"Person","@id":"https:\/\/portaltela.pt\/#\/schema\/person\/c4278d4a6028830caff9ee44b42d32ed","name":"Telinha","image":{"@type":"ImageObject","inLanguage":"pt-PT","@id":"https:\/\/portaltela.pt\/s.01k8rhncp4jt1\/2025\/11\/talking-bot-125x125.png","url":"https:\/\/portaltela.pt\/s.01k8rhncp4jt1\/2025\/11\/talking-bot-125x125.png","contentUrl":"https:\/\/portaltela.pt\/s.01k8rhncp4jt1\/2025\/11\/talking-bot-125x125.png","caption":"Telinha"},"sameAs":["https:\/\/portaltela.pt\/"],"url":"https:\/\/portaltela.pt\/por\/367410592786\/"}]}},"_links":{"self":[{"href":"https:\/\/portaltela.pt\/api\/wp\/v2\/posts\/420057","targetHints":{"allow":["GET"]}}],"collection":[{"href":"https:\/\/portaltela.pt\/api\/wp\/v2\/posts"}],"about":[{"href":"https:\/\/portaltela.pt\/api\/wp\/v2\/types\/post"}],"author":[{"embeddable":true,"href":"https:\/\/portaltela.pt\/api\/wp\/v2\/users\/2"}],"replies":[{"embeddable":true,"href":"https:\/\/portaltela.pt\/api\/wp\/v2\/comments?post=420057"}],"version-history":[{"count":0,"href":"https:\/\/portaltela.pt\/api\/wp\/v2\/posts\/420057\/revisions"}],"wp:featuredmedia":[{"embeddable":true,"href":"https:\/\/portaltela.pt\/api\/wp\/v2\/media\/420061"}],"wp:attachment":[{"href":"https:\/\/portaltela.pt\/api\/wp\/v2\/media?parent=420057"}],"wp:term":[{"taxonomy":"category","embeddable":true,"href":"https:\/\/portaltela.pt\/api\/wp\/v2\/categories?post=420057"},{"taxonomy":"post_tag","embeddable":true,"href":"https:\/\/portaltela.pt\/api\/wp\/v2\/tags?post=420057"}],"curies":[{"name":"wp","href":"https:\/\/api.w.org\/{rel}","templated":true}]}}