{"id":420042,"date":"2026-03-24T16:44:24","date_gmt":"2026-03-24T19:44:24","guid":{"rendered":"https:\/\/portaltela.pt\/noticias\/2026\/03\/24\/boletim-clinico-do-sporting-atualiza-o-ponto-de-situacao-de-ioannidis\/"},"modified":"2026-03-24T16:44:24","modified_gmt":"2026-03-24T19:44:24","slug":"boletim-clinico-do-sporting-atualiza-o-ponto-de-situacao-de-ioannidis","status":"publish","type":"post","link":"https:\/\/portaltela.pt\/desporto\/futebol\/2026\/03\/24\/boletim-clinico-do-sporting-atualiza-o-ponto-de-situacao-de-ioannidis\/","title":{"rendered":"Boletim cl\u00ednico do Sporting atualiza o ponto de situa\u00e7\u00e3o de Ioannidis"},"content":{"rendered":"<p>O Sporting divulgou o boletim cl\u00ednico sobre Fotis Ioannidis, um dos jogadores indispon\u00edveis da equipa. O regresso aos relvados ainda n\u00e3o tem data prevista.<\/p>\n<p>O documento oficial indica que Ioannidis continua em recupera\u00e7\u00e3o, sem indica\u00e7\u00e3o de prazo para o retorno \u00e0s competi\u00e7\u00f5es.<\/p>\n<p>Filipe Balreira, jornalista do Record, explica em que ponto est\u00e1 a recupera\u00e7\u00e3o do avan\u00e7ado grego, destacando o estado atual da prepara\u00e7\u00e3o e o calend\u00e1rio prov\u00e1vel para os pr\u00f3ximos passos.<\/p>\n","protected":false},"excerpt":{"rendered":"<ul>\n<li>Fotis Ioannidis \u00e9 uma das baixas do Sporting e ainda n\u00e3o h\u00e1 data marcada para o regresso aos relvados.<\/li>\n<li>O boletim cl\u00ednico indica que o retorno do avan\u00e7ado grego n\u00e3o est\u00e1 definido.<\/li>\n<li>Filipe Balreira, jornalista do Record, explica em que ponto est\u00e1 a recupera\u00e7\u00e3o.<\/li>\n<li>A not\u00edcia foca o ponto de situa\u00e7\u00e3o do jogador, sem indicar prazos ou detalhes adicionais.<\/li>\n<\/ul>\n","protected":false},"author":2,"featured_media":420045,"comment_status":"closed","ping_status":"closed","sticky":false,"template":"","format":"standard","meta":{"footnotes":""},"categories":[21,24],"tags":[152,5976,32,3338,242,1652],"class_list":["post-420042","post","type-post","status-publish","format-standard","has-post-thumbnail","hentry","category-desporto","category-futebol","tag-desporto","tag-fotis-ioannidis","tag-futebol","tag-futebol-internacional","tag-jogadores","tag-sporting"],"yoast_head":"<!-- This site is optimized with the Yoast SEO plugin v27.2 - https:\/\/yoast.com\/product\/yoast-seo-wordpress\/ -->\n<title>Boletim cl\u00ednico do Sporting atualiza o ponto de situa\u00e7\u00e3o de Ioannidis - Portal Tela Portugal<\/title>\n<meta name=\"robots\" content=\"index, follow, max-snippet:-1, max-image-preview:large, max-video-preview:-1\" \/>\n<meta property=\"og:locale\" content=\"pt_PT\" \/>\n<meta property=\"og:type\" content=\"article\" \/>\n<meta property=\"og:title\" content=\"Boletim cl\u00ednico do Sporting atualiza o ponto de situa\u00e7\u00e3o de Ioannidis - Portal Tela Portugal\" \/>\n<meta property=\"og:description\" content=\"Fotis Ioannidis \u00e9 uma das baixas do Sporting e ainda n\u00e3o h\u00e1 data marcada para o regresso aos relvados. O boletim cl\u00ednico indica que o retorno do avan\u00e7ado grego n\u00e3o est\u00e1 definido. Filipe Balreira, jornalista do Record, explica em que ponto est\u00e1 a recupera\u00e7\u00e3o. A not\u00edcia foca o ponto de situa\u00e7\u00e3o do jogador, sem indicar prazos ou detalhes adicionais.\" \/>\n<meta property=\"og:url\" content=\"https:\/\/portaltela.pt\/noticias\/2026\/03\/24\/boletim-clinico-do-sporting-atualiza-o-ponto-de-situacao-de-ioannidis\/\" \/>\n<meta property=\"og:site_name\" content=\"Portal Tela Portugal\" \/>\n<meta property=\"article:published_time\" content=\"2026-03-24T19:44:24+00:00\" \/>\n<meta name=\"author\" content=\"Telinha\" \/>\n<meta name=\"twitter:card\" content=\"summary_large_image\" \/>\n<meta name=\"twitter:label1\" content=\"Escrito por\" \/>\n\t<meta name=\"twitter:data1\" content=\"Telinha\" \/>\n<script type=\"application\/ld+json\" class=\"yoast-schema-graph\">{\"@context\":\"https:\/\/schema.org\",\"@graph\":[{\"@type\":\"Article\",\"@id\":\"https:\/\/portaltela.pt\/noticias\/2026\/03\/24\/boletim-clinico-do-sporting-atualiza-o-ponto-de-situacao-de-ioannidis\/#article\",\"isPartOf\":{\"@id\":\"https:\/\/portaltela.pt\/noticias\/2026\/03\/24\/boletim-clinico-do-sporting-atualiza-o-ponto-de-situacao-de-ioannidis\/\"},\"author\":{\"name\":\"Telinha\",\"@id\":\"https:\/\/portaltela.pt\/#\/schema\/person\/c4278d4a6028830caff9ee44b42d32ed\"},\"headline\":\"Boletim cl\u00ednico do Sporting atualiza o ponto de situa\u00e7\u00e3o de Ioannidis\",\"datePublished\":\"2026-03-24T19:44:24+00:00\",\"mainEntityOfPage\":{\"@id\":\"https:\/\/portaltela.pt\/noticias\/2026\/03\/24\/boletim-clinico-do-sporting-atualiza-o-ponto-de-situacao-de-ioannidis\/\"},\"wordCount\":96,\"image\":{\"@id\":\"https:\/\/portaltela.pt\/noticias\/2026\/03\/24\/boletim-clinico-do-sporting-atualiza-o-ponto-de-situacao-de-ioannidis\/#primaryimage\"},\"thumbnailUrl\":\"https:\/\/portaltela.pt\/s.01k8rhncp4jt1\/2026\/03\/img_1200x721uu2026-03-24-19-43-41-2429165.jpg\",\"keywords\":[\"desporto\",\"Fotis Ioannidis\",\"futebol\",\"futebol internacional\",\"jogadores\",\"Sporting\"],\"articleSection\":[\"Desporto\",\"Futebol\"],\"inLanguage\":\"pt-PT\"},{\"@type\":\"WebPage\",\"@id\":\"https:\/\/portaltela.pt\/noticias\/2026\/03\/24\/boletim-clinico-do-sporting-atualiza-o-ponto-de-situacao-de-ioannidis\/\",\"url\":\"https:\/\/portaltela.pt\/noticias\/2026\/03\/24\/boletim-clinico-do-sporting-atualiza-o-ponto-de-situacao-de-ioannidis\/\",\"name\":\"Boletim cl\u00ednico do Sporting atualiza o ponto de situa\u00e7\u00e3o de Ioannidis - Portal Tela Portugal\",\"isPartOf\":{\"@id\":\"https:\/\/portaltela.pt\/#website\"},\"primaryImageOfPage\":{\"@id\":\"https:\/\/portaltela.pt\/noticias\/2026\/03\/24\/boletim-clinico-do-sporting-atualiza-o-ponto-de-situacao-de-ioannidis\/#primaryimage\"},\"image\":{\"@id\":\"https:\/\/portaltela.pt\/noticias\/2026\/03\/24\/boletim-clinico-do-sporting-atualiza-o-ponto-de-situacao-de-ioannidis\/#primaryimage\"},\"thumbnailUrl\":\"https:\/\/portaltela.pt\/s.01k8rhncp4jt1\/2026\/03\/img_1200x721uu2026-03-24-19-43-41-2429165.jpg\",\"datePublished\":\"2026-03-24T19:44:24+00:00\",\"author\":{\"@id\":\"https:\/\/portaltela.pt\/#\/schema\/person\/c4278d4a6028830caff9ee44b42d32ed\"},\"breadcrumb\":{\"@id\":\"https:\/\/portaltela.pt\/noticias\/2026\/03\/24\/boletim-clinico-do-sporting-atualiza-o-ponto-de-situacao-de-ioannidis\/#breadcrumb\"},\"inLanguage\":\"pt-PT\",\"potentialAction\":[{\"@type\":\"ReadAction\",\"target\":[\"https:\/\/portaltela.pt\/noticias\/2026\/03\/24\/boletim-clinico-do-sporting-atualiza-o-ponto-de-situacao-de-ioannidis\/\"]}]},{\"@type\":\"ImageObject\",\"inLanguage\":\"pt-PT\",\"@id\":\"https:\/\/portaltela.pt\/noticias\/2026\/03\/24\/boletim-clinico-do-sporting-atualiza-o-ponto-de-situacao-de-ioannidis\/#primaryimage\",\"url\":\"https:\/\/portaltela.pt\/s.01k8rhncp4jt1\/2026\/03\/img_1200x721uu2026-03-24-19-43-41-2429165.jpg\",\"contentUrl\":\"https:\/\/portaltela.pt\/s.01k8rhncp4jt1\/2026\/03\/img_1200x721uu2026-03-24-19-43-41-2429165.jpg\",\"width\":796,\"height\":448,\"caption\":\"Fotis Ioannidis \u00e9 um das baixas do Sporting e o seu regresso aos relvados ainda n\u00e3o tem data marcada. Filipe Balreira, jornalista de Record, explica em que ponto est\u00e1 a recupera\u00e7\u00e3o do avan\u00e7ado grego.\"},{\"@type\":\"BreadcrumbList\",\"@id\":\"https:\/\/portaltela.pt\/noticias\/2026\/03\/24\/boletim-clinico-do-sporting-atualiza-o-ponto-de-situacao-de-ioannidis\/#breadcrumb\",\"itemListElement\":[{\"@type\":\"ListItem\",\"position\":1,\"name\":\"In\u00edcio\",\"item\":\"https:\/\/portaltela.pt\/\"},{\"@type\":\"ListItem\",\"position\":2,\"name\":\"Boletim cl\u00ednico do Sporting atualiza o ponto de situa\u00e7\u00e3o de Ioannidis\"}]},{\"@type\":\"WebSite\",\"@id\":\"https:\/\/portaltela.pt\/#website\",\"url\":\"https:\/\/portaltela.pt\/\",\"name\":\"Portal Tela Portugal\",\"description\":\"\",\"potentialAction\":[{\"@type\":\"SearchAction\",\"target\":{\"@type\":\"EntryPoint\",\"urlTemplate\":\"https:\/\/portaltela.pt\/?s={search_term_string}\"},\"query-input\":{\"@type\":\"PropertyValueSpecification\",\"valueRequired\":true,\"valueName\":\"search_term_string\"}}],\"inLanguage\":\"pt-PT\"},{\"@type\":\"Person\",\"@id\":\"https:\/\/portaltela.pt\/#\/schema\/person\/c4278d4a6028830caff9ee44b42d32ed\",\"name\":\"Telinha\",\"image\":{\"@type\":\"ImageObject\",\"inLanguage\":\"pt-PT\",\"@id\":\"https:\/\/portaltela.pt\/s.01k8rhncp4jt1\/2025\/11\/talking-bot-125x125.png\",\"url\":\"https:\/\/portaltela.pt\/s.01k8rhncp4jt1\/2025\/11\/talking-bot-125x125.png\",\"contentUrl\":\"https:\/\/portaltela.pt\/s.01k8rhncp4jt1\/2025\/11\/talking-bot-125x125.png\",\"caption\":\"Telinha\"},\"sameAs\":[\"https:\/\/portaltela.pt\/\"],\"url\":\"https:\/\/portaltela.pt\/por\/367410592786\/\"}]}<\/script>\n<!-- \/ Yoast SEO plugin. -->","yoast_head_json":{"title":"Boletim cl\u00ednico do Sporting atualiza o ponto de situa\u00e7\u00e3o de Ioannidis - Portal Tela Portugal","robots":{"index":"index","follow":"follow","max-snippet":"max-snippet:-1","max-image-preview":"max-image-preview:large","max-video-preview":"max-video-preview:-1"},"og_locale":"pt_PT","og_type":"article","og_title":"Boletim cl\u00ednico do Sporting atualiza o ponto de situa\u00e7\u00e3o de Ioannidis - Portal Tela Portugal","og_description":"Fotis Ioannidis \u00e9 uma das baixas do Sporting e ainda n\u00e3o h\u00e1 data marcada para o regresso aos relvados. O boletim cl\u00ednico indica que o retorno do avan\u00e7ado grego n\u00e3o est\u00e1 definido. Filipe Balreira, jornalista do Record, explica em que ponto est\u00e1 a recupera\u00e7\u00e3o. A not\u00edcia foca o ponto de situa\u00e7\u00e3o do jogador, sem indicar prazos ou detalhes adicionais.","og_url":"https:\/\/portaltela.pt\/noticias\/2026\/03\/24\/boletim-clinico-do-sporting-atualiza-o-ponto-de-situacao-de-ioannidis\/","og_site_name":"Portal Tela Portugal","article_published_time":"2026-03-24T19:44:24+00:00","author":"Telinha","twitter_card":"summary_large_image","twitter_misc":{"Escrito por":"Telinha"},"schema":{"@context":"https:\/\/schema.org","@graph":[{"@type":"Article","@id":"https:\/\/portaltela.pt\/noticias\/2026\/03\/24\/boletim-clinico-do-sporting-atualiza-o-ponto-de-situacao-de-ioannidis\/#article","isPartOf":{"@id":"https:\/\/portaltela.pt\/noticias\/2026\/03\/24\/boletim-clinico-do-sporting-atualiza-o-ponto-de-situacao-de-ioannidis\/"},"author":{"name":"Telinha","@id":"https:\/\/portaltela.pt\/#\/schema\/person\/c4278d4a6028830caff9ee44b42d32ed"},"headline":"Boletim cl\u00ednico do Sporting atualiza o ponto de situa\u00e7\u00e3o de Ioannidis","datePublished":"2026-03-24T19:44:24+00:00","mainEntityOfPage":{"@id":"https:\/\/portaltela.pt\/noticias\/2026\/03\/24\/boletim-clinico-do-sporting-atualiza-o-ponto-de-situacao-de-ioannidis\/"},"wordCount":96,"image":{"@id":"https:\/\/portaltela.pt\/noticias\/2026\/03\/24\/boletim-clinico-do-sporting-atualiza-o-ponto-de-situacao-de-ioannidis\/#primaryimage"},"thumbnailUrl":"https:\/\/portaltela.pt\/s.01k8rhncp4jt1\/2026\/03\/img_1200x721uu2026-03-24-19-43-41-2429165.jpg","keywords":["desporto","Fotis Ioannidis","futebol","futebol internacional","jogadores","Sporting"],"articleSection":["Desporto","Futebol"],"inLanguage":"pt-PT"},{"@type":"WebPage","@id":"https:\/\/portaltela.pt\/noticias\/2026\/03\/24\/boletim-clinico-do-sporting-atualiza-o-ponto-de-situacao-de-ioannidis\/","url":"https:\/\/portaltela.pt\/noticias\/2026\/03\/24\/boletim-clinico-do-sporting-atualiza-o-ponto-de-situacao-de-ioannidis\/","name":"Boletim cl\u00ednico do Sporting atualiza o ponto de situa\u00e7\u00e3o de Ioannidis - Portal Tela Portugal","isPartOf":{"@id":"https:\/\/portaltela.pt\/#website"},"primaryImageOfPage":{"@id":"https:\/\/portaltela.pt\/noticias\/2026\/03\/24\/boletim-clinico-do-sporting-atualiza-o-ponto-de-situacao-de-ioannidis\/#primaryimage"},"image":{"@id":"https:\/\/portaltela.pt\/noticias\/2026\/03\/24\/boletim-clinico-do-sporting-atualiza-o-ponto-de-situacao-de-ioannidis\/#primaryimage"},"thumbnailUrl":"https:\/\/portaltela.pt\/s.01k8rhncp4jt1\/2026\/03\/img_1200x721uu2026-03-24-19-43-41-2429165.jpg","datePublished":"2026-03-24T19:44:24+00:00","author":{"@id":"https:\/\/portaltela.pt\/#\/schema\/person\/c4278d4a6028830caff9ee44b42d32ed"},"breadcrumb":{"@id":"https:\/\/portaltela.pt\/noticias\/2026\/03\/24\/boletim-clinico-do-sporting-atualiza-o-ponto-de-situacao-de-ioannidis\/#breadcrumb"},"inLanguage":"pt-PT","potentialAction":[{"@type":"ReadAction","target":["https:\/\/portaltela.pt\/noticias\/2026\/03\/24\/boletim-clinico-do-sporting-atualiza-o-ponto-de-situacao-de-ioannidis\/"]}]},{"@type":"ImageObject","inLanguage":"pt-PT","@id":"https:\/\/portaltela.pt\/noticias\/2026\/03\/24\/boletim-clinico-do-sporting-atualiza-o-ponto-de-situacao-de-ioannidis\/#primaryimage","url":"https:\/\/portaltela.pt\/s.01k8rhncp4jt1\/2026\/03\/img_1200x721uu2026-03-24-19-43-41-2429165.jpg","contentUrl":"https:\/\/portaltela.pt\/s.01k8rhncp4jt1\/2026\/03\/img_1200x721uu2026-03-24-19-43-41-2429165.jpg","width":796,"height":448,"caption":"Fotis Ioannidis \u00e9 um das baixas do Sporting e o seu regresso aos relvados ainda n\u00e3o tem data marcada. Filipe Balreira, jornalista de Record, explica em que ponto est\u00e1 a recupera\u00e7\u00e3o do avan\u00e7ado grego."},{"@type":"BreadcrumbList","@id":"https:\/\/portaltela.pt\/noticias\/2026\/03\/24\/boletim-clinico-do-sporting-atualiza-o-ponto-de-situacao-de-ioannidis\/#breadcrumb","itemListElement":[{"@type":"ListItem","position":1,"name":"In\u00edcio","item":"https:\/\/portaltela.pt\/"},{"@type":"ListItem","position":2,"name":"Boletim cl\u00ednico do Sporting atualiza o ponto de situa\u00e7\u00e3o de Ioannidis"}]},{"@type":"WebSite","@id":"https:\/\/portaltela.pt\/#website","url":"https:\/\/portaltela.pt\/","name":"Portal Tela Portugal","description":"","potentialAction":[{"@type":"SearchAction","target":{"@type":"EntryPoint","urlTemplate":"https:\/\/portaltela.pt\/?s={search_term_string}"},"query-input":{"@type":"PropertyValueSpecification","valueRequired":true,"valueName":"search_term_string"}}],"inLanguage":"pt-PT"},{"@type":"Person","@id":"https:\/\/portaltela.pt\/#\/schema\/person\/c4278d4a6028830caff9ee44b42d32ed","name":"Telinha","image":{"@type":"ImageObject","inLanguage":"pt-PT","@id":"https:\/\/portaltela.pt\/s.01k8rhncp4jt1\/2025\/11\/talking-bot-125x125.png","url":"https:\/\/portaltela.pt\/s.01k8rhncp4jt1\/2025\/11\/talking-bot-125x125.png","contentUrl":"https:\/\/portaltela.pt\/s.01k8rhncp4jt1\/2025\/11\/talking-bot-125x125.png","caption":"Telinha"},"sameAs":["https:\/\/portaltela.pt\/"],"url":"https:\/\/portaltela.pt\/por\/367410592786\/"}]}},"_links":{"self":[{"href":"https:\/\/portaltela.pt\/api\/wp\/v2\/posts\/420042","targetHints":{"allow":["GET"]}}],"collection":[{"href":"https:\/\/portaltela.pt\/api\/wp\/v2\/posts"}],"about":[{"href":"https:\/\/portaltela.pt\/api\/wp\/v2\/types\/post"}],"author":[{"embeddable":true,"href":"https:\/\/portaltela.pt\/api\/wp\/v2\/users\/2"}],"replies":[{"embeddable":true,"href":"https:\/\/portaltela.pt\/api\/wp\/v2\/comments?post=420042"}],"version-history":[{"count":0,"href":"https:\/\/portaltela.pt\/api\/wp\/v2\/posts\/420042\/revisions"}],"wp:featuredmedia":[{"embeddable":true,"href":"https:\/\/portaltela.pt\/api\/wp\/v2\/media\/420045"}],"wp:attachment":[{"href":"https:\/\/portaltela.pt\/api\/wp\/v2\/media?parent=420042"}],"wp:term":[{"taxonomy":"category","embeddable":true,"href":"https:\/\/portaltela.pt\/api\/wp\/v2\/categories?post=420042"},{"taxonomy":"post_tag","embeddable":true,"href":"https:\/\/portaltela.pt\/api\/wp\/v2\/tags?post=420042"}],"curies":[{"name":"wp","href":"https:\/\/api.w.org\/{rel}","templated":true}]}}