{"id":420039,"date":"2026-03-24T16:15:00","date_gmt":"2026-03-24T19:15:00","guid":{"rendered":"https:\/\/portaltela.pt\/noticias\/2026\/03\/24\/moraes-fixa-90-dias-de-prisao-domiciliaria-para-bolsonaro-pulseira-eletronica\/"},"modified":"2026-03-24T16:15:00","modified_gmt":"2026-03-24T19:15:00","slug":"moraes-fixa-90-dias-de-prisao-domiciliaria-para-bolsonaro-pulseira-eletronica","status":"publish","type":"post","link":"https:\/\/portaltela.pt\/noticias\/2026\/03\/24\/moraes-fixa-90-dias-de-prisao-domiciliaria-para-bolsonaro-pulseira-eletronica\/","title":{"rendered":"Moraes fixa 90 dias de pris\u00e3o domicili\u00e1ria para Bolsonaro pulseira eletr\u00f3nica"},"content":{"rendered":"<p>O juiz Alexandre de Moraes, do Supremo Tribunal Federal, autorizou a pris\u00e3o domicili\u00e1ria humanit\u00e1ria do ex-Presidente Jair Bolsonaro. A decis\u00e3o estabelece um prazo de 90 dias, com o uso de pulseira eletr\u00f3nica. A medida atende a pedido apresentado pela defesa, anterior ao cumprimento definitivo da pena por tentativa de golpe de Estado em novembro passado.<\/p>\n<p>A Procuradoria-Geral da Rep\u00fablica tinha manifestado apoio \u00e0 transfer\u00eancia para pris\u00e3o domicili\u00e1ria. Bolsonaro encontra-se internado com broncopneumonia e recebeu alta da unidade de cuidados intensivos ap\u00f3s dez dias de tratamento.<\/p>\n<p>O ex-Presidente estava em internamento hospitalar quando houve a decis\u00e3o. A defesa argumentou necessidade de monitoriza\u00e7\u00e3o cont\u00ednua e condi\u00e7\u00f5es de sa\u00fade para cumprir a pena fora do regime prisional convencional. A decis\u00e3o mant\u00e9m o foco na monitoriza\u00e7\u00e3o eletr\u00f3nica e na supervis\u00e3o judicial.<\/p>\n<h3>Contexto legal e medidas<\/h3>\n<p>A determina\u00e7\u00e3o estabelece o prazo de 90 dias para a pris\u00e3o domicili\u00e1ria, com condi\u00e7\u00f5es de vigil\u00e2ncia por pulseira eletr\u00f3nica. A liberta\u00e7\u00e3o foi motivada pela condi\u00e7\u00e3o de sa\u00fade de Bolsonaro, segundo informa\u00e7\u00f5es oficiais.<\/p>\n<p>A decis\u00e3o ocorre no \u00e2mbito de processo relacionado a tentativas de interfer\u00eancia institucional ocorridas no final de 2022 e in\u00edcio de 2023. O STF continua a acompanhar o caso, com avalia\u00e7\u00e3o peri\u00f3dica das condi\u00e7\u00f5es de cumprimento da pena.<\/p>\n","protected":false},"excerpt":{"rendered":"<ul>\n<li>Moraes fixou pris\u00e3o domicili\u00e1ria de Jair Bolsonaro por 90 dias, com pulseira eletr\u00f3nica.<\/li>\n<li>A decis\u00e3o autoriza a pris\u00e3o domicili\u00e1ria humanit\u00e1ria, conforme pedido da defesa antes do cumprimento definitivo da pena.<\/li>\n<li>A Procuradoria-Geral da Rep\u00fablica tinha-se manifestado a favor da transfer\u00eancia.<\/li>\n<li>Bolsonaro encontra-se internado com bronconeumonia e teve alta dos cuidados intensivos ap\u00f3s dez dias.<\/li>\n<li>A autoriza\u00e7\u00e3o foi anunciada nesta ter\u00e7a-feira pelo juiz Alexandre de Moraes.<\/li>\n<\/ul>\n","protected":false},"author":2,"featured_media":420044,"comment_status":"closed","ping_status":"closed","sticky":false,"template":"","format":"standard","meta":{"footnotes":""},"categories":[6815,1],"tags":[2547,81,803,2832,4343,3315],"class_list":["post-420039","post","type-post","status-publish","format-standard","has-post-thumbnail","hentry","category-justica","category-noticias","tag-brasil","tag-internacionais","tag-justica","tag-politica","tag-prisoes","tag-pulseira-eletronica"],"yoast_head":"<!-- This site is optimized with the Yoast SEO plugin v27.2 - https:\/\/yoast.com\/product\/yoast-seo-wordpress\/ -->\n<title>Moraes fixa 90 dias de pris\u00e3o domicili\u00e1ria para Bolsonaro pulseira eletr\u00f3nica - Portal Tela Portugal<\/title>\n<meta name=\"robots\" content=\"index, follow, max-snippet:-1, max-image-preview:large, max-video-preview:-1\" \/>\n<meta property=\"og:locale\" content=\"pt_PT\" \/>\n<meta property=\"og:type\" content=\"article\" \/>\n<meta property=\"og:title\" content=\"Moraes fixa 90 dias de pris\u00e3o domicili\u00e1ria para Bolsonaro pulseira eletr\u00f3nica - Portal Tela Portugal\" \/>\n<meta property=\"og:description\" content=\"Moraes fixou pris\u00e3o domicili\u00e1ria de Jair Bolsonaro por 90 dias, com pulseira eletr\u00f3nica. A decis\u00e3o autoriza a pris\u00e3o domicili\u00e1ria humanit\u00e1ria, conforme pedido da defesa antes do cumprimento definitivo da pena. A Procuradoria-Geral da Rep\u00fablica tinha-se manifestado a favor da transfer\u00eancia. Bolsonaro encontra-se internado com bronconeumonia e teve alta dos cuidados intensivos ap\u00f3s dez dias. A autoriza\u00e7\u00e3o foi anunciada nesta ter\u00e7a-feira pelo juiz Alexandre de Moraes.\" \/>\n<meta property=\"og:url\" content=\"https:\/\/portaltela.pt\/noticias\/2026\/03\/24\/moraes-fixa-90-dias-de-prisao-domiciliaria-para-bolsonaro-pulseira-eletronica\/\" \/>\n<meta property=\"og:site_name\" content=\"Portal Tela Portugal\" \/>\n<meta property=\"article:published_time\" content=\"2026-03-24T19:15:00+00:00\" \/>\n<meta name=\"author\" content=\"Telinha\" \/>\n<meta name=\"twitter:card\" content=\"summary_large_image\" \/>\n<meta name=\"twitter:label1\" content=\"Escrito por\" \/>\n\t<meta name=\"twitter:data1\" content=\"Telinha\" \/>\n\t<meta name=\"twitter:label2\" content=\"Tempo estimado de leitura\" \/>\n\t<meta name=\"twitter:data2\" content=\"1 minuto\" \/>\n<script type=\"application\/ld+json\" class=\"yoast-schema-graph\">{\"@context\":\"https:\/\/schema.org\",\"@graph\":[{\"@type\":\"Article\",\"@id\":\"https:\/\/portaltela.pt\/noticias\/2026\/03\/24\/moraes-fixa-90-dias-de-prisao-domiciliaria-para-bolsonaro-pulseira-eletronica\/#article\",\"isPartOf\":{\"@id\":\"https:\/\/portaltela.pt\/noticias\/2026\/03\/24\/moraes-fixa-90-dias-de-prisao-domiciliaria-para-bolsonaro-pulseira-eletronica\/\"},\"author\":{\"name\":\"Telinha\",\"@id\":\"https:\/\/portaltela.pt\/#\/schema\/person\/c4278d4a6028830caff9ee44b42d32ed\"},\"headline\":\"Moraes fixa 90 dias de pris\u00e3o domicili\u00e1ria para Bolsonaro pulseira eletr\u00f3nica\",\"datePublished\":\"2026-03-24T19:15:00+00:00\",\"mainEntityOfPage\":{\"@id\":\"https:\/\/portaltela.pt\/noticias\/2026\/03\/24\/moraes-fixa-90-dias-de-prisao-domiciliaria-para-bolsonaro-pulseira-eletronica\/\"},\"wordCount\":245,\"image\":{\"@id\":\"https:\/\/portaltela.pt\/noticias\/2026\/03\/24\/moraes-fixa-90-dias-de-prisao-domiciliaria-para-bolsonaro-pulseira-eletronica\/#primaryimage\"},\"thumbnailUrl\":\"https:\/\/portaltela.pt\/s.01k8rhncp4jt1\/2026\/03\/tpUHdbIMAGENStypeJPGshare1oBarraFacebook_Publico-52.jpg\",\"keywords\":[\"Brasil\",\"internacionais\",\"justi\u00e7a\",\"pol\u00edtica\",\"pris\u00f5es\",\"pulseira eletr\u00f3nica\"],\"articleSection\":[\"Justi\u00e7a\",\"Not\u00edcias\"],\"inLanguage\":\"pt-PT\"},{\"@type\":\"WebPage\",\"@id\":\"https:\/\/portaltela.pt\/noticias\/2026\/03\/24\/moraes-fixa-90-dias-de-prisao-domiciliaria-para-bolsonaro-pulseira-eletronica\/\",\"url\":\"https:\/\/portaltela.pt\/noticias\/2026\/03\/24\/moraes-fixa-90-dias-de-prisao-domiciliaria-para-bolsonaro-pulseira-eletronica\/\",\"name\":\"Moraes fixa 90 dias de pris\u00e3o domicili\u00e1ria para Bolsonaro pulseira eletr\u00f3nica - Portal Tela Portugal\",\"isPartOf\":{\"@id\":\"https:\/\/portaltela.pt\/#website\"},\"primaryImageOfPage\":{\"@id\":\"https:\/\/portaltela.pt\/noticias\/2026\/03\/24\/moraes-fixa-90-dias-de-prisao-domiciliaria-para-bolsonaro-pulseira-eletronica\/#primaryimage\"},\"image\":{\"@id\":\"https:\/\/portaltela.pt\/noticias\/2026\/03\/24\/moraes-fixa-90-dias-de-prisao-domiciliaria-para-bolsonaro-pulseira-eletronica\/#primaryimage\"},\"thumbnailUrl\":\"https:\/\/portaltela.pt\/s.01k8rhncp4jt1\/2026\/03\/tpUHdbIMAGENStypeJPGshare1oBarraFacebook_Publico-52.jpg\",\"datePublished\":\"2026-03-24T19:15:00+00:00\",\"author\":{\"@id\":\"https:\/\/portaltela.pt\/#\/schema\/person\/c4278d4a6028830caff9ee44b42d32ed\"},\"breadcrumb\":{\"@id\":\"https:\/\/portaltela.pt\/noticias\/2026\/03\/24\/moraes-fixa-90-dias-de-prisao-domiciliaria-para-bolsonaro-pulseira-eletronica\/#breadcrumb\"},\"inLanguage\":\"pt-PT\",\"potentialAction\":[{\"@type\":\"ReadAction\",\"target\":[\"https:\/\/portaltela.pt\/noticias\/2026\/03\/24\/moraes-fixa-90-dias-de-prisao-domiciliaria-para-bolsonaro-pulseira-eletronica\/\"]}]},{\"@type\":\"ImageObject\",\"inLanguage\":\"pt-PT\",\"@id\":\"https:\/\/portaltela.pt\/noticias\/2026\/03\/24\/moraes-fixa-90-dias-de-prisao-domiciliaria-para-bolsonaro-pulseira-eletronica\/#primaryimage\",\"url\":\"https:\/\/portaltela.pt\/s.01k8rhncp4jt1\/2026\/03\/tpUHdbIMAGENStypeJPGshare1oBarraFacebook_Publico-52.jpg\",\"contentUrl\":\"https:\/\/portaltela.pt\/s.01k8rhncp4jt1\/2026\/03\/tpUHdbIMAGENStypeJPGshare1oBarraFacebook_Publico-52.jpg\",\"width\":1200,\"height\":630,\"caption\":\"Bolsonaro cumpre pena ap\u00f3s ser condenado por liderar uma trama golpista depois da derrota nas elei\u00e7\u00f5es de 2022\"},{\"@type\":\"BreadcrumbList\",\"@id\":\"https:\/\/portaltela.pt\/noticias\/2026\/03\/24\/moraes-fixa-90-dias-de-prisao-domiciliaria-para-bolsonaro-pulseira-eletronica\/#breadcrumb\",\"itemListElement\":[{\"@type\":\"ListItem\",\"position\":1,\"name\":\"In\u00edcio\",\"item\":\"https:\/\/portaltela.pt\/\"},{\"@type\":\"ListItem\",\"position\":2,\"name\":\"Moraes fixa 90 dias de pris\u00e3o domicili\u00e1ria para Bolsonaro pulseira eletr\u00f3nica\"}]},{\"@type\":\"WebSite\",\"@id\":\"https:\/\/portaltela.pt\/#website\",\"url\":\"https:\/\/portaltela.pt\/\",\"name\":\"Portal Tela Portugal\",\"description\":\"\",\"potentialAction\":[{\"@type\":\"SearchAction\",\"target\":{\"@type\":\"EntryPoint\",\"urlTemplate\":\"https:\/\/portaltela.pt\/?s={search_term_string}\"},\"query-input\":{\"@type\":\"PropertyValueSpecification\",\"valueRequired\":true,\"valueName\":\"search_term_string\"}}],\"inLanguage\":\"pt-PT\"},{\"@type\":\"Person\",\"@id\":\"https:\/\/portaltela.pt\/#\/schema\/person\/c4278d4a6028830caff9ee44b42d32ed\",\"name\":\"Telinha\",\"image\":{\"@type\":\"ImageObject\",\"inLanguage\":\"pt-PT\",\"@id\":\"https:\/\/portaltela.pt\/s.01k8rhncp4jt1\/2025\/11\/talking-bot-125x125.png\",\"url\":\"https:\/\/portaltela.pt\/s.01k8rhncp4jt1\/2025\/11\/talking-bot-125x125.png\",\"contentUrl\":\"https:\/\/portaltela.pt\/s.01k8rhncp4jt1\/2025\/11\/talking-bot-125x125.png\",\"caption\":\"Telinha\"},\"sameAs\":[\"https:\/\/portaltela.pt\/\"],\"url\":\"https:\/\/portaltela.pt\/por\/367410592786\/\"}]}<\/script>\n<!-- \/ Yoast SEO plugin. -->","yoast_head_json":{"title":"Moraes fixa 90 dias de pris\u00e3o domicili\u00e1ria para Bolsonaro pulseira eletr\u00f3nica - Portal Tela Portugal","robots":{"index":"index","follow":"follow","max-snippet":"max-snippet:-1","max-image-preview":"max-image-preview:large","max-video-preview":"max-video-preview:-1"},"og_locale":"pt_PT","og_type":"article","og_title":"Moraes fixa 90 dias de pris\u00e3o domicili\u00e1ria para Bolsonaro pulseira eletr\u00f3nica - Portal Tela Portugal","og_description":"Moraes fixou pris\u00e3o domicili\u00e1ria de Jair Bolsonaro por 90 dias, com pulseira eletr\u00f3nica. A decis\u00e3o autoriza a pris\u00e3o domicili\u00e1ria humanit\u00e1ria, conforme pedido da defesa antes do cumprimento definitivo da pena. A Procuradoria-Geral da Rep\u00fablica tinha-se manifestado a favor da transfer\u00eancia. Bolsonaro encontra-se internado com bronconeumonia e teve alta dos cuidados intensivos ap\u00f3s dez dias. A autoriza\u00e7\u00e3o foi anunciada nesta ter\u00e7a-feira pelo juiz Alexandre de Moraes.","og_url":"https:\/\/portaltela.pt\/noticias\/2026\/03\/24\/moraes-fixa-90-dias-de-prisao-domiciliaria-para-bolsonaro-pulseira-eletronica\/","og_site_name":"Portal Tela Portugal","article_published_time":"2026-03-24T19:15:00+00:00","author":"Telinha","twitter_card":"summary_large_image","twitter_misc":{"Escrito por":"Telinha","Tempo estimado de leitura":"1 minuto"},"schema":{"@context":"https:\/\/schema.org","@graph":[{"@type":"Article","@id":"https:\/\/portaltela.pt\/noticias\/2026\/03\/24\/moraes-fixa-90-dias-de-prisao-domiciliaria-para-bolsonaro-pulseira-eletronica\/#article","isPartOf":{"@id":"https:\/\/portaltela.pt\/noticias\/2026\/03\/24\/moraes-fixa-90-dias-de-prisao-domiciliaria-para-bolsonaro-pulseira-eletronica\/"},"author":{"name":"Telinha","@id":"https:\/\/portaltela.pt\/#\/schema\/person\/c4278d4a6028830caff9ee44b42d32ed"},"headline":"Moraes fixa 90 dias de pris\u00e3o domicili\u00e1ria para Bolsonaro pulseira eletr\u00f3nica","datePublished":"2026-03-24T19:15:00+00:00","mainEntityOfPage":{"@id":"https:\/\/portaltela.pt\/noticias\/2026\/03\/24\/moraes-fixa-90-dias-de-prisao-domiciliaria-para-bolsonaro-pulseira-eletronica\/"},"wordCount":245,"image":{"@id":"https:\/\/portaltela.pt\/noticias\/2026\/03\/24\/moraes-fixa-90-dias-de-prisao-domiciliaria-para-bolsonaro-pulseira-eletronica\/#primaryimage"},"thumbnailUrl":"https:\/\/portaltela.pt\/s.01k8rhncp4jt1\/2026\/03\/tpUHdbIMAGENStypeJPGshare1oBarraFacebook_Publico-52.jpg","keywords":["Brasil","internacionais","justi\u00e7a","pol\u00edtica","pris\u00f5es","pulseira eletr\u00f3nica"],"articleSection":["Justi\u00e7a","Not\u00edcias"],"inLanguage":"pt-PT"},{"@type":"WebPage","@id":"https:\/\/portaltela.pt\/noticias\/2026\/03\/24\/moraes-fixa-90-dias-de-prisao-domiciliaria-para-bolsonaro-pulseira-eletronica\/","url":"https:\/\/portaltela.pt\/noticias\/2026\/03\/24\/moraes-fixa-90-dias-de-prisao-domiciliaria-para-bolsonaro-pulseira-eletronica\/","name":"Moraes fixa 90 dias de pris\u00e3o domicili\u00e1ria para Bolsonaro pulseira eletr\u00f3nica - Portal Tela Portugal","isPartOf":{"@id":"https:\/\/portaltela.pt\/#website"},"primaryImageOfPage":{"@id":"https:\/\/portaltela.pt\/noticias\/2026\/03\/24\/moraes-fixa-90-dias-de-prisao-domiciliaria-para-bolsonaro-pulseira-eletronica\/#primaryimage"},"image":{"@id":"https:\/\/portaltela.pt\/noticias\/2026\/03\/24\/moraes-fixa-90-dias-de-prisao-domiciliaria-para-bolsonaro-pulseira-eletronica\/#primaryimage"},"thumbnailUrl":"https:\/\/portaltela.pt\/s.01k8rhncp4jt1\/2026\/03\/tpUHdbIMAGENStypeJPGshare1oBarraFacebook_Publico-52.jpg","datePublished":"2026-03-24T19:15:00+00:00","author":{"@id":"https:\/\/portaltela.pt\/#\/schema\/person\/c4278d4a6028830caff9ee44b42d32ed"},"breadcrumb":{"@id":"https:\/\/portaltela.pt\/noticias\/2026\/03\/24\/moraes-fixa-90-dias-de-prisao-domiciliaria-para-bolsonaro-pulseira-eletronica\/#breadcrumb"},"inLanguage":"pt-PT","potentialAction":[{"@type":"ReadAction","target":["https:\/\/portaltela.pt\/noticias\/2026\/03\/24\/moraes-fixa-90-dias-de-prisao-domiciliaria-para-bolsonaro-pulseira-eletronica\/"]}]},{"@type":"ImageObject","inLanguage":"pt-PT","@id":"https:\/\/portaltela.pt\/noticias\/2026\/03\/24\/moraes-fixa-90-dias-de-prisao-domiciliaria-para-bolsonaro-pulseira-eletronica\/#primaryimage","url":"https:\/\/portaltela.pt\/s.01k8rhncp4jt1\/2026\/03\/tpUHdbIMAGENStypeJPGshare1oBarraFacebook_Publico-52.jpg","contentUrl":"https:\/\/portaltela.pt\/s.01k8rhncp4jt1\/2026\/03\/tpUHdbIMAGENStypeJPGshare1oBarraFacebook_Publico-52.jpg","width":1200,"height":630,"caption":"Bolsonaro cumpre pena ap\u00f3s ser condenado por liderar uma trama golpista depois da derrota nas elei\u00e7\u00f5es de 2022"},{"@type":"BreadcrumbList","@id":"https:\/\/portaltela.pt\/noticias\/2026\/03\/24\/moraes-fixa-90-dias-de-prisao-domiciliaria-para-bolsonaro-pulseira-eletronica\/#breadcrumb","itemListElement":[{"@type":"ListItem","position":1,"name":"In\u00edcio","item":"https:\/\/portaltela.pt\/"},{"@type":"ListItem","position":2,"name":"Moraes fixa 90 dias de pris\u00e3o domicili\u00e1ria para Bolsonaro pulseira eletr\u00f3nica"}]},{"@type":"WebSite","@id":"https:\/\/portaltela.pt\/#website","url":"https:\/\/portaltela.pt\/","name":"Portal Tela Portugal","description":"","potentialAction":[{"@type":"SearchAction","target":{"@type":"EntryPoint","urlTemplate":"https:\/\/portaltela.pt\/?s={search_term_string}"},"query-input":{"@type":"PropertyValueSpecification","valueRequired":true,"valueName":"search_term_string"}}],"inLanguage":"pt-PT"},{"@type":"Person","@id":"https:\/\/portaltela.pt\/#\/schema\/person\/c4278d4a6028830caff9ee44b42d32ed","name":"Telinha","image":{"@type":"ImageObject","inLanguage":"pt-PT","@id":"https:\/\/portaltela.pt\/s.01k8rhncp4jt1\/2025\/11\/talking-bot-125x125.png","url":"https:\/\/portaltela.pt\/s.01k8rhncp4jt1\/2025\/11\/talking-bot-125x125.png","contentUrl":"https:\/\/portaltela.pt\/s.01k8rhncp4jt1\/2025\/11\/talking-bot-125x125.png","caption":"Telinha"},"sameAs":["https:\/\/portaltela.pt\/"],"url":"https:\/\/portaltela.pt\/por\/367410592786\/"}]}},"_links":{"self":[{"href":"https:\/\/portaltela.pt\/api\/wp\/v2\/posts\/420039","targetHints":{"allow":["GET"]}}],"collection":[{"href":"https:\/\/portaltela.pt\/api\/wp\/v2\/posts"}],"about":[{"href":"https:\/\/portaltela.pt\/api\/wp\/v2\/types\/post"}],"author":[{"embeddable":true,"href":"https:\/\/portaltela.pt\/api\/wp\/v2\/users\/2"}],"replies":[{"embeddable":true,"href":"https:\/\/portaltela.pt\/api\/wp\/v2\/comments?post=420039"}],"version-history":[{"count":0,"href":"https:\/\/portaltela.pt\/api\/wp\/v2\/posts\/420039\/revisions"}],"wp:featuredmedia":[{"embeddable":true,"href":"https:\/\/portaltela.pt\/api\/wp\/v2\/media\/420044"}],"wp:attachment":[{"href":"https:\/\/portaltela.pt\/api\/wp\/v2\/media?parent=420039"}],"wp:term":[{"taxonomy":"category","embeddable":true,"href":"https:\/\/portaltela.pt\/api\/wp\/v2\/categories?post=420039"},{"taxonomy":"post_tag","embeddable":true,"href":"https:\/\/portaltela.pt\/api\/wp\/v2\/tags?post=420039"}],"curies":[{"name":"wp","href":"https:\/\/api.w.org\/{rel}","templated":true}]}}