{"id":420036,"date":"2026-03-24T16:35:00","date_gmt":"2026-03-24T19:35:00","guid":{"rendered":"https:\/\/portaltela.pt\/noticias\/2026\/03\/24\/crescimento-da-comunidade-brasileira-em-portugal-pressiona-servicos-consulares\/"},"modified":"2026-03-24T16:35:00","modified_gmt":"2026-03-24T19:35:00","slug":"crescimento-da-comunidade-brasileira-em-portugal-pressiona-servicos-consulares","status":"publish","type":"post","link":"https:\/\/portaltela.pt\/sociedade\/2026\/03\/24\/crescimento-da-comunidade-brasileira-em-portugal-pressiona-servicos-consulares\/","title":{"rendered":"Crescimento da comunidade brasileira em Portugal pressiona servi\u00e7os consulares"},"content":{"rendered":"<p>O aumento da comunidade brasileira em Portugal est\u00e1 a pressionar os servi\u00e7os consulares, segundo o C\u00f4nsul-geral. A afirma\u00e7\u00e3o sugere maior procura por documentos e atendimento no pa\u00eds anfitri\u00e3o.<\/p>\n<p>De acordo com o consulado, o volume de pedidos tem crescido face ao n\u00famero de residentes e cidad\u00e3os brasileiros em territ\u00f3rio portugu\u00eas. Detalhes adicionais da situa\u00e7\u00e3o devem surgir em comunicado oficial.<\/p>\n<p>Conte\u00fado completo est\u00e1 dispon\u00edvel apenas para subscritores. A publica\u00e7\u00e3o n\u00e3o inclui informa\u00e7\u00f5es adicionais sem acesso \u00e0 \u00edntegra do material.<\/p>\n<h3>Contexto<\/h3>\n<p>O aumento populacional de brasileiros em Portugal tem impactos log\u00edsticos nos servi\u00e7os consulares, nomeadamente no agendamento de atendimentos e na emiss\u00e3o de documentos.<\/p>\n<h3>Desdobramentos<\/h3>\n<p>Autoridades consulares acompanham a evolu\u00e7\u00e3o do fluxo de pessoas e estudam medidas para reduzir tempos de espera. O objetivo \u00e9 assegurar a continuidade do servi\u00e7o p\u00fablico de cidadania sem preju\u00edzo para quem precisa de documenta\u00e7\u00e3o.<\/p>\n","protected":false},"excerpt":{"rendered":"<ul>\n<li>Aumento da comunidade brasileira em Portugal est\u00e1 a pressionar os servi\u00e7os consulares.<\/li>\n<li>A observa\u00e7\u00e3o \u00e9 feita pelo c\u00f4nsul-geral.<\/li>\n<li>O conte\u00fado completo da not\u00edcia est\u00e1 dispon\u00edvel apenas para subscritores.<\/li>\n<li>O trecho compartilhado n\u00e3o apresenta detalhes adicionais sobre as consequ\u00eancias ou medidas.<\/li>\n<\/ul>\n","protected":false},"author":2,"featured_media":420041,"comment_status":"closed","ping_status":"closed","sticky":false,"template":"","format":"standard","meta":{"footnotes":""},"categories":[7384,6871],"tags":[2547,370,2333,712,6612,1014],"class_list":["post-420036","post","type-post","status-publish","format-standard","has-post-thumbnail","hentry","category-curiosidades","category-sociedade","tag-brasil","tag-cidadania","tag-consulados","tag-imigracao","tag-imigracao-internacional","tag-portugal"],"yoast_head":"<!-- This site is optimized with the Yoast SEO plugin v27.2 - https:\/\/yoast.com\/product\/yoast-seo-wordpress\/ -->\n<title>Crescimento da comunidade brasileira em Portugal pressiona servi\u00e7os consulares - Portal Tela Portugal<\/title>\n<meta name=\"robots\" content=\"index, follow, max-snippet:-1, max-image-preview:large, max-video-preview:-1\" \/>\n<meta property=\"og:locale\" content=\"pt_PT\" \/>\n<meta property=\"og:type\" content=\"article\" \/>\n<meta property=\"og:title\" content=\"Crescimento da comunidade brasileira em Portugal pressiona servi\u00e7os consulares - Portal Tela Portugal\" \/>\n<meta property=\"og:description\" content=\"Aumento da comunidade brasileira em Portugal est\u00e1 a pressionar os servi\u00e7os consulares. A observa\u00e7\u00e3o \u00e9 feita pelo c\u00f4nsul-geral. O conte\u00fado completo da not\u00edcia est\u00e1 dispon\u00edvel apenas para subscritores. O trecho compartilhado n\u00e3o apresenta detalhes adicionais sobre as consequ\u00eancias ou medidas.\" \/>\n<meta property=\"og:url\" content=\"https:\/\/portaltela.pt\/noticias\/2026\/03\/24\/crescimento-da-comunidade-brasileira-em-portugal-pressiona-servicos-consulares\/\" \/>\n<meta property=\"og:site_name\" content=\"Portal Tela Portugal\" \/>\n<meta property=\"article:published_time\" content=\"2026-03-24T19:35:00+00:00\" \/>\n<meta name=\"author\" content=\"Telinha\" \/>\n<meta name=\"twitter:card\" content=\"summary_large_image\" \/>\n<meta name=\"twitter:label1\" content=\"Escrito por\" \/>\n\t<meta name=\"twitter:data1\" content=\"Telinha\" \/>\n\t<meta name=\"twitter:label2\" content=\"Tempo estimado de leitura\" \/>\n\t<meta name=\"twitter:data2\" content=\"1 minuto\" \/>\n<script type=\"application\/ld+json\" class=\"yoast-schema-graph\">{\"@context\":\"https:\/\/schema.org\",\"@graph\":[{\"@type\":\"Article\",\"@id\":\"https:\/\/portaltela.pt\/noticias\/2026\/03\/24\/crescimento-da-comunidade-brasileira-em-portugal-pressiona-servicos-consulares\/#article\",\"isPartOf\":{\"@id\":\"https:\/\/portaltela.pt\/noticias\/2026\/03\/24\/crescimento-da-comunidade-brasileira-em-portugal-pressiona-servicos-consulares\/\"},\"author\":{\"name\":\"Telinha\",\"@id\":\"https:\/\/portaltela.pt\/#\/schema\/person\/c4278d4a6028830caff9ee44b42d32ed\"},\"headline\":\"Crescimento da comunidade brasileira em Portugal pressiona servi\u00e7os consulares\",\"datePublished\":\"2026-03-24T19:35:00+00:00\",\"mainEntityOfPage\":{\"@id\":\"https:\/\/portaltela.pt\/noticias\/2026\/03\/24\/crescimento-da-comunidade-brasileira-em-portugal-pressiona-servicos-consulares\/\"},\"wordCount\":169,\"image\":{\"@id\":\"https:\/\/portaltela.pt\/noticias\/2026\/03\/24\/crescimento-da-comunidade-brasileira-em-portugal-pressiona-servicos-consulares\/#primaryimage\"},\"thumbnailUrl\":\"https:\/\/portaltela.pt\/s.01k8rhncp4jt1\/2026\/03\/CACHE_780X1200_ANALOG_WATERMARKED_25043445_3548122_05032019075852.jpg\",\"keywords\":[\"Brasil\",\"cidadania\",\"consulados\",\"imigra\u00e7\u00e3o\",\"imigra\u00e7\u00e3o internacional\",\"Portugal\"],\"articleSection\":[\"Curiosidades\",\"Sociedade\"],\"inLanguage\":\"pt-PT\"},{\"@type\":\"WebPage\",\"@id\":\"https:\/\/portaltela.pt\/noticias\/2026\/03\/24\/crescimento-da-comunidade-brasileira-em-portugal-pressiona-servicos-consulares\/\",\"url\":\"https:\/\/portaltela.pt\/noticias\/2026\/03\/24\/crescimento-da-comunidade-brasileira-em-portugal-pressiona-servicos-consulares\/\",\"name\":\"Crescimento da comunidade brasileira em Portugal pressiona servi\u00e7os consulares - Portal Tela Portugal\",\"isPartOf\":{\"@id\":\"https:\/\/portaltela.pt\/#website\"},\"primaryImageOfPage\":{\"@id\":\"https:\/\/portaltela.pt\/noticias\/2026\/03\/24\/crescimento-da-comunidade-brasileira-em-portugal-pressiona-servicos-consulares\/#primaryimage\"},\"image\":{\"@id\":\"https:\/\/portaltela.pt\/noticias\/2026\/03\/24\/crescimento-da-comunidade-brasileira-em-portugal-pressiona-servicos-consulares\/#primaryimage\"},\"thumbnailUrl\":\"https:\/\/portaltela.pt\/s.01k8rhncp4jt1\/2026\/03\/CACHE_780X1200_ANALOG_WATERMARKED_25043445_3548122_05032019075852.jpg\",\"datePublished\":\"2026-03-24T19:35:00+00:00\",\"author\":{\"@id\":\"https:\/\/portaltela.pt\/#\/schema\/person\/c4278d4a6028830caff9ee44b42d32ed\"},\"breadcrumb\":{\"@id\":\"https:\/\/portaltela.pt\/noticias\/2026\/03\/24\/crescimento-da-comunidade-brasileira-em-portugal-pressiona-servicos-consulares\/#breadcrumb\"},\"inLanguage\":\"pt-PT\",\"potentialAction\":[{\"@type\":\"ReadAction\",\"target\":[\"https:\/\/portaltela.pt\/noticias\/2026\/03\/24\/crescimento-da-comunidade-brasileira-em-portugal-pressiona-servicos-consulares\/\"]}]},{\"@type\":\"ImageObject\",\"inLanguage\":\"pt-PT\",\"@id\":\"https:\/\/portaltela.pt\/noticias\/2026\/03\/24\/crescimento-da-comunidade-brasileira-em-portugal-pressiona-servicos-consulares\/#primaryimage\",\"url\":\"https:\/\/portaltela.pt\/s.01k8rhncp4jt1\/2026\/03\/CACHE_780X1200_ANALOG_WATERMARKED_25043445_3548122_05032019075852.jpg\",\"contentUrl\":\"https:\/\/portaltela.pt\/s.01k8rhncp4jt1\/2026\/03\/CACHE_780X1200_ANALOG_WATERMARKED_25043445_3548122_05032019075852.jpg\",\"width\":796,\"height\":448,\"caption\":\"Aumento da comunidade brasileira em Portugal pressiona servi\u00e7os consulares - C\u00f4nsul-geral\"},{\"@type\":\"BreadcrumbList\",\"@id\":\"https:\/\/portaltela.pt\/noticias\/2026\/03\/24\/crescimento-da-comunidade-brasileira-em-portugal-pressiona-servicos-consulares\/#breadcrumb\",\"itemListElement\":[{\"@type\":\"ListItem\",\"position\":1,\"name\":\"In\u00edcio\",\"item\":\"https:\/\/portaltela.pt\/\"},{\"@type\":\"ListItem\",\"position\":2,\"name\":\"Crescimento da comunidade brasileira em Portugal pressiona servi\u00e7os consulares\"}]},{\"@type\":\"WebSite\",\"@id\":\"https:\/\/portaltela.pt\/#website\",\"url\":\"https:\/\/portaltela.pt\/\",\"name\":\"Portal Tela Portugal\",\"description\":\"\",\"potentialAction\":[{\"@type\":\"SearchAction\",\"target\":{\"@type\":\"EntryPoint\",\"urlTemplate\":\"https:\/\/portaltela.pt\/?s={search_term_string}\"},\"query-input\":{\"@type\":\"PropertyValueSpecification\",\"valueRequired\":true,\"valueName\":\"search_term_string\"}}],\"inLanguage\":\"pt-PT\"},{\"@type\":\"Person\",\"@id\":\"https:\/\/portaltela.pt\/#\/schema\/person\/c4278d4a6028830caff9ee44b42d32ed\",\"name\":\"Telinha\",\"image\":{\"@type\":\"ImageObject\",\"inLanguage\":\"pt-PT\",\"@id\":\"https:\/\/portaltela.pt\/s.01k8rhncp4jt1\/2025\/11\/talking-bot-125x125.png\",\"url\":\"https:\/\/portaltela.pt\/s.01k8rhncp4jt1\/2025\/11\/talking-bot-125x125.png\",\"contentUrl\":\"https:\/\/portaltela.pt\/s.01k8rhncp4jt1\/2025\/11\/talking-bot-125x125.png\",\"caption\":\"Telinha\"},\"sameAs\":[\"https:\/\/portaltela.pt\/\"],\"url\":\"https:\/\/portaltela.pt\/por\/367410592786\/\"}]}<\/script>\n<!-- \/ Yoast SEO plugin. -->","yoast_head_json":{"title":"Crescimento da comunidade brasileira em Portugal pressiona servi\u00e7os consulares - Portal Tela Portugal","robots":{"index":"index","follow":"follow","max-snippet":"max-snippet:-1","max-image-preview":"max-image-preview:large","max-video-preview":"max-video-preview:-1"},"og_locale":"pt_PT","og_type":"article","og_title":"Crescimento da comunidade brasileira em Portugal pressiona servi\u00e7os consulares - Portal Tela Portugal","og_description":"Aumento da comunidade brasileira em Portugal est\u00e1 a pressionar os servi\u00e7os consulares. A observa\u00e7\u00e3o \u00e9 feita pelo c\u00f4nsul-geral. O conte\u00fado completo da not\u00edcia est\u00e1 dispon\u00edvel apenas para subscritores. O trecho compartilhado n\u00e3o apresenta detalhes adicionais sobre as consequ\u00eancias ou medidas.","og_url":"https:\/\/portaltela.pt\/noticias\/2026\/03\/24\/crescimento-da-comunidade-brasileira-em-portugal-pressiona-servicos-consulares\/","og_site_name":"Portal Tela Portugal","article_published_time":"2026-03-24T19:35:00+00:00","author":"Telinha","twitter_card":"summary_large_image","twitter_misc":{"Escrito por":"Telinha","Tempo estimado de leitura":"1 minuto"},"schema":{"@context":"https:\/\/schema.org","@graph":[{"@type":"Article","@id":"https:\/\/portaltela.pt\/noticias\/2026\/03\/24\/crescimento-da-comunidade-brasileira-em-portugal-pressiona-servicos-consulares\/#article","isPartOf":{"@id":"https:\/\/portaltela.pt\/noticias\/2026\/03\/24\/crescimento-da-comunidade-brasileira-em-portugal-pressiona-servicos-consulares\/"},"author":{"name":"Telinha","@id":"https:\/\/portaltela.pt\/#\/schema\/person\/c4278d4a6028830caff9ee44b42d32ed"},"headline":"Crescimento da comunidade brasileira em Portugal pressiona servi\u00e7os consulares","datePublished":"2026-03-24T19:35:00+00:00","mainEntityOfPage":{"@id":"https:\/\/portaltela.pt\/noticias\/2026\/03\/24\/crescimento-da-comunidade-brasileira-em-portugal-pressiona-servicos-consulares\/"},"wordCount":169,"image":{"@id":"https:\/\/portaltela.pt\/noticias\/2026\/03\/24\/crescimento-da-comunidade-brasileira-em-portugal-pressiona-servicos-consulares\/#primaryimage"},"thumbnailUrl":"https:\/\/portaltela.pt\/s.01k8rhncp4jt1\/2026\/03\/CACHE_780X1200_ANALOG_WATERMARKED_25043445_3548122_05032019075852.jpg","keywords":["Brasil","cidadania","consulados","imigra\u00e7\u00e3o","imigra\u00e7\u00e3o internacional","Portugal"],"articleSection":["Curiosidades","Sociedade"],"inLanguage":"pt-PT"},{"@type":"WebPage","@id":"https:\/\/portaltela.pt\/noticias\/2026\/03\/24\/crescimento-da-comunidade-brasileira-em-portugal-pressiona-servicos-consulares\/","url":"https:\/\/portaltela.pt\/noticias\/2026\/03\/24\/crescimento-da-comunidade-brasileira-em-portugal-pressiona-servicos-consulares\/","name":"Crescimento da comunidade brasileira em Portugal pressiona servi\u00e7os consulares - Portal Tela Portugal","isPartOf":{"@id":"https:\/\/portaltela.pt\/#website"},"primaryImageOfPage":{"@id":"https:\/\/portaltela.pt\/noticias\/2026\/03\/24\/crescimento-da-comunidade-brasileira-em-portugal-pressiona-servicos-consulares\/#primaryimage"},"image":{"@id":"https:\/\/portaltela.pt\/noticias\/2026\/03\/24\/crescimento-da-comunidade-brasileira-em-portugal-pressiona-servicos-consulares\/#primaryimage"},"thumbnailUrl":"https:\/\/portaltela.pt\/s.01k8rhncp4jt1\/2026\/03\/CACHE_780X1200_ANALOG_WATERMARKED_25043445_3548122_05032019075852.jpg","datePublished":"2026-03-24T19:35:00+00:00","author":{"@id":"https:\/\/portaltela.pt\/#\/schema\/person\/c4278d4a6028830caff9ee44b42d32ed"},"breadcrumb":{"@id":"https:\/\/portaltela.pt\/noticias\/2026\/03\/24\/crescimento-da-comunidade-brasileira-em-portugal-pressiona-servicos-consulares\/#breadcrumb"},"inLanguage":"pt-PT","potentialAction":[{"@type":"ReadAction","target":["https:\/\/portaltela.pt\/noticias\/2026\/03\/24\/crescimento-da-comunidade-brasileira-em-portugal-pressiona-servicos-consulares\/"]}]},{"@type":"ImageObject","inLanguage":"pt-PT","@id":"https:\/\/portaltela.pt\/noticias\/2026\/03\/24\/crescimento-da-comunidade-brasileira-em-portugal-pressiona-servicos-consulares\/#primaryimage","url":"https:\/\/portaltela.pt\/s.01k8rhncp4jt1\/2026\/03\/CACHE_780X1200_ANALOG_WATERMARKED_25043445_3548122_05032019075852.jpg","contentUrl":"https:\/\/portaltela.pt\/s.01k8rhncp4jt1\/2026\/03\/CACHE_780X1200_ANALOG_WATERMARKED_25043445_3548122_05032019075852.jpg","width":796,"height":448,"caption":"Aumento da comunidade brasileira em Portugal pressiona servi\u00e7os consulares - C\u00f4nsul-geral"},{"@type":"BreadcrumbList","@id":"https:\/\/portaltela.pt\/noticias\/2026\/03\/24\/crescimento-da-comunidade-brasileira-em-portugal-pressiona-servicos-consulares\/#breadcrumb","itemListElement":[{"@type":"ListItem","position":1,"name":"In\u00edcio","item":"https:\/\/portaltela.pt\/"},{"@type":"ListItem","position":2,"name":"Crescimento da comunidade brasileira em Portugal pressiona servi\u00e7os consulares"}]},{"@type":"WebSite","@id":"https:\/\/portaltela.pt\/#website","url":"https:\/\/portaltela.pt\/","name":"Portal Tela Portugal","description":"","potentialAction":[{"@type":"SearchAction","target":{"@type":"EntryPoint","urlTemplate":"https:\/\/portaltela.pt\/?s={search_term_string}"},"query-input":{"@type":"PropertyValueSpecification","valueRequired":true,"valueName":"search_term_string"}}],"inLanguage":"pt-PT"},{"@type":"Person","@id":"https:\/\/portaltela.pt\/#\/schema\/person\/c4278d4a6028830caff9ee44b42d32ed","name":"Telinha","image":{"@type":"ImageObject","inLanguage":"pt-PT","@id":"https:\/\/portaltela.pt\/s.01k8rhncp4jt1\/2025\/11\/talking-bot-125x125.png","url":"https:\/\/portaltela.pt\/s.01k8rhncp4jt1\/2025\/11\/talking-bot-125x125.png","contentUrl":"https:\/\/portaltela.pt\/s.01k8rhncp4jt1\/2025\/11\/talking-bot-125x125.png","caption":"Telinha"},"sameAs":["https:\/\/portaltela.pt\/"],"url":"https:\/\/portaltela.pt\/por\/367410592786\/"}]}},"_links":{"self":[{"href":"https:\/\/portaltela.pt\/api\/wp\/v2\/posts\/420036","targetHints":{"allow":["GET"]}}],"collection":[{"href":"https:\/\/portaltela.pt\/api\/wp\/v2\/posts"}],"about":[{"href":"https:\/\/portaltela.pt\/api\/wp\/v2\/types\/post"}],"author":[{"embeddable":true,"href":"https:\/\/portaltela.pt\/api\/wp\/v2\/users\/2"}],"replies":[{"embeddable":true,"href":"https:\/\/portaltela.pt\/api\/wp\/v2\/comments?post=420036"}],"version-history":[{"count":0,"href":"https:\/\/portaltela.pt\/api\/wp\/v2\/posts\/420036\/revisions"}],"wp:featuredmedia":[{"embeddable":true,"href":"https:\/\/portaltela.pt\/api\/wp\/v2\/media\/420041"}],"wp:attachment":[{"href":"https:\/\/portaltela.pt\/api\/wp\/v2\/media?parent=420036"}],"wp:term":[{"taxonomy":"category","embeddable":true,"href":"https:\/\/portaltela.pt\/api\/wp\/v2\/categories?post=420036"},{"taxonomy":"post_tag","embeddable":true,"href":"https:\/\/portaltela.pt\/api\/wp\/v2\/tags?post=420036"}],"curies":[{"name":"wp","href":"https:\/\/api.w.org\/{rel}","templated":true}]}}