{"id":420035,"date":"2026-03-24T16:37:00","date_gmt":"2026-03-24T19:37:00","guid":{"rendered":"https:\/\/portaltela.pt\/noticias\/2026\/03\/24\/aguiar-branco-pede-inquerito-a-isabel-moreira-apos-queixa-de-hugo-soares\/"},"modified":"2026-03-24T16:37:00","modified_gmt":"2026-03-24T19:37:00","slug":"aguiar-branco-pede-inquerito-a-isabel-moreira-apos-queixa-de-hugo-soares","status":"publish","type":"post","link":"https:\/\/portaltela.pt\/noticias\/politica\/2026\/03\/24\/aguiar-branco-pede-inquerito-a-isabel-moreira-apos-queixa-de-hugo-soares\/","title":{"rendered":"Aguiar-Branco pede inqu\u00e9rito a Isabel Moreira ap\u00f3s queixa de Hugo Soares"},"content":{"rendered":"<p>O presidente da Assembleia da Rep\u00fablica pediu \u00e0 Comiss\u00e3o de Transpar\u00eancia a abertura de um inqu\u00e9rito \u00e0s declara\u00e7\u00f5es da deputada socialista Isabel Moreira, proferidas no debate sobre diplomas de mudan\u00e7a de g\u00e9nero. A queixa foi apresentada pelo l\u00edder parlamentar do PSD, Hugo Soares.<\/p>\n<p>Segundo o despacho, as afirma\u00e7\u00f5es de Moreira no plen\u00e1rio tiveram gravidade objetiva para justificar a averigua\u00e7\u00e3o. O pedido de inqu\u00e9rito visa apurar poss\u00edvel viola\u00e7\u00e3o dos deveres dos deputados. A decis\u00e3o j\u00e1 foi comunicada aos grupos CDS-PP e Chega.<\/p>\n<p>Hugo Soares alegou que a deputada associou o conte\u00fado dos diplomas \u00e0 legitima\u00e7\u00e3o de um homic\u00eddio, no caso de Gisberta, mulher transexual assassinada em 2006. Al\u00e9m disso, houve uma publica\u00e7\u00e3o na rede social X com conte\u00fado considerado ofensivo \u00e0 honra de deputados.<\/p>\n<p>O presidente da Assembleia avaliou que a linguagem usada pode ultrapassar a cr\u00edtica pol\u00edtica vigorosa e entrar no dom\u00ednio da desqualifica\u00e7\u00e3o moral de proponentes e apoiantes das iniciativas. O despacho aponta que a express\u00e3o pode afetar o respeito, urbanidade e prest\u00edgio institucional.<\/p>\n<p>A comiss\u00e3o foi acionada para investigar a mat\u00e9ria, observando o contradit\u00f3rio e o poss\u00edvel apuramento suplementar. A decis\u00e3o manteve-se averbada aos grupos parlamentares relevantes e aos visados pela queixa.<\/p>\n<p>O inqu\u00e9rito envolve tanto as declara\u00e7\u00f5es no plen\u00e1rio como o teor da publica\u00e7\u00e3o na X, com potencial impacto na honra e na reputa\u00e7\u00e3o de deputados espec\u00edficos. A an\u00e1lise dever\u00e1 verificar a compatibilidade com os deveres de urbanidade e lealdade institucional.<\/p>\n","protected":false},"excerpt":{"rendered":"<ul>\n<li>O presidente da Assembleia da Rep\u00fablica, Jos\u00e9 Pedro Aguiar-Branco, pediu \u00e0 Comiss\u00e3o de Transpar\u00eancia a abertura de um inqu\u00e9rito sobre as declara\u00e7\u00f5es da deputada Isabel Moreira no debate sobre o regime jur\u00eddico de mudan\u00e7a de g\u00e9nero, ap\u00f3s uma queixa do l\u00edder parlamentar do PSD.<\/li>\n<li>Hugo Soares alegou viola\u00e7\u00e3o grave dos deveres de deputados, sustentando que Moreira disse que os diplomas do PSD, Chega e CDS-PP ratificaram o assassinato de Gisberta, mulher transexual morta em 2006.<\/li>\n<li>O despacho aponta que as afirma\u00e7\u00f5es apresentam gravidade suficiente para justificar averigua\u00e7\u00e3o, por poderem ofender a honra e dignidade de deputados e o prest\u00edgio da Assembleia.<\/li>\n<li>Al\u00e9m do plen\u00e1rio, houve uma publica\u00e7\u00e3o da deputada na rede social X em que criticava os diplomas, associando-os \u00e0 \u201ccapitula\u00e7\u00e3o\u201d do PSD e \u00e0 morte de Gisberta.<\/li>\n<li>O presidente determinou a abertura do inqu\u00e9rito \u00e0 Comiss\u00e3o Parlamentar de Transpar\u00eancia e Estatuto dos Deputados, notificando as partes e os grupos CDS-PP e Chega, dada a liga\u00e7\u00e3o com os factos.<\/li>\n<\/ul>\n","protected":false},"author":2,"featured_media":420040,"comment_status":"closed","ping_status":"closed","sticky":false,"template":"","format":"standard","meta":{"footnotes":""},"categories":[1,5],"tags":[7028,67,7112,2832,5708,7479],"class_list":["post-420035","post","type-post","status-publish","format-standard","has-post-thumbnail","hentry","category-noticias","category-politica","tag-declaracoes","tag-deputados","tag-integridade-institucional","tag-politica","tag-transparencia-publica","tag-urbanidade"],"yoast_head":"<!-- This site is optimized with the Yoast SEO plugin v27.2 - https:\/\/yoast.com\/product\/yoast-seo-wordpress\/ -->\n<title>Aguiar-Branco pede inqu\u00e9rito a Isabel Moreira ap\u00f3s queixa de Hugo Soares - Portal Tela Portugal<\/title>\n<meta name=\"robots\" content=\"index, follow, max-snippet:-1, max-image-preview:large, max-video-preview:-1\" \/>\n<meta property=\"og:locale\" content=\"pt_PT\" \/>\n<meta property=\"og:type\" content=\"article\" \/>\n<meta property=\"og:title\" content=\"Aguiar-Branco pede inqu\u00e9rito a Isabel Moreira ap\u00f3s queixa de Hugo Soares - Portal Tela Portugal\" \/>\n<meta property=\"og:description\" content=\"O presidente da Assembleia da Rep\u00fablica, Jos\u00e9 Pedro Aguiar-Branco, pediu \u00e0 Comiss\u00e3o de Transpar\u00eancia a abertura de um inqu\u00e9rito sobre as declara\u00e7\u00f5es da deputada Isabel Moreira no debate sobre o regime jur\u00eddico de mudan\u00e7a de g\u00e9nero, ap\u00f3s uma queixa do l\u00edder parlamentar do PSD. Hugo Soares alegou viola\u00e7\u00e3o grave dos deveres de deputados, sustentando que Moreira disse que os diplomas do PSD, Chega e CDS-PP ratificaram o assassinato de Gisberta, mulher transexual morta em 2006. O despacho aponta que as afirma\u00e7\u00f5es apresentam gravidade suficiente para justificar averigua\u00e7\u00e3o, por poderem ofender a honra e dignidade de deputados e o prest\u00edgio da Assembleia. Al\u00e9m do plen\u00e1rio, houve uma publica\u00e7\u00e3o da deputada na rede social X em que criticava os diplomas, associando-os \u00e0 \u201ccapitula\u00e7\u00e3o\u201d do PSD e \u00e0 morte de Gisberta. O presidente determinou a abertura do inqu\u00e9rito \u00e0 Comiss\u00e3o Parlamentar de Transpar\u00eancia e Estatuto dos Deputados, notificando as partes e os grupos CDS-PP e Chega, dada a liga\u00e7\u00e3o com os factos.\" \/>\n<meta property=\"og:url\" content=\"https:\/\/portaltela.pt\/noticias\/2026\/03\/24\/aguiar-branco-pede-inquerito-a-isabel-moreira-apos-queixa-de-hugo-soares\/\" \/>\n<meta property=\"og:site_name\" content=\"Portal Tela Portugal\" \/>\n<meta property=\"article:published_time\" content=\"2026-03-24T19:37:00+00:00\" \/>\n<meta name=\"author\" content=\"Telinha\" \/>\n<meta name=\"twitter:card\" content=\"summary_large_image\" \/>\n<meta name=\"twitter:label1\" content=\"Escrito por\" \/>\n\t<meta name=\"twitter:data1\" content=\"Telinha\" \/>\n\t<meta name=\"twitter:label2\" content=\"Tempo estimado de leitura\" \/>\n\t<meta name=\"twitter:data2\" content=\"1 minuto\" \/>\n<script type=\"application\/ld+json\" class=\"yoast-schema-graph\">{\"@context\":\"https:\/\/schema.org\",\"@graph\":[{\"@type\":\"Article\",\"@id\":\"https:\/\/portaltela.pt\/noticias\/2026\/03\/24\/aguiar-branco-pede-inquerito-a-isabel-moreira-apos-queixa-de-hugo-soares\/#article\",\"isPartOf\":{\"@id\":\"https:\/\/portaltela.pt\/noticias\/2026\/03\/24\/aguiar-branco-pede-inquerito-a-isabel-moreira-apos-queixa-de-hugo-soares\/\"},\"author\":{\"name\":\"Telinha\",\"@id\":\"https:\/\/portaltela.pt\/#\/schema\/person\/c4278d4a6028830caff9ee44b42d32ed\"},\"headline\":\"Aguiar-Branco pede inqu\u00e9rito a Isabel Moreira ap\u00f3s queixa de Hugo Soares\",\"datePublished\":\"2026-03-24T19:37:00+00:00\",\"mainEntityOfPage\":{\"@id\":\"https:\/\/portaltela.pt\/noticias\/2026\/03\/24\/aguiar-branco-pede-inquerito-a-isabel-moreira-apos-queixa-de-hugo-soares\/\"},\"wordCount\":282,\"image\":{\"@id\":\"https:\/\/portaltela.pt\/noticias\/2026\/03\/24\/aguiar-branco-pede-inquerito-a-isabel-moreira-apos-queixa-de-hugo-soares\/#primaryimage\"},\"thumbnailUrl\":\"https:\/\/portaltela.pt\/s.01k8rhncp4jt1\/2026\/03\/img_1500x1000uu2025-06-04-12-26-52-2213940.jpg\",\"keywords\":[\"declara\u00e7\u00f5es\",\"deputados\",\"integridade institucional\",\"pol\u00edtica\",\"transpar\u00eancia p\u00fablica\",\"urbanidade\"],\"articleSection\":[\"Not\u00edcias\",\"Pol\u00edtica\"],\"inLanguage\":\"pt-PT\"},{\"@type\":\"WebPage\",\"@id\":\"https:\/\/portaltela.pt\/noticias\/2026\/03\/24\/aguiar-branco-pede-inquerito-a-isabel-moreira-apos-queixa-de-hugo-soares\/\",\"url\":\"https:\/\/portaltela.pt\/noticias\/2026\/03\/24\/aguiar-branco-pede-inquerito-a-isabel-moreira-apos-queixa-de-hugo-soares\/\",\"name\":\"Aguiar-Branco pede inqu\u00e9rito a Isabel Moreira ap\u00f3s queixa de Hugo Soares - Portal Tela Portugal\",\"isPartOf\":{\"@id\":\"https:\/\/portaltela.pt\/#website\"},\"primaryImageOfPage\":{\"@id\":\"https:\/\/portaltela.pt\/noticias\/2026\/03\/24\/aguiar-branco-pede-inquerito-a-isabel-moreira-apos-queixa-de-hugo-soares\/#primaryimage\"},\"image\":{\"@id\":\"https:\/\/portaltela.pt\/noticias\/2026\/03\/24\/aguiar-branco-pede-inquerito-a-isabel-moreira-apos-queixa-de-hugo-soares\/#primaryimage\"},\"thumbnailUrl\":\"https:\/\/portaltela.pt\/s.01k8rhncp4jt1\/2026\/03\/img_1500x1000uu2025-06-04-12-26-52-2213940.jpg\",\"datePublished\":\"2026-03-24T19:37:00+00:00\",\"author\":{\"@id\":\"https:\/\/portaltela.pt\/#\/schema\/person\/c4278d4a6028830caff9ee44b42d32ed\"},\"breadcrumb\":{\"@id\":\"https:\/\/portaltela.pt\/noticias\/2026\/03\/24\/aguiar-branco-pede-inquerito-a-isabel-moreira-apos-queixa-de-hugo-soares\/#breadcrumb\"},\"inLanguage\":\"pt-PT\",\"potentialAction\":[{\"@type\":\"ReadAction\",\"target\":[\"https:\/\/portaltela.pt\/noticias\/2026\/03\/24\/aguiar-branco-pede-inquerito-a-isabel-moreira-apos-queixa-de-hugo-soares\/\"]}]},{\"@type\":\"ImageObject\",\"inLanguage\":\"pt-PT\",\"@id\":\"https:\/\/portaltela.pt\/noticias\/2026\/03\/24\/aguiar-branco-pede-inquerito-a-isabel-moreira-apos-queixa-de-hugo-soares\/#primaryimage\",\"url\":\"https:\/\/portaltela.pt\/s.01k8rhncp4jt1\/2026\/03\/img_1500x1000uu2025-06-04-12-26-52-2213940.jpg\",\"contentUrl\":\"https:\/\/portaltela.pt\/s.01k8rhncp4jt1\/2026\/03\/img_1500x1000uu2025-06-04-12-26-52-2213940.jpg\",\"width\":796,\"height\":448,\"caption\":\"Aguiar-Branco\"},{\"@type\":\"BreadcrumbList\",\"@id\":\"https:\/\/portaltela.pt\/noticias\/2026\/03\/24\/aguiar-branco-pede-inquerito-a-isabel-moreira-apos-queixa-de-hugo-soares\/#breadcrumb\",\"itemListElement\":[{\"@type\":\"ListItem\",\"position\":1,\"name\":\"In\u00edcio\",\"item\":\"https:\/\/portaltela.pt\/\"},{\"@type\":\"ListItem\",\"position\":2,\"name\":\"Aguiar-Branco pede inqu\u00e9rito a Isabel Moreira ap\u00f3s queixa de Hugo Soares\"}]},{\"@type\":\"WebSite\",\"@id\":\"https:\/\/portaltela.pt\/#website\",\"url\":\"https:\/\/portaltela.pt\/\",\"name\":\"Portal Tela Portugal\",\"description\":\"\",\"potentialAction\":[{\"@type\":\"SearchAction\",\"target\":{\"@type\":\"EntryPoint\",\"urlTemplate\":\"https:\/\/portaltela.pt\/?s={search_term_string}\"},\"query-input\":{\"@type\":\"PropertyValueSpecification\",\"valueRequired\":true,\"valueName\":\"search_term_string\"}}],\"inLanguage\":\"pt-PT\"},{\"@type\":\"Person\",\"@id\":\"https:\/\/portaltela.pt\/#\/schema\/person\/c4278d4a6028830caff9ee44b42d32ed\",\"name\":\"Telinha\",\"image\":{\"@type\":\"ImageObject\",\"inLanguage\":\"pt-PT\",\"@id\":\"https:\/\/portaltela.pt\/s.01k8rhncp4jt1\/2025\/11\/talking-bot-125x125.png\",\"url\":\"https:\/\/portaltela.pt\/s.01k8rhncp4jt1\/2025\/11\/talking-bot-125x125.png\",\"contentUrl\":\"https:\/\/portaltela.pt\/s.01k8rhncp4jt1\/2025\/11\/talking-bot-125x125.png\",\"caption\":\"Telinha\"},\"sameAs\":[\"https:\/\/portaltela.pt\/\"],\"url\":\"https:\/\/portaltela.pt\/por\/367410592786\/\"}]}<\/script>\n<!-- \/ Yoast SEO plugin. -->","yoast_head_json":{"title":"Aguiar-Branco pede inqu\u00e9rito a Isabel Moreira ap\u00f3s queixa de Hugo Soares - Portal Tela Portugal","robots":{"index":"index","follow":"follow","max-snippet":"max-snippet:-1","max-image-preview":"max-image-preview:large","max-video-preview":"max-video-preview:-1"},"og_locale":"pt_PT","og_type":"article","og_title":"Aguiar-Branco pede inqu\u00e9rito a Isabel Moreira ap\u00f3s queixa de Hugo Soares - Portal Tela Portugal","og_description":"O presidente da Assembleia da Rep\u00fablica, Jos\u00e9 Pedro Aguiar-Branco, pediu \u00e0 Comiss\u00e3o de Transpar\u00eancia a abertura de um inqu\u00e9rito sobre as declara\u00e7\u00f5es da deputada Isabel Moreira no debate sobre o regime jur\u00eddico de mudan\u00e7a de g\u00e9nero, ap\u00f3s uma queixa do l\u00edder parlamentar do PSD. Hugo Soares alegou viola\u00e7\u00e3o grave dos deveres de deputados, sustentando que Moreira disse que os diplomas do PSD, Chega e CDS-PP ratificaram o assassinato de Gisberta, mulher transexual morta em 2006. O despacho aponta que as afirma\u00e7\u00f5es apresentam gravidade suficiente para justificar averigua\u00e7\u00e3o, por poderem ofender a honra e dignidade de deputados e o prest\u00edgio da Assembleia. Al\u00e9m do plen\u00e1rio, houve uma publica\u00e7\u00e3o da deputada na rede social X em que criticava os diplomas, associando-os \u00e0 \u201ccapitula\u00e7\u00e3o\u201d do PSD e \u00e0 morte de Gisberta. O presidente determinou a abertura do inqu\u00e9rito \u00e0 Comiss\u00e3o Parlamentar de Transpar\u00eancia e Estatuto dos Deputados, notificando as partes e os grupos CDS-PP e Chega, dada a liga\u00e7\u00e3o com os factos.","og_url":"https:\/\/portaltela.pt\/noticias\/2026\/03\/24\/aguiar-branco-pede-inquerito-a-isabel-moreira-apos-queixa-de-hugo-soares\/","og_site_name":"Portal Tela Portugal","article_published_time":"2026-03-24T19:37:00+00:00","author":"Telinha","twitter_card":"summary_large_image","twitter_misc":{"Escrito por":"Telinha","Tempo estimado de leitura":"1 minuto"},"schema":{"@context":"https:\/\/schema.org","@graph":[{"@type":"Article","@id":"https:\/\/portaltela.pt\/noticias\/2026\/03\/24\/aguiar-branco-pede-inquerito-a-isabel-moreira-apos-queixa-de-hugo-soares\/#article","isPartOf":{"@id":"https:\/\/portaltela.pt\/noticias\/2026\/03\/24\/aguiar-branco-pede-inquerito-a-isabel-moreira-apos-queixa-de-hugo-soares\/"},"author":{"name":"Telinha","@id":"https:\/\/portaltela.pt\/#\/schema\/person\/c4278d4a6028830caff9ee44b42d32ed"},"headline":"Aguiar-Branco pede inqu\u00e9rito a Isabel Moreira ap\u00f3s queixa de Hugo Soares","datePublished":"2026-03-24T19:37:00+00:00","mainEntityOfPage":{"@id":"https:\/\/portaltela.pt\/noticias\/2026\/03\/24\/aguiar-branco-pede-inquerito-a-isabel-moreira-apos-queixa-de-hugo-soares\/"},"wordCount":282,"image":{"@id":"https:\/\/portaltela.pt\/noticias\/2026\/03\/24\/aguiar-branco-pede-inquerito-a-isabel-moreira-apos-queixa-de-hugo-soares\/#primaryimage"},"thumbnailUrl":"https:\/\/portaltela.pt\/s.01k8rhncp4jt1\/2026\/03\/img_1500x1000uu2025-06-04-12-26-52-2213940.jpg","keywords":["declara\u00e7\u00f5es","deputados","integridade institucional","pol\u00edtica","transpar\u00eancia p\u00fablica","urbanidade"],"articleSection":["Not\u00edcias","Pol\u00edtica"],"inLanguage":"pt-PT"},{"@type":"WebPage","@id":"https:\/\/portaltela.pt\/noticias\/2026\/03\/24\/aguiar-branco-pede-inquerito-a-isabel-moreira-apos-queixa-de-hugo-soares\/","url":"https:\/\/portaltela.pt\/noticias\/2026\/03\/24\/aguiar-branco-pede-inquerito-a-isabel-moreira-apos-queixa-de-hugo-soares\/","name":"Aguiar-Branco pede inqu\u00e9rito a Isabel Moreira ap\u00f3s queixa de Hugo Soares - Portal Tela Portugal","isPartOf":{"@id":"https:\/\/portaltela.pt\/#website"},"primaryImageOfPage":{"@id":"https:\/\/portaltela.pt\/noticias\/2026\/03\/24\/aguiar-branco-pede-inquerito-a-isabel-moreira-apos-queixa-de-hugo-soares\/#primaryimage"},"image":{"@id":"https:\/\/portaltela.pt\/noticias\/2026\/03\/24\/aguiar-branco-pede-inquerito-a-isabel-moreira-apos-queixa-de-hugo-soares\/#primaryimage"},"thumbnailUrl":"https:\/\/portaltela.pt\/s.01k8rhncp4jt1\/2026\/03\/img_1500x1000uu2025-06-04-12-26-52-2213940.jpg","datePublished":"2026-03-24T19:37:00+00:00","author":{"@id":"https:\/\/portaltela.pt\/#\/schema\/person\/c4278d4a6028830caff9ee44b42d32ed"},"breadcrumb":{"@id":"https:\/\/portaltela.pt\/noticias\/2026\/03\/24\/aguiar-branco-pede-inquerito-a-isabel-moreira-apos-queixa-de-hugo-soares\/#breadcrumb"},"inLanguage":"pt-PT","potentialAction":[{"@type":"ReadAction","target":["https:\/\/portaltela.pt\/noticias\/2026\/03\/24\/aguiar-branco-pede-inquerito-a-isabel-moreira-apos-queixa-de-hugo-soares\/"]}]},{"@type":"ImageObject","inLanguage":"pt-PT","@id":"https:\/\/portaltela.pt\/noticias\/2026\/03\/24\/aguiar-branco-pede-inquerito-a-isabel-moreira-apos-queixa-de-hugo-soares\/#primaryimage","url":"https:\/\/portaltela.pt\/s.01k8rhncp4jt1\/2026\/03\/img_1500x1000uu2025-06-04-12-26-52-2213940.jpg","contentUrl":"https:\/\/portaltela.pt\/s.01k8rhncp4jt1\/2026\/03\/img_1500x1000uu2025-06-04-12-26-52-2213940.jpg","width":796,"height":448,"caption":"Aguiar-Branco"},{"@type":"BreadcrumbList","@id":"https:\/\/portaltela.pt\/noticias\/2026\/03\/24\/aguiar-branco-pede-inquerito-a-isabel-moreira-apos-queixa-de-hugo-soares\/#breadcrumb","itemListElement":[{"@type":"ListItem","position":1,"name":"In\u00edcio","item":"https:\/\/portaltela.pt\/"},{"@type":"ListItem","position":2,"name":"Aguiar-Branco pede inqu\u00e9rito a Isabel Moreira ap\u00f3s queixa de Hugo Soares"}]},{"@type":"WebSite","@id":"https:\/\/portaltela.pt\/#website","url":"https:\/\/portaltela.pt\/","name":"Portal Tela Portugal","description":"","potentialAction":[{"@type":"SearchAction","target":{"@type":"EntryPoint","urlTemplate":"https:\/\/portaltela.pt\/?s={search_term_string}"},"query-input":{"@type":"PropertyValueSpecification","valueRequired":true,"valueName":"search_term_string"}}],"inLanguage":"pt-PT"},{"@type":"Person","@id":"https:\/\/portaltela.pt\/#\/schema\/person\/c4278d4a6028830caff9ee44b42d32ed","name":"Telinha","image":{"@type":"ImageObject","inLanguage":"pt-PT","@id":"https:\/\/portaltela.pt\/s.01k8rhncp4jt1\/2025\/11\/talking-bot-125x125.png","url":"https:\/\/portaltela.pt\/s.01k8rhncp4jt1\/2025\/11\/talking-bot-125x125.png","contentUrl":"https:\/\/portaltela.pt\/s.01k8rhncp4jt1\/2025\/11\/talking-bot-125x125.png","caption":"Telinha"},"sameAs":["https:\/\/portaltela.pt\/"],"url":"https:\/\/portaltela.pt\/por\/367410592786\/"}]}},"_links":{"self":[{"href":"https:\/\/portaltela.pt\/api\/wp\/v2\/posts\/420035","targetHints":{"allow":["GET"]}}],"collection":[{"href":"https:\/\/portaltela.pt\/api\/wp\/v2\/posts"}],"about":[{"href":"https:\/\/portaltela.pt\/api\/wp\/v2\/types\/post"}],"author":[{"embeddable":true,"href":"https:\/\/portaltela.pt\/api\/wp\/v2\/users\/2"}],"replies":[{"embeddable":true,"href":"https:\/\/portaltela.pt\/api\/wp\/v2\/comments?post=420035"}],"version-history":[{"count":0,"href":"https:\/\/portaltela.pt\/api\/wp\/v2\/posts\/420035\/revisions"}],"wp:featuredmedia":[{"embeddable":true,"href":"https:\/\/portaltela.pt\/api\/wp\/v2\/media\/420040"}],"wp:attachment":[{"href":"https:\/\/portaltela.pt\/api\/wp\/v2\/media?parent=420035"}],"wp:term":[{"taxonomy":"category","embeddable":true,"href":"https:\/\/portaltela.pt\/api\/wp\/v2\/categories?post=420035"},{"taxonomy":"post_tag","embeddable":true,"href":"https:\/\/portaltela.pt\/api\/wp\/v2\/tags?post=420035"}],"curies":[{"name":"wp","href":"https:\/\/api.w.org\/{rel}","templated":true}]}}