{"id":420008,"date":"2026-03-24T16:11:03","date_gmt":"2026-03-24T19:11:03","guid":{"rendered":"https:\/\/portaltela.pt\/noticias\/2026\/03\/24\/antonio-montez-da-sombra-do-apelido-a-afirmacao-em-coimbra\/"},"modified":"2026-03-24T16:11:03","modified_gmt":"2026-03-24T19:11:03","slug":"antonio-montez-da-sombra-do-apelido-a-afirmacao-em-coimbra","status":"publish","type":"post","link":"https:\/\/portaltela.pt\/desporto\/futebol\/2026\/03\/24\/antonio-montez-da-sombra-do-apelido-a-afirmacao-em-coimbra\/","title":{"rendered":"Ant\u00f3nio Montez: da sombra do apelido \u00e0 afirma\u00e7\u00e3o em Coimbra"},"content":{"rendered":"<p>Ant\u00f3nio Montez, m\u00e9dio de 24 anos, joga pela Acad\u00e9mica e atua em Coimbra, onde procura subir de divis\u00e3o. A trajet\u00f3ria do jogador tem recebido aten\u00e7\u00e3o pela liga\u00e7\u00e3o familiar com uma figura p\u00fablica do passado pol\u00edtico portugu\u00eas.<\/p>\n<p>O av\u00f4 de Montez, An\u00edbal Cavaco Silva, acompanha o percurso do neto, sempre com discri\u00e7\u00e3o. Segundo o jogador, o av\u00f4 n\u00e3o frequenta est\u00e1dios, mas segue os jogos em casa, comentando e acompanhando o desempenho da equipa.<\/p>\n<p>Os pais de Montez mant\u00eam um papel mais ativo na sua carreira, contrastando com a postura dos av\u00f3s, que s\u00e3o descritos como mais afetuosos. O jovem afirma que a fam\u00edlia lhe atribui apoio e exig\u00eancia conforme a fase da carreira.<\/p>\n<h3>Rela\u00e7\u00e3o familiar<\/h3>\n<p>Apoio pr\u00f3ximo caracteriza a din\u00e2mica familiar de Montez, que equilibra a privacidade com as expectativas desportivas. O jogador procura manter o foco no objetivo desportivo de ascender na classifica\u00e7\u00e3o da Acad\u00e9mica.<\/p>\n<p>Ao longo da temporada, Montez tem mostrado consist\u00eancia no meio-campo e procura manter-se fiel ao estilo de jogo que tem ajudado a equipa a competir pela subida. A imprensa tem acompanhado o caso com interesse p\u00fablico.<\/p>\n<p>A Acad\u00e9mica est\u00e1 ativa na luta pela subida de divis\u00e3o, com Montez a contribuir para a din\u00e2mica ofensiva e de transi\u00e7\u00e3o do meio-campo. O clube n\u00e3o comenta detalhes sobre a situa\u00e7\u00e3o familiar do atleta.<\/p>\n","protected":false},"excerpt":{"rendered":"<ul>\n<li>Ant\u00f3nio Montez, 24 anos, \u00e9 m\u00e9dio da Acad\u00e9mica e luta pela subida de divis\u00e3o em Coimbra.<\/li>\n<li>\u00c9 neto de An\u00edbal Cavaco Silva, antigo Presidente da Rep\u00fablica.<\/li>\n<li>O av\u00f4 acompanha o percurso do jogador \u00e0 dist\u00e2ncia e n\u00e3o vai ao est\u00e1dio, preferindo ver os jogos em casa e comentar.<\/li>\n<li>Os pais atuam de forma mais ativa na sua forma\u00e7\u00e3o e carreira, enquanto os av\u00f3s s\u00e3o mais dedicados em termos de apoio emocional.<\/li>\n<li>O foco da not\u00edcia \u00e9 a discri\u00e7\u00e3o de Montez em Coimbra e o apoio familiar que o cerca.<\/li>\n<\/ul>\n","protected":false},"author":2,"featured_media":420015,"comment_status":"closed","ping_status":"closed","sticky":false,"template":"","format":"standard","meta":{"footnotes":""},"categories":[21,24],"tags":[3193,6901,1070,152,64,32],"class_list":["post-420008","post","type-post","status-publish","format-standard","has-post-thumbnail","hentry","category-desporto","category-futebol","tag-academica","tag-anibal-cavaco-silva","tag-coimbra","tag-desporto","tag-familia","tag-futebol"],"yoast_head":"<!-- This site is optimized with the Yoast SEO plugin v27.2 - https:\/\/yoast.com\/product\/yoast-seo-wordpress\/ -->\n<title>Ant\u00f3nio Montez: da sombra do apelido \u00e0 afirma\u00e7\u00e3o em Coimbra - Portal Tela Portugal<\/title>\n<meta name=\"robots\" content=\"index, follow, max-snippet:-1, max-image-preview:large, max-video-preview:-1\" \/>\n<meta property=\"og:locale\" content=\"pt_PT\" \/>\n<meta property=\"og:type\" content=\"article\" \/>\n<meta property=\"og:title\" content=\"Ant\u00f3nio Montez: da sombra do apelido \u00e0 afirma\u00e7\u00e3o em Coimbra - Portal Tela Portugal\" \/>\n<meta property=\"og:description\" content=\"Ant\u00f3nio Montez, 24 anos, \u00e9 m\u00e9dio da Acad\u00e9mica e luta pela subida de divis\u00e3o em Coimbra. \u00c9 neto de An\u00edbal Cavaco Silva, antigo Presidente da Rep\u00fablica. O av\u00f4 acompanha o percurso do jogador \u00e0 dist\u00e2ncia e n\u00e3o vai ao est\u00e1dio, preferindo ver os jogos em casa e comentar. Os pais atuam de forma mais ativa na sua forma\u00e7\u00e3o e carreira, enquanto os av\u00f3s s\u00e3o mais dedicados em termos de apoio emocional. O foco da not\u00edcia \u00e9 a discri\u00e7\u00e3o de Montez em Coimbra e o apoio familiar que o cerca.\" \/>\n<meta property=\"og:url\" content=\"https:\/\/portaltela.pt\/noticias\/2026\/03\/24\/antonio-montez-da-sombra-do-apelido-a-afirmacao-em-coimbra\/\" \/>\n<meta property=\"og:site_name\" content=\"Portal Tela Portugal\" \/>\n<meta property=\"article:published_time\" content=\"2026-03-24T19:11:03+00:00\" \/>\n<meta name=\"author\" content=\"Telinha\" \/>\n<meta name=\"twitter:card\" content=\"summary_large_image\" \/>\n<meta name=\"twitter:label1\" content=\"Escrito por\" \/>\n\t<meta name=\"twitter:data1\" content=\"Telinha\" \/>\n\t<meta name=\"twitter:label2\" content=\"Tempo estimado de leitura\" \/>\n\t<meta name=\"twitter:data2\" content=\"1 minuto\" \/>\n<script type=\"application\/ld+json\" class=\"yoast-schema-graph\">{\"@context\":\"https:\/\/schema.org\",\"@graph\":[{\"@type\":\"Article\",\"@id\":\"https:\/\/portaltela.pt\/noticias\/2026\/03\/24\/antonio-montez-da-sombra-do-apelido-a-afirmacao-em-coimbra\/#article\",\"isPartOf\":{\"@id\":\"https:\/\/portaltela.pt\/noticias\/2026\/03\/24\/antonio-montez-da-sombra-do-apelido-a-afirmacao-em-coimbra\/\"},\"author\":{\"name\":\"Telinha\",\"@id\":\"https:\/\/portaltela.pt\/#\/schema\/person\/c4278d4a6028830caff9ee44b42d32ed\"},\"headline\":\"Ant\u00f3nio Montez: da sombra do apelido \u00e0 afirma\u00e7\u00e3o em Coimbra\",\"datePublished\":\"2026-03-24T19:11:03+00:00\",\"mainEntityOfPage\":{\"@id\":\"https:\/\/portaltela.pt\/noticias\/2026\/03\/24\/antonio-montez-da-sombra-do-apelido-a-afirmacao-em-coimbra\/\"},\"wordCount\":257,\"image\":{\"@id\":\"https:\/\/portaltela.pt\/noticias\/2026\/03\/24\/antonio-montez-da-sombra-do-apelido-a-afirmacao-em-coimbra\/#primaryimage\"},\"thumbnailUrl\":\"https:\/\/portaltela.pt\/s.01k8rhncp4jt1\/2026\/03\/img_920x518uu2026-03-24-18-54-20-2429155-im-639099753343708407.jpg\",\"keywords\":[\"Acad\u00e9mica\",\"An\u00edbal Cavaco Silva\",\"Coimbra\",\"desporto\",\"fam\u00edlia\",\"futebol\"],\"articleSection\":[\"Desporto\",\"Futebol\"],\"inLanguage\":\"pt-PT\"},{\"@type\":\"WebPage\",\"@id\":\"https:\/\/portaltela.pt\/noticias\/2026\/03\/24\/antonio-montez-da-sombra-do-apelido-a-afirmacao-em-coimbra\/\",\"url\":\"https:\/\/portaltela.pt\/noticias\/2026\/03\/24\/antonio-montez-da-sombra-do-apelido-a-afirmacao-em-coimbra\/\",\"name\":\"Ant\u00f3nio Montez: da sombra do apelido \u00e0 afirma\u00e7\u00e3o em Coimbra - Portal Tela Portugal\",\"isPartOf\":{\"@id\":\"https:\/\/portaltela.pt\/#website\"},\"primaryImageOfPage\":{\"@id\":\"https:\/\/portaltela.pt\/noticias\/2026\/03\/24\/antonio-montez-da-sombra-do-apelido-a-afirmacao-em-coimbra\/#primaryimage\"},\"image\":{\"@id\":\"https:\/\/portaltela.pt\/noticias\/2026\/03\/24\/antonio-montez-da-sombra-do-apelido-a-afirmacao-em-coimbra\/#primaryimage\"},\"thumbnailUrl\":\"https:\/\/portaltela.pt\/s.01k8rhncp4jt1\/2026\/03\/img_920x518uu2026-03-24-18-54-20-2429155-im-639099753343708407.jpg\",\"datePublished\":\"2026-03-24T19:11:03+00:00\",\"author\":{\"@id\":\"https:\/\/portaltela.pt\/#\/schema\/person\/c4278d4a6028830caff9ee44b42d32ed\"},\"breadcrumb\":{\"@id\":\"https:\/\/portaltela.pt\/noticias\/2026\/03\/24\/antonio-montez-da-sombra-do-apelido-a-afirmacao-em-coimbra\/#breadcrumb\"},\"inLanguage\":\"pt-PT\",\"potentialAction\":[{\"@type\":\"ReadAction\",\"target\":[\"https:\/\/portaltela.pt\/noticias\/2026\/03\/24\/antonio-montez-da-sombra-do-apelido-a-afirmacao-em-coimbra\/\"]}]},{\"@type\":\"ImageObject\",\"inLanguage\":\"pt-PT\",\"@id\":\"https:\/\/portaltela.pt\/noticias\/2026\/03\/24\/antonio-montez-da-sombra-do-apelido-a-afirmacao-em-coimbra\/#primaryimage\",\"url\":\"https:\/\/portaltela.pt\/s.01k8rhncp4jt1\/2026\/03\/img_920x518uu2026-03-24-18-54-20-2429155-im-639099753343708407.jpg\",\"contentUrl\":\"https:\/\/portaltela.pt\/s.01k8rhncp4jt1\/2026\/03\/img_920x518uu2026-03-24-18-54-20-2429155-im-639099753343708407.jpg\",\"width\":796,\"height\":448,\"caption\":\"Ant\u00f3nio Montez \u00e9 m\u00e9dio e tem 24 anos\"},{\"@type\":\"BreadcrumbList\",\"@id\":\"https:\/\/portaltela.pt\/noticias\/2026\/03\/24\/antonio-montez-da-sombra-do-apelido-a-afirmacao-em-coimbra\/#breadcrumb\",\"itemListElement\":[{\"@type\":\"ListItem\",\"position\":1,\"name\":\"In\u00edcio\",\"item\":\"https:\/\/portaltela.pt\/\"},{\"@type\":\"ListItem\",\"position\":2,\"name\":\"Ant\u00f3nio Montez: da sombra do apelido \u00e0 afirma\u00e7\u00e3o em Coimbra\"}]},{\"@type\":\"WebSite\",\"@id\":\"https:\/\/portaltela.pt\/#website\",\"url\":\"https:\/\/portaltela.pt\/\",\"name\":\"Portal Tela Portugal\",\"description\":\"\",\"potentialAction\":[{\"@type\":\"SearchAction\",\"target\":{\"@type\":\"EntryPoint\",\"urlTemplate\":\"https:\/\/portaltela.pt\/?s={search_term_string}\"},\"query-input\":{\"@type\":\"PropertyValueSpecification\",\"valueRequired\":true,\"valueName\":\"search_term_string\"}}],\"inLanguage\":\"pt-PT\"},{\"@type\":\"Person\",\"@id\":\"https:\/\/portaltela.pt\/#\/schema\/person\/c4278d4a6028830caff9ee44b42d32ed\",\"name\":\"Telinha\",\"image\":{\"@type\":\"ImageObject\",\"inLanguage\":\"pt-PT\",\"@id\":\"https:\/\/portaltela.pt\/s.01k8rhncp4jt1\/2025\/11\/talking-bot-125x125.png\",\"url\":\"https:\/\/portaltela.pt\/s.01k8rhncp4jt1\/2025\/11\/talking-bot-125x125.png\",\"contentUrl\":\"https:\/\/portaltela.pt\/s.01k8rhncp4jt1\/2025\/11\/talking-bot-125x125.png\",\"caption\":\"Telinha\"},\"sameAs\":[\"https:\/\/portaltela.pt\/\"],\"url\":\"https:\/\/portaltela.pt\/por\/367410592786\/\"}]}<\/script>\n<!-- \/ Yoast SEO plugin. -->","yoast_head_json":{"title":"Ant\u00f3nio Montez: da sombra do apelido \u00e0 afirma\u00e7\u00e3o em Coimbra - Portal Tela Portugal","robots":{"index":"index","follow":"follow","max-snippet":"max-snippet:-1","max-image-preview":"max-image-preview:large","max-video-preview":"max-video-preview:-1"},"og_locale":"pt_PT","og_type":"article","og_title":"Ant\u00f3nio Montez: da sombra do apelido \u00e0 afirma\u00e7\u00e3o em Coimbra - Portal Tela Portugal","og_description":"Ant\u00f3nio Montez, 24 anos, \u00e9 m\u00e9dio da Acad\u00e9mica e luta pela subida de divis\u00e3o em Coimbra. \u00c9 neto de An\u00edbal Cavaco Silva, antigo Presidente da Rep\u00fablica. O av\u00f4 acompanha o percurso do jogador \u00e0 dist\u00e2ncia e n\u00e3o vai ao est\u00e1dio, preferindo ver os jogos em casa e comentar. Os pais atuam de forma mais ativa na sua forma\u00e7\u00e3o e carreira, enquanto os av\u00f3s s\u00e3o mais dedicados em termos de apoio emocional. O foco da not\u00edcia \u00e9 a discri\u00e7\u00e3o de Montez em Coimbra e o apoio familiar que o cerca.","og_url":"https:\/\/portaltela.pt\/noticias\/2026\/03\/24\/antonio-montez-da-sombra-do-apelido-a-afirmacao-em-coimbra\/","og_site_name":"Portal Tela Portugal","article_published_time":"2026-03-24T19:11:03+00:00","author":"Telinha","twitter_card":"summary_large_image","twitter_misc":{"Escrito por":"Telinha","Tempo estimado de leitura":"1 minuto"},"schema":{"@context":"https:\/\/schema.org","@graph":[{"@type":"Article","@id":"https:\/\/portaltela.pt\/noticias\/2026\/03\/24\/antonio-montez-da-sombra-do-apelido-a-afirmacao-em-coimbra\/#article","isPartOf":{"@id":"https:\/\/portaltela.pt\/noticias\/2026\/03\/24\/antonio-montez-da-sombra-do-apelido-a-afirmacao-em-coimbra\/"},"author":{"name":"Telinha","@id":"https:\/\/portaltela.pt\/#\/schema\/person\/c4278d4a6028830caff9ee44b42d32ed"},"headline":"Ant\u00f3nio Montez: da sombra do apelido \u00e0 afirma\u00e7\u00e3o em Coimbra","datePublished":"2026-03-24T19:11:03+00:00","mainEntityOfPage":{"@id":"https:\/\/portaltela.pt\/noticias\/2026\/03\/24\/antonio-montez-da-sombra-do-apelido-a-afirmacao-em-coimbra\/"},"wordCount":257,"image":{"@id":"https:\/\/portaltela.pt\/noticias\/2026\/03\/24\/antonio-montez-da-sombra-do-apelido-a-afirmacao-em-coimbra\/#primaryimage"},"thumbnailUrl":"https:\/\/portaltela.pt\/s.01k8rhncp4jt1\/2026\/03\/img_920x518uu2026-03-24-18-54-20-2429155-im-639099753343708407.jpg","keywords":["Acad\u00e9mica","An\u00edbal Cavaco Silva","Coimbra","desporto","fam\u00edlia","futebol"],"articleSection":["Desporto","Futebol"],"inLanguage":"pt-PT"},{"@type":"WebPage","@id":"https:\/\/portaltela.pt\/noticias\/2026\/03\/24\/antonio-montez-da-sombra-do-apelido-a-afirmacao-em-coimbra\/","url":"https:\/\/portaltela.pt\/noticias\/2026\/03\/24\/antonio-montez-da-sombra-do-apelido-a-afirmacao-em-coimbra\/","name":"Ant\u00f3nio Montez: da sombra do apelido \u00e0 afirma\u00e7\u00e3o em Coimbra - Portal Tela Portugal","isPartOf":{"@id":"https:\/\/portaltela.pt\/#website"},"primaryImageOfPage":{"@id":"https:\/\/portaltela.pt\/noticias\/2026\/03\/24\/antonio-montez-da-sombra-do-apelido-a-afirmacao-em-coimbra\/#primaryimage"},"image":{"@id":"https:\/\/portaltela.pt\/noticias\/2026\/03\/24\/antonio-montez-da-sombra-do-apelido-a-afirmacao-em-coimbra\/#primaryimage"},"thumbnailUrl":"https:\/\/portaltela.pt\/s.01k8rhncp4jt1\/2026\/03\/img_920x518uu2026-03-24-18-54-20-2429155-im-639099753343708407.jpg","datePublished":"2026-03-24T19:11:03+00:00","author":{"@id":"https:\/\/portaltela.pt\/#\/schema\/person\/c4278d4a6028830caff9ee44b42d32ed"},"breadcrumb":{"@id":"https:\/\/portaltela.pt\/noticias\/2026\/03\/24\/antonio-montez-da-sombra-do-apelido-a-afirmacao-em-coimbra\/#breadcrumb"},"inLanguage":"pt-PT","potentialAction":[{"@type":"ReadAction","target":["https:\/\/portaltela.pt\/noticias\/2026\/03\/24\/antonio-montez-da-sombra-do-apelido-a-afirmacao-em-coimbra\/"]}]},{"@type":"ImageObject","inLanguage":"pt-PT","@id":"https:\/\/portaltela.pt\/noticias\/2026\/03\/24\/antonio-montez-da-sombra-do-apelido-a-afirmacao-em-coimbra\/#primaryimage","url":"https:\/\/portaltela.pt\/s.01k8rhncp4jt1\/2026\/03\/img_920x518uu2026-03-24-18-54-20-2429155-im-639099753343708407.jpg","contentUrl":"https:\/\/portaltela.pt\/s.01k8rhncp4jt1\/2026\/03\/img_920x518uu2026-03-24-18-54-20-2429155-im-639099753343708407.jpg","width":796,"height":448,"caption":"Ant\u00f3nio Montez \u00e9 m\u00e9dio e tem 24 anos"},{"@type":"BreadcrumbList","@id":"https:\/\/portaltela.pt\/noticias\/2026\/03\/24\/antonio-montez-da-sombra-do-apelido-a-afirmacao-em-coimbra\/#breadcrumb","itemListElement":[{"@type":"ListItem","position":1,"name":"In\u00edcio","item":"https:\/\/portaltela.pt\/"},{"@type":"ListItem","position":2,"name":"Ant\u00f3nio Montez: da sombra do apelido \u00e0 afirma\u00e7\u00e3o em Coimbra"}]},{"@type":"WebSite","@id":"https:\/\/portaltela.pt\/#website","url":"https:\/\/portaltela.pt\/","name":"Portal Tela Portugal","description":"","potentialAction":[{"@type":"SearchAction","target":{"@type":"EntryPoint","urlTemplate":"https:\/\/portaltela.pt\/?s={search_term_string}"},"query-input":{"@type":"PropertyValueSpecification","valueRequired":true,"valueName":"search_term_string"}}],"inLanguage":"pt-PT"},{"@type":"Person","@id":"https:\/\/portaltela.pt\/#\/schema\/person\/c4278d4a6028830caff9ee44b42d32ed","name":"Telinha","image":{"@type":"ImageObject","inLanguage":"pt-PT","@id":"https:\/\/portaltela.pt\/s.01k8rhncp4jt1\/2025\/11\/talking-bot-125x125.png","url":"https:\/\/portaltela.pt\/s.01k8rhncp4jt1\/2025\/11\/talking-bot-125x125.png","contentUrl":"https:\/\/portaltela.pt\/s.01k8rhncp4jt1\/2025\/11\/talking-bot-125x125.png","caption":"Telinha"},"sameAs":["https:\/\/portaltela.pt\/"],"url":"https:\/\/portaltela.pt\/por\/367410592786\/"}]}},"_links":{"self":[{"href":"https:\/\/portaltela.pt\/api\/wp\/v2\/posts\/420008","targetHints":{"allow":["GET"]}}],"collection":[{"href":"https:\/\/portaltela.pt\/api\/wp\/v2\/posts"}],"about":[{"href":"https:\/\/portaltela.pt\/api\/wp\/v2\/types\/post"}],"author":[{"embeddable":true,"href":"https:\/\/portaltela.pt\/api\/wp\/v2\/users\/2"}],"replies":[{"embeddable":true,"href":"https:\/\/portaltela.pt\/api\/wp\/v2\/comments?post=420008"}],"version-history":[{"count":0,"href":"https:\/\/portaltela.pt\/api\/wp\/v2\/posts\/420008\/revisions"}],"wp:featuredmedia":[{"embeddable":true,"href":"https:\/\/portaltela.pt\/api\/wp\/v2\/media\/420015"}],"wp:attachment":[{"href":"https:\/\/portaltela.pt\/api\/wp\/v2\/media?parent=420008"}],"wp:term":[{"taxonomy":"category","embeddable":true,"href":"https:\/\/portaltela.pt\/api\/wp\/v2\/categories?post=420008"},{"taxonomy":"post_tag","embeddable":true,"href":"https:\/\/portaltela.pt\/api\/wp\/v2\/tags?post=420008"}],"curies":[{"name":"wp","href":"https:\/\/api.w.org\/{rel}","templated":true}]}}