{"id":420005,"date":"2026-03-24T16:08:00","date_gmt":"2026-03-24T19:08:00","guid":{"rendered":"https:\/\/portaltela.pt\/noticias\/2026\/03\/24\/barcos-para-descongestionar-a-distribuicao-urbana-fabricados-no-barreiro\/"},"modified":"2026-03-24T16:08:00","modified_gmt":"2026-03-24T19:08:00","slug":"barcos-para-descongestionar-a-distribuicao-urbana-fabricados-no-barreiro","status":"publish","type":"post","link":"https:\/\/portaltela.pt\/meio-ambiente\/2026\/03\/24\/barcos-para-descongestionar-a-distribuicao-urbana-fabricados-no-barreiro\/","title":{"rendered":"Barcos para descongestionar a distribui\u00e7\u00e3o urbana fabricados no Barreiro"},"content":{"rendered":"<p>A ideia de descongestionar a distribui\u00e7\u00e3o urbana ganhou forma no Barreiro, onde se fabricam barcos destinados a substituir cami\u00f5es no centro das cidades. O sistema, desenvolvido pela empresa francesa ULS, junta barcos e bicicletas el\u00e9tricas para facilitar a log\u00edstica de mercadorias sem recorrer \u00e0s v\u00edas tradicionais.<\/p>\n<p>As autoridades municipais de Estrasburgo lan\u00e7aram o projeto e, desde 2022, o modelo tem operado com uma concess\u00e3o municipal. Em Estrasburgo, o sistema tem mostrado resultados positivos ao reduzir o tr\u00e1fego de pesados no centro da cidade.<\/p>\n<p>O objetivo \u00e9 transformar a forma como as mercadorias chegam aos centros urbanos, permitindo entregas mais r\u00e1pidas e menos emiss\u00f5es. O modelo de ULS utiliza embarca\u00e7\u00f5es e bicicletas el\u00e9tricas para substituir parte das entregas realizadas por cami\u00f5es na \u00e1rea central.<\/p>\n<h3>Expans\u00e3o para Paris e Lisboa<\/h3>\n<p>A empresa estreou-se em Estrasburgo e planeia iniciar opera\u00e7\u00f5es em Paris. Al\u00e9m disso, h\u00e1 o plano de operacionalizar o sistema em Lisboa, expandindo o conceito de log\u00edstica urbana sustentada para outras capitais europeias. A estrat\u00e9gia visa manter a efici\u00eancia da distribui\u00e7\u00e3o com menor impacto ambiental.<\/p>\n","protected":false},"excerpt":{"rendered":"<ul>\n<li>A empresa francesa ULS criou um sistema de log\u00edstica urbana que usa barcos e bicicletas el\u00e9ctricos para substituir cami\u00f5es no centro das cidades.<\/li>\n<li>O projeto nasceu a partir de um pedido das autoridades municipais de Estrasburgo, para descongestionar as vias centrais.<\/li>\n<li>O sistema come\u00e7ou a operar em Estrasburgo em 2022 e, desde ent\u00e3o, tem sido considerado bem-sucedido.<\/li>\n<li>A ULS estreou-se em Estrasburgo, vai come\u00e7ar a operar em Paris e pretende atuar em Lisboa.<\/li>\n<li>O servi\u00e7o \u00e9 gerido atrav\u00e9s de uma concess\u00e3o municipal, com a distribui\u00e7\u00e3o de mercadorias realizada por barcos e bicicletas el\u00e9ctricos.<\/li>\n<\/ul>\n","protected":false},"author":2,"featured_media":420010,"comment_status":"closed","ping_status":"closed","sticky":false,"template":"","format":"standard","meta":{"footnotes":""},"categories":[6725],"tags":[5859,1157,981,961,45,3163],"class_list":["post-420005","post","type-post","status-publish","format-standard","has-post-thumbnail","hentry","category-meio-ambiente","tag-barcos","tag-estrasburgo","tag-lisboa","tag-logistica","tag-meio-ambiente","tag-paris"],"yoast_head":"<!-- This site is optimized with the Yoast SEO plugin v27.2 - https:\/\/yoast.com\/product\/yoast-seo-wordpress\/ -->\n<title>Barcos para descongestionar a distribui\u00e7\u00e3o urbana fabricados no Barreiro - Portal Tela Portugal<\/title>\n<meta name=\"robots\" content=\"index, follow, max-snippet:-1, max-image-preview:large, max-video-preview:-1\" \/>\n<meta property=\"og:locale\" content=\"pt_PT\" \/>\n<meta property=\"og:type\" content=\"article\" \/>\n<meta property=\"og:title\" content=\"Barcos para descongestionar a distribui\u00e7\u00e3o urbana fabricados no Barreiro - Portal Tela Portugal\" \/>\n<meta property=\"og:description\" content=\"A empresa francesa ULS criou um sistema de log\u00edstica urbana que usa barcos e bicicletas el\u00e9ctricos para substituir cami\u00f5es no centro das cidades. O projeto nasceu a partir de um pedido das autoridades municipais de Estrasburgo, para descongestionar as vias centrais. O sistema come\u00e7ou a operar em Estrasburgo em 2022 e, desde ent\u00e3o, tem sido considerado bem-sucedido. A ULS estreou-se em Estrasburgo, vai come\u00e7ar a operar em Paris e pretende atuar em Lisboa. O servi\u00e7o \u00e9 gerido atrav\u00e9s de uma concess\u00e3o municipal, com a distribui\u00e7\u00e3o de mercadorias realizada por barcos e bicicletas el\u00e9ctricos.\" \/>\n<meta property=\"og:url\" content=\"https:\/\/portaltela.pt\/noticias\/2026\/03\/24\/barcos-para-descongestionar-a-distribuicao-urbana-fabricados-no-barreiro\/\" \/>\n<meta property=\"og:site_name\" content=\"Portal Tela Portugal\" \/>\n<meta property=\"article:published_time\" content=\"2026-03-24T19:08:00+00:00\" \/>\n<meta name=\"author\" content=\"Telinha\" \/>\n<meta name=\"twitter:card\" content=\"summary_large_image\" \/>\n<meta name=\"twitter:label1\" content=\"Escrito por\" \/>\n\t<meta name=\"twitter:data1\" content=\"Telinha\" \/>\n\t<meta name=\"twitter:label2\" content=\"Tempo estimado de leitura\" \/>\n\t<meta name=\"twitter:data2\" content=\"1 minuto\" \/>\n<script type=\"application\/ld+json\" class=\"yoast-schema-graph\">{\"@context\":\"https:\/\/schema.org\",\"@graph\":[{\"@type\":\"Article\",\"@id\":\"https:\/\/portaltela.pt\/noticias\/2026\/03\/24\/barcos-para-descongestionar-a-distribuicao-urbana-fabricados-no-barreiro\/#article\",\"isPartOf\":{\"@id\":\"https:\/\/portaltela.pt\/noticias\/2026\/03\/24\/barcos-para-descongestionar-a-distribuicao-urbana-fabricados-no-barreiro\/\"},\"author\":{\"name\":\"Telinha\",\"@id\":\"https:\/\/portaltela.pt\/#\/schema\/person\/c4278d4a6028830caff9ee44b42d32ed\"},\"headline\":\"Barcos para descongestionar a distribui\u00e7\u00e3o urbana fabricados no Barreiro\",\"datePublished\":\"2026-03-24T19:08:00+00:00\",\"mainEntityOfPage\":{\"@id\":\"https:\/\/portaltela.pt\/noticias\/2026\/03\/24\/barcos-para-descongestionar-a-distribuicao-urbana-fabricados-no-barreiro\/\"},\"wordCount\":201,\"image\":{\"@id\":\"https:\/\/portaltela.pt\/noticias\/2026\/03\/24\/barcos-para-descongestionar-a-distribuicao-urbana-fabricados-no-barreiro\/#primaryimage\"},\"thumbnailUrl\":\"https:\/\/portaltela.pt\/s.01k8rhncp4jt1\/2026\/03\/2076527.jpg\",\"keywords\":[\"barcos\",\"Estrasburgo\",\"Lisboa\",\"Log\u00edstica\",\"meio-ambiente\",\"Paris\"],\"articleSection\":[\"Meio Ambiente\"],\"inLanguage\":\"pt-PT\"},{\"@type\":\"WebPage\",\"@id\":\"https:\/\/portaltela.pt\/noticias\/2026\/03\/24\/barcos-para-descongestionar-a-distribuicao-urbana-fabricados-no-barreiro\/\",\"url\":\"https:\/\/portaltela.pt\/noticias\/2026\/03\/24\/barcos-para-descongestionar-a-distribuicao-urbana-fabricados-no-barreiro\/\",\"name\":\"Barcos para descongestionar a distribui\u00e7\u00e3o urbana fabricados no Barreiro - Portal Tela Portugal\",\"isPartOf\":{\"@id\":\"https:\/\/portaltela.pt\/#website\"},\"primaryImageOfPage\":{\"@id\":\"https:\/\/portaltela.pt\/noticias\/2026\/03\/24\/barcos-para-descongestionar-a-distribuicao-urbana-fabricados-no-barreiro\/#primaryimage\"},\"image\":{\"@id\":\"https:\/\/portaltela.pt\/noticias\/2026\/03\/24\/barcos-para-descongestionar-a-distribuicao-urbana-fabricados-no-barreiro\/#primaryimage\"},\"thumbnailUrl\":\"https:\/\/portaltela.pt\/s.01k8rhncp4jt1\/2026\/03\/2076527.jpg\",\"datePublished\":\"2026-03-24T19:08:00+00:00\",\"author\":{\"@id\":\"https:\/\/portaltela.pt\/#\/schema\/person\/c4278d4a6028830caff9ee44b42d32ed\"},\"breadcrumb\":{\"@id\":\"https:\/\/portaltela.pt\/noticias\/2026\/03\/24\/barcos-para-descongestionar-a-distribuicao-urbana-fabricados-no-barreiro\/#breadcrumb\"},\"inLanguage\":\"pt-PT\",\"potentialAction\":[{\"@type\":\"ReadAction\",\"target\":[\"https:\/\/portaltela.pt\/noticias\/2026\/03\/24\/barcos-para-descongestionar-a-distribuicao-urbana-fabricados-no-barreiro\/\"]}]},{\"@type\":\"ImageObject\",\"inLanguage\":\"pt-PT\",\"@id\":\"https:\/\/portaltela.pt\/noticias\/2026\/03\/24\/barcos-para-descongestionar-a-distribuicao-urbana-fabricados-no-barreiro\/#primaryimage\",\"url\":\"https:\/\/portaltela.pt\/s.01k8rhncp4jt1\/2026\/03\/2076527.jpg\",\"contentUrl\":\"https:\/\/portaltela.pt\/s.01k8rhncp4jt1\/2026\/03\/2076527.jpg\",\"width\":796,\"height\":448,\"caption\":\"Thomas Cassan, em cima da embarca\u00e7\u00e3o que \u00e9 uma das pe\u00e7as centrais do sistema log\u00edstico urbano\"},{\"@type\":\"BreadcrumbList\",\"@id\":\"https:\/\/portaltela.pt\/noticias\/2026\/03\/24\/barcos-para-descongestionar-a-distribuicao-urbana-fabricados-no-barreiro\/#breadcrumb\",\"itemListElement\":[{\"@type\":\"ListItem\",\"position\":1,\"name\":\"In\u00edcio\",\"item\":\"https:\/\/portaltela.pt\/\"},{\"@type\":\"ListItem\",\"position\":2,\"name\":\"Barcos para descongestionar a distribui\u00e7\u00e3o urbana fabricados no Barreiro\"}]},{\"@type\":\"WebSite\",\"@id\":\"https:\/\/portaltela.pt\/#website\",\"url\":\"https:\/\/portaltela.pt\/\",\"name\":\"Portal Tela Portugal\",\"description\":\"\",\"potentialAction\":[{\"@type\":\"SearchAction\",\"target\":{\"@type\":\"EntryPoint\",\"urlTemplate\":\"https:\/\/portaltela.pt\/?s={search_term_string}\"},\"query-input\":{\"@type\":\"PropertyValueSpecification\",\"valueRequired\":true,\"valueName\":\"search_term_string\"}}],\"inLanguage\":\"pt-PT\"},{\"@type\":\"Person\",\"@id\":\"https:\/\/portaltela.pt\/#\/schema\/person\/c4278d4a6028830caff9ee44b42d32ed\",\"name\":\"Telinha\",\"image\":{\"@type\":\"ImageObject\",\"inLanguage\":\"pt-PT\",\"@id\":\"https:\/\/portaltela.pt\/s.01k8rhncp4jt1\/2025\/11\/talking-bot-125x125.png\",\"url\":\"https:\/\/portaltela.pt\/s.01k8rhncp4jt1\/2025\/11\/talking-bot-125x125.png\",\"contentUrl\":\"https:\/\/portaltela.pt\/s.01k8rhncp4jt1\/2025\/11\/talking-bot-125x125.png\",\"caption\":\"Telinha\"},\"sameAs\":[\"https:\/\/portaltela.pt\/\"],\"url\":\"https:\/\/portaltela.pt\/por\/367410592786\/\"}]}<\/script>\n<!-- \/ Yoast SEO plugin. -->","yoast_head_json":{"title":"Barcos para descongestionar a distribui\u00e7\u00e3o urbana fabricados no Barreiro - Portal Tela Portugal","robots":{"index":"index","follow":"follow","max-snippet":"max-snippet:-1","max-image-preview":"max-image-preview:large","max-video-preview":"max-video-preview:-1"},"og_locale":"pt_PT","og_type":"article","og_title":"Barcos para descongestionar a distribui\u00e7\u00e3o urbana fabricados no Barreiro - Portal Tela Portugal","og_description":"A empresa francesa ULS criou um sistema de log\u00edstica urbana que usa barcos e bicicletas el\u00e9ctricos para substituir cami\u00f5es no centro das cidades. O projeto nasceu a partir de um pedido das autoridades municipais de Estrasburgo, para descongestionar as vias centrais. O sistema come\u00e7ou a operar em Estrasburgo em 2022 e, desde ent\u00e3o, tem sido considerado bem-sucedido. A ULS estreou-se em Estrasburgo, vai come\u00e7ar a operar em Paris e pretende atuar em Lisboa. O servi\u00e7o \u00e9 gerido atrav\u00e9s de uma concess\u00e3o municipal, com a distribui\u00e7\u00e3o de mercadorias realizada por barcos e bicicletas el\u00e9ctricos.","og_url":"https:\/\/portaltela.pt\/noticias\/2026\/03\/24\/barcos-para-descongestionar-a-distribuicao-urbana-fabricados-no-barreiro\/","og_site_name":"Portal Tela Portugal","article_published_time":"2026-03-24T19:08:00+00:00","author":"Telinha","twitter_card":"summary_large_image","twitter_misc":{"Escrito por":"Telinha","Tempo estimado de leitura":"1 minuto"},"schema":{"@context":"https:\/\/schema.org","@graph":[{"@type":"Article","@id":"https:\/\/portaltela.pt\/noticias\/2026\/03\/24\/barcos-para-descongestionar-a-distribuicao-urbana-fabricados-no-barreiro\/#article","isPartOf":{"@id":"https:\/\/portaltela.pt\/noticias\/2026\/03\/24\/barcos-para-descongestionar-a-distribuicao-urbana-fabricados-no-barreiro\/"},"author":{"name":"Telinha","@id":"https:\/\/portaltela.pt\/#\/schema\/person\/c4278d4a6028830caff9ee44b42d32ed"},"headline":"Barcos para descongestionar a distribui\u00e7\u00e3o urbana fabricados no Barreiro","datePublished":"2026-03-24T19:08:00+00:00","mainEntityOfPage":{"@id":"https:\/\/portaltela.pt\/noticias\/2026\/03\/24\/barcos-para-descongestionar-a-distribuicao-urbana-fabricados-no-barreiro\/"},"wordCount":201,"image":{"@id":"https:\/\/portaltela.pt\/noticias\/2026\/03\/24\/barcos-para-descongestionar-a-distribuicao-urbana-fabricados-no-barreiro\/#primaryimage"},"thumbnailUrl":"https:\/\/portaltela.pt\/s.01k8rhncp4jt1\/2026\/03\/2076527.jpg","keywords":["barcos","Estrasburgo","Lisboa","Log\u00edstica","meio-ambiente","Paris"],"articleSection":["Meio Ambiente"],"inLanguage":"pt-PT"},{"@type":"WebPage","@id":"https:\/\/portaltela.pt\/noticias\/2026\/03\/24\/barcos-para-descongestionar-a-distribuicao-urbana-fabricados-no-barreiro\/","url":"https:\/\/portaltela.pt\/noticias\/2026\/03\/24\/barcos-para-descongestionar-a-distribuicao-urbana-fabricados-no-barreiro\/","name":"Barcos para descongestionar a distribui\u00e7\u00e3o urbana fabricados no Barreiro - Portal Tela Portugal","isPartOf":{"@id":"https:\/\/portaltela.pt\/#website"},"primaryImageOfPage":{"@id":"https:\/\/portaltela.pt\/noticias\/2026\/03\/24\/barcos-para-descongestionar-a-distribuicao-urbana-fabricados-no-barreiro\/#primaryimage"},"image":{"@id":"https:\/\/portaltela.pt\/noticias\/2026\/03\/24\/barcos-para-descongestionar-a-distribuicao-urbana-fabricados-no-barreiro\/#primaryimage"},"thumbnailUrl":"https:\/\/portaltela.pt\/s.01k8rhncp4jt1\/2026\/03\/2076527.jpg","datePublished":"2026-03-24T19:08:00+00:00","author":{"@id":"https:\/\/portaltela.pt\/#\/schema\/person\/c4278d4a6028830caff9ee44b42d32ed"},"breadcrumb":{"@id":"https:\/\/portaltela.pt\/noticias\/2026\/03\/24\/barcos-para-descongestionar-a-distribuicao-urbana-fabricados-no-barreiro\/#breadcrumb"},"inLanguage":"pt-PT","potentialAction":[{"@type":"ReadAction","target":["https:\/\/portaltela.pt\/noticias\/2026\/03\/24\/barcos-para-descongestionar-a-distribuicao-urbana-fabricados-no-barreiro\/"]}]},{"@type":"ImageObject","inLanguage":"pt-PT","@id":"https:\/\/portaltela.pt\/noticias\/2026\/03\/24\/barcos-para-descongestionar-a-distribuicao-urbana-fabricados-no-barreiro\/#primaryimage","url":"https:\/\/portaltela.pt\/s.01k8rhncp4jt1\/2026\/03\/2076527.jpg","contentUrl":"https:\/\/portaltela.pt\/s.01k8rhncp4jt1\/2026\/03\/2076527.jpg","width":796,"height":448,"caption":"Thomas Cassan, em cima da embarca\u00e7\u00e3o que \u00e9 uma das pe\u00e7as centrais do sistema log\u00edstico urbano"},{"@type":"BreadcrumbList","@id":"https:\/\/portaltela.pt\/noticias\/2026\/03\/24\/barcos-para-descongestionar-a-distribuicao-urbana-fabricados-no-barreiro\/#breadcrumb","itemListElement":[{"@type":"ListItem","position":1,"name":"In\u00edcio","item":"https:\/\/portaltela.pt\/"},{"@type":"ListItem","position":2,"name":"Barcos para descongestionar a distribui\u00e7\u00e3o urbana fabricados no Barreiro"}]},{"@type":"WebSite","@id":"https:\/\/portaltela.pt\/#website","url":"https:\/\/portaltela.pt\/","name":"Portal Tela Portugal","description":"","potentialAction":[{"@type":"SearchAction","target":{"@type":"EntryPoint","urlTemplate":"https:\/\/portaltela.pt\/?s={search_term_string}"},"query-input":{"@type":"PropertyValueSpecification","valueRequired":true,"valueName":"search_term_string"}}],"inLanguage":"pt-PT"},{"@type":"Person","@id":"https:\/\/portaltela.pt\/#\/schema\/person\/c4278d4a6028830caff9ee44b42d32ed","name":"Telinha","image":{"@type":"ImageObject","inLanguage":"pt-PT","@id":"https:\/\/portaltela.pt\/s.01k8rhncp4jt1\/2025\/11\/talking-bot-125x125.png","url":"https:\/\/portaltela.pt\/s.01k8rhncp4jt1\/2025\/11\/talking-bot-125x125.png","contentUrl":"https:\/\/portaltela.pt\/s.01k8rhncp4jt1\/2025\/11\/talking-bot-125x125.png","caption":"Telinha"},"sameAs":["https:\/\/portaltela.pt\/"],"url":"https:\/\/portaltela.pt\/por\/367410592786\/"}]}},"_links":{"self":[{"href":"https:\/\/portaltela.pt\/api\/wp\/v2\/posts\/420005","targetHints":{"allow":["GET"]}}],"collection":[{"href":"https:\/\/portaltela.pt\/api\/wp\/v2\/posts"}],"about":[{"href":"https:\/\/portaltela.pt\/api\/wp\/v2\/types\/post"}],"author":[{"embeddable":true,"href":"https:\/\/portaltela.pt\/api\/wp\/v2\/users\/2"}],"replies":[{"embeddable":true,"href":"https:\/\/portaltela.pt\/api\/wp\/v2\/comments?post=420005"}],"version-history":[{"count":0,"href":"https:\/\/portaltela.pt\/api\/wp\/v2\/posts\/420005\/revisions"}],"wp:featuredmedia":[{"embeddable":true,"href":"https:\/\/portaltela.pt\/api\/wp\/v2\/media\/420010"}],"wp:attachment":[{"href":"https:\/\/portaltela.pt\/api\/wp\/v2\/media?parent=420005"}],"wp:term":[{"taxonomy":"category","embeddable":true,"href":"https:\/\/portaltela.pt\/api\/wp\/v2\/categories?post=420005"},{"taxonomy":"post_tag","embeddable":true,"href":"https:\/\/portaltela.pt\/api\/wp\/v2\/tags?post=420005"}],"curies":[{"name":"wp","href":"https:\/\/api.w.org\/{rel}","templated":true}]}}