{"id":420004,"date":"2026-03-24T16:00:00","date_gmt":"2026-03-24T19:00:00","guid":{"rendered":"https:\/\/portaltela.pt\/noticias\/2026\/03\/24\/escolas-para-o-tribunal-constitucional-e-outros-temas-no-60-segundos\/"},"modified":"2026-03-24T16:00:00","modified_gmt":"2026-03-24T19:00:00","slug":"escolas-para-o-tribunal-constitucional-e-outros-temas-no-60-segundos","status":"publish","type":"post","link":"https:\/\/portaltela.pt\/noticias\/2026\/03\/24\/escolas-para-o-tribunal-constitucional-e-outros-temas-no-60-segundos\/","title":{"rendered":"Escolas para o Tribunal Constitucional e outros temas no 60 segundos"},"content":{"rendered":"<p>O Governo vai criar escolas para formar ju\u00edzes do Tribunal Constitucional. A medida foi anunciada hoje pelo primeiro-ministro, Ant\u00f3nio Costa, no debate quinzenal na Assembleia da Rep\u00fablica. A forma\u00e7\u00e3o ser\u00e1 feita em parceria com a Universidade de Lisboa e a Ordem dos Advogados, para assegurar uma prepara\u00e7\u00e3o s\u00f3lida e atualizada.<\/p>\n<p>Costa explicou que as escolas resultam de uma recomenda\u00e7\u00e3o do Conselho da Europa sobre a melhoria da forma\u00e7\u00e3o de ju\u00edzes constitucionais. A prioridade \u00e9 que os ju\u00edzes atuem com rigor e independ\u00eancia, com forma\u00e7\u00e3o cont\u00ednua para acompanhar quest\u00f5es jur\u00eddicas e sociais relevantes.<\/p>\n<p>O chefe do Executivo real\u00e7ou que o Governo j\u00e1 est\u00e1 a trabalhar no projeto de lei que criar\u00e1 as escolas e que pretende que o diploma seja aprovado ainda este ano. O objetivo \u00e9 que as escolas entrem em funcionamento o mais breve poss\u00edvel, disse.<\/p>\n<h3>Especificidades do projeto<\/h3>\n<p>As escolas ser\u00e3o criadas em parceria com a Universidade de Lisboa e a Ordem dos Advogados, segundo o an\u00fancio. O programa incluir\u00e1 forma\u00e7\u00e3o inicial e um regime de forma\u00e7\u00e3o cont\u00ednua para ju\u00edzes do Tribunal Constitucional, com foco na atualiza\u00e7\u00e3o jur\u00eddica e social.<\/p>\n<p>O Governo tamb\u00e9m indicou que o projeto de lei prev\u00ea implementa\u00e7\u00e3o gradual e monitoriza\u00e7\u00e3o de resultados. A iniciativa insere-se na estrat\u00e9gia de fortalecer a qualidade institucional e a independ\u00eancia do Tribunal Constitucional.<\/p>\n","protected":false},"excerpt":{"rendered":"<ul>\n<li>O Governo vai criar escolas para formar ju\u00edzes do Tribunal Constitucional, em parceria com a Universidade de Lisboa e a Ordem dos Advogados.<\/li>\n<\/ul>\n<p>\u2022<\/p>\n<ul>\n<li>A iniciativa resulta de uma recomenda\u00e7\u00e3o do Conselho da Europa para melhorar a forma\u00e7\u00e3o dos ju\u00edzes constitucionais.<\/li>\n<\/ul>\n<p>\u2022<\/p>\n<ul>\n<li>Vai haver um programa de forma\u00e7\u00e3o cont\u00ednua para manter os ju\u00edzes atualizados sobre quest\u00f5es jur\u00eddicas e sociais relevantes.<\/li>\n<\/ul>\n<p>\u2022<\/p>\n<ul>\n<li>O Governo j\u00e1 est\u00e1 a trabalhar no projeto de lei para criar as escolas, com expectativa de aprova\u00e7\u00e3o ainda neste ano.<\/li>\n<\/ul>\n<p>\u2022<\/p>\n<ul>\n<li>O objetivo \u00e9 assegurar forma\u00e7\u00e3o s\u00f3lida e independ\u00eancia do Tribunal Constitucional, contribuindo para a qualidade da justi\u00e7a.<\/li>\n<\/ul>\n","protected":false},"author":2,"featured_media":420011,"comment_status":"closed","ping_status":"closed","sticky":false,"template":"","format":"standard","meta":{"footnotes":""},"categories":[6815,1],"tags":[4057,6337,163,2610,6208,58],"class_list":["post-420004","post","type-post","status-publish","format-standard","has-post-thumbnail","hentry","category-justica","category-noticias","tag-constituicao","tag-direito","tag-educacao","tag-ordem-dos-advogados","tag-tribunais","tag-universidades"],"yoast_head":"<!-- This site is optimized with the Yoast SEO plugin v27.2 - https:\/\/yoast.com\/product\/yoast-seo-wordpress\/ -->\n<title>Escolas para o Tribunal Constitucional e outros temas no 60 segundos - Portal Tela Portugal<\/title>\n<meta name=\"robots\" content=\"index, follow, max-snippet:-1, max-image-preview:large, max-video-preview:-1\" \/>\n<meta property=\"og:locale\" content=\"pt_PT\" \/>\n<meta property=\"og:type\" content=\"article\" \/>\n<meta property=\"og:title\" content=\"Escolas para o Tribunal Constitucional e outros temas no 60 segundos - Portal Tela Portugal\" \/>\n<meta property=\"og:description\" content=\"O Governo vai criar escolas para formar ju\u00edzes do Tribunal Constitucional, em parceria com a Universidade de Lisboa e a Ordem dos Advogados. \u2022 A iniciativa resulta de uma recomenda\u00e7\u00e3o do Conselho da Europa para melhorar a forma\u00e7\u00e3o dos ju\u00edzes constitucionais. \u2022 Vai haver um programa de forma\u00e7\u00e3o cont\u00ednua para manter os ju\u00edzes atualizados sobre quest\u00f5es jur\u00eddicas e sociais relevantes. \u2022 O Governo j\u00e1 est\u00e1 a trabalhar no projeto de lei para criar as escolas, com expectativa de aprova\u00e7\u00e3o ainda neste ano. \u2022 O objetivo \u00e9 assegurar forma\u00e7\u00e3o s\u00f3lida e independ\u00eancia do Tribunal Constitucional, contribuindo para a qualidade da justi\u00e7a.\" \/>\n<meta property=\"og:url\" content=\"https:\/\/portaltela.pt\/noticias\/2026\/03\/24\/escolas-para-o-tribunal-constitucional-e-outros-temas-no-60-segundos\/\" \/>\n<meta property=\"og:site_name\" content=\"Portal Tela Portugal\" \/>\n<meta property=\"article:published_time\" content=\"2026-03-24T19:00:00+00:00\" \/>\n<meta name=\"author\" content=\"Telinha\" \/>\n<meta name=\"twitter:card\" content=\"summary_large_image\" \/>\n<meta name=\"twitter:label1\" content=\"Escrito por\" \/>\n\t<meta name=\"twitter:data1\" content=\"Telinha\" \/>\n\t<meta name=\"twitter:label2\" content=\"Tempo estimado de leitura\" \/>\n\t<meta name=\"twitter:data2\" content=\"1 minuto\" \/>\n<script type=\"application\/ld+json\" class=\"yoast-schema-graph\">{\"@context\":\"https:\/\/schema.org\",\"@graph\":[{\"@type\":\"Article\",\"@id\":\"https:\/\/portaltela.pt\/noticias\/2026\/03\/24\/escolas-para-o-tribunal-constitucional-e-outros-temas-no-60-segundos\/#article\",\"isPartOf\":{\"@id\":\"https:\/\/portaltela.pt\/noticias\/2026\/03\/24\/escolas-para-o-tribunal-constitucional-e-outros-temas-no-60-segundos\/\"},\"author\":{\"name\":\"Telinha\",\"@id\":\"https:\/\/portaltela.pt\/#\/schema\/person\/c4278d4a6028830caff9ee44b42d32ed\"},\"headline\":\"Escolas para o Tribunal Constitucional e outros temas no 60 segundos\",\"datePublished\":\"2026-03-24T19:00:00+00:00\",\"mainEntityOfPage\":{\"@id\":\"https:\/\/portaltela.pt\/noticias\/2026\/03\/24\/escolas-para-o-tribunal-constitucional-e-outros-temas-no-60-segundos\/\"},\"wordCount\":252,\"image\":{\"@id\":\"https:\/\/portaltela.pt\/noticias\/2026\/03\/24\/escolas-para-o-tribunal-constitucional-e-outros-temas-no-60-segundos\/#primaryimage\"},\"thumbnailUrl\":\"https:\/\/portaltela.pt\/s.01k8rhncp4jt1\/2026\/03\/effa95b5-75ac-4068-9d00-0fa892ea9dce_1200x675.jpg\",\"keywords\":[\"constitui\u00e7\u00e3o\",\"direito\",\"educa\u00e7\u00e3o\",\"Ordem dos Advogados\",\"Tribunais\",\"universidades\"],\"articleSection\":[\"Justi\u00e7a\",\"Not\u00edcias\"],\"inLanguage\":\"pt-PT\"},{\"@type\":\"WebPage\",\"@id\":\"https:\/\/portaltela.pt\/noticias\/2026\/03\/24\/escolas-para-o-tribunal-constitucional-e-outros-temas-no-60-segundos\/\",\"url\":\"https:\/\/portaltela.pt\/noticias\/2026\/03\/24\/escolas-para-o-tribunal-constitucional-e-outros-temas-no-60-segundos\/\",\"name\":\"Escolas para o Tribunal Constitucional e outros temas no 60 segundos - Portal Tela Portugal\",\"isPartOf\":{\"@id\":\"https:\/\/portaltela.pt\/#website\"},\"primaryImageOfPage\":{\"@id\":\"https:\/\/portaltela.pt\/noticias\/2026\/03\/24\/escolas-para-o-tribunal-constitucional-e-outros-temas-no-60-segundos\/#primaryimage\"},\"image\":{\"@id\":\"https:\/\/portaltela.pt\/noticias\/2026\/03\/24\/escolas-para-o-tribunal-constitucional-e-outros-temas-no-60-segundos\/#primaryimage\"},\"thumbnailUrl\":\"https:\/\/portaltela.pt\/s.01k8rhncp4jt1\/2026\/03\/effa95b5-75ac-4068-9d00-0fa892ea9dce_1200x675.jpg\",\"datePublished\":\"2026-03-24T19:00:00+00:00\",\"author\":{\"@id\":\"https:\/\/portaltela.pt\/#\/schema\/person\/c4278d4a6028830caff9ee44b42d32ed\"},\"breadcrumb\":{\"@id\":\"https:\/\/portaltela.pt\/noticias\/2026\/03\/24\/escolas-para-o-tribunal-constitucional-e-outros-temas-no-60-segundos\/#breadcrumb\"},\"inLanguage\":\"pt-PT\",\"potentialAction\":[{\"@type\":\"ReadAction\",\"target\":[\"https:\/\/portaltela.pt\/noticias\/2026\/03\/24\/escolas-para-o-tribunal-constitucional-e-outros-temas-no-60-segundos\/\"]}]},{\"@type\":\"ImageObject\",\"inLanguage\":\"pt-PT\",\"@id\":\"https:\/\/portaltela.pt\/noticias\/2026\/03\/24\/escolas-para-o-tribunal-constitucional-e-outros-temas-no-60-segundos\/#primaryimage\",\"url\":\"https:\/\/portaltela.pt\/s.01k8rhncp4jt1\/2026\/03\/effa95b5-75ac-4068-9d00-0fa892ea9dce_1200x675.jpg\",\"contentUrl\":\"https:\/\/portaltela.pt\/s.01k8rhncp4jt1\/2026\/03\/effa95b5-75ac-4068-9d00-0fa892ea9dce_1200x675.jpg\",\"width\":1200,\"height\":675,\"caption\":\"Photo\"},{\"@type\":\"BreadcrumbList\",\"@id\":\"https:\/\/portaltela.pt\/noticias\/2026\/03\/24\/escolas-para-o-tribunal-constitucional-e-outros-temas-no-60-segundos\/#breadcrumb\",\"itemListElement\":[{\"@type\":\"ListItem\",\"position\":1,\"name\":\"In\u00edcio\",\"item\":\"https:\/\/portaltela.pt\/\"},{\"@type\":\"ListItem\",\"position\":2,\"name\":\"Escolas para o Tribunal Constitucional e outros temas no 60 segundos\"}]},{\"@type\":\"WebSite\",\"@id\":\"https:\/\/portaltela.pt\/#website\",\"url\":\"https:\/\/portaltela.pt\/\",\"name\":\"Portal Tela Portugal\",\"description\":\"\",\"potentialAction\":[{\"@type\":\"SearchAction\",\"target\":{\"@type\":\"EntryPoint\",\"urlTemplate\":\"https:\/\/portaltela.pt\/?s={search_term_string}\"},\"query-input\":{\"@type\":\"PropertyValueSpecification\",\"valueRequired\":true,\"valueName\":\"search_term_string\"}}],\"inLanguage\":\"pt-PT\"},{\"@type\":\"Person\",\"@id\":\"https:\/\/portaltela.pt\/#\/schema\/person\/c4278d4a6028830caff9ee44b42d32ed\",\"name\":\"Telinha\",\"image\":{\"@type\":\"ImageObject\",\"inLanguage\":\"pt-PT\",\"@id\":\"https:\/\/portaltela.pt\/s.01k8rhncp4jt1\/2025\/11\/talking-bot-125x125.png\",\"url\":\"https:\/\/portaltela.pt\/s.01k8rhncp4jt1\/2025\/11\/talking-bot-125x125.png\",\"contentUrl\":\"https:\/\/portaltela.pt\/s.01k8rhncp4jt1\/2025\/11\/talking-bot-125x125.png\",\"caption\":\"Telinha\"},\"sameAs\":[\"https:\/\/portaltela.pt\/\"],\"url\":\"https:\/\/portaltela.pt\/por\/367410592786\/\"}]}<\/script>\n<!-- \/ Yoast SEO plugin. -->","yoast_head_json":{"title":"Escolas para o Tribunal Constitucional e outros temas no 60 segundos - Portal Tela Portugal","robots":{"index":"index","follow":"follow","max-snippet":"max-snippet:-1","max-image-preview":"max-image-preview:large","max-video-preview":"max-video-preview:-1"},"og_locale":"pt_PT","og_type":"article","og_title":"Escolas para o Tribunal Constitucional e outros temas no 60 segundos - Portal Tela Portugal","og_description":"O Governo vai criar escolas para formar ju\u00edzes do Tribunal Constitucional, em parceria com a Universidade de Lisboa e a Ordem dos Advogados. \u2022 A iniciativa resulta de uma recomenda\u00e7\u00e3o do Conselho da Europa para melhorar a forma\u00e7\u00e3o dos ju\u00edzes constitucionais. \u2022 Vai haver um programa de forma\u00e7\u00e3o cont\u00ednua para manter os ju\u00edzes atualizados sobre quest\u00f5es jur\u00eddicas e sociais relevantes. \u2022 O Governo j\u00e1 est\u00e1 a trabalhar no projeto de lei para criar as escolas, com expectativa de aprova\u00e7\u00e3o ainda neste ano. \u2022 O objetivo \u00e9 assegurar forma\u00e7\u00e3o s\u00f3lida e independ\u00eancia do Tribunal Constitucional, contribuindo para a qualidade da justi\u00e7a.","og_url":"https:\/\/portaltela.pt\/noticias\/2026\/03\/24\/escolas-para-o-tribunal-constitucional-e-outros-temas-no-60-segundos\/","og_site_name":"Portal Tela Portugal","article_published_time":"2026-03-24T19:00:00+00:00","author":"Telinha","twitter_card":"summary_large_image","twitter_misc":{"Escrito por":"Telinha","Tempo estimado de leitura":"1 minuto"},"schema":{"@context":"https:\/\/schema.org","@graph":[{"@type":"Article","@id":"https:\/\/portaltela.pt\/noticias\/2026\/03\/24\/escolas-para-o-tribunal-constitucional-e-outros-temas-no-60-segundos\/#article","isPartOf":{"@id":"https:\/\/portaltela.pt\/noticias\/2026\/03\/24\/escolas-para-o-tribunal-constitucional-e-outros-temas-no-60-segundos\/"},"author":{"name":"Telinha","@id":"https:\/\/portaltela.pt\/#\/schema\/person\/c4278d4a6028830caff9ee44b42d32ed"},"headline":"Escolas para o Tribunal Constitucional e outros temas no 60 segundos","datePublished":"2026-03-24T19:00:00+00:00","mainEntityOfPage":{"@id":"https:\/\/portaltela.pt\/noticias\/2026\/03\/24\/escolas-para-o-tribunal-constitucional-e-outros-temas-no-60-segundos\/"},"wordCount":252,"image":{"@id":"https:\/\/portaltela.pt\/noticias\/2026\/03\/24\/escolas-para-o-tribunal-constitucional-e-outros-temas-no-60-segundos\/#primaryimage"},"thumbnailUrl":"https:\/\/portaltela.pt\/s.01k8rhncp4jt1\/2026\/03\/effa95b5-75ac-4068-9d00-0fa892ea9dce_1200x675.jpg","keywords":["constitui\u00e7\u00e3o","direito","educa\u00e7\u00e3o","Ordem dos Advogados","Tribunais","universidades"],"articleSection":["Justi\u00e7a","Not\u00edcias"],"inLanguage":"pt-PT"},{"@type":"WebPage","@id":"https:\/\/portaltela.pt\/noticias\/2026\/03\/24\/escolas-para-o-tribunal-constitucional-e-outros-temas-no-60-segundos\/","url":"https:\/\/portaltela.pt\/noticias\/2026\/03\/24\/escolas-para-o-tribunal-constitucional-e-outros-temas-no-60-segundos\/","name":"Escolas para o Tribunal Constitucional e outros temas no 60 segundos - Portal Tela Portugal","isPartOf":{"@id":"https:\/\/portaltela.pt\/#website"},"primaryImageOfPage":{"@id":"https:\/\/portaltela.pt\/noticias\/2026\/03\/24\/escolas-para-o-tribunal-constitucional-e-outros-temas-no-60-segundos\/#primaryimage"},"image":{"@id":"https:\/\/portaltela.pt\/noticias\/2026\/03\/24\/escolas-para-o-tribunal-constitucional-e-outros-temas-no-60-segundos\/#primaryimage"},"thumbnailUrl":"https:\/\/portaltela.pt\/s.01k8rhncp4jt1\/2026\/03\/effa95b5-75ac-4068-9d00-0fa892ea9dce_1200x675.jpg","datePublished":"2026-03-24T19:00:00+00:00","author":{"@id":"https:\/\/portaltela.pt\/#\/schema\/person\/c4278d4a6028830caff9ee44b42d32ed"},"breadcrumb":{"@id":"https:\/\/portaltela.pt\/noticias\/2026\/03\/24\/escolas-para-o-tribunal-constitucional-e-outros-temas-no-60-segundos\/#breadcrumb"},"inLanguage":"pt-PT","potentialAction":[{"@type":"ReadAction","target":["https:\/\/portaltela.pt\/noticias\/2026\/03\/24\/escolas-para-o-tribunal-constitucional-e-outros-temas-no-60-segundos\/"]}]},{"@type":"ImageObject","inLanguage":"pt-PT","@id":"https:\/\/portaltela.pt\/noticias\/2026\/03\/24\/escolas-para-o-tribunal-constitucional-e-outros-temas-no-60-segundos\/#primaryimage","url":"https:\/\/portaltela.pt\/s.01k8rhncp4jt1\/2026\/03\/effa95b5-75ac-4068-9d00-0fa892ea9dce_1200x675.jpg","contentUrl":"https:\/\/portaltela.pt\/s.01k8rhncp4jt1\/2026\/03\/effa95b5-75ac-4068-9d00-0fa892ea9dce_1200x675.jpg","width":1200,"height":675,"caption":"Photo"},{"@type":"BreadcrumbList","@id":"https:\/\/portaltela.pt\/noticias\/2026\/03\/24\/escolas-para-o-tribunal-constitucional-e-outros-temas-no-60-segundos\/#breadcrumb","itemListElement":[{"@type":"ListItem","position":1,"name":"In\u00edcio","item":"https:\/\/portaltela.pt\/"},{"@type":"ListItem","position":2,"name":"Escolas para o Tribunal Constitucional e outros temas no 60 segundos"}]},{"@type":"WebSite","@id":"https:\/\/portaltela.pt\/#website","url":"https:\/\/portaltela.pt\/","name":"Portal Tela Portugal","description":"","potentialAction":[{"@type":"SearchAction","target":{"@type":"EntryPoint","urlTemplate":"https:\/\/portaltela.pt\/?s={search_term_string}"},"query-input":{"@type":"PropertyValueSpecification","valueRequired":true,"valueName":"search_term_string"}}],"inLanguage":"pt-PT"},{"@type":"Person","@id":"https:\/\/portaltela.pt\/#\/schema\/person\/c4278d4a6028830caff9ee44b42d32ed","name":"Telinha","image":{"@type":"ImageObject","inLanguage":"pt-PT","@id":"https:\/\/portaltela.pt\/s.01k8rhncp4jt1\/2025\/11\/talking-bot-125x125.png","url":"https:\/\/portaltela.pt\/s.01k8rhncp4jt1\/2025\/11\/talking-bot-125x125.png","contentUrl":"https:\/\/portaltela.pt\/s.01k8rhncp4jt1\/2025\/11\/talking-bot-125x125.png","caption":"Telinha"},"sameAs":["https:\/\/portaltela.pt\/"],"url":"https:\/\/portaltela.pt\/por\/367410592786\/"}]}},"_links":{"self":[{"href":"https:\/\/portaltela.pt\/api\/wp\/v2\/posts\/420004","targetHints":{"allow":["GET"]}}],"collection":[{"href":"https:\/\/portaltela.pt\/api\/wp\/v2\/posts"}],"about":[{"href":"https:\/\/portaltela.pt\/api\/wp\/v2\/types\/post"}],"author":[{"embeddable":true,"href":"https:\/\/portaltela.pt\/api\/wp\/v2\/users\/2"}],"replies":[{"embeddable":true,"href":"https:\/\/portaltela.pt\/api\/wp\/v2\/comments?post=420004"}],"version-history":[{"count":0,"href":"https:\/\/portaltela.pt\/api\/wp\/v2\/posts\/420004\/revisions"}],"wp:featuredmedia":[{"embeddable":true,"href":"https:\/\/portaltela.pt\/api\/wp\/v2\/media\/420011"}],"wp:attachment":[{"href":"https:\/\/portaltela.pt\/api\/wp\/v2\/media?parent=420004"}],"wp:term":[{"taxonomy":"category","embeddable":true,"href":"https:\/\/portaltela.pt\/api\/wp\/v2\/categories?post=420004"},{"taxonomy":"post_tag","embeddable":true,"href":"https:\/\/portaltela.pt\/api\/wp\/v2\/tags?post=420004"}],"curies":[{"name":"wp","href":"https:\/\/api.w.org\/{rel}","templated":true}]}}