{"id":419997,"date":"2026-03-24T16:09:00","date_gmt":"2026-03-24T19:09:00","guid":{"rendered":"https:\/\/portaltela.pt\/noticias\/2026\/03\/24\/centenas-de-alunos-pedem-o-fim-das-propinas-ministro-defende-aumento\/"},"modified":"2026-03-24T16:09:00","modified_gmt":"2026-03-24T19:09:00","slug":"centenas-de-alunos-pedem-o-fim-das-propinas-ministro-defende-aumento","status":"publish","type":"post","link":"https:\/\/portaltela.pt\/sociedade\/2026\/03\/24\/centenas-de-alunos-pedem-o-fim-das-propinas-ministro-defende-aumento\/","title":{"rendered":"Centenas de alunos pedem o fim das propinas; ministro defende aumento"},"content":{"rendered":"<p>Centenas de estudantes sa\u00edram \u00e0 rua em Lisboa para exigir a gratuitidade do Ensino Superior, num Dia Nacional do Estudante marcado por protestos em v\u00e1rias regi\u00f5es do pa\u00eds. O movimento tamb\u00e9m pediu melhores bolsas e mais alojamento. A manifesta\u00e7\u00e3o foi do Rossio ao Parlamento, com participa\u00e7\u00e3o de associa\u00e7\u00f5es estudantis e acad\u00e9micas, tunas e comiss\u00f5es de residentes.<\/p>\n<p>O ministro da Educa\u00e7\u00e3o, Fernando Alexandre, esteve presente num encontro com essas associa\u00e7\u00f5es no Teatro Thalia, onde defendeu que a propina deve ficar atualizada consoante a infla\u00e7\u00e3o e apontou que o valor tem vindo a diminuir nos \u00faltimos anos. O governante reiterou que as propinas financiam as institui\u00e7\u00f5es e ajudam a manter a autonomia face ao Governo.<\/p>\n<p>Sugest\u00e3o de alojamento foi tema central ap\u00f3s a conversa. Representantes estudantis consideraram o alojamento como entrave \u00e0 frequ\u00eancia e recordaram custos elevados em cidades como Porto e Lisboa, que chegam a 400 a 500 euros por quarto. Em setembro, o Governo prev\u00ea adicionar 14 mil camas em resid\u00eancias universit\u00e1rias.<\/p>\n<p>Plano Nacional para o Alojamento no Ensino Superior (PNAES) \u00e9 apontado como solu\u00e7\u00e3o de m\u00e9dio prazo. O ministro explicou que dezenas de resid\u00eancias devem avan\u00e7ar, abrangendo v\u00e1rias regi\u00f5es do pa\u00eds, incluindo norte, centro e sul, para aumentar a oferta de camas. O objetivo \u00e9 reduzir a desloca\u00e7\u00e3o de cerca de 175 mil alunos.<\/p>\n<p>A Federa\u00e7\u00e3o Acad\u00e9mica do Porto (FAP) informou que vai apresentar ao Parlamento propostas de reforma para modernizar o pa\u00eds, com foco em sa\u00fade, educa\u00e7\u00e3o, economia e estado. Entre as propostas, reside a autonomia de unidades locais de sa\u00fade e a elei\u00e7\u00e3o de seus \u00f3rg\u00e3os pela comunidade.<\/p>\n<p>Mais de 100 alunos da Escola Art\u00edstica Soares dos Reis, no Porto, tamb\u00e9m manifestaram-se, exigindo melhores condi\u00e7\u00f5es no ensino art\u00edstico p\u00fablico. Os estudantes encerraram os port\u00f5es da escola e dirigiram-se \u00e0 Dire\u00e7\u00e3o Regional de Educa\u00e7\u00e3o do Norte para expressar o descontentamento.<\/p>\n","protected":false},"excerpt":{"rendered":"<ul>\n<li>Centenas de estudantes sa\u00edram \u00e0s ruas em Lisboa para exigir a gratuitidade do Ensino Superior, no Dia Nacional do Estudante, com marchas do Rossio ao Parlamento.<\/li>\n<li>O ministro da Educa\u00e7\u00e3o, Fernando Alexandre, defendeu que a propina deve ser atualizada conforme a infla\u00e7\u00e3o, mesmo estando congelada.<\/li>\n<li>O governante ressalvou que as propinas t\u00eam aumentado o poder de financiamento das institui\u00e7\u00f5es, fortalecendo a autonomia e reduzindo a depend\u00eancia do Governo.<\/li>\n<li>Estudantes pedem mais apoio, nomeadamente em alojamento; afirmam que os custos de alojamento dificultam o acesso e o sucesso acad\u00e9mico.<\/li>\n<li>O Plano Nacional para o Alojamento no Ensino Superior prev\u00ea abertura de mais de 18 mil camas, com v\u00e1rias resid\u00eancias a entrar em funcionamento em todo o pa\u00eds, incluindo Bragan\u00e7a e o Algarve.<\/li>\n<\/ul>\n","protected":false},"author":2,"featured_media":420001,"comment_status":"closed","ping_status":"closed","sticky":false,"template":"","format":"standard","meta":{"footnotes":""},"categories":[7384,6871],"tags":[163,2443,6623,150,3391],"class_list":["post-419997","post","type-post","status-publish","format-standard","has-post-thumbnail","hentry","category-curiosidades","category-sociedade","tag-educacao","tag-educacao-publica","tag-ensino-superior","tag-habitacao","tag-propinas"],"yoast_head":"<!-- This site is optimized with the Yoast SEO plugin v27.2 - https:\/\/yoast.com\/product\/yoast-seo-wordpress\/ -->\n<title>Centenas de alunos pedem o fim das propinas; ministro defende aumento - Portal Tela Portugal<\/title>\n<meta name=\"robots\" content=\"index, follow, max-snippet:-1, max-image-preview:large, max-video-preview:-1\" \/>\n<meta property=\"og:locale\" content=\"pt_PT\" \/>\n<meta property=\"og:type\" content=\"article\" \/>\n<meta property=\"og:title\" content=\"Centenas de alunos pedem o fim das propinas; ministro defende aumento - Portal Tela Portugal\" \/>\n<meta property=\"og:description\" content=\"Centenas de estudantes sa\u00edram \u00e0s ruas em Lisboa para exigir a gratuitidade do Ensino Superior, no Dia Nacional do Estudante, com marchas do Rossio ao Parlamento. O ministro da Educa\u00e7\u00e3o, Fernando Alexandre, defendeu que a propina deve ser atualizada conforme a infla\u00e7\u00e3o, mesmo estando congelada. O governante ressalvou que as propinas t\u00eam aumentado o poder de financiamento das institui\u00e7\u00f5es, fortalecendo a autonomia e reduzindo a depend\u00eancia do Governo. Estudantes pedem mais apoio, nomeadamente em alojamento; afirmam que os custos de alojamento dificultam o acesso e o sucesso acad\u00e9mico. O Plano Nacional para o Alojamento no Ensino Superior prev\u00ea abertura de mais de 18 mil camas, com v\u00e1rias resid\u00eancias a entrar em funcionamento em todo o pa\u00eds, incluindo Bragan\u00e7a e o Algarve.\" \/>\n<meta property=\"og:url\" content=\"https:\/\/portaltela.pt\/noticias\/2026\/03\/24\/centenas-de-alunos-pedem-o-fim-das-propinas-ministro-defende-aumento\/\" \/>\n<meta property=\"og:site_name\" content=\"Portal Tela Portugal\" \/>\n<meta property=\"article:published_time\" content=\"2026-03-24T19:09:00+00:00\" \/>\n<meta name=\"author\" content=\"Telinha\" \/>\n<meta name=\"twitter:card\" content=\"summary_large_image\" \/>\n<meta name=\"twitter:label1\" content=\"Escrito por\" \/>\n\t<meta name=\"twitter:data1\" content=\"Telinha\" \/>\n\t<meta name=\"twitter:label2\" content=\"Tempo estimado de leitura\" \/>\n\t<meta name=\"twitter:data2\" content=\"2 minutos\" \/>\n<script type=\"application\/ld+json\" class=\"yoast-schema-graph\">{\"@context\":\"https:\/\/schema.org\",\"@graph\":[{\"@type\":\"Article\",\"@id\":\"https:\/\/portaltela.pt\/noticias\/2026\/03\/24\/centenas-de-alunos-pedem-o-fim-das-propinas-ministro-defende-aumento\/#article\",\"isPartOf\":{\"@id\":\"https:\/\/portaltela.pt\/noticias\/2026\/03\/24\/centenas-de-alunos-pedem-o-fim-das-propinas-ministro-defende-aumento\/\"},\"author\":{\"name\":\"Telinha\",\"@id\":\"https:\/\/portaltela.pt\/#\/schema\/person\/c4278d4a6028830caff9ee44b42d32ed\"},\"headline\":\"Centenas de alunos pedem o fim das propinas; ministro defende aumento\",\"datePublished\":\"2026-03-24T19:09:00+00:00\",\"mainEntityOfPage\":{\"@id\":\"https:\/\/portaltela.pt\/noticias\/2026\/03\/24\/centenas-de-alunos-pedem-o-fim-das-propinas-ministro-defende-aumento\/\"},\"wordCount\":346,\"image\":{\"@id\":\"https:\/\/portaltela.pt\/noticias\/2026\/03\/24\/centenas-de-alunos-pedem-o-fim-das-propinas-ministro-defende-aumento\/#primaryimage\"},\"thumbnailUrl\":\"https:\/\/portaltela.pt\/s.01k8rhncp4jt1\/2026\/03\/image-1462.jpg\",\"keywords\":[\"educa\u00e7\u00e3o\",\"educa\u00e7\u00e3o p\u00fablica\",\"Ensino Superior\",\"habita\u00e7\u00e3o\",\"propinas\"],\"articleSection\":[\"Curiosidades\",\"Sociedade\"],\"inLanguage\":\"pt-PT\"},{\"@type\":\"WebPage\",\"@id\":\"https:\/\/portaltela.pt\/noticias\/2026\/03\/24\/centenas-de-alunos-pedem-o-fim-das-propinas-ministro-defende-aumento\/\",\"url\":\"https:\/\/portaltela.pt\/noticias\/2026\/03\/24\/centenas-de-alunos-pedem-o-fim-das-propinas-ministro-defende-aumento\/\",\"name\":\"Centenas de alunos pedem o fim das propinas; ministro defende aumento - Portal Tela Portugal\",\"isPartOf\":{\"@id\":\"https:\/\/portaltela.pt\/#website\"},\"primaryImageOfPage\":{\"@id\":\"https:\/\/portaltela.pt\/noticias\/2026\/03\/24\/centenas-de-alunos-pedem-o-fim-das-propinas-ministro-defende-aumento\/#primaryimage\"},\"image\":{\"@id\":\"https:\/\/portaltela.pt\/noticias\/2026\/03\/24\/centenas-de-alunos-pedem-o-fim-das-propinas-ministro-defende-aumento\/#primaryimage\"},\"thumbnailUrl\":\"https:\/\/portaltela.pt\/s.01k8rhncp4jt1\/2026\/03\/image-1462.jpg\",\"datePublished\":\"2026-03-24T19:09:00+00:00\",\"author\":{\"@id\":\"https:\/\/portaltela.pt\/#\/schema\/person\/c4278d4a6028830caff9ee44b42d32ed\"},\"breadcrumb\":{\"@id\":\"https:\/\/portaltela.pt\/noticias\/2026\/03\/24\/centenas-de-alunos-pedem-o-fim-das-propinas-ministro-defende-aumento\/#breadcrumb\"},\"inLanguage\":\"pt-PT\",\"potentialAction\":[{\"@type\":\"ReadAction\",\"target\":[\"https:\/\/portaltela.pt\/noticias\/2026\/03\/24\/centenas-de-alunos-pedem-o-fim-das-propinas-ministro-defende-aumento\/\"]}]},{\"@type\":\"ImageObject\",\"inLanguage\":\"pt-PT\",\"@id\":\"https:\/\/portaltela.pt\/noticias\/2026\/03\/24\/centenas-de-alunos-pedem-o-fim-das-propinas-ministro-defende-aumento\/#primaryimage\",\"url\":\"https:\/\/portaltela.pt\/s.01k8rhncp4jt1\/2026\/03\/image-1462.jpg\",\"contentUrl\":\"https:\/\/portaltela.pt\/s.01k8rhncp4jt1\/2026\/03\/image-1462.jpg\",\"width\":796,\"height\":448,\"caption\":\"Largas centenas de estudantes manifestaram-se em Lisboa\"},{\"@type\":\"BreadcrumbList\",\"@id\":\"https:\/\/portaltela.pt\/noticias\/2026\/03\/24\/centenas-de-alunos-pedem-o-fim-das-propinas-ministro-defende-aumento\/#breadcrumb\",\"itemListElement\":[{\"@type\":\"ListItem\",\"position\":1,\"name\":\"In\u00edcio\",\"item\":\"https:\/\/portaltela.pt\/\"},{\"@type\":\"ListItem\",\"position\":2,\"name\":\"Centenas de alunos pedem o fim das propinas; ministro defende aumento\"}]},{\"@type\":\"WebSite\",\"@id\":\"https:\/\/portaltela.pt\/#website\",\"url\":\"https:\/\/portaltela.pt\/\",\"name\":\"Portal Tela Portugal\",\"description\":\"\",\"potentialAction\":[{\"@type\":\"SearchAction\",\"target\":{\"@type\":\"EntryPoint\",\"urlTemplate\":\"https:\/\/portaltela.pt\/?s={search_term_string}\"},\"query-input\":{\"@type\":\"PropertyValueSpecification\",\"valueRequired\":true,\"valueName\":\"search_term_string\"}}],\"inLanguage\":\"pt-PT\"},{\"@type\":\"Person\",\"@id\":\"https:\/\/portaltela.pt\/#\/schema\/person\/c4278d4a6028830caff9ee44b42d32ed\",\"name\":\"Telinha\",\"image\":{\"@type\":\"ImageObject\",\"inLanguage\":\"pt-PT\",\"@id\":\"https:\/\/portaltela.pt\/s.01k8rhncp4jt1\/2025\/11\/talking-bot-125x125.png\",\"url\":\"https:\/\/portaltela.pt\/s.01k8rhncp4jt1\/2025\/11\/talking-bot-125x125.png\",\"contentUrl\":\"https:\/\/portaltela.pt\/s.01k8rhncp4jt1\/2025\/11\/talking-bot-125x125.png\",\"caption\":\"Telinha\"},\"sameAs\":[\"https:\/\/portaltela.pt\/\"],\"url\":\"https:\/\/portaltela.pt\/por\/367410592786\/\"}]}<\/script>\n<!-- \/ Yoast SEO plugin. -->","yoast_head_json":{"title":"Centenas de alunos pedem o fim das propinas; ministro defende aumento - Portal Tela Portugal","robots":{"index":"index","follow":"follow","max-snippet":"max-snippet:-1","max-image-preview":"max-image-preview:large","max-video-preview":"max-video-preview:-1"},"og_locale":"pt_PT","og_type":"article","og_title":"Centenas de alunos pedem o fim das propinas; ministro defende aumento - Portal Tela Portugal","og_description":"Centenas de estudantes sa\u00edram \u00e0s ruas em Lisboa para exigir a gratuitidade do Ensino Superior, no Dia Nacional do Estudante, com marchas do Rossio ao Parlamento. O ministro da Educa\u00e7\u00e3o, Fernando Alexandre, defendeu que a propina deve ser atualizada conforme a infla\u00e7\u00e3o, mesmo estando congelada. O governante ressalvou que as propinas t\u00eam aumentado o poder de financiamento das institui\u00e7\u00f5es, fortalecendo a autonomia e reduzindo a depend\u00eancia do Governo. Estudantes pedem mais apoio, nomeadamente em alojamento; afirmam que os custos de alojamento dificultam o acesso e o sucesso acad\u00e9mico. O Plano Nacional para o Alojamento no Ensino Superior prev\u00ea abertura de mais de 18 mil camas, com v\u00e1rias resid\u00eancias a entrar em funcionamento em todo o pa\u00eds, incluindo Bragan\u00e7a e o Algarve.","og_url":"https:\/\/portaltela.pt\/noticias\/2026\/03\/24\/centenas-de-alunos-pedem-o-fim-das-propinas-ministro-defende-aumento\/","og_site_name":"Portal Tela Portugal","article_published_time":"2026-03-24T19:09:00+00:00","author":"Telinha","twitter_card":"summary_large_image","twitter_misc":{"Escrito por":"Telinha","Tempo estimado de leitura":"2 minutos"},"schema":{"@context":"https:\/\/schema.org","@graph":[{"@type":"Article","@id":"https:\/\/portaltela.pt\/noticias\/2026\/03\/24\/centenas-de-alunos-pedem-o-fim-das-propinas-ministro-defende-aumento\/#article","isPartOf":{"@id":"https:\/\/portaltela.pt\/noticias\/2026\/03\/24\/centenas-de-alunos-pedem-o-fim-das-propinas-ministro-defende-aumento\/"},"author":{"name":"Telinha","@id":"https:\/\/portaltela.pt\/#\/schema\/person\/c4278d4a6028830caff9ee44b42d32ed"},"headline":"Centenas de alunos pedem o fim das propinas; ministro defende aumento","datePublished":"2026-03-24T19:09:00+00:00","mainEntityOfPage":{"@id":"https:\/\/portaltela.pt\/noticias\/2026\/03\/24\/centenas-de-alunos-pedem-o-fim-das-propinas-ministro-defende-aumento\/"},"wordCount":346,"image":{"@id":"https:\/\/portaltela.pt\/noticias\/2026\/03\/24\/centenas-de-alunos-pedem-o-fim-das-propinas-ministro-defende-aumento\/#primaryimage"},"thumbnailUrl":"https:\/\/portaltela.pt\/s.01k8rhncp4jt1\/2026\/03\/image-1462.jpg","keywords":["educa\u00e7\u00e3o","educa\u00e7\u00e3o p\u00fablica","Ensino Superior","habita\u00e7\u00e3o","propinas"],"articleSection":["Curiosidades","Sociedade"],"inLanguage":"pt-PT"},{"@type":"WebPage","@id":"https:\/\/portaltela.pt\/noticias\/2026\/03\/24\/centenas-de-alunos-pedem-o-fim-das-propinas-ministro-defende-aumento\/","url":"https:\/\/portaltela.pt\/noticias\/2026\/03\/24\/centenas-de-alunos-pedem-o-fim-das-propinas-ministro-defende-aumento\/","name":"Centenas de alunos pedem o fim das propinas; ministro defende aumento - Portal Tela Portugal","isPartOf":{"@id":"https:\/\/portaltela.pt\/#website"},"primaryImageOfPage":{"@id":"https:\/\/portaltela.pt\/noticias\/2026\/03\/24\/centenas-de-alunos-pedem-o-fim-das-propinas-ministro-defende-aumento\/#primaryimage"},"image":{"@id":"https:\/\/portaltela.pt\/noticias\/2026\/03\/24\/centenas-de-alunos-pedem-o-fim-das-propinas-ministro-defende-aumento\/#primaryimage"},"thumbnailUrl":"https:\/\/portaltela.pt\/s.01k8rhncp4jt1\/2026\/03\/image-1462.jpg","datePublished":"2026-03-24T19:09:00+00:00","author":{"@id":"https:\/\/portaltela.pt\/#\/schema\/person\/c4278d4a6028830caff9ee44b42d32ed"},"breadcrumb":{"@id":"https:\/\/portaltela.pt\/noticias\/2026\/03\/24\/centenas-de-alunos-pedem-o-fim-das-propinas-ministro-defende-aumento\/#breadcrumb"},"inLanguage":"pt-PT","potentialAction":[{"@type":"ReadAction","target":["https:\/\/portaltela.pt\/noticias\/2026\/03\/24\/centenas-de-alunos-pedem-o-fim-das-propinas-ministro-defende-aumento\/"]}]},{"@type":"ImageObject","inLanguage":"pt-PT","@id":"https:\/\/portaltela.pt\/noticias\/2026\/03\/24\/centenas-de-alunos-pedem-o-fim-das-propinas-ministro-defende-aumento\/#primaryimage","url":"https:\/\/portaltela.pt\/s.01k8rhncp4jt1\/2026\/03\/image-1462.jpg","contentUrl":"https:\/\/portaltela.pt\/s.01k8rhncp4jt1\/2026\/03\/image-1462.jpg","width":796,"height":448,"caption":"Largas centenas de estudantes manifestaram-se em Lisboa"},{"@type":"BreadcrumbList","@id":"https:\/\/portaltela.pt\/noticias\/2026\/03\/24\/centenas-de-alunos-pedem-o-fim-das-propinas-ministro-defende-aumento\/#breadcrumb","itemListElement":[{"@type":"ListItem","position":1,"name":"In\u00edcio","item":"https:\/\/portaltela.pt\/"},{"@type":"ListItem","position":2,"name":"Centenas de alunos pedem o fim das propinas; ministro defende aumento"}]},{"@type":"WebSite","@id":"https:\/\/portaltela.pt\/#website","url":"https:\/\/portaltela.pt\/","name":"Portal Tela Portugal","description":"","potentialAction":[{"@type":"SearchAction","target":{"@type":"EntryPoint","urlTemplate":"https:\/\/portaltela.pt\/?s={search_term_string}"},"query-input":{"@type":"PropertyValueSpecification","valueRequired":true,"valueName":"search_term_string"}}],"inLanguage":"pt-PT"},{"@type":"Person","@id":"https:\/\/portaltela.pt\/#\/schema\/person\/c4278d4a6028830caff9ee44b42d32ed","name":"Telinha","image":{"@type":"ImageObject","inLanguage":"pt-PT","@id":"https:\/\/portaltela.pt\/s.01k8rhncp4jt1\/2025\/11\/talking-bot-125x125.png","url":"https:\/\/portaltela.pt\/s.01k8rhncp4jt1\/2025\/11\/talking-bot-125x125.png","contentUrl":"https:\/\/portaltela.pt\/s.01k8rhncp4jt1\/2025\/11\/talking-bot-125x125.png","caption":"Telinha"},"sameAs":["https:\/\/portaltela.pt\/"],"url":"https:\/\/portaltela.pt\/por\/367410592786\/"}]}},"_links":{"self":[{"href":"https:\/\/portaltela.pt\/api\/wp\/v2\/posts\/419997","targetHints":{"allow":["GET"]}}],"collection":[{"href":"https:\/\/portaltela.pt\/api\/wp\/v2\/posts"}],"about":[{"href":"https:\/\/portaltela.pt\/api\/wp\/v2\/types\/post"}],"author":[{"embeddable":true,"href":"https:\/\/portaltela.pt\/api\/wp\/v2\/users\/2"}],"replies":[{"embeddable":true,"href":"https:\/\/portaltela.pt\/api\/wp\/v2\/comments?post=419997"}],"version-history":[{"count":0,"href":"https:\/\/portaltela.pt\/api\/wp\/v2\/posts\/419997\/revisions"}],"wp:featuredmedia":[{"embeddable":true,"href":"https:\/\/portaltela.pt\/api\/wp\/v2\/media\/420001"}],"wp:attachment":[{"href":"https:\/\/portaltela.pt\/api\/wp\/v2\/media?parent=419997"}],"wp:term":[{"taxonomy":"category","embeddable":true,"href":"https:\/\/portaltela.pt\/api\/wp\/v2\/categories?post=419997"},{"taxonomy":"post_tag","embeddable":true,"href":"https:\/\/portaltela.pt\/api\/wp\/v2\/tags?post=419997"}],"curies":[{"name":"wp","href":"https:\/\/api.w.org\/{rel}","templated":true}]}}