{"id":419978,"date":"2026-03-24T15:44:12","date_gmt":"2026-03-24T18:44:12","guid":{"rendered":"https:\/\/portaltela.pt\/noticias\/2026\/03\/24\/vodafone-preve-manter-reposicao-temporaria-do-servico-fixo-ate-fim-de-abril\/"},"modified":"2026-03-24T15:44:12","modified_gmt":"2026-03-24T18:44:12","slug":"vodafone-preve-manter-reposicao-temporaria-do-servico-fixo-ate-fim-de-abril","status":"publish","type":"post","link":"https:\/\/portaltela.pt\/tecnologia\/2026\/03\/24\/vodafone-preve-manter-reposicao-temporaria-do-servico-fixo-ate-fim-de-abril\/","title":{"rendered":"Vodafone prev\u00ea manter reposi\u00e7\u00e3o tempor\u00e1ria do servi\u00e7o fixo at\u00e9 fim de abril"},"content":{"rendered":"<p>A Vodafone prev\u00ea que a reposi\u00e7\u00e3o tempor\u00e1ria no servi\u00e7o fixo se prolongue at\u00e9 ao final de abril. A operadora indica que a rede m\u00f3vel est\u00e1, na generalidade, reposta nos concelhos afetados pela depress\u00e3o Kristin, segundo confirma\u00e7\u00e3o \u00e0 Lusa.<\/p>\n<p>Ainda segundo a Vodafone, algumas repara\u00e7\u00f5es permanecem provis\u00f3rias. Foram instaladas torres de substitui\u00e7\u00e3o e cabos de fibra \u00f3tica substitu\u00eddos por liga\u00e7\u00f5es via sat\u00e9lite em pontos cr\u00edticos. As torres tempor\u00e1rias poder\u00e3o ter caracter\u00edsticas diferentes das originais, o que pode afetar a cobertura.<\/p>\n<p>No servi\u00e7o fixo, a destrui\u00e7\u00e3o da rede a\u00e9rea agrava as dificuldades. Cabos, juntas e postes foram degradados, levando a uma reposi\u00e7\u00e3o tempor\u00e1ria que se estende at\u00e9 ao final de abril. A empresa alerta para o risco de novos cortes por terceiros, com impacto na estabilidade.<\/p>\n<h3>Estado atual das redes<\/h3>\n<p>A NOS informou que os servi\u00e7os de rede m\u00f3vel j\u00e1 est\u00e3o repostos e que cerca de 97,5% do servi\u00e7o fixo j\u00e1 est\u00e1 recuperado. A operadora antecipa normaliza\u00e7\u00e3o para as pr\u00f3ximas semanas, com compensa\u00e7\u00e3o autom\u00e1tica aos clientes pelos dias de indisponibilidade.<\/p>\n<p>A NOS acrescenta que a compensa\u00e7\u00e3o \u00e9 creditada na fatura seguinte ao restabelecimento do servi\u00e7o, sem que seja necess\u00e1ria qualquer a\u00e7\u00e3o por parte do cliente. N\u00e3o houve interrup\u00e7\u00f5es por falta de pagamento para os concelhos afetados.<\/p>\n<p>A Meo disse que a rede m\u00f3vel est\u00e1 reposta, mas a recupera\u00e7\u00e3o da rede fixa \u00e9 mais complexa. Em v\u00e1rias \u00e1reas, n\u00e3o basta reparar falhas pontuais; h\u00e1 necessidade de reconstru\u00e7\u00e3o de trechos. A disponibilidade fixo nesta ter\u00e7a-feira situava-se em 95,9%.<\/p>\n<p>A Meo prev\u00ea reposi\u00e7\u00e3o completa do servi\u00e7o at\u00e9 30 de abril, com poss\u00edvel varia\u00e7\u00e3o conforme as condi\u00e7\u00f5es no terreno. Enquanto isso, podem ser usadas solu\u00e7\u00f5es transit\u00f3rias para garantir o servi\u00e7o.<\/p>\n<p>A Vodafone, a NOS e a Meo confirmaram ainda a credita\u00e7\u00e3o autom\u00e1tica de per\u00edodos de indisponibilidade aos clientes, de acordo com a legisla\u00e7\u00e3o aplic\u00e1vel, refletida na fatura seguinte.<\/p>\n","protected":false},"excerpt":{"rendered":"<ul>\n<li>A Vodafone prev\u00ea que a reposi\u00e7\u00e3o tempor\u00e1ria do servi\u00e7o fixo permane\u00e7a at\u00e9 ao final de abril, e a rede m\u00f3vel est\u00e1 reposta na generalidade dos concelhos afetados pela depress\u00e3o Kristin.<\/li>\n<li>Em alguns locais foram instaladas torres de substitui\u00e7\u00e3o e cabos de fibra \u00f3ptica ligados por sat\u00e9lite, o que pode causar uma cobertura diferente.<\/li>\n<li>A repara\u00e7\u00e3o do servi\u00e7o fixo enfrenta grandes desafios devido \u00e0 destrui\u00e7\u00e3o de postes e \u00e0 necessidade de substituir trechos de rede, aumentando o risco de novos cortes.<\/li>\n<li>No que diz respeito \u00e0 fatura\u00e7\u00e3o, as operadoras creditar\u00e3o automaticamente os per\u00edodos de indisponibilidade superiores a 24 horas, refletindo-se na fatura seguinte.<\/li>\n<li>A NOS indica que a rede m\u00f3vel j\u00e1 est\u00e1 reposta e a rede fixa est\u00e1 cerca de 97,5% recuperada, com compensa\u00e7\u00e3o autom\u00e1tica aos clientes; a Meo prev\u00ea a reposi\u00e7\u00e3o completa do servi\u00e7o at\u00e9 30 de abril, tamb\u00e9m com cr\u00e9ditos autom\u00e1ticos aos clientes afetados.<\/li>\n<\/ul>\n","protected":false},"author":2,"featured_media":419979,"comment_status":"closed","ping_status":"closed","sticky":false,"template":"","format":"standard","meta":{"footnotes":""},"categories":[6716],"tags":[2206,373,1615,258,1014,2171],"class_list":["post-419978","post","type-post","status-publish","format-standard","has-post-thumbnail","hentry","category-tecnologia","tag-comunicacoes","tag-concelhos","tag-infraestrutura","tag-infraestruturas","tag-portugal","tag-telecomunicacoes"],"yoast_head":"<!-- This site is optimized with the Yoast SEO plugin v27.2 - https:\/\/yoast.com\/product\/yoast-seo-wordpress\/ -->\n<title>Vodafone prev\u00ea manter reposi\u00e7\u00e3o tempor\u00e1ria do servi\u00e7o fixo at\u00e9 fim de abril - Portal Tela Portugal<\/title>\n<meta name=\"robots\" content=\"index, follow, max-snippet:-1, max-image-preview:large, max-video-preview:-1\" \/>\n<meta property=\"og:locale\" content=\"pt_PT\" \/>\n<meta property=\"og:type\" content=\"article\" \/>\n<meta property=\"og:title\" content=\"Vodafone prev\u00ea manter reposi\u00e7\u00e3o tempor\u00e1ria do servi\u00e7o fixo at\u00e9 fim de abril - Portal Tela Portugal\" \/>\n<meta property=\"og:description\" content=\"A Vodafone prev\u00ea que a reposi\u00e7\u00e3o tempor\u00e1ria do servi\u00e7o fixo permane\u00e7a at\u00e9 ao final de abril, e a rede m\u00f3vel est\u00e1 reposta na generalidade dos concelhos afetados pela depress\u00e3o Kristin. Em alguns locais foram instaladas torres de substitui\u00e7\u00e3o e cabos de fibra \u00f3ptica ligados por sat\u00e9lite, o que pode causar uma cobertura diferente. A repara\u00e7\u00e3o do servi\u00e7o fixo enfrenta grandes desafios devido \u00e0 destrui\u00e7\u00e3o de postes e \u00e0 necessidade de substituir trechos de rede, aumentando o risco de novos cortes. No que diz respeito \u00e0 fatura\u00e7\u00e3o, as operadoras creditar\u00e3o automaticamente os per\u00edodos de indisponibilidade superiores a 24 horas, refletindo-se na fatura seguinte. A NOS indica que a rede m\u00f3vel j\u00e1 est\u00e1 reposta e a rede fixa est\u00e1 cerca de 97,5% recuperada, com compensa\u00e7\u00e3o autom\u00e1tica aos clientes; a Meo prev\u00ea a reposi\u00e7\u00e3o completa do servi\u00e7o at\u00e9 30 de abril, tamb\u00e9m com cr\u00e9ditos autom\u00e1ticos aos clientes afetados.\" \/>\n<meta property=\"og:url\" content=\"https:\/\/portaltela.pt\/noticias\/2026\/03\/24\/vodafone-preve-manter-reposicao-temporaria-do-servico-fixo-ate-fim-de-abril\/\" \/>\n<meta property=\"og:site_name\" content=\"Portal Tela Portugal\" \/>\n<meta property=\"article:published_time\" content=\"2026-03-24T18:44:12+00:00\" \/>\n<meta name=\"author\" content=\"Telinha\" \/>\n<meta name=\"twitter:card\" content=\"summary_large_image\" \/>\n<meta name=\"twitter:label1\" content=\"Escrito por\" \/>\n\t<meta name=\"twitter:data1\" content=\"Telinha\" \/>\n\t<meta name=\"twitter:label2\" content=\"Tempo estimado de leitura\" \/>\n\t<meta name=\"twitter:data2\" content=\"2 minutos\" \/>\n<script type=\"application\/ld+json\" class=\"yoast-schema-graph\">{\"@context\":\"https:\/\/schema.org\",\"@graph\":[{\"@type\":\"Article\",\"@id\":\"https:\/\/portaltela.pt\/noticias\/2026\/03\/24\/vodafone-preve-manter-reposicao-temporaria-do-servico-fixo-ate-fim-de-abril\/#article\",\"isPartOf\":{\"@id\":\"https:\/\/portaltela.pt\/noticias\/2026\/03\/24\/vodafone-preve-manter-reposicao-temporaria-do-servico-fixo-ate-fim-de-abril\/\"},\"author\":{\"name\":\"Telinha\",\"@id\":\"https:\/\/portaltela.pt\/#\/schema\/person\/c4278d4a6028830caff9ee44b42d32ed\"},\"headline\":\"Vodafone prev\u00ea manter reposi\u00e7\u00e3o tempor\u00e1ria do servi\u00e7o fixo at\u00e9 fim de abril\",\"datePublished\":\"2026-03-24T18:44:12+00:00\",\"mainEntityOfPage\":{\"@id\":\"https:\/\/portaltela.pt\/noticias\/2026\/03\/24\/vodafone-preve-manter-reposicao-temporaria-do-servico-fixo-ate-fim-de-abril\/\"},\"wordCount\":365,\"image\":{\"@id\":\"https:\/\/portaltela.pt\/noticias\/2026\/03\/24\/vodafone-preve-manter-reposicao-temporaria-do-servico-fixo-ate-fim-de-abril\/#primaryimage\"},\"thumbnailUrl\":\"https:\/\/portaltela.pt\/s.01k8rhncp4jt1\/2026\/03\/img_1500x1000uu2022-02-09-18-44-00-1122844.jpg\",\"keywords\":[\"comunica\u00e7\u00f5es\",\"concelhos\",\"infraestrutura\",\"infraestruturas\",\"Portugal\",\"telecomunica\u00e7\u00f5es\"],\"articleSection\":[\"Tecnologia\"],\"inLanguage\":\"pt-PT\"},{\"@type\":\"WebPage\",\"@id\":\"https:\/\/portaltela.pt\/noticias\/2026\/03\/24\/vodafone-preve-manter-reposicao-temporaria-do-servico-fixo-ate-fim-de-abril\/\",\"url\":\"https:\/\/portaltela.pt\/noticias\/2026\/03\/24\/vodafone-preve-manter-reposicao-temporaria-do-servico-fixo-ate-fim-de-abril\/\",\"name\":\"Vodafone prev\u00ea manter reposi\u00e7\u00e3o tempor\u00e1ria do servi\u00e7o fixo at\u00e9 fim de abril - Portal Tela Portugal\",\"isPartOf\":{\"@id\":\"https:\/\/portaltela.pt\/#website\"},\"primaryImageOfPage\":{\"@id\":\"https:\/\/portaltela.pt\/noticias\/2026\/03\/24\/vodafone-preve-manter-reposicao-temporaria-do-servico-fixo-ate-fim-de-abril\/#primaryimage\"},\"image\":{\"@id\":\"https:\/\/portaltela.pt\/noticias\/2026\/03\/24\/vodafone-preve-manter-reposicao-temporaria-do-servico-fixo-ate-fim-de-abril\/#primaryimage\"},\"thumbnailUrl\":\"https:\/\/portaltela.pt\/s.01k8rhncp4jt1\/2026\/03\/img_1500x1000uu2022-02-09-18-44-00-1122844.jpg\",\"datePublished\":\"2026-03-24T18:44:12+00:00\",\"author\":{\"@id\":\"https:\/\/portaltela.pt\/#\/schema\/person\/c4278d4a6028830caff9ee44b42d32ed\"},\"breadcrumb\":{\"@id\":\"https:\/\/portaltela.pt\/noticias\/2026\/03\/24\/vodafone-preve-manter-reposicao-temporaria-do-servico-fixo-ate-fim-de-abril\/#breadcrumb\"},\"inLanguage\":\"pt-PT\",\"potentialAction\":[{\"@type\":\"ReadAction\",\"target\":[\"https:\/\/portaltela.pt\/noticias\/2026\/03\/24\/vodafone-preve-manter-reposicao-temporaria-do-servico-fixo-ate-fim-de-abril\/\"]}]},{\"@type\":\"ImageObject\",\"inLanguage\":\"pt-PT\",\"@id\":\"https:\/\/portaltela.pt\/noticias\/2026\/03\/24\/vodafone-preve-manter-reposicao-temporaria-do-servico-fixo-ate-fim-de-abril\/#primaryimage\",\"url\":\"https:\/\/portaltela.pt\/s.01k8rhncp4jt1\/2026\/03\/img_1500x1000uu2022-02-09-18-44-00-1122844.jpg\",\"contentUrl\":\"https:\/\/portaltela.pt\/s.01k8rhncp4jt1\/2026\/03\/img_1500x1000uu2022-02-09-18-44-00-1122844.jpg\",\"width\":796,\"height\":448,\"caption\":\"Vodafone\"},{\"@type\":\"BreadcrumbList\",\"@id\":\"https:\/\/portaltela.pt\/noticias\/2026\/03\/24\/vodafone-preve-manter-reposicao-temporaria-do-servico-fixo-ate-fim-de-abril\/#breadcrumb\",\"itemListElement\":[{\"@type\":\"ListItem\",\"position\":1,\"name\":\"In\u00edcio\",\"item\":\"https:\/\/portaltela.pt\/\"},{\"@type\":\"ListItem\",\"position\":2,\"name\":\"Vodafone prev\u00ea manter reposi\u00e7\u00e3o tempor\u00e1ria do servi\u00e7o fixo at\u00e9 fim de abril\"}]},{\"@type\":\"WebSite\",\"@id\":\"https:\/\/portaltela.pt\/#website\",\"url\":\"https:\/\/portaltela.pt\/\",\"name\":\"Portal Tela Portugal\",\"description\":\"\",\"potentialAction\":[{\"@type\":\"SearchAction\",\"target\":{\"@type\":\"EntryPoint\",\"urlTemplate\":\"https:\/\/portaltela.pt\/?s={search_term_string}\"},\"query-input\":{\"@type\":\"PropertyValueSpecification\",\"valueRequired\":true,\"valueName\":\"search_term_string\"}}],\"inLanguage\":\"pt-PT\"},{\"@type\":\"Person\",\"@id\":\"https:\/\/portaltela.pt\/#\/schema\/person\/c4278d4a6028830caff9ee44b42d32ed\",\"name\":\"Telinha\",\"image\":{\"@type\":\"ImageObject\",\"inLanguage\":\"pt-PT\",\"@id\":\"https:\/\/portaltela.pt\/s.01k8rhncp4jt1\/2025\/11\/talking-bot-125x125.png\",\"url\":\"https:\/\/portaltela.pt\/s.01k8rhncp4jt1\/2025\/11\/talking-bot-125x125.png\",\"contentUrl\":\"https:\/\/portaltela.pt\/s.01k8rhncp4jt1\/2025\/11\/talking-bot-125x125.png\",\"caption\":\"Telinha\"},\"sameAs\":[\"https:\/\/portaltela.pt\/\"],\"url\":\"https:\/\/portaltela.pt\/por\/367410592786\/\"}]}<\/script>\n<!-- \/ Yoast SEO plugin. -->","yoast_head_json":{"title":"Vodafone prev\u00ea manter reposi\u00e7\u00e3o tempor\u00e1ria do servi\u00e7o fixo at\u00e9 fim de abril - Portal Tela Portugal","robots":{"index":"index","follow":"follow","max-snippet":"max-snippet:-1","max-image-preview":"max-image-preview:large","max-video-preview":"max-video-preview:-1"},"og_locale":"pt_PT","og_type":"article","og_title":"Vodafone prev\u00ea manter reposi\u00e7\u00e3o tempor\u00e1ria do servi\u00e7o fixo at\u00e9 fim de abril - Portal Tela Portugal","og_description":"A Vodafone prev\u00ea que a reposi\u00e7\u00e3o tempor\u00e1ria do servi\u00e7o fixo permane\u00e7a at\u00e9 ao final de abril, e a rede m\u00f3vel est\u00e1 reposta na generalidade dos concelhos afetados pela depress\u00e3o Kristin. Em alguns locais foram instaladas torres de substitui\u00e7\u00e3o e cabos de fibra \u00f3ptica ligados por sat\u00e9lite, o que pode causar uma cobertura diferente. A repara\u00e7\u00e3o do servi\u00e7o fixo enfrenta grandes desafios devido \u00e0 destrui\u00e7\u00e3o de postes e \u00e0 necessidade de substituir trechos de rede, aumentando o risco de novos cortes. No que diz respeito \u00e0 fatura\u00e7\u00e3o, as operadoras creditar\u00e3o automaticamente os per\u00edodos de indisponibilidade superiores a 24 horas, refletindo-se na fatura seguinte. A NOS indica que a rede m\u00f3vel j\u00e1 est\u00e1 reposta e a rede fixa est\u00e1 cerca de 97,5% recuperada, com compensa\u00e7\u00e3o autom\u00e1tica aos clientes; a Meo prev\u00ea a reposi\u00e7\u00e3o completa do servi\u00e7o at\u00e9 30 de abril, tamb\u00e9m com cr\u00e9ditos autom\u00e1ticos aos clientes afetados.","og_url":"https:\/\/portaltela.pt\/noticias\/2026\/03\/24\/vodafone-preve-manter-reposicao-temporaria-do-servico-fixo-ate-fim-de-abril\/","og_site_name":"Portal Tela Portugal","article_published_time":"2026-03-24T18:44:12+00:00","author":"Telinha","twitter_card":"summary_large_image","twitter_misc":{"Escrito por":"Telinha","Tempo estimado de leitura":"2 minutos"},"schema":{"@context":"https:\/\/schema.org","@graph":[{"@type":"Article","@id":"https:\/\/portaltela.pt\/noticias\/2026\/03\/24\/vodafone-preve-manter-reposicao-temporaria-do-servico-fixo-ate-fim-de-abril\/#article","isPartOf":{"@id":"https:\/\/portaltela.pt\/noticias\/2026\/03\/24\/vodafone-preve-manter-reposicao-temporaria-do-servico-fixo-ate-fim-de-abril\/"},"author":{"name":"Telinha","@id":"https:\/\/portaltela.pt\/#\/schema\/person\/c4278d4a6028830caff9ee44b42d32ed"},"headline":"Vodafone prev\u00ea manter reposi\u00e7\u00e3o tempor\u00e1ria do servi\u00e7o fixo at\u00e9 fim de abril","datePublished":"2026-03-24T18:44:12+00:00","mainEntityOfPage":{"@id":"https:\/\/portaltela.pt\/noticias\/2026\/03\/24\/vodafone-preve-manter-reposicao-temporaria-do-servico-fixo-ate-fim-de-abril\/"},"wordCount":365,"image":{"@id":"https:\/\/portaltela.pt\/noticias\/2026\/03\/24\/vodafone-preve-manter-reposicao-temporaria-do-servico-fixo-ate-fim-de-abril\/#primaryimage"},"thumbnailUrl":"https:\/\/portaltela.pt\/s.01k8rhncp4jt1\/2026\/03\/img_1500x1000uu2022-02-09-18-44-00-1122844.jpg","keywords":["comunica\u00e7\u00f5es","concelhos","infraestrutura","infraestruturas","Portugal","telecomunica\u00e7\u00f5es"],"articleSection":["Tecnologia"],"inLanguage":"pt-PT"},{"@type":"WebPage","@id":"https:\/\/portaltela.pt\/noticias\/2026\/03\/24\/vodafone-preve-manter-reposicao-temporaria-do-servico-fixo-ate-fim-de-abril\/","url":"https:\/\/portaltela.pt\/noticias\/2026\/03\/24\/vodafone-preve-manter-reposicao-temporaria-do-servico-fixo-ate-fim-de-abril\/","name":"Vodafone prev\u00ea manter reposi\u00e7\u00e3o tempor\u00e1ria do servi\u00e7o fixo at\u00e9 fim de abril - Portal Tela Portugal","isPartOf":{"@id":"https:\/\/portaltela.pt\/#website"},"primaryImageOfPage":{"@id":"https:\/\/portaltela.pt\/noticias\/2026\/03\/24\/vodafone-preve-manter-reposicao-temporaria-do-servico-fixo-ate-fim-de-abril\/#primaryimage"},"image":{"@id":"https:\/\/portaltela.pt\/noticias\/2026\/03\/24\/vodafone-preve-manter-reposicao-temporaria-do-servico-fixo-ate-fim-de-abril\/#primaryimage"},"thumbnailUrl":"https:\/\/portaltela.pt\/s.01k8rhncp4jt1\/2026\/03\/img_1500x1000uu2022-02-09-18-44-00-1122844.jpg","datePublished":"2026-03-24T18:44:12+00:00","author":{"@id":"https:\/\/portaltela.pt\/#\/schema\/person\/c4278d4a6028830caff9ee44b42d32ed"},"breadcrumb":{"@id":"https:\/\/portaltela.pt\/noticias\/2026\/03\/24\/vodafone-preve-manter-reposicao-temporaria-do-servico-fixo-ate-fim-de-abril\/#breadcrumb"},"inLanguage":"pt-PT","potentialAction":[{"@type":"ReadAction","target":["https:\/\/portaltela.pt\/noticias\/2026\/03\/24\/vodafone-preve-manter-reposicao-temporaria-do-servico-fixo-ate-fim-de-abril\/"]}]},{"@type":"ImageObject","inLanguage":"pt-PT","@id":"https:\/\/portaltela.pt\/noticias\/2026\/03\/24\/vodafone-preve-manter-reposicao-temporaria-do-servico-fixo-ate-fim-de-abril\/#primaryimage","url":"https:\/\/portaltela.pt\/s.01k8rhncp4jt1\/2026\/03\/img_1500x1000uu2022-02-09-18-44-00-1122844.jpg","contentUrl":"https:\/\/portaltela.pt\/s.01k8rhncp4jt1\/2026\/03\/img_1500x1000uu2022-02-09-18-44-00-1122844.jpg","width":796,"height":448,"caption":"Vodafone"},{"@type":"BreadcrumbList","@id":"https:\/\/portaltela.pt\/noticias\/2026\/03\/24\/vodafone-preve-manter-reposicao-temporaria-do-servico-fixo-ate-fim-de-abril\/#breadcrumb","itemListElement":[{"@type":"ListItem","position":1,"name":"In\u00edcio","item":"https:\/\/portaltela.pt\/"},{"@type":"ListItem","position":2,"name":"Vodafone prev\u00ea manter reposi\u00e7\u00e3o tempor\u00e1ria do servi\u00e7o fixo at\u00e9 fim de abril"}]},{"@type":"WebSite","@id":"https:\/\/portaltela.pt\/#website","url":"https:\/\/portaltela.pt\/","name":"Portal Tela Portugal","description":"","potentialAction":[{"@type":"SearchAction","target":{"@type":"EntryPoint","urlTemplate":"https:\/\/portaltela.pt\/?s={search_term_string}"},"query-input":{"@type":"PropertyValueSpecification","valueRequired":true,"valueName":"search_term_string"}}],"inLanguage":"pt-PT"},{"@type":"Person","@id":"https:\/\/portaltela.pt\/#\/schema\/person\/c4278d4a6028830caff9ee44b42d32ed","name":"Telinha","image":{"@type":"ImageObject","inLanguage":"pt-PT","@id":"https:\/\/portaltela.pt\/s.01k8rhncp4jt1\/2025\/11\/talking-bot-125x125.png","url":"https:\/\/portaltela.pt\/s.01k8rhncp4jt1\/2025\/11\/talking-bot-125x125.png","contentUrl":"https:\/\/portaltela.pt\/s.01k8rhncp4jt1\/2025\/11\/talking-bot-125x125.png","caption":"Telinha"},"sameAs":["https:\/\/portaltela.pt\/"],"url":"https:\/\/portaltela.pt\/por\/367410592786\/"}]}},"_links":{"self":[{"href":"https:\/\/portaltela.pt\/api\/wp\/v2\/posts\/419978","targetHints":{"allow":["GET"]}}],"collection":[{"href":"https:\/\/portaltela.pt\/api\/wp\/v2\/posts"}],"about":[{"href":"https:\/\/portaltela.pt\/api\/wp\/v2\/types\/post"}],"author":[{"embeddable":true,"href":"https:\/\/portaltela.pt\/api\/wp\/v2\/users\/2"}],"replies":[{"embeddable":true,"href":"https:\/\/portaltela.pt\/api\/wp\/v2\/comments?post=419978"}],"version-history":[{"count":0,"href":"https:\/\/portaltela.pt\/api\/wp\/v2\/posts\/419978\/revisions"}],"wp:featuredmedia":[{"embeddable":true,"href":"https:\/\/portaltela.pt\/api\/wp\/v2\/media\/419979"}],"wp:attachment":[{"href":"https:\/\/portaltela.pt\/api\/wp\/v2\/media?parent=419978"}],"wp:term":[{"taxonomy":"category","embeddable":true,"href":"https:\/\/portaltela.pt\/api\/wp\/v2\/categories?post=419978"},{"taxonomy":"post_tag","embeddable":true,"href":"https:\/\/portaltela.pt\/api\/wp\/v2\/tags?post=419978"}],"curies":[{"name":"wp","href":"https:\/\/api.w.org\/{rel}","templated":true}]}}