{"id":419955,"date":"2026-03-24T15:02:00","date_gmt":"2026-03-24T18:02:00","guid":{"rendered":"https:\/\/portaltela.pt\/noticias\/2026\/03\/24\/apcvd-investiga-incidente-entre-alex-merlim-e-jovem-arbitro-em-sub-13-futsal\/"},"modified":"2026-03-24T15:02:00","modified_gmt":"2026-03-24T18:02:00","slug":"apcvd-investiga-incidente-entre-alex-merlim-e-jovem-arbitro-em-sub-13-futsal","status":"publish","type":"post","link":"https:\/\/portaltela.pt\/desporto\/futebol\/2026\/03\/24\/apcvd-investiga-incidente-entre-alex-merlim-e-jovem-arbitro-em-sub-13-futsal\/","title":{"rendered":"APCVD investiga incidente entre Alex Merlim e jovem \u00e1rbitro em sub-13 futsal"},"content":{"rendered":"<p>O APCVD informou hoje que abriu um processo de contraordena\u00e7\u00e3o para apurar os factos de uma confus\u00e3o ocorrida numa partida de sub-13 de futsal entre Sporting e Quinta dos Lombos. O incidente envolve Alex Merlim, capit\u00e3o da equipa do Sporting, e um \u00e1rbitro de 19 anos.<\/p>\n<p>Aconteceu na segunda-feira, durante a 5.\u00aa jornada da fase de campe\u00e3o do distrital sub-13. Merlim, de 39 anos, assistia \u00e0 partida para apoiar o filho, que defende as cores do Sporting. O tumulto surgiu ap\u00f3s a expuls\u00e3o de um jogador leonino pelo \u00e1rbitro.<\/p>\n<h3>Investiga\u00e7\u00e3o em curso<\/h3>\n<p>Segundo a APCVD, foi instaurado um processo de contraordena\u00e7\u00e3o para clarificar os factos, incluindo eventuais responsabilidades dos intervenientes. N\u00e3o foram divulgados detalhes sobre as medidas a que o Sporting, o \u00e1rbitro e o clube advers\u00e1rio poder\u00e3o estar sujeitos.<\/p>\n","protected":false},"excerpt":{"rendered":"<ul>\n<li>A APCVD instaurou um processo de contraordena\u00e7\u00e3o para apurar os factos, na sequ\u00eancia da confus\u00e3o envolvendo Alex Merlim e o \u00e1rbitro de um jogo de sub-13 entre Sporting e Quinta dos Lombos.<\/li>\n<li>O incidente ocorreu na segunda-feira, na 5.\u00aa jornada da fase de campe\u00e3o do Campeonato Distrital sub-13, disputada entre Sporting e Quinta dos Lombos.<\/li>\n<li>Alex Merlim, ala de 39 anos e capit\u00e3o do futsal do Sporting, esteve presente para apoiar o filho que representa os le\u00f5es e, segundo o relat\u00f3rio, exaltou-se ap\u00f3s o \u00e1rbitro expulsar um jogador da forma\u00e7\u00e3o leonina.<\/li>\n<li>O \u00e1rbitro envolvido tinha 19 anos.<\/li>\n<\/ul>\n","protected":false},"author":2,"featured_media":419959,"comment_status":"closed","ping_status":"closed","sticky":false,"template":"","format":"standard","meta":{"footnotes":""},"categories":[21,24],"tags":[7477,1289,1336,1654,161,1652],"class_list":["post-419955","post","type-post","status-publish","format-standard","has-post-thumbnail","hentry","category-desporto","category-futebol","tag-alex-merlim","tag-arbitragem","tag-arbitro","tag-contraordenacao","tag-futsal","tag-sporting"],"yoast_head":"<!-- This site is optimized with the Yoast SEO plugin v27.2 - https:\/\/yoast.com\/product\/yoast-seo-wordpress\/ -->\n<title>APCVD investiga incidente entre Alex Merlim e jovem \u00e1rbitro em sub-13 futsal - Portal Tela Portugal<\/title>\n<meta name=\"robots\" content=\"index, follow, max-snippet:-1, max-image-preview:large, max-video-preview:-1\" \/>\n<meta property=\"og:locale\" content=\"pt_PT\" \/>\n<meta property=\"og:type\" content=\"article\" \/>\n<meta property=\"og:title\" content=\"APCVD investiga incidente entre Alex Merlim e jovem \u00e1rbitro em sub-13 futsal - Portal Tela Portugal\" \/>\n<meta property=\"og:description\" content=\"A APCVD instaurou um processo de contraordena\u00e7\u00e3o para apurar os factos, na sequ\u00eancia da confus\u00e3o envolvendo Alex Merlim e o \u00e1rbitro de um jogo de sub-13 entre Sporting e Quinta dos Lombos. O incidente ocorreu na segunda-feira, na 5.\u00aa jornada da fase de campe\u00e3o do Campeonato Distrital sub-13, disputada entre Sporting e Quinta dos Lombos. Alex Merlim, ala de 39 anos e capit\u00e3o do futsal do Sporting, esteve presente para apoiar o filho que representa os le\u00f5es e, segundo o relat\u00f3rio, exaltou-se ap\u00f3s o \u00e1rbitro expulsar um jogador da forma\u00e7\u00e3o leonina. O \u00e1rbitro envolvido tinha 19 anos.\" \/>\n<meta property=\"og:url\" content=\"https:\/\/portaltela.pt\/noticias\/2026\/03\/24\/apcvd-investiga-incidente-entre-alex-merlim-e-jovem-arbitro-em-sub-13-futsal\/\" \/>\n<meta property=\"og:site_name\" content=\"Portal Tela Portugal\" \/>\n<meta property=\"article:published_time\" content=\"2026-03-24T18:02:00+00:00\" \/>\n<meta name=\"author\" content=\"Telinha\" \/>\n<meta name=\"twitter:card\" content=\"summary_large_image\" \/>\n<meta name=\"twitter:label1\" content=\"Escrito por\" \/>\n\t<meta name=\"twitter:data1\" content=\"Telinha\" \/>\n\t<meta name=\"twitter:label2\" content=\"Tempo estimado de leitura\" \/>\n\t<meta name=\"twitter:data2\" content=\"1 minuto\" \/>\n<script type=\"application\/ld+json\" class=\"yoast-schema-graph\">{\"@context\":\"https:\/\/schema.org\",\"@graph\":[{\"@type\":\"Article\",\"@id\":\"https:\/\/portaltela.pt\/noticias\/2026\/03\/24\/apcvd-investiga-incidente-entre-alex-merlim-e-jovem-arbitro-em-sub-13-futsal\/#article\",\"isPartOf\":{\"@id\":\"https:\/\/portaltela.pt\/noticias\/2026\/03\/24\/apcvd-investiga-incidente-entre-alex-merlim-e-jovem-arbitro-em-sub-13-futsal\/\"},\"author\":{\"name\":\"Telinha\",\"@id\":\"https:\/\/portaltela.pt\/#\/schema\/person\/c4278d4a6028830caff9ee44b42d32ed\"},\"headline\":\"APCVD investiga incidente entre Alex Merlim e jovem \u00e1rbitro em sub-13 futsal\",\"datePublished\":\"2026-03-24T18:02:00+00:00\",\"mainEntityOfPage\":{\"@id\":\"https:\/\/portaltela.pt\/noticias\/2026\/03\/24\/apcvd-investiga-incidente-entre-alex-merlim-e-jovem-arbitro-em-sub-13-futsal\/\"},\"wordCount\":149,\"image\":{\"@id\":\"https:\/\/portaltela.pt\/noticias\/2026\/03\/24\/apcvd-investiga-incidente-entre-alex-merlim-e-jovem-arbitro-em-sub-13-futsal\/#primaryimage\"},\"thumbnailUrl\":\"https:\/\/portaltela.pt\/s.01k8rhncp4jt1\/2026\/03\/img_920x518uu2025-11-17-12-54-32-2403263.jpg\",\"keywords\":[\"Alex Merlim\",\"arbitragem\",\"\u00e1rbitro\",\"contraordena\u00e7\u00e3o\",\"futsal\",\"Sporting\"],\"articleSection\":[\"Desporto\",\"Futebol\"],\"inLanguage\":\"pt-PT\"},{\"@type\":\"WebPage\",\"@id\":\"https:\/\/portaltela.pt\/noticias\/2026\/03\/24\/apcvd-investiga-incidente-entre-alex-merlim-e-jovem-arbitro-em-sub-13-futsal\/\",\"url\":\"https:\/\/portaltela.pt\/noticias\/2026\/03\/24\/apcvd-investiga-incidente-entre-alex-merlim-e-jovem-arbitro-em-sub-13-futsal\/\",\"name\":\"APCVD investiga incidente entre Alex Merlim e jovem \u00e1rbitro em sub-13 futsal - Portal Tela Portugal\",\"isPartOf\":{\"@id\":\"https:\/\/portaltela.pt\/#website\"},\"primaryImageOfPage\":{\"@id\":\"https:\/\/portaltela.pt\/noticias\/2026\/03\/24\/apcvd-investiga-incidente-entre-alex-merlim-e-jovem-arbitro-em-sub-13-futsal\/#primaryimage\"},\"image\":{\"@id\":\"https:\/\/portaltela.pt\/noticias\/2026\/03\/24\/apcvd-investiga-incidente-entre-alex-merlim-e-jovem-arbitro-em-sub-13-futsal\/#primaryimage\"},\"thumbnailUrl\":\"https:\/\/portaltela.pt\/s.01k8rhncp4jt1\/2026\/03\/img_920x518uu2025-11-17-12-54-32-2403263.jpg\",\"datePublished\":\"2026-03-24T18:02:00+00:00\",\"author\":{\"@id\":\"https:\/\/portaltela.pt\/#\/schema\/person\/c4278d4a6028830caff9ee44b42d32ed\"},\"breadcrumb\":{\"@id\":\"https:\/\/portaltela.pt\/noticias\/2026\/03\/24\/apcvd-investiga-incidente-entre-alex-merlim-e-jovem-arbitro-em-sub-13-futsal\/#breadcrumb\"},\"inLanguage\":\"pt-PT\",\"potentialAction\":[{\"@type\":\"ReadAction\",\"target\":[\"https:\/\/portaltela.pt\/noticias\/2026\/03\/24\/apcvd-investiga-incidente-entre-alex-merlim-e-jovem-arbitro-em-sub-13-futsal\/\"]}]},{\"@type\":\"ImageObject\",\"inLanguage\":\"pt-PT\",\"@id\":\"https:\/\/portaltela.pt\/noticias\/2026\/03\/24\/apcvd-investiga-incidente-entre-alex-merlim-e-jovem-arbitro-em-sub-13-futsal\/#primaryimage\",\"url\":\"https:\/\/portaltela.pt\/s.01k8rhncp4jt1\/2026\/03\/img_920x518uu2025-11-17-12-54-32-2403263.jpg\",\"contentUrl\":\"https:\/\/portaltela.pt\/s.01k8rhncp4jt1\/2026\/03\/img_920x518uu2025-11-17-12-54-32-2403263.jpg\",\"width\":796,\"height\":448,\"caption\":\"Alex Merlim, capit\u00e3o da equipa de futsal do Sporting\"},{\"@type\":\"BreadcrumbList\",\"@id\":\"https:\/\/portaltela.pt\/noticias\/2026\/03\/24\/apcvd-investiga-incidente-entre-alex-merlim-e-jovem-arbitro-em-sub-13-futsal\/#breadcrumb\",\"itemListElement\":[{\"@type\":\"ListItem\",\"position\":1,\"name\":\"In\u00edcio\",\"item\":\"https:\/\/portaltela.pt\/\"},{\"@type\":\"ListItem\",\"position\":2,\"name\":\"APCVD investiga incidente entre Alex Merlim e jovem \u00e1rbitro em sub-13 futsal\"}]},{\"@type\":\"WebSite\",\"@id\":\"https:\/\/portaltela.pt\/#website\",\"url\":\"https:\/\/portaltela.pt\/\",\"name\":\"Portal Tela Portugal\",\"description\":\"\",\"potentialAction\":[{\"@type\":\"SearchAction\",\"target\":{\"@type\":\"EntryPoint\",\"urlTemplate\":\"https:\/\/portaltela.pt\/?s={search_term_string}\"},\"query-input\":{\"@type\":\"PropertyValueSpecification\",\"valueRequired\":true,\"valueName\":\"search_term_string\"}}],\"inLanguage\":\"pt-PT\"},{\"@type\":\"Person\",\"@id\":\"https:\/\/portaltela.pt\/#\/schema\/person\/c4278d4a6028830caff9ee44b42d32ed\",\"name\":\"Telinha\",\"image\":{\"@type\":\"ImageObject\",\"inLanguage\":\"pt-PT\",\"@id\":\"https:\/\/portaltela.pt\/s.01k8rhncp4jt1\/2025\/11\/talking-bot-125x125.png\",\"url\":\"https:\/\/portaltela.pt\/s.01k8rhncp4jt1\/2025\/11\/talking-bot-125x125.png\",\"contentUrl\":\"https:\/\/portaltela.pt\/s.01k8rhncp4jt1\/2025\/11\/talking-bot-125x125.png\",\"caption\":\"Telinha\"},\"sameAs\":[\"https:\/\/portaltela.pt\/\"],\"url\":\"https:\/\/portaltela.pt\/por\/367410592786\/\"}]}<\/script>\n<!-- \/ Yoast SEO plugin. -->","yoast_head_json":{"title":"APCVD investiga incidente entre Alex Merlim e jovem \u00e1rbitro em sub-13 futsal - Portal Tela Portugal","robots":{"index":"index","follow":"follow","max-snippet":"max-snippet:-1","max-image-preview":"max-image-preview:large","max-video-preview":"max-video-preview:-1"},"og_locale":"pt_PT","og_type":"article","og_title":"APCVD investiga incidente entre Alex Merlim e jovem \u00e1rbitro em sub-13 futsal - Portal Tela Portugal","og_description":"A APCVD instaurou um processo de contraordena\u00e7\u00e3o para apurar os factos, na sequ\u00eancia da confus\u00e3o envolvendo Alex Merlim e o \u00e1rbitro de um jogo de sub-13 entre Sporting e Quinta dos Lombos. O incidente ocorreu na segunda-feira, na 5.\u00aa jornada da fase de campe\u00e3o do Campeonato Distrital sub-13, disputada entre Sporting e Quinta dos Lombos. Alex Merlim, ala de 39 anos e capit\u00e3o do futsal do Sporting, esteve presente para apoiar o filho que representa os le\u00f5es e, segundo o relat\u00f3rio, exaltou-se ap\u00f3s o \u00e1rbitro expulsar um jogador da forma\u00e7\u00e3o leonina. O \u00e1rbitro envolvido tinha 19 anos.","og_url":"https:\/\/portaltela.pt\/noticias\/2026\/03\/24\/apcvd-investiga-incidente-entre-alex-merlim-e-jovem-arbitro-em-sub-13-futsal\/","og_site_name":"Portal Tela Portugal","article_published_time":"2026-03-24T18:02:00+00:00","author":"Telinha","twitter_card":"summary_large_image","twitter_misc":{"Escrito por":"Telinha","Tempo estimado de leitura":"1 minuto"},"schema":{"@context":"https:\/\/schema.org","@graph":[{"@type":"Article","@id":"https:\/\/portaltela.pt\/noticias\/2026\/03\/24\/apcvd-investiga-incidente-entre-alex-merlim-e-jovem-arbitro-em-sub-13-futsal\/#article","isPartOf":{"@id":"https:\/\/portaltela.pt\/noticias\/2026\/03\/24\/apcvd-investiga-incidente-entre-alex-merlim-e-jovem-arbitro-em-sub-13-futsal\/"},"author":{"name":"Telinha","@id":"https:\/\/portaltela.pt\/#\/schema\/person\/c4278d4a6028830caff9ee44b42d32ed"},"headline":"APCVD investiga incidente entre Alex Merlim e jovem \u00e1rbitro em sub-13 futsal","datePublished":"2026-03-24T18:02:00+00:00","mainEntityOfPage":{"@id":"https:\/\/portaltela.pt\/noticias\/2026\/03\/24\/apcvd-investiga-incidente-entre-alex-merlim-e-jovem-arbitro-em-sub-13-futsal\/"},"wordCount":149,"image":{"@id":"https:\/\/portaltela.pt\/noticias\/2026\/03\/24\/apcvd-investiga-incidente-entre-alex-merlim-e-jovem-arbitro-em-sub-13-futsal\/#primaryimage"},"thumbnailUrl":"https:\/\/portaltela.pt\/s.01k8rhncp4jt1\/2026\/03\/img_920x518uu2025-11-17-12-54-32-2403263.jpg","keywords":["Alex Merlim","arbitragem","\u00e1rbitro","contraordena\u00e7\u00e3o","futsal","Sporting"],"articleSection":["Desporto","Futebol"],"inLanguage":"pt-PT"},{"@type":"WebPage","@id":"https:\/\/portaltela.pt\/noticias\/2026\/03\/24\/apcvd-investiga-incidente-entre-alex-merlim-e-jovem-arbitro-em-sub-13-futsal\/","url":"https:\/\/portaltela.pt\/noticias\/2026\/03\/24\/apcvd-investiga-incidente-entre-alex-merlim-e-jovem-arbitro-em-sub-13-futsal\/","name":"APCVD investiga incidente entre Alex Merlim e jovem \u00e1rbitro em sub-13 futsal - Portal Tela Portugal","isPartOf":{"@id":"https:\/\/portaltela.pt\/#website"},"primaryImageOfPage":{"@id":"https:\/\/portaltela.pt\/noticias\/2026\/03\/24\/apcvd-investiga-incidente-entre-alex-merlim-e-jovem-arbitro-em-sub-13-futsal\/#primaryimage"},"image":{"@id":"https:\/\/portaltela.pt\/noticias\/2026\/03\/24\/apcvd-investiga-incidente-entre-alex-merlim-e-jovem-arbitro-em-sub-13-futsal\/#primaryimage"},"thumbnailUrl":"https:\/\/portaltela.pt\/s.01k8rhncp4jt1\/2026\/03\/img_920x518uu2025-11-17-12-54-32-2403263.jpg","datePublished":"2026-03-24T18:02:00+00:00","author":{"@id":"https:\/\/portaltela.pt\/#\/schema\/person\/c4278d4a6028830caff9ee44b42d32ed"},"breadcrumb":{"@id":"https:\/\/portaltela.pt\/noticias\/2026\/03\/24\/apcvd-investiga-incidente-entre-alex-merlim-e-jovem-arbitro-em-sub-13-futsal\/#breadcrumb"},"inLanguage":"pt-PT","potentialAction":[{"@type":"ReadAction","target":["https:\/\/portaltela.pt\/noticias\/2026\/03\/24\/apcvd-investiga-incidente-entre-alex-merlim-e-jovem-arbitro-em-sub-13-futsal\/"]}]},{"@type":"ImageObject","inLanguage":"pt-PT","@id":"https:\/\/portaltela.pt\/noticias\/2026\/03\/24\/apcvd-investiga-incidente-entre-alex-merlim-e-jovem-arbitro-em-sub-13-futsal\/#primaryimage","url":"https:\/\/portaltela.pt\/s.01k8rhncp4jt1\/2026\/03\/img_920x518uu2025-11-17-12-54-32-2403263.jpg","contentUrl":"https:\/\/portaltela.pt\/s.01k8rhncp4jt1\/2026\/03\/img_920x518uu2025-11-17-12-54-32-2403263.jpg","width":796,"height":448,"caption":"Alex Merlim, capit\u00e3o da equipa de futsal do Sporting"},{"@type":"BreadcrumbList","@id":"https:\/\/portaltela.pt\/noticias\/2026\/03\/24\/apcvd-investiga-incidente-entre-alex-merlim-e-jovem-arbitro-em-sub-13-futsal\/#breadcrumb","itemListElement":[{"@type":"ListItem","position":1,"name":"In\u00edcio","item":"https:\/\/portaltela.pt\/"},{"@type":"ListItem","position":2,"name":"APCVD investiga incidente entre Alex Merlim e jovem \u00e1rbitro em sub-13 futsal"}]},{"@type":"WebSite","@id":"https:\/\/portaltela.pt\/#website","url":"https:\/\/portaltela.pt\/","name":"Portal Tela Portugal","description":"","potentialAction":[{"@type":"SearchAction","target":{"@type":"EntryPoint","urlTemplate":"https:\/\/portaltela.pt\/?s={search_term_string}"},"query-input":{"@type":"PropertyValueSpecification","valueRequired":true,"valueName":"search_term_string"}}],"inLanguage":"pt-PT"},{"@type":"Person","@id":"https:\/\/portaltela.pt\/#\/schema\/person\/c4278d4a6028830caff9ee44b42d32ed","name":"Telinha","image":{"@type":"ImageObject","inLanguage":"pt-PT","@id":"https:\/\/portaltela.pt\/s.01k8rhncp4jt1\/2025\/11\/talking-bot-125x125.png","url":"https:\/\/portaltela.pt\/s.01k8rhncp4jt1\/2025\/11\/talking-bot-125x125.png","contentUrl":"https:\/\/portaltela.pt\/s.01k8rhncp4jt1\/2025\/11\/talking-bot-125x125.png","caption":"Telinha"},"sameAs":["https:\/\/portaltela.pt\/"],"url":"https:\/\/portaltela.pt\/por\/367410592786\/"}]}},"_links":{"self":[{"href":"https:\/\/portaltela.pt\/api\/wp\/v2\/posts\/419955","targetHints":{"allow":["GET"]}}],"collection":[{"href":"https:\/\/portaltela.pt\/api\/wp\/v2\/posts"}],"about":[{"href":"https:\/\/portaltela.pt\/api\/wp\/v2\/types\/post"}],"author":[{"embeddable":true,"href":"https:\/\/portaltela.pt\/api\/wp\/v2\/users\/2"}],"replies":[{"embeddable":true,"href":"https:\/\/portaltela.pt\/api\/wp\/v2\/comments?post=419955"}],"version-history":[{"count":0,"href":"https:\/\/portaltela.pt\/api\/wp\/v2\/posts\/419955\/revisions"}],"wp:featuredmedia":[{"embeddable":true,"href":"https:\/\/portaltela.pt\/api\/wp\/v2\/media\/419959"}],"wp:attachment":[{"href":"https:\/\/portaltela.pt\/api\/wp\/v2\/media?parent=419955"}],"wp:term":[{"taxonomy":"category","embeddable":true,"href":"https:\/\/portaltela.pt\/api\/wp\/v2\/categories?post=419955"},{"taxonomy":"post_tag","embeddable":true,"href":"https:\/\/portaltela.pt\/api\/wp\/v2\/tags?post=419955"}],"curies":[{"name":"wp","href":"https:\/\/api.w.org\/{rel}","templated":true}]}}