{"id":419948,"date":"2026-03-24T15:07:55","date_gmt":"2026-03-24T18:07:55","guid":{"rendered":"https:\/\/portaltela.pt\/noticias\/2026\/03\/24\/equipa-tecnica-do-maritimo-eleita-a-melhor-de-janeiro-da-liga-bpi\/"},"modified":"2026-03-24T15:07:55","modified_gmt":"2026-03-24T18:07:55","slug":"equipa-tecnica-do-maritimo-eleita-a-melhor-de-janeiro-da-liga-bpi","status":"publish","type":"post","link":"https:\/\/portaltela.pt\/desporto\/futebol\/2026\/03\/24\/equipa-tecnica-do-maritimo-eleita-a-melhor-de-janeiro-da-liga-bpi\/","title":{"rendered":"Equipa t\u00e9cnica do Mar\u00edtimo eleita a melhor de janeiro da Liga BPI"},"content":{"rendered":"<p>O Mar\u00edtimo venceu o pr\u00e9mio de Equipa T\u00e9cnica de Janeiro na Liga BPI, reconhecido pelo desempenho da sua equipa feminina ao longo do m\u00eas. A distin\u00e7\u00e3o foi entregue aos treinadores do clube, em reconhecimento pelo trabalho desenvolvido em janeiro.<\/p>\n<p>As insulares conquistaram os dois encontros disputados nesse per\u00edodo, com cinco golos marcados. Venceram o Valadares Gaia por 3-2 e, depois, o Rio Ave por 2-1.<\/p>\n<h3>A conquista premiada<\/h3>\n<p>O treinador Lu\u00eds Gabriel recebeu o galard\u00e3o, entregue por Ana Teixeira, e partilhou o trof\u00e9u com a equipa t\u00e9cnica e as jogadoras. O momento ocorreu ap\u00f3s o treino no Complexo Desportivo do Mar\u00edtimo, no Funchal.<\/p>\n","protected":false},"excerpt":{"rendered":"<ul>\n<li>A equipa t\u00e9cnica do Mar\u00edtimo foi eleita a melhor da Liga BPI em janeiro.<\/li>\n<li>O conjunto insular venceu os dois jogos disputados no m\u00eas, marcando cinco golos.<\/li>\n<li>Derrotaram o Valadares de Gaia por 3-2 e o Rio Ave por 2-1.<\/li>\n<li>O treinador Lu\u00eds Gabriel recebeu o pr\u00e9mio, entregue por Ana Teixeira, ap\u00f3s o treino no Funchal.<\/li>\n<li>A cerim\u00f3nia ocorreu no Complexo Desportivo do Mar\u00edtimo, com a partilha do trof\u00e9u entre a equipa t\u00e9cnica e as jogadoras.<\/li>\n<\/ul>\n","protected":false},"author":2,"featured_media":419951,"comment_status":"closed","ping_status":"closed","sticky":false,"template":"","format":"standard","meta":{"footnotes":""},"categories":[21,24],"tags":[1120,32,1030,1786,3097,2477],"class_list":["post-419948","post","type-post","status-publish","format-standard","has-post-thumbnail","hentry","category-desporto","category-futebol","tag-funchal","tag-futebol","tag-futebol-feminino","tag-liga","tag-maritimo","tag-treinadores"],"yoast_head":"<!-- This site is optimized with the Yoast SEO plugin v27.2 - https:\/\/yoast.com\/product\/yoast-seo-wordpress\/ -->\n<title>Equipa t\u00e9cnica do Mar\u00edtimo eleita a melhor de janeiro da Liga BPI - Portal Tela Portugal<\/title>\n<meta name=\"robots\" content=\"index, follow, max-snippet:-1, max-image-preview:large, max-video-preview:-1\" \/>\n<meta property=\"og:locale\" content=\"pt_PT\" \/>\n<meta property=\"og:type\" content=\"article\" \/>\n<meta property=\"og:title\" content=\"Equipa t\u00e9cnica do Mar\u00edtimo eleita a melhor de janeiro da Liga BPI - Portal Tela Portugal\" \/>\n<meta property=\"og:description\" content=\"A equipa t\u00e9cnica do Mar\u00edtimo foi eleita a melhor da Liga BPI em janeiro. O conjunto insular venceu os dois jogos disputados no m\u00eas, marcando cinco golos. Derrotaram o Valadares de Gaia por 3-2 e o Rio Ave por 2-1. O treinador Lu\u00eds Gabriel recebeu o pr\u00e9mio, entregue por Ana Teixeira, ap\u00f3s o treino no Funchal. A cerim\u00f3nia ocorreu no Complexo Desportivo do Mar\u00edtimo, com a partilha do trof\u00e9u entre a equipa t\u00e9cnica e as jogadoras.\" \/>\n<meta property=\"og:url\" content=\"https:\/\/portaltela.pt\/noticias\/2026\/03\/24\/equipa-tecnica-do-maritimo-eleita-a-melhor-de-janeiro-da-liga-bpi\/\" \/>\n<meta property=\"og:site_name\" content=\"Portal Tela Portugal\" \/>\n<meta property=\"article:published_time\" content=\"2026-03-24T18:07:55+00:00\" \/>\n<meta name=\"author\" content=\"Telinha\" \/>\n<meta name=\"twitter:card\" content=\"summary_large_image\" \/>\n<meta name=\"twitter:label1\" content=\"Escrito por\" \/>\n\t<meta name=\"twitter:data1\" content=\"Telinha\" \/>\n\t<meta name=\"twitter:label2\" content=\"Tempo estimado de leitura\" \/>\n\t<meta name=\"twitter:data2\" content=\"1 minuto\" \/>\n<script type=\"application\/ld+json\" class=\"yoast-schema-graph\">{\"@context\":\"https:\/\/schema.org\",\"@graph\":[{\"@type\":\"Article\",\"@id\":\"https:\/\/portaltela.pt\/noticias\/2026\/03\/24\/equipa-tecnica-do-maritimo-eleita-a-melhor-de-janeiro-da-liga-bpi\/#article\",\"isPartOf\":{\"@id\":\"https:\/\/portaltela.pt\/noticias\/2026\/03\/24\/equipa-tecnica-do-maritimo-eleita-a-melhor-de-janeiro-da-liga-bpi\/\"},\"author\":{\"name\":\"Telinha\",\"@id\":\"https:\/\/portaltela.pt\/#\/schema\/person\/c4278d4a6028830caff9ee44b42d32ed\"},\"headline\":\"Equipa t\u00e9cnica do Mar\u00edtimo eleita a melhor de janeiro da Liga BPI\",\"datePublished\":\"2026-03-24T18:07:55+00:00\",\"mainEntityOfPage\":{\"@id\":\"https:\/\/portaltela.pt\/noticias\/2026\/03\/24\/equipa-tecnica-do-maritimo-eleita-a-melhor-de-janeiro-da-liga-bpi\/\"},\"wordCount\":129,\"image\":{\"@id\":\"https:\/\/portaltela.pt\/noticias\/2026\/03\/24\/equipa-tecnica-do-maritimo-eleita-a-melhor-de-janeiro-da-liga-bpi\/#primaryimage\"},\"thumbnailUrl\":\"https:\/\/portaltela.pt\/s.01k8rhncp4jt1\/2026\/03\/img_920x518uu2026-03-24-17-24-03-2429135-im-639099708099790610.jpg\",\"keywords\":[\"Funchal\",\"futebol\",\"futebol feminino\",\"Liga\",\"Mar\u00edtimo\",\"treinadores\"],\"articleSection\":[\"Desporto\",\"Futebol\"],\"inLanguage\":\"pt-PT\"},{\"@type\":\"WebPage\",\"@id\":\"https:\/\/portaltela.pt\/noticias\/2026\/03\/24\/equipa-tecnica-do-maritimo-eleita-a-melhor-de-janeiro-da-liga-bpi\/\",\"url\":\"https:\/\/portaltela.pt\/noticias\/2026\/03\/24\/equipa-tecnica-do-maritimo-eleita-a-melhor-de-janeiro-da-liga-bpi\/\",\"name\":\"Equipa t\u00e9cnica do Mar\u00edtimo eleita a melhor de janeiro da Liga BPI - Portal Tela Portugal\",\"isPartOf\":{\"@id\":\"https:\/\/portaltela.pt\/#website\"},\"primaryImageOfPage\":{\"@id\":\"https:\/\/portaltela.pt\/noticias\/2026\/03\/24\/equipa-tecnica-do-maritimo-eleita-a-melhor-de-janeiro-da-liga-bpi\/#primaryimage\"},\"image\":{\"@id\":\"https:\/\/portaltela.pt\/noticias\/2026\/03\/24\/equipa-tecnica-do-maritimo-eleita-a-melhor-de-janeiro-da-liga-bpi\/#primaryimage\"},\"thumbnailUrl\":\"https:\/\/portaltela.pt\/s.01k8rhncp4jt1\/2026\/03\/img_920x518uu2026-03-24-17-24-03-2429135-im-639099708099790610.jpg\",\"datePublished\":\"2026-03-24T18:07:55+00:00\",\"author\":{\"@id\":\"https:\/\/portaltela.pt\/#\/schema\/person\/c4278d4a6028830caff9ee44b42d32ed\"},\"breadcrumb\":{\"@id\":\"https:\/\/portaltela.pt\/noticias\/2026\/03\/24\/equipa-tecnica-do-maritimo-eleita-a-melhor-de-janeiro-da-liga-bpi\/#breadcrumb\"},\"inLanguage\":\"pt-PT\",\"potentialAction\":[{\"@type\":\"ReadAction\",\"target\":[\"https:\/\/portaltela.pt\/noticias\/2026\/03\/24\/equipa-tecnica-do-maritimo-eleita-a-melhor-de-janeiro-da-liga-bpi\/\"]}]},{\"@type\":\"ImageObject\",\"inLanguage\":\"pt-PT\",\"@id\":\"https:\/\/portaltela.pt\/noticias\/2026\/03\/24\/equipa-tecnica-do-maritimo-eleita-a-melhor-de-janeiro-da-liga-bpi\/#primaryimage\",\"url\":\"https:\/\/portaltela.pt\/s.01k8rhncp4jt1\/2026\/03\/img_920x518uu2026-03-24-17-24-03-2429135-im-639099708099790610.jpg\",\"contentUrl\":\"https:\/\/portaltela.pt\/s.01k8rhncp4jt1\/2026\/03\/img_920x518uu2026-03-24-17-24-03-2429135-im-639099708099790610.jpg\",\"width\":796,\"height\":448,\"caption\":\"Photo\"},{\"@type\":\"BreadcrumbList\",\"@id\":\"https:\/\/portaltela.pt\/noticias\/2026\/03\/24\/equipa-tecnica-do-maritimo-eleita-a-melhor-de-janeiro-da-liga-bpi\/#breadcrumb\",\"itemListElement\":[{\"@type\":\"ListItem\",\"position\":1,\"name\":\"In\u00edcio\",\"item\":\"https:\/\/portaltela.pt\/\"},{\"@type\":\"ListItem\",\"position\":2,\"name\":\"Equipa t\u00e9cnica do Mar\u00edtimo eleita a melhor de janeiro da Liga BPI\"}]},{\"@type\":\"WebSite\",\"@id\":\"https:\/\/portaltela.pt\/#website\",\"url\":\"https:\/\/portaltela.pt\/\",\"name\":\"Portal Tela Portugal\",\"description\":\"\",\"potentialAction\":[{\"@type\":\"SearchAction\",\"target\":{\"@type\":\"EntryPoint\",\"urlTemplate\":\"https:\/\/portaltela.pt\/?s={search_term_string}\"},\"query-input\":{\"@type\":\"PropertyValueSpecification\",\"valueRequired\":true,\"valueName\":\"search_term_string\"}}],\"inLanguage\":\"pt-PT\"},{\"@type\":\"Person\",\"@id\":\"https:\/\/portaltela.pt\/#\/schema\/person\/c4278d4a6028830caff9ee44b42d32ed\",\"name\":\"Telinha\",\"image\":{\"@type\":\"ImageObject\",\"inLanguage\":\"pt-PT\",\"@id\":\"https:\/\/portaltela.pt\/s.01k8rhncp4jt1\/2025\/11\/talking-bot-125x125.png\",\"url\":\"https:\/\/portaltela.pt\/s.01k8rhncp4jt1\/2025\/11\/talking-bot-125x125.png\",\"contentUrl\":\"https:\/\/portaltela.pt\/s.01k8rhncp4jt1\/2025\/11\/talking-bot-125x125.png\",\"caption\":\"Telinha\"},\"sameAs\":[\"https:\/\/portaltela.pt\/\"],\"url\":\"https:\/\/portaltela.pt\/por\/367410592786\/\"}]}<\/script>\n<!-- \/ Yoast SEO plugin. -->","yoast_head_json":{"title":"Equipa t\u00e9cnica do Mar\u00edtimo eleita a melhor de janeiro da Liga BPI - Portal Tela Portugal","robots":{"index":"index","follow":"follow","max-snippet":"max-snippet:-1","max-image-preview":"max-image-preview:large","max-video-preview":"max-video-preview:-1"},"og_locale":"pt_PT","og_type":"article","og_title":"Equipa t\u00e9cnica do Mar\u00edtimo eleita a melhor de janeiro da Liga BPI - Portal Tela Portugal","og_description":"A equipa t\u00e9cnica do Mar\u00edtimo foi eleita a melhor da Liga BPI em janeiro. O conjunto insular venceu os dois jogos disputados no m\u00eas, marcando cinco golos. Derrotaram o Valadares de Gaia por 3-2 e o Rio Ave por 2-1. O treinador Lu\u00eds Gabriel recebeu o pr\u00e9mio, entregue por Ana Teixeira, ap\u00f3s o treino no Funchal. A cerim\u00f3nia ocorreu no Complexo Desportivo do Mar\u00edtimo, com a partilha do trof\u00e9u entre a equipa t\u00e9cnica e as jogadoras.","og_url":"https:\/\/portaltela.pt\/noticias\/2026\/03\/24\/equipa-tecnica-do-maritimo-eleita-a-melhor-de-janeiro-da-liga-bpi\/","og_site_name":"Portal Tela Portugal","article_published_time":"2026-03-24T18:07:55+00:00","author":"Telinha","twitter_card":"summary_large_image","twitter_misc":{"Escrito por":"Telinha","Tempo estimado de leitura":"1 minuto"},"schema":{"@context":"https:\/\/schema.org","@graph":[{"@type":"Article","@id":"https:\/\/portaltela.pt\/noticias\/2026\/03\/24\/equipa-tecnica-do-maritimo-eleita-a-melhor-de-janeiro-da-liga-bpi\/#article","isPartOf":{"@id":"https:\/\/portaltela.pt\/noticias\/2026\/03\/24\/equipa-tecnica-do-maritimo-eleita-a-melhor-de-janeiro-da-liga-bpi\/"},"author":{"name":"Telinha","@id":"https:\/\/portaltela.pt\/#\/schema\/person\/c4278d4a6028830caff9ee44b42d32ed"},"headline":"Equipa t\u00e9cnica do Mar\u00edtimo eleita a melhor de janeiro da Liga BPI","datePublished":"2026-03-24T18:07:55+00:00","mainEntityOfPage":{"@id":"https:\/\/portaltela.pt\/noticias\/2026\/03\/24\/equipa-tecnica-do-maritimo-eleita-a-melhor-de-janeiro-da-liga-bpi\/"},"wordCount":129,"image":{"@id":"https:\/\/portaltela.pt\/noticias\/2026\/03\/24\/equipa-tecnica-do-maritimo-eleita-a-melhor-de-janeiro-da-liga-bpi\/#primaryimage"},"thumbnailUrl":"https:\/\/portaltela.pt\/s.01k8rhncp4jt1\/2026\/03\/img_920x518uu2026-03-24-17-24-03-2429135-im-639099708099790610.jpg","keywords":["Funchal","futebol","futebol feminino","Liga","Mar\u00edtimo","treinadores"],"articleSection":["Desporto","Futebol"],"inLanguage":"pt-PT"},{"@type":"WebPage","@id":"https:\/\/portaltela.pt\/noticias\/2026\/03\/24\/equipa-tecnica-do-maritimo-eleita-a-melhor-de-janeiro-da-liga-bpi\/","url":"https:\/\/portaltela.pt\/noticias\/2026\/03\/24\/equipa-tecnica-do-maritimo-eleita-a-melhor-de-janeiro-da-liga-bpi\/","name":"Equipa t\u00e9cnica do Mar\u00edtimo eleita a melhor de janeiro da Liga BPI - Portal Tela Portugal","isPartOf":{"@id":"https:\/\/portaltela.pt\/#website"},"primaryImageOfPage":{"@id":"https:\/\/portaltela.pt\/noticias\/2026\/03\/24\/equipa-tecnica-do-maritimo-eleita-a-melhor-de-janeiro-da-liga-bpi\/#primaryimage"},"image":{"@id":"https:\/\/portaltela.pt\/noticias\/2026\/03\/24\/equipa-tecnica-do-maritimo-eleita-a-melhor-de-janeiro-da-liga-bpi\/#primaryimage"},"thumbnailUrl":"https:\/\/portaltela.pt\/s.01k8rhncp4jt1\/2026\/03\/img_920x518uu2026-03-24-17-24-03-2429135-im-639099708099790610.jpg","datePublished":"2026-03-24T18:07:55+00:00","author":{"@id":"https:\/\/portaltela.pt\/#\/schema\/person\/c4278d4a6028830caff9ee44b42d32ed"},"breadcrumb":{"@id":"https:\/\/portaltela.pt\/noticias\/2026\/03\/24\/equipa-tecnica-do-maritimo-eleita-a-melhor-de-janeiro-da-liga-bpi\/#breadcrumb"},"inLanguage":"pt-PT","potentialAction":[{"@type":"ReadAction","target":["https:\/\/portaltela.pt\/noticias\/2026\/03\/24\/equipa-tecnica-do-maritimo-eleita-a-melhor-de-janeiro-da-liga-bpi\/"]}]},{"@type":"ImageObject","inLanguage":"pt-PT","@id":"https:\/\/portaltela.pt\/noticias\/2026\/03\/24\/equipa-tecnica-do-maritimo-eleita-a-melhor-de-janeiro-da-liga-bpi\/#primaryimage","url":"https:\/\/portaltela.pt\/s.01k8rhncp4jt1\/2026\/03\/img_920x518uu2026-03-24-17-24-03-2429135-im-639099708099790610.jpg","contentUrl":"https:\/\/portaltela.pt\/s.01k8rhncp4jt1\/2026\/03\/img_920x518uu2026-03-24-17-24-03-2429135-im-639099708099790610.jpg","width":796,"height":448,"caption":"Photo"},{"@type":"BreadcrumbList","@id":"https:\/\/portaltela.pt\/noticias\/2026\/03\/24\/equipa-tecnica-do-maritimo-eleita-a-melhor-de-janeiro-da-liga-bpi\/#breadcrumb","itemListElement":[{"@type":"ListItem","position":1,"name":"In\u00edcio","item":"https:\/\/portaltela.pt\/"},{"@type":"ListItem","position":2,"name":"Equipa t\u00e9cnica do Mar\u00edtimo eleita a melhor de janeiro da Liga BPI"}]},{"@type":"WebSite","@id":"https:\/\/portaltela.pt\/#website","url":"https:\/\/portaltela.pt\/","name":"Portal Tela Portugal","description":"","potentialAction":[{"@type":"SearchAction","target":{"@type":"EntryPoint","urlTemplate":"https:\/\/portaltela.pt\/?s={search_term_string}"},"query-input":{"@type":"PropertyValueSpecification","valueRequired":true,"valueName":"search_term_string"}}],"inLanguage":"pt-PT"},{"@type":"Person","@id":"https:\/\/portaltela.pt\/#\/schema\/person\/c4278d4a6028830caff9ee44b42d32ed","name":"Telinha","image":{"@type":"ImageObject","inLanguage":"pt-PT","@id":"https:\/\/portaltela.pt\/s.01k8rhncp4jt1\/2025\/11\/talking-bot-125x125.png","url":"https:\/\/portaltela.pt\/s.01k8rhncp4jt1\/2025\/11\/talking-bot-125x125.png","contentUrl":"https:\/\/portaltela.pt\/s.01k8rhncp4jt1\/2025\/11\/talking-bot-125x125.png","caption":"Telinha"},"sameAs":["https:\/\/portaltela.pt\/"],"url":"https:\/\/portaltela.pt\/por\/367410592786\/"}]}},"_links":{"self":[{"href":"https:\/\/portaltela.pt\/api\/wp\/v2\/posts\/419948","targetHints":{"allow":["GET"]}}],"collection":[{"href":"https:\/\/portaltela.pt\/api\/wp\/v2\/posts"}],"about":[{"href":"https:\/\/portaltela.pt\/api\/wp\/v2\/types\/post"}],"author":[{"embeddable":true,"href":"https:\/\/portaltela.pt\/api\/wp\/v2\/users\/2"}],"replies":[{"embeddable":true,"href":"https:\/\/portaltela.pt\/api\/wp\/v2\/comments?post=419948"}],"version-history":[{"count":0,"href":"https:\/\/portaltela.pt\/api\/wp\/v2\/posts\/419948\/revisions"}],"wp:featuredmedia":[{"embeddable":true,"href":"https:\/\/portaltela.pt\/api\/wp\/v2\/media\/419951"}],"wp:attachment":[{"href":"https:\/\/portaltela.pt\/api\/wp\/v2\/media?parent=419948"}],"wp:term":[{"taxonomy":"category","embeddable":true,"href":"https:\/\/portaltela.pt\/api\/wp\/v2\/categories?post=419948"},{"taxonomy":"post_tag","embeddable":true,"href":"https:\/\/portaltela.pt\/api\/wp\/v2\/tags?post=419948"}],"curies":[{"name":"wp","href":"https:\/\/api.w.org\/{rel}","templated":true}]}}