{"id":419946,"date":"2026-03-24T15:12:00","date_gmt":"2026-03-24T18:12:00","guid":{"rendered":"https:\/\/portaltela.pt\/noticias\/2026\/03\/24\/nicolas-maduro-regressa-ao-tribunal-em-nova-iorque-na-quinta-feira\/"},"modified":"2026-03-24T15:12:00","modified_gmt":"2026-03-24T18:12:00","slug":"nicolas-maduro-regressa-ao-tribunal-em-nova-iorque-na-quinta-feira","status":"publish","type":"post","link":"https:\/\/portaltela.pt\/noticias\/politica\/2026\/03\/24\/nicolas-maduro-regressa-ao-tribunal-em-nova-iorque-na-quinta-feira\/","title":{"rendered":"Nicol\u00e1s Maduro regressa ao tribunal em Nova Iorque na quinta-feira"},"content":{"rendered":"<p>Nicol\u00e1s Maduro regressa quinta-feira ao tribunal de Manhattan, em Nova Iorque, acusado de ter favorecido o tr\u00e1fico internacional de droga. O l\u00edder venezuelano deposto est\u00e1 detido desde a sua captura pelos Estados Unidos no in\u00edcio de janeiro.<\/p>\n<p>A presen\u00e7a no tribunal ocorre ap\u00f3s a deten\u00e7\u00e3o, informam ag\u00eancias internacionais. Maduro enfrenta acusa\u00e7\u00f5es relacionadas com tr\u00e1fico de droga que, segundo as autoridades, envolvem redes internacionais.<\/p>\n<p>O processo acontece no contexto pol\u00edtico da Venezuela, onde Maduro deixou o poder em janeiro de 2019 e foi removido por vias pol\u00edticas e constitucionais. A defesa ainda n\u00e3o reagiu publicamente aos termos exatos das acusa\u00e7\u00f5es.<\/p>\n<p>O caso encontra-se a decorrer num tribunal de Manhattan, com a eventual continua\u00e7\u00e3o de audi\u00eancias agendadas para os pr\u00f3ximos dias. Detalhes adicionais devem surgir \u00e0 medida que o processo avan\u00e7a.<\/p>\n","protected":false},"excerpt":{"rendered":"<ul>\n<li>Nicol\u00e1s Maduro regressa quinta-feira ao tribunal de Manhattan, em Nova Iorque.<\/li>\n<li>O l\u00edder venezuelano est\u00e1 detido desde a captura pelos Estados Unidos no in\u00edcio de janeiro.<\/li>\n<li>\u00c9 acusado de ter favorecido o tr\u00e1fico internacional de droga.<\/li>\n<\/ul>\n","protected":false},"author":2,"featured_media":419947,"comment_status":"closed","ping_status":"closed","sticky":false,"template":"","format":"standard","meta":{"footnotes":""},"categories":[6912,5],"tags":[3081,4139,5632,5698,96,2758],"class_list":["post-419946","post","type-post","status-publish","format-standard","has-post-thumbnail","hentry","category-internacionais","category-politica","tag-crimes-internacionais","tag-detencao","tag-nova-iorque","tag-politica-internacional","tag-trafico-de-droga","tag-venezuela"],"yoast_head":"<!-- This site is optimized with the Yoast SEO plugin v27.2 - https:\/\/yoast.com\/product\/yoast-seo-wordpress\/ -->\n<title>Nicol\u00e1s Maduro regressa ao tribunal em Nova Iorque na quinta-feira - Portal Tela Portugal<\/title>\n<meta name=\"robots\" content=\"index, follow, max-snippet:-1, max-image-preview:large, max-video-preview:-1\" \/>\n<meta property=\"og:locale\" content=\"pt_PT\" \/>\n<meta property=\"og:type\" content=\"article\" \/>\n<meta property=\"og:title\" content=\"Nicol\u00e1s Maduro regressa ao tribunal em Nova Iorque na quinta-feira - Portal Tela Portugal\" \/>\n<meta property=\"og:description\" content=\"Nicol\u00e1s Maduro regressa quinta-feira ao tribunal de Manhattan, em Nova Iorque. O l\u00edder venezuelano est\u00e1 detido desde a captura pelos Estados Unidos no in\u00edcio de janeiro. \u00c9 acusado de ter favorecido o tr\u00e1fico internacional de droga.\" \/>\n<meta property=\"og:url\" content=\"https:\/\/portaltela.pt\/noticias\/2026\/03\/24\/nicolas-maduro-regressa-ao-tribunal-em-nova-iorque-na-quinta-feira\/\" \/>\n<meta property=\"og:site_name\" content=\"Portal Tela Portugal\" \/>\n<meta property=\"article:published_time\" content=\"2026-03-24T18:12:00+00:00\" \/>\n<meta name=\"author\" content=\"Telinha\" \/>\n<meta name=\"twitter:card\" content=\"summary_large_image\" \/>\n<meta name=\"twitter:label1\" content=\"Escrito por\" \/>\n\t<meta name=\"twitter:data1\" content=\"Telinha\" \/>\n\t<meta name=\"twitter:label2\" content=\"Tempo estimado de leitura\" \/>\n\t<meta name=\"twitter:data2\" content=\"1 minuto\" \/>\n<script type=\"application\/ld+json\" class=\"yoast-schema-graph\">{\"@context\":\"https:\/\/schema.org\",\"@graph\":[{\"@type\":\"Article\",\"@id\":\"https:\/\/portaltela.pt\/noticias\/2026\/03\/24\/nicolas-maduro-regressa-ao-tribunal-em-nova-iorque-na-quinta-feira\/#article\",\"isPartOf\":{\"@id\":\"https:\/\/portaltela.pt\/noticias\/2026\/03\/24\/nicolas-maduro-regressa-ao-tribunal-em-nova-iorque-na-quinta-feira\/\"},\"author\":{\"name\":\"Telinha\",\"@id\":\"https:\/\/portaltela.pt\/#\/schema\/person\/c4278d4a6028830caff9ee44b42d32ed\"},\"headline\":\"Nicol\u00e1s Maduro regressa ao tribunal em Nova Iorque na quinta-feira\",\"datePublished\":\"2026-03-24T18:12:00+00:00\",\"mainEntityOfPage\":{\"@id\":\"https:\/\/portaltela.pt\/noticias\/2026\/03\/24\/nicolas-maduro-regressa-ao-tribunal-em-nova-iorque-na-quinta-feira\/\"},\"wordCount\":156,\"image\":{\"@id\":\"https:\/\/portaltela.pt\/noticias\/2026\/03\/24\/nicolas-maduro-regressa-ao-tribunal-em-nova-iorque-na-quinta-feira\/#primaryimage\"},\"thumbnailUrl\":\"https:\/\/portaltela.pt\/s.01k8rhncp4jt1\/2026\/03\/CACHE_780X1200_ANALOG_WATERMARKED_46284763_409226224000077.jpg\",\"keywords\":[\"crimes internacionais\",\"deten\u00e7\u00e3o\",\"Nova Iorque\",\"pol\u00edtica internacional\",\"tr\u00e1fico de droga\",\"Venezuela\"],\"articleSection\":[\"Internacionais\",\"Pol\u00edtica\"],\"inLanguage\":\"pt-PT\"},{\"@type\":\"WebPage\",\"@id\":\"https:\/\/portaltela.pt\/noticias\/2026\/03\/24\/nicolas-maduro-regressa-ao-tribunal-em-nova-iorque-na-quinta-feira\/\",\"url\":\"https:\/\/portaltela.pt\/noticias\/2026\/03\/24\/nicolas-maduro-regressa-ao-tribunal-em-nova-iorque-na-quinta-feira\/\",\"name\":\"Nicol\u00e1s Maduro regressa ao tribunal em Nova Iorque na quinta-feira - Portal Tela Portugal\",\"isPartOf\":{\"@id\":\"https:\/\/portaltela.pt\/#website\"},\"primaryImageOfPage\":{\"@id\":\"https:\/\/portaltela.pt\/noticias\/2026\/03\/24\/nicolas-maduro-regressa-ao-tribunal-em-nova-iorque-na-quinta-feira\/#primaryimage\"},\"image\":{\"@id\":\"https:\/\/portaltela.pt\/noticias\/2026\/03\/24\/nicolas-maduro-regressa-ao-tribunal-em-nova-iorque-na-quinta-feira\/#primaryimage\"},\"thumbnailUrl\":\"https:\/\/portaltela.pt\/s.01k8rhncp4jt1\/2026\/03\/CACHE_780X1200_ANALOG_WATERMARKED_46284763_409226224000077.jpg\",\"datePublished\":\"2026-03-24T18:12:00+00:00\",\"author\":{\"@id\":\"https:\/\/portaltela.pt\/#\/schema\/person\/c4278d4a6028830caff9ee44b42d32ed\"},\"breadcrumb\":{\"@id\":\"https:\/\/portaltela.pt\/noticias\/2026\/03\/24\/nicolas-maduro-regressa-ao-tribunal-em-nova-iorque-na-quinta-feira\/#breadcrumb\"},\"inLanguage\":\"pt-PT\",\"potentialAction\":[{\"@type\":\"ReadAction\",\"target\":[\"https:\/\/portaltela.pt\/noticias\/2026\/03\/24\/nicolas-maduro-regressa-ao-tribunal-em-nova-iorque-na-quinta-feira\/\"]}]},{\"@type\":\"ImageObject\",\"inLanguage\":\"pt-PT\",\"@id\":\"https:\/\/portaltela.pt\/noticias\/2026\/03\/24\/nicolas-maduro-regressa-ao-tribunal-em-nova-iorque-na-quinta-feira\/#primaryimage\",\"url\":\"https:\/\/portaltela.pt\/s.01k8rhncp4jt1\/2026\/03\/CACHE_780X1200_ANALOG_WATERMARKED_46284763_409226224000077.jpg\",\"contentUrl\":\"https:\/\/portaltela.pt\/s.01k8rhncp4jt1\/2026\/03\/CACHE_780X1200_ANALOG_WATERMARKED_46284763_409226224000077.jpg\",\"width\":796,\"height\":448,\"caption\":\"Photo\"},{\"@type\":\"BreadcrumbList\",\"@id\":\"https:\/\/portaltela.pt\/noticias\/2026\/03\/24\/nicolas-maduro-regressa-ao-tribunal-em-nova-iorque-na-quinta-feira\/#breadcrumb\",\"itemListElement\":[{\"@type\":\"ListItem\",\"position\":1,\"name\":\"In\u00edcio\",\"item\":\"https:\/\/portaltela.pt\/\"},{\"@type\":\"ListItem\",\"position\":2,\"name\":\"Nicol\u00e1s Maduro regressa ao tribunal em Nova Iorque na quinta-feira\"}]},{\"@type\":\"WebSite\",\"@id\":\"https:\/\/portaltela.pt\/#website\",\"url\":\"https:\/\/portaltela.pt\/\",\"name\":\"Portal Tela Portugal\",\"description\":\"\",\"potentialAction\":[{\"@type\":\"SearchAction\",\"target\":{\"@type\":\"EntryPoint\",\"urlTemplate\":\"https:\/\/portaltela.pt\/?s={search_term_string}\"},\"query-input\":{\"@type\":\"PropertyValueSpecification\",\"valueRequired\":true,\"valueName\":\"search_term_string\"}}],\"inLanguage\":\"pt-PT\"},{\"@type\":\"Person\",\"@id\":\"https:\/\/portaltela.pt\/#\/schema\/person\/c4278d4a6028830caff9ee44b42d32ed\",\"name\":\"Telinha\",\"image\":{\"@type\":\"ImageObject\",\"inLanguage\":\"pt-PT\",\"@id\":\"https:\/\/portaltela.pt\/s.01k8rhncp4jt1\/2025\/11\/talking-bot-125x125.png\",\"url\":\"https:\/\/portaltela.pt\/s.01k8rhncp4jt1\/2025\/11\/talking-bot-125x125.png\",\"contentUrl\":\"https:\/\/portaltela.pt\/s.01k8rhncp4jt1\/2025\/11\/talking-bot-125x125.png\",\"caption\":\"Telinha\"},\"sameAs\":[\"https:\/\/portaltela.pt\/\"],\"url\":\"https:\/\/portaltela.pt\/por\/367410592786\/\"}]}<\/script>\n<!-- \/ Yoast SEO plugin. -->","yoast_head_json":{"title":"Nicol\u00e1s Maduro regressa ao tribunal em Nova Iorque na quinta-feira - Portal Tela Portugal","robots":{"index":"index","follow":"follow","max-snippet":"max-snippet:-1","max-image-preview":"max-image-preview:large","max-video-preview":"max-video-preview:-1"},"og_locale":"pt_PT","og_type":"article","og_title":"Nicol\u00e1s Maduro regressa ao tribunal em Nova Iorque na quinta-feira - Portal Tela Portugal","og_description":"Nicol\u00e1s Maduro regressa quinta-feira ao tribunal de Manhattan, em Nova Iorque. O l\u00edder venezuelano est\u00e1 detido desde a captura pelos Estados Unidos no in\u00edcio de janeiro. \u00c9 acusado de ter favorecido o tr\u00e1fico internacional de droga.","og_url":"https:\/\/portaltela.pt\/noticias\/2026\/03\/24\/nicolas-maduro-regressa-ao-tribunal-em-nova-iorque-na-quinta-feira\/","og_site_name":"Portal Tela Portugal","article_published_time":"2026-03-24T18:12:00+00:00","author":"Telinha","twitter_card":"summary_large_image","twitter_misc":{"Escrito por":"Telinha","Tempo estimado de leitura":"1 minuto"},"schema":{"@context":"https:\/\/schema.org","@graph":[{"@type":"Article","@id":"https:\/\/portaltela.pt\/noticias\/2026\/03\/24\/nicolas-maduro-regressa-ao-tribunal-em-nova-iorque-na-quinta-feira\/#article","isPartOf":{"@id":"https:\/\/portaltela.pt\/noticias\/2026\/03\/24\/nicolas-maduro-regressa-ao-tribunal-em-nova-iorque-na-quinta-feira\/"},"author":{"name":"Telinha","@id":"https:\/\/portaltela.pt\/#\/schema\/person\/c4278d4a6028830caff9ee44b42d32ed"},"headline":"Nicol\u00e1s Maduro regressa ao tribunal em Nova Iorque na quinta-feira","datePublished":"2026-03-24T18:12:00+00:00","mainEntityOfPage":{"@id":"https:\/\/portaltela.pt\/noticias\/2026\/03\/24\/nicolas-maduro-regressa-ao-tribunal-em-nova-iorque-na-quinta-feira\/"},"wordCount":156,"image":{"@id":"https:\/\/portaltela.pt\/noticias\/2026\/03\/24\/nicolas-maduro-regressa-ao-tribunal-em-nova-iorque-na-quinta-feira\/#primaryimage"},"thumbnailUrl":"https:\/\/portaltela.pt\/s.01k8rhncp4jt1\/2026\/03\/CACHE_780X1200_ANALOG_WATERMARKED_46284763_409226224000077.jpg","keywords":["crimes internacionais","deten\u00e7\u00e3o","Nova Iorque","pol\u00edtica internacional","tr\u00e1fico de droga","Venezuela"],"articleSection":["Internacionais","Pol\u00edtica"],"inLanguage":"pt-PT"},{"@type":"WebPage","@id":"https:\/\/portaltela.pt\/noticias\/2026\/03\/24\/nicolas-maduro-regressa-ao-tribunal-em-nova-iorque-na-quinta-feira\/","url":"https:\/\/portaltela.pt\/noticias\/2026\/03\/24\/nicolas-maduro-regressa-ao-tribunal-em-nova-iorque-na-quinta-feira\/","name":"Nicol\u00e1s Maduro regressa ao tribunal em Nova Iorque na quinta-feira - Portal Tela Portugal","isPartOf":{"@id":"https:\/\/portaltela.pt\/#website"},"primaryImageOfPage":{"@id":"https:\/\/portaltela.pt\/noticias\/2026\/03\/24\/nicolas-maduro-regressa-ao-tribunal-em-nova-iorque-na-quinta-feira\/#primaryimage"},"image":{"@id":"https:\/\/portaltela.pt\/noticias\/2026\/03\/24\/nicolas-maduro-regressa-ao-tribunal-em-nova-iorque-na-quinta-feira\/#primaryimage"},"thumbnailUrl":"https:\/\/portaltela.pt\/s.01k8rhncp4jt1\/2026\/03\/CACHE_780X1200_ANALOG_WATERMARKED_46284763_409226224000077.jpg","datePublished":"2026-03-24T18:12:00+00:00","author":{"@id":"https:\/\/portaltela.pt\/#\/schema\/person\/c4278d4a6028830caff9ee44b42d32ed"},"breadcrumb":{"@id":"https:\/\/portaltela.pt\/noticias\/2026\/03\/24\/nicolas-maduro-regressa-ao-tribunal-em-nova-iorque-na-quinta-feira\/#breadcrumb"},"inLanguage":"pt-PT","potentialAction":[{"@type":"ReadAction","target":["https:\/\/portaltela.pt\/noticias\/2026\/03\/24\/nicolas-maduro-regressa-ao-tribunal-em-nova-iorque-na-quinta-feira\/"]}]},{"@type":"ImageObject","inLanguage":"pt-PT","@id":"https:\/\/portaltela.pt\/noticias\/2026\/03\/24\/nicolas-maduro-regressa-ao-tribunal-em-nova-iorque-na-quinta-feira\/#primaryimage","url":"https:\/\/portaltela.pt\/s.01k8rhncp4jt1\/2026\/03\/CACHE_780X1200_ANALOG_WATERMARKED_46284763_409226224000077.jpg","contentUrl":"https:\/\/portaltela.pt\/s.01k8rhncp4jt1\/2026\/03\/CACHE_780X1200_ANALOG_WATERMARKED_46284763_409226224000077.jpg","width":796,"height":448,"caption":"Photo"},{"@type":"BreadcrumbList","@id":"https:\/\/portaltela.pt\/noticias\/2026\/03\/24\/nicolas-maduro-regressa-ao-tribunal-em-nova-iorque-na-quinta-feira\/#breadcrumb","itemListElement":[{"@type":"ListItem","position":1,"name":"In\u00edcio","item":"https:\/\/portaltela.pt\/"},{"@type":"ListItem","position":2,"name":"Nicol\u00e1s Maduro regressa ao tribunal em Nova Iorque na quinta-feira"}]},{"@type":"WebSite","@id":"https:\/\/portaltela.pt\/#website","url":"https:\/\/portaltela.pt\/","name":"Portal Tela Portugal","description":"","potentialAction":[{"@type":"SearchAction","target":{"@type":"EntryPoint","urlTemplate":"https:\/\/portaltela.pt\/?s={search_term_string}"},"query-input":{"@type":"PropertyValueSpecification","valueRequired":true,"valueName":"search_term_string"}}],"inLanguage":"pt-PT"},{"@type":"Person","@id":"https:\/\/portaltela.pt\/#\/schema\/person\/c4278d4a6028830caff9ee44b42d32ed","name":"Telinha","image":{"@type":"ImageObject","inLanguage":"pt-PT","@id":"https:\/\/portaltela.pt\/s.01k8rhncp4jt1\/2025\/11\/talking-bot-125x125.png","url":"https:\/\/portaltela.pt\/s.01k8rhncp4jt1\/2025\/11\/talking-bot-125x125.png","contentUrl":"https:\/\/portaltela.pt\/s.01k8rhncp4jt1\/2025\/11\/talking-bot-125x125.png","caption":"Telinha"},"sameAs":["https:\/\/portaltela.pt\/"],"url":"https:\/\/portaltela.pt\/por\/367410592786\/"}]}},"_links":{"self":[{"href":"https:\/\/portaltela.pt\/api\/wp\/v2\/posts\/419946","targetHints":{"allow":["GET"]}}],"collection":[{"href":"https:\/\/portaltela.pt\/api\/wp\/v2\/posts"}],"about":[{"href":"https:\/\/portaltela.pt\/api\/wp\/v2\/types\/post"}],"author":[{"embeddable":true,"href":"https:\/\/portaltela.pt\/api\/wp\/v2\/users\/2"}],"replies":[{"embeddable":true,"href":"https:\/\/portaltela.pt\/api\/wp\/v2\/comments?post=419946"}],"version-history":[{"count":0,"href":"https:\/\/portaltela.pt\/api\/wp\/v2\/posts\/419946\/revisions"}],"wp:featuredmedia":[{"embeddable":true,"href":"https:\/\/portaltela.pt\/api\/wp\/v2\/media\/419947"}],"wp:attachment":[{"href":"https:\/\/portaltela.pt\/api\/wp\/v2\/media?parent=419946"}],"wp:term":[{"taxonomy":"category","embeddable":true,"href":"https:\/\/portaltela.pt\/api\/wp\/v2\/categories?post=419946"},{"taxonomy":"post_tag","embeddable":true,"href":"https:\/\/portaltela.pt\/api\/wp\/v2\/tags?post=419946"}],"curies":[{"name":"wp","href":"https:\/\/api.w.org\/{rel}","templated":true}]}}