{"id":419937,"date":"2026-03-24T15:00:00","date_gmt":"2026-03-24T18:00:00","guid":{"rendered":"https:\/\/portaltela.pt\/noticias\/2026\/03\/24\/linha-direta-do-governo-de-orban-para-a-russia-entra-na-campanha-da-hungria\/"},"modified":"2026-03-24T15:00:00","modified_gmt":"2026-03-24T18:00:00","slug":"linha-direta-do-governo-de-orban-para-a-russia-entra-na-campanha-da-hungria","status":"publish","type":"post","link":"https:\/\/portaltela.pt\/geopolitica\/2026\/03\/24\/linha-direta-do-governo-de-orban-para-a-russia-entra-na-campanha-da-hungria\/","title":{"rendered":"Linha direta do Governo de Orb\u00e1n para a R\u00fassia entra na campanha da Hungria"},"content":{"rendered":"<p>O Washington Post revelou que o ministro dos Neg\u00f3cios Estrangeiros da Hungria, P\u00e9ter Szijj\u00e1rt\u00f3, fez telefonemas para o seu hom\u00f3logo russo, Serguei Lavrov, entre reuni\u00f5es da Uni\u00e3o Europeia. A den\u00fancia surge no contexto da campanha eleitoral h\u00fangara e envolve a partilha de informa\u00e7\u00f5es sobre as discuss\u00f5es no Conselho Europeu.<\/p>\n<p>Segundo o jornal, as chamadas ocorreram durante momentos de interrup\u00e7\u00e3o nas reuni\u00f5es europeias, com Szijj\u00e1rt\u00f3 a partilhar informa\u00e7\u00f5es sobre o conte\u00fado das discuss\u00f5es com Lavrov. O epis\u00f3dio preocupa pela poss\u00edvel viola\u00e7\u00e3o de confidencialidade entre Estados-membros.<\/p>\n<p>O l\u00edder h\u00fangaro Viktor Orb\u00e1n tem defendido uma posi\u00e7\u00e3o anti-Bruxelas e anti-Ucr\u00e2nia, refor\u00e7ando uma narrativa de oposi\u00e7\u00e3o a Bruxelas na campanha. A investiga\u00e7\u00e3o sobre as alega\u00e7\u00f5es foi solicitada pelo principal opositor, P\u00e9ter Magyar, caso se confirme a veracidade.<\/p>\n<h3>Rea\u00e7\u00e3o dos parceiros europeus<\/h3>\n<p>A Uni\u00e3o Europeia tem destacado a preocupa\u00e7\u00e3o com o incidente, sem, contudo, emitir coment\u00e1rios extensos sobre os telefonemas no momento. A Comiss\u00e3o Europeia afirmou a import\u00e2ncia da confian\u00e7a entre os Estados-membros e pediu esclarecimentos a Budapeste.<\/p>\n<p>A resposta p\u00fablica em territ\u00f3rio h\u00fangaro foi inicialmente de nega\u00e7\u00e3o, com o Governo a classificar as informa\u00e7\u00f5es como falsas. Posteriormente, Szijj\u00e1rt\u00f3 confirmou os contactos, acrescentando que a Hungria mant\u00e9m rela\u00e7\u00f5es com v\u00e1rios pa\u00edses, incluindo R\u00fassia, EUA, Turquia e outros, em temas como energia e seguran\u00e7a.<\/p>\n<p>A oposi\u00e7\u00e3o, liderada por Magyar, denuncia que eventuais liga\u00e7\u00f5es a Moscovo prejudicam a credibilidade de Hungria na UE. A mesma linha tem sido usada por analistas que consideram o cen\u00e1rio sens\u00edvel para a campanha eleitoral, com a elei\u00e7\u00e3o marcada para 12 de abril.<\/p>\n","protected":false},"excerpt":{"rendered":"<ul>\n<li>O jornal Washington Post revelou que o ministro dos Neg\u00f3cios Estrangeiros da Hungria, P\u00e9ter Szijj\u00e1rt\u00f3, telefonou ao hom\u00f3logo russo, Serguei Lavrov, nos intervalos de reuni\u00f5es da Uni\u00e3o Europeia para partilhar informa\u00e7\u00f5es sobre as discuss\u00f5es.<\/li>\n<li>A divulga\u00e7\u00e3o ocorre num momento em que a campanha eleitoral na Hungria \u00e9 marcada por cr\u00edticas \u00e0 Uni\u00e3o Europeia e ao apoio \u00e0 Ucr\u00e2nia, com o opositor P\u00e9ter Magyar a dizer que, se comprovado, seria trai\u00e7\u00e3o e seria rapidamente investigado.<\/li>\n<li>A Uni\u00e3o Europeia reagiu de forma contida, dizendo que a rela\u00e7\u00e3o de confian\u00e7a entre Estados-membros \u00e9 essencial e pedindo esclarecimentos, enquanto cr\u00edticos destacam a gravidade da suposta viola\u00e7\u00e3o de confidencialidade.<\/li>\n<li>O ministro Szijj\u00e1rt\u00f3 confirmou os contactos e afirmou que a Hungria tem rela\u00e7\u00f5es com v\u00e1rios pa\u00edses, incluindo a R\u00fassia, os Estados Unidos, a Turquia, Israel e a S\u00e9rvia, citando quest\u00f5es de energia, ind\u00fastria autom\u00f3vel e seguran\u00e7a.<\/li>\n<li>No panorama pol\u00edtico, Orb\u00e1n segue com vantagem menor nas sondagens, embora o sistema eleitoral favore\u00e7a o partido no poder; a oposi\u00e7\u00e3o tem feito ver que procura manter uma linha cautelosa relativamente \u00e0 Ucr\u00e2nia.<\/li>\n<\/ul>\n","protected":false},"author":2,"featured_media":419941,"comment_status":"closed","ping_status":"closed","sticky":false,"template":"","format":"standard","meta":{"footnotes":""},"categories":[6814],"tags":[823,6703,68,2579,3110,2055],"class_list":["post-419937","post","type-post","status-publish","format-standard","has-post-thumbnail","hentry","category-geopolitica","tag-campanha","tag-diplomacia-internacional","tag-eleicoes","tag-hungria","tag-russia","tag-uniao-europeia"],"yoast_head":"<!-- This site is optimized with the Yoast SEO plugin v27.2 - https:\/\/yoast.com\/product\/yoast-seo-wordpress\/ -->\n<title>Linha direta do Governo de Orb\u00e1n para a R\u00fassia entra na campanha da Hungria - Portal Tela Portugal<\/title>\n<meta name=\"robots\" content=\"index, follow, max-snippet:-1, max-image-preview:large, max-video-preview:-1\" \/>\n<meta property=\"og:locale\" content=\"pt_PT\" \/>\n<meta property=\"og:type\" content=\"article\" \/>\n<meta property=\"og:title\" content=\"Linha direta do Governo de Orb\u00e1n para a R\u00fassia entra na campanha da Hungria - Portal Tela Portugal\" \/>\n<meta property=\"og:description\" content=\"O jornal Washington Post revelou que o ministro dos Neg\u00f3cios Estrangeiros da Hungria, P\u00e9ter Szijj\u00e1rt\u00f3, telefonou ao hom\u00f3logo russo, Serguei Lavrov, nos intervalos de reuni\u00f5es da Uni\u00e3o Europeia para partilhar informa\u00e7\u00f5es sobre as discuss\u00f5es. A divulga\u00e7\u00e3o ocorre num momento em que a campanha eleitoral na Hungria \u00e9 marcada por cr\u00edticas \u00e0 Uni\u00e3o Europeia e ao apoio \u00e0 Ucr\u00e2nia, com o opositor P\u00e9ter Magyar a dizer que, se comprovado, seria trai\u00e7\u00e3o e seria rapidamente investigado. A Uni\u00e3o Europeia reagiu de forma contida, dizendo que a rela\u00e7\u00e3o de confian\u00e7a entre Estados-membros \u00e9 essencial e pedindo esclarecimentos, enquanto cr\u00edticos destacam a gravidade da suposta viola\u00e7\u00e3o de confidencialidade. O ministro Szijj\u00e1rt\u00f3 confirmou os contactos e afirmou que a Hungria tem rela\u00e7\u00f5es com v\u00e1rios pa\u00edses, incluindo a R\u00fassia, os Estados Unidos, a Turquia, Israel e a S\u00e9rvia, citando quest\u00f5es de energia, ind\u00fastria autom\u00f3vel e seguran\u00e7a. No panorama pol\u00edtico, Orb\u00e1n segue com vantagem menor nas sondagens, embora o sistema eleitoral favore\u00e7a o partido no poder; a oposi\u00e7\u00e3o tem feito ver que procura manter uma linha cautelosa relativamente \u00e0 Ucr\u00e2nia.\" \/>\n<meta property=\"og:url\" content=\"https:\/\/portaltela.pt\/noticias\/2026\/03\/24\/linha-direta-do-governo-de-orban-para-a-russia-entra-na-campanha-da-hungria\/\" \/>\n<meta property=\"og:site_name\" content=\"Portal Tela Portugal\" \/>\n<meta property=\"article:published_time\" content=\"2026-03-24T18:00:00+00:00\" \/>\n<meta name=\"author\" content=\"Telinha\" \/>\n<meta name=\"twitter:card\" content=\"summary_large_image\" \/>\n<meta name=\"twitter:label1\" content=\"Escrito por\" \/>\n\t<meta name=\"twitter:data1\" content=\"Telinha\" \/>\n\t<meta name=\"twitter:label2\" content=\"Tempo estimado de leitura\" \/>\n\t<meta name=\"twitter:data2\" content=\"2 minutos\" \/>\n<script type=\"application\/ld+json\" class=\"yoast-schema-graph\">{\"@context\":\"https:\/\/schema.org\",\"@graph\":[{\"@type\":\"Article\",\"@id\":\"https:\/\/portaltela.pt\/noticias\/2026\/03\/24\/linha-direta-do-governo-de-orban-para-a-russia-entra-na-campanha-da-hungria\/#article\",\"isPartOf\":{\"@id\":\"https:\/\/portaltela.pt\/noticias\/2026\/03\/24\/linha-direta-do-governo-de-orban-para-a-russia-entra-na-campanha-da-hungria\/\"},\"author\":{\"name\":\"Telinha\",\"@id\":\"https:\/\/portaltela.pt\/#\/schema\/person\/c4278d4a6028830caff9ee44b42d32ed\"},\"headline\":\"Linha direta do Governo de Orb\u00e1n para a R\u00fassia entra na campanha da Hungria\",\"datePublished\":\"2026-03-24T18:00:00+00:00\",\"mainEntityOfPage\":{\"@id\":\"https:\/\/portaltela.pt\/noticias\/2026\/03\/24\/linha-direta-do-governo-de-orban-para-a-russia-entra-na-campanha-da-hungria\/\"},\"wordCount\":318,\"image\":{\"@id\":\"https:\/\/portaltela.pt\/noticias\/2026\/03\/24\/linha-direta-do-governo-de-orban-para-a-russia-entra-na-campanha-da-hungria\/#primaryimage\"},\"thumbnailUrl\":\"https:\/\/portaltela.pt\/s.01k8rhncp4jt1\/2026\/03\/tpUHdbIMAGENStypeJPGshare1oBarraFacebook_Publico-50.jpg\",\"keywords\":[\"campanha\",\"diplomacia internacional\",\"elei\u00e7\u00f5es\",\"Hungria\",\"R\u00fassia\",\"Uni\u00e3o Europeia\"],\"articleSection\":[\"Geopol\u00edtica\"],\"inLanguage\":\"pt-PT\"},{\"@type\":\"WebPage\",\"@id\":\"https:\/\/portaltela.pt\/noticias\/2026\/03\/24\/linha-direta-do-governo-de-orban-para-a-russia-entra-na-campanha-da-hungria\/\",\"url\":\"https:\/\/portaltela.pt\/noticias\/2026\/03\/24\/linha-direta-do-governo-de-orban-para-a-russia-entra-na-campanha-da-hungria\/\",\"name\":\"Linha direta do Governo de Orb\u00e1n para a R\u00fassia entra na campanha da Hungria - Portal Tela Portugal\",\"isPartOf\":{\"@id\":\"https:\/\/portaltela.pt\/#website\"},\"primaryImageOfPage\":{\"@id\":\"https:\/\/portaltela.pt\/noticias\/2026\/03\/24\/linha-direta-do-governo-de-orban-para-a-russia-entra-na-campanha-da-hungria\/#primaryimage\"},\"image\":{\"@id\":\"https:\/\/portaltela.pt\/noticias\/2026\/03\/24\/linha-direta-do-governo-de-orban-para-a-russia-entra-na-campanha-da-hungria\/#primaryimage\"},\"thumbnailUrl\":\"https:\/\/portaltela.pt\/s.01k8rhncp4jt1\/2026\/03\/tpUHdbIMAGENStypeJPGshare1oBarraFacebook_Publico-50.jpg\",\"datePublished\":\"2026-03-24T18:00:00+00:00\",\"author\":{\"@id\":\"https:\/\/portaltela.pt\/#\/schema\/person\/c4278d4a6028830caff9ee44b42d32ed\"},\"breadcrumb\":{\"@id\":\"https:\/\/portaltela.pt\/noticias\/2026\/03\/24\/linha-direta-do-governo-de-orban-para-a-russia-entra-na-campanha-da-hungria\/#breadcrumb\"},\"inLanguage\":\"pt-PT\",\"potentialAction\":[{\"@type\":\"ReadAction\",\"target\":[\"https:\/\/portaltela.pt\/noticias\/2026\/03\/24\/linha-direta-do-governo-de-orban-para-a-russia-entra-na-campanha-da-hungria\/\"]}]},{\"@type\":\"ImageObject\",\"inLanguage\":\"pt-PT\",\"@id\":\"https:\/\/portaltela.pt\/noticias\/2026\/03\/24\/linha-direta-do-governo-de-orban-para-a-russia-entra-na-campanha-da-hungria\/#primaryimage\",\"url\":\"https:\/\/portaltela.pt\/s.01k8rhncp4jt1\/2026\/03\/tpUHdbIMAGENStypeJPGshare1oBarraFacebook_Publico-50.jpg\",\"contentUrl\":\"https:\/\/portaltela.pt\/s.01k8rhncp4jt1\/2026\/03\/tpUHdbIMAGENStypeJPGshare1oBarraFacebook_Publico-50.jpg\",\"width\":1200,\"height\":630,\"caption\":\"O ministro dos Neg\u00f3cios Estrangeiros da Hungria, P\u00e9ter Szijj\u00e1rt\u00f3, na Conservative Political Action Conference, em Budapeste\"},{\"@type\":\"BreadcrumbList\",\"@id\":\"https:\/\/portaltela.pt\/noticias\/2026\/03\/24\/linha-direta-do-governo-de-orban-para-a-russia-entra-na-campanha-da-hungria\/#breadcrumb\",\"itemListElement\":[{\"@type\":\"ListItem\",\"position\":1,\"name\":\"In\u00edcio\",\"item\":\"https:\/\/portaltela.pt\/\"},{\"@type\":\"ListItem\",\"position\":2,\"name\":\"Linha direta do Governo de Orb\u00e1n para a R\u00fassia entra na campanha da Hungria\"}]},{\"@type\":\"WebSite\",\"@id\":\"https:\/\/portaltela.pt\/#website\",\"url\":\"https:\/\/portaltela.pt\/\",\"name\":\"Portal Tela Portugal\",\"description\":\"\",\"potentialAction\":[{\"@type\":\"SearchAction\",\"target\":{\"@type\":\"EntryPoint\",\"urlTemplate\":\"https:\/\/portaltela.pt\/?s={search_term_string}\"},\"query-input\":{\"@type\":\"PropertyValueSpecification\",\"valueRequired\":true,\"valueName\":\"search_term_string\"}}],\"inLanguage\":\"pt-PT\"},{\"@type\":\"Person\",\"@id\":\"https:\/\/portaltela.pt\/#\/schema\/person\/c4278d4a6028830caff9ee44b42d32ed\",\"name\":\"Telinha\",\"image\":{\"@type\":\"ImageObject\",\"inLanguage\":\"pt-PT\",\"@id\":\"https:\/\/portaltela.pt\/s.01k8rhncp4jt1\/2025\/11\/talking-bot-125x125.png\",\"url\":\"https:\/\/portaltela.pt\/s.01k8rhncp4jt1\/2025\/11\/talking-bot-125x125.png\",\"contentUrl\":\"https:\/\/portaltela.pt\/s.01k8rhncp4jt1\/2025\/11\/talking-bot-125x125.png\",\"caption\":\"Telinha\"},\"sameAs\":[\"https:\/\/portaltela.pt\/\"],\"url\":\"https:\/\/portaltela.pt\/por\/367410592786\/\"}]}<\/script>\n<!-- \/ Yoast SEO plugin. -->","yoast_head_json":{"title":"Linha direta do Governo de Orb\u00e1n para a R\u00fassia entra na campanha da Hungria - Portal Tela Portugal","robots":{"index":"index","follow":"follow","max-snippet":"max-snippet:-1","max-image-preview":"max-image-preview:large","max-video-preview":"max-video-preview:-1"},"og_locale":"pt_PT","og_type":"article","og_title":"Linha direta do Governo de Orb\u00e1n para a R\u00fassia entra na campanha da Hungria - Portal Tela Portugal","og_description":"O jornal Washington Post revelou que o ministro dos Neg\u00f3cios Estrangeiros da Hungria, P\u00e9ter Szijj\u00e1rt\u00f3, telefonou ao hom\u00f3logo russo, Serguei Lavrov, nos intervalos de reuni\u00f5es da Uni\u00e3o Europeia para partilhar informa\u00e7\u00f5es sobre as discuss\u00f5es. A divulga\u00e7\u00e3o ocorre num momento em que a campanha eleitoral na Hungria \u00e9 marcada por cr\u00edticas \u00e0 Uni\u00e3o Europeia e ao apoio \u00e0 Ucr\u00e2nia, com o opositor P\u00e9ter Magyar a dizer que, se comprovado, seria trai\u00e7\u00e3o e seria rapidamente investigado. A Uni\u00e3o Europeia reagiu de forma contida, dizendo que a rela\u00e7\u00e3o de confian\u00e7a entre Estados-membros \u00e9 essencial e pedindo esclarecimentos, enquanto cr\u00edticos destacam a gravidade da suposta viola\u00e7\u00e3o de confidencialidade. O ministro Szijj\u00e1rt\u00f3 confirmou os contactos e afirmou que a Hungria tem rela\u00e7\u00f5es com v\u00e1rios pa\u00edses, incluindo a R\u00fassia, os Estados Unidos, a Turquia, Israel e a S\u00e9rvia, citando quest\u00f5es de energia, ind\u00fastria autom\u00f3vel e seguran\u00e7a. No panorama pol\u00edtico, Orb\u00e1n segue com vantagem menor nas sondagens, embora o sistema eleitoral favore\u00e7a o partido no poder; a oposi\u00e7\u00e3o tem feito ver que procura manter uma linha cautelosa relativamente \u00e0 Ucr\u00e2nia.","og_url":"https:\/\/portaltela.pt\/noticias\/2026\/03\/24\/linha-direta-do-governo-de-orban-para-a-russia-entra-na-campanha-da-hungria\/","og_site_name":"Portal Tela Portugal","article_published_time":"2026-03-24T18:00:00+00:00","author":"Telinha","twitter_card":"summary_large_image","twitter_misc":{"Escrito por":"Telinha","Tempo estimado de leitura":"2 minutos"},"schema":{"@context":"https:\/\/schema.org","@graph":[{"@type":"Article","@id":"https:\/\/portaltela.pt\/noticias\/2026\/03\/24\/linha-direta-do-governo-de-orban-para-a-russia-entra-na-campanha-da-hungria\/#article","isPartOf":{"@id":"https:\/\/portaltela.pt\/noticias\/2026\/03\/24\/linha-direta-do-governo-de-orban-para-a-russia-entra-na-campanha-da-hungria\/"},"author":{"name":"Telinha","@id":"https:\/\/portaltela.pt\/#\/schema\/person\/c4278d4a6028830caff9ee44b42d32ed"},"headline":"Linha direta do Governo de Orb\u00e1n para a R\u00fassia entra na campanha da Hungria","datePublished":"2026-03-24T18:00:00+00:00","mainEntityOfPage":{"@id":"https:\/\/portaltela.pt\/noticias\/2026\/03\/24\/linha-direta-do-governo-de-orban-para-a-russia-entra-na-campanha-da-hungria\/"},"wordCount":318,"image":{"@id":"https:\/\/portaltela.pt\/noticias\/2026\/03\/24\/linha-direta-do-governo-de-orban-para-a-russia-entra-na-campanha-da-hungria\/#primaryimage"},"thumbnailUrl":"https:\/\/portaltela.pt\/s.01k8rhncp4jt1\/2026\/03\/tpUHdbIMAGENStypeJPGshare1oBarraFacebook_Publico-50.jpg","keywords":["campanha","diplomacia internacional","elei\u00e7\u00f5es","Hungria","R\u00fassia","Uni\u00e3o Europeia"],"articleSection":["Geopol\u00edtica"],"inLanguage":"pt-PT"},{"@type":"WebPage","@id":"https:\/\/portaltela.pt\/noticias\/2026\/03\/24\/linha-direta-do-governo-de-orban-para-a-russia-entra-na-campanha-da-hungria\/","url":"https:\/\/portaltela.pt\/noticias\/2026\/03\/24\/linha-direta-do-governo-de-orban-para-a-russia-entra-na-campanha-da-hungria\/","name":"Linha direta do Governo de Orb\u00e1n para a R\u00fassia entra na campanha da Hungria - Portal Tela Portugal","isPartOf":{"@id":"https:\/\/portaltela.pt\/#website"},"primaryImageOfPage":{"@id":"https:\/\/portaltela.pt\/noticias\/2026\/03\/24\/linha-direta-do-governo-de-orban-para-a-russia-entra-na-campanha-da-hungria\/#primaryimage"},"image":{"@id":"https:\/\/portaltela.pt\/noticias\/2026\/03\/24\/linha-direta-do-governo-de-orban-para-a-russia-entra-na-campanha-da-hungria\/#primaryimage"},"thumbnailUrl":"https:\/\/portaltela.pt\/s.01k8rhncp4jt1\/2026\/03\/tpUHdbIMAGENStypeJPGshare1oBarraFacebook_Publico-50.jpg","datePublished":"2026-03-24T18:00:00+00:00","author":{"@id":"https:\/\/portaltela.pt\/#\/schema\/person\/c4278d4a6028830caff9ee44b42d32ed"},"breadcrumb":{"@id":"https:\/\/portaltela.pt\/noticias\/2026\/03\/24\/linha-direta-do-governo-de-orban-para-a-russia-entra-na-campanha-da-hungria\/#breadcrumb"},"inLanguage":"pt-PT","potentialAction":[{"@type":"ReadAction","target":["https:\/\/portaltela.pt\/noticias\/2026\/03\/24\/linha-direta-do-governo-de-orban-para-a-russia-entra-na-campanha-da-hungria\/"]}]},{"@type":"ImageObject","inLanguage":"pt-PT","@id":"https:\/\/portaltela.pt\/noticias\/2026\/03\/24\/linha-direta-do-governo-de-orban-para-a-russia-entra-na-campanha-da-hungria\/#primaryimage","url":"https:\/\/portaltela.pt\/s.01k8rhncp4jt1\/2026\/03\/tpUHdbIMAGENStypeJPGshare1oBarraFacebook_Publico-50.jpg","contentUrl":"https:\/\/portaltela.pt\/s.01k8rhncp4jt1\/2026\/03\/tpUHdbIMAGENStypeJPGshare1oBarraFacebook_Publico-50.jpg","width":1200,"height":630,"caption":"O ministro dos Neg\u00f3cios Estrangeiros da Hungria, P\u00e9ter Szijj\u00e1rt\u00f3, na Conservative Political Action Conference, em Budapeste"},{"@type":"BreadcrumbList","@id":"https:\/\/portaltela.pt\/noticias\/2026\/03\/24\/linha-direta-do-governo-de-orban-para-a-russia-entra-na-campanha-da-hungria\/#breadcrumb","itemListElement":[{"@type":"ListItem","position":1,"name":"In\u00edcio","item":"https:\/\/portaltela.pt\/"},{"@type":"ListItem","position":2,"name":"Linha direta do Governo de Orb\u00e1n para a R\u00fassia entra na campanha da Hungria"}]},{"@type":"WebSite","@id":"https:\/\/portaltela.pt\/#website","url":"https:\/\/portaltela.pt\/","name":"Portal Tela Portugal","description":"","potentialAction":[{"@type":"SearchAction","target":{"@type":"EntryPoint","urlTemplate":"https:\/\/portaltela.pt\/?s={search_term_string}"},"query-input":{"@type":"PropertyValueSpecification","valueRequired":true,"valueName":"search_term_string"}}],"inLanguage":"pt-PT"},{"@type":"Person","@id":"https:\/\/portaltela.pt\/#\/schema\/person\/c4278d4a6028830caff9ee44b42d32ed","name":"Telinha","image":{"@type":"ImageObject","inLanguage":"pt-PT","@id":"https:\/\/portaltela.pt\/s.01k8rhncp4jt1\/2025\/11\/talking-bot-125x125.png","url":"https:\/\/portaltela.pt\/s.01k8rhncp4jt1\/2025\/11\/talking-bot-125x125.png","contentUrl":"https:\/\/portaltela.pt\/s.01k8rhncp4jt1\/2025\/11\/talking-bot-125x125.png","caption":"Telinha"},"sameAs":["https:\/\/portaltela.pt\/"],"url":"https:\/\/portaltela.pt\/por\/367410592786\/"}]}},"_links":{"self":[{"href":"https:\/\/portaltela.pt\/api\/wp\/v2\/posts\/419937","targetHints":{"allow":["GET"]}}],"collection":[{"href":"https:\/\/portaltela.pt\/api\/wp\/v2\/posts"}],"about":[{"href":"https:\/\/portaltela.pt\/api\/wp\/v2\/types\/post"}],"author":[{"embeddable":true,"href":"https:\/\/portaltela.pt\/api\/wp\/v2\/users\/2"}],"replies":[{"embeddable":true,"href":"https:\/\/portaltela.pt\/api\/wp\/v2\/comments?post=419937"}],"version-history":[{"count":0,"href":"https:\/\/portaltela.pt\/api\/wp\/v2\/posts\/419937\/revisions"}],"wp:featuredmedia":[{"embeddable":true,"href":"https:\/\/portaltela.pt\/api\/wp\/v2\/media\/419941"}],"wp:attachment":[{"href":"https:\/\/portaltela.pt\/api\/wp\/v2\/media?parent=419937"}],"wp:term":[{"taxonomy":"category","embeddable":true,"href":"https:\/\/portaltela.pt\/api\/wp\/v2\/categories?post=419937"},{"taxonomy":"post_tag","embeddable":true,"href":"https:\/\/portaltela.pt\/api\/wp\/v2\/tags?post=419937"}],"curies":[{"name":"wp","href":"https:\/\/api.w.org\/{rel}","templated":true}]}}