{"id":419929,"date":"2026-03-24T14:46:00","date_gmt":"2026-03-24T17:46:00","guid":{"rendered":"https:\/\/portaltela.pt\/noticias\/2026\/03\/24\/uss-nimitz-realiza-exercicios-com-dez-paises-da-america-latina-este-ano\/"},"modified":"2026-03-24T14:46:00","modified_gmt":"2026-03-24T17:46:00","slug":"uss-nimitz-realiza-exercicios-com-dez-paises-da-america-latina-este-ano","status":"publish","type":"post","link":"https:\/\/portaltela.pt\/noticias\/internacional\/2026\/03\/24\/uss-nimitz-realiza-exercicios-com-dez-paises-da-america-latina-este-ano\/","title":{"rendered":"USS Nimitz realiza exerc\u00edcios com dez pa\u00edses da Am\u00e9rica Latina este ano"},"content":{"rendered":"<p>O porta-avi\u00f5es norte-americano USS Nimitz participa este ano em exerc\u00edcios com dez pa\u00edses da Am\u00e9rica Latina. A iniciativa visa aumentar a interoperabilidade entre marinhas da regi\u00e3o e os EUA, sem detalhar datas espec\u00edficas ou locais exatos.<\/p>\n<p>As opera\u00e7\u00f5es envolvem unidades navais dos pa\u00edses latino-americanos parceiros, bem como elementos da marinha dos Estados Unidos. O objetivo \u00e9 aprimorar t\u00e1ticas conjuntas de patrulha, resposta a incidentes no mar e coopera\u00e7\u00e3o log\u00edstica entre as for\u00e7as.<\/p>\n<p>O programa de treinos, ainda em curso, centra-se na coordena\u00e7\u00e3o entre aeronaves, navios e sistemas de comando e controlo. Detalhes adicionais sobre as manobras, hor\u00e1rios exatos ou nomes dos pa\u00edses participantes n\u00e3o foram divulgados.<\/p>\n<h3>Participa\u00e7\u00e3o e modalidades<\/h3>\n<p>As informa\u00e7\u00f5es dispon\u00edveis indicam uma agenda anual de exerc\u00edcios, com foco na melhoria da prontid\u00e3o e da coopera\u00e7\u00e3o regional entre as na\u00e7\u00f5es envolvidas.<\/p>\n","protected":false},"excerpt":{"rendered":"<ul>\n<li>O porta-avi\u00f5es dos EUA, USS Nimitz, participa em exerc\u00edcios com dez pa\u00edses da Am\u00e9rica Latina este ano.<\/li>\n<li>A not\u00edcia n\u00e3o especifica quais s\u00e3o os pa\u00edses envolvidos nem as datas dos exerc\u00edcios.<\/li>\n<li>A informa\u00e7\u00e3o indica uma coopera\u00e7\u00e3o militar entre os EUA e na\u00e7\u00f5es latino-americanas.<\/li>\n<li>N\u00e3o foram divulgados detalhes adicionais no trecho dispon\u00edvel.<\/li>\n<\/ul>\n","protected":false},"author":2,"featured_media":419935,"comment_status":"closed","ping_status":"closed","sticky":false,"template":"","format":"standard","meta":{"footnotes":""},"categories":[6814,4],"tags":[5505,256,5193,1779,1322,4222],"class_list":["post-419929","post","type-post","status-publish","format-standard","has-post-thumbnail","hentry","category-geopolitica","category-internacional","tag-america","tag-cooperacao-internacional","tag-exercicios-internacionais","tag-forcas-armadas","tag-interoperabilidade","tag-seguranca-internacional"],"yoast_head":"<!-- This site is optimized with the Yoast SEO plugin v27.2 - https:\/\/yoast.com\/product\/yoast-seo-wordpress\/ -->\n<title>USS Nimitz realiza exerc\u00edcios com dez pa\u00edses da Am\u00e9rica Latina este ano - Portal Tela Portugal<\/title>\n<meta name=\"robots\" content=\"index, follow, max-snippet:-1, max-image-preview:large, max-video-preview:-1\" \/>\n<meta property=\"og:locale\" content=\"pt_PT\" \/>\n<meta property=\"og:type\" content=\"article\" \/>\n<meta property=\"og:title\" content=\"USS Nimitz realiza exerc\u00edcios com dez pa\u00edses da Am\u00e9rica Latina este ano - Portal Tela Portugal\" \/>\n<meta property=\"og:description\" content=\"O porta-avi\u00f5es dos EUA, USS Nimitz, participa em exerc\u00edcios com dez pa\u00edses da Am\u00e9rica Latina este ano. A not\u00edcia n\u00e3o especifica quais s\u00e3o os pa\u00edses envolvidos nem as datas dos exerc\u00edcios. A informa\u00e7\u00e3o indica uma coopera\u00e7\u00e3o militar entre os EUA e na\u00e7\u00f5es latino-americanas. N\u00e3o foram divulgados detalhes adicionais no trecho dispon\u00edvel.\" \/>\n<meta property=\"og:url\" content=\"https:\/\/portaltela.pt\/noticias\/2026\/03\/24\/uss-nimitz-realiza-exercicios-com-dez-paises-da-america-latina-este-ano\/\" \/>\n<meta property=\"og:site_name\" content=\"Portal Tela Portugal\" \/>\n<meta property=\"article:published_time\" content=\"2026-03-24T17:46:00+00:00\" \/>\n<meta name=\"author\" content=\"Telinha\" \/>\n<meta name=\"twitter:card\" content=\"summary_large_image\" \/>\n<meta name=\"twitter:label1\" content=\"Escrito por\" \/>\n\t<meta name=\"twitter:data1\" content=\"Telinha\" \/>\n\t<meta name=\"twitter:label2\" content=\"Tempo estimado de leitura\" \/>\n\t<meta name=\"twitter:data2\" content=\"1 minuto\" \/>\n<script type=\"application\/ld+json\" class=\"yoast-schema-graph\">{\"@context\":\"https:\/\/schema.org\",\"@graph\":[{\"@type\":\"Article\",\"@id\":\"https:\/\/portaltela.pt\/noticias\/2026\/03\/24\/uss-nimitz-realiza-exercicios-com-dez-paises-da-america-latina-este-ano\/#article\",\"isPartOf\":{\"@id\":\"https:\/\/portaltela.pt\/noticias\/2026\/03\/24\/uss-nimitz-realiza-exercicios-com-dez-paises-da-america-latina-este-ano\/\"},\"author\":{\"name\":\"Telinha\",\"@id\":\"https:\/\/portaltela.pt\/#\/schema\/person\/c4278d4a6028830caff9ee44b42d32ed\"},\"headline\":\"USS Nimitz realiza exerc\u00edcios com dez pa\u00edses da Am\u00e9rica Latina este ano\",\"datePublished\":\"2026-03-24T17:46:00+00:00\",\"mainEntityOfPage\":{\"@id\":\"https:\/\/portaltela.pt\/noticias\/2026\/03\/24\/uss-nimitz-realiza-exercicios-com-dez-paises-da-america-latina-este-ano\/\"},\"wordCount\":169,\"image\":{\"@id\":\"https:\/\/portaltela.pt\/noticias\/2026\/03\/24\/uss-nimitz-realiza-exercicios-com-dez-paises-da-america-latina-este-ano\/#primaryimage\"},\"thumbnailUrl\":\"https:\/\/portaltela.pt\/s.01k8rhncp4jt1\/2026\/03\/CACHE_780X1200_ANALOG_WATERMARKED_40569883_346018611546567.jpg\",\"keywords\":[\"Am\u00e9rica\",\"coopera\u00e7\u00e3o internacional\",\"exerc\u00edcios internacionais\",\"For\u00e7as Armadas\",\"interoperabilidade\",\"seguran\u00e7a internacional\"],\"articleSection\":[\"Geopol\u00edtica\",\"Internacional\"],\"inLanguage\":\"pt-PT\"},{\"@type\":\"WebPage\",\"@id\":\"https:\/\/portaltela.pt\/noticias\/2026\/03\/24\/uss-nimitz-realiza-exercicios-com-dez-paises-da-america-latina-este-ano\/\",\"url\":\"https:\/\/portaltela.pt\/noticias\/2026\/03\/24\/uss-nimitz-realiza-exercicios-com-dez-paises-da-america-latina-este-ano\/\",\"name\":\"USS Nimitz realiza exerc\u00edcios com dez pa\u00edses da Am\u00e9rica Latina este ano - Portal Tela Portugal\",\"isPartOf\":{\"@id\":\"https:\/\/portaltela.pt\/#website\"},\"primaryImageOfPage\":{\"@id\":\"https:\/\/portaltela.pt\/noticias\/2026\/03\/24\/uss-nimitz-realiza-exercicios-com-dez-paises-da-america-latina-este-ano\/#primaryimage\"},\"image\":{\"@id\":\"https:\/\/portaltela.pt\/noticias\/2026\/03\/24\/uss-nimitz-realiza-exercicios-com-dez-paises-da-america-latina-este-ano\/#primaryimage\"},\"thumbnailUrl\":\"https:\/\/portaltela.pt\/s.01k8rhncp4jt1\/2026\/03\/CACHE_780X1200_ANALOG_WATERMARKED_40569883_346018611546567.jpg\",\"datePublished\":\"2026-03-24T17:46:00+00:00\",\"author\":{\"@id\":\"https:\/\/portaltela.pt\/#\/schema\/person\/c4278d4a6028830caff9ee44b42d32ed\"},\"breadcrumb\":{\"@id\":\"https:\/\/portaltela.pt\/noticias\/2026\/03\/24\/uss-nimitz-realiza-exercicios-com-dez-paises-da-america-latina-este-ano\/#breadcrumb\"},\"inLanguage\":\"pt-PT\",\"potentialAction\":[{\"@type\":\"ReadAction\",\"target\":[\"https:\/\/portaltela.pt\/noticias\/2026\/03\/24\/uss-nimitz-realiza-exercicios-com-dez-paises-da-america-latina-este-ano\/\"]}]},{\"@type\":\"ImageObject\",\"inLanguage\":\"pt-PT\",\"@id\":\"https:\/\/portaltela.pt\/noticias\/2026\/03\/24\/uss-nimitz-realiza-exercicios-com-dez-paises-da-america-latina-este-ano\/#primaryimage\",\"url\":\"https:\/\/portaltela.pt\/s.01k8rhncp4jt1\/2026\/03\/CACHE_780X1200_ANALOG_WATERMARKED_40569883_346018611546567.jpg\",\"contentUrl\":\"https:\/\/portaltela.pt\/s.01k8rhncp4jt1\/2026\/03\/CACHE_780X1200_ANALOG_WATERMARKED_40569883_346018611546567.jpg\",\"width\":796,\"height\":448,\"caption\":\"Porta-avi\u00f5es de EUA \u201cUSS Nimitz\u201d em exerc\u00edcios com dez pa\u00edses da Am\u00e9rica Latina este ano\"},{\"@type\":\"BreadcrumbList\",\"@id\":\"https:\/\/portaltela.pt\/noticias\/2026\/03\/24\/uss-nimitz-realiza-exercicios-com-dez-paises-da-america-latina-este-ano\/#breadcrumb\",\"itemListElement\":[{\"@type\":\"ListItem\",\"position\":1,\"name\":\"In\u00edcio\",\"item\":\"https:\/\/portaltela.pt\/\"},{\"@type\":\"ListItem\",\"position\":2,\"name\":\"USS Nimitz realiza exerc\u00edcios com dez pa\u00edses da Am\u00e9rica Latina este ano\"}]},{\"@type\":\"WebSite\",\"@id\":\"https:\/\/portaltela.pt\/#website\",\"url\":\"https:\/\/portaltela.pt\/\",\"name\":\"Portal Tela Portugal\",\"description\":\"\",\"potentialAction\":[{\"@type\":\"SearchAction\",\"target\":{\"@type\":\"EntryPoint\",\"urlTemplate\":\"https:\/\/portaltela.pt\/?s={search_term_string}\"},\"query-input\":{\"@type\":\"PropertyValueSpecification\",\"valueRequired\":true,\"valueName\":\"search_term_string\"}}],\"inLanguage\":\"pt-PT\"},{\"@type\":\"Person\",\"@id\":\"https:\/\/portaltela.pt\/#\/schema\/person\/c4278d4a6028830caff9ee44b42d32ed\",\"name\":\"Telinha\",\"image\":{\"@type\":\"ImageObject\",\"inLanguage\":\"pt-PT\",\"@id\":\"https:\/\/portaltela.pt\/s.01k8rhncp4jt1\/2025\/11\/talking-bot-125x125.png\",\"url\":\"https:\/\/portaltela.pt\/s.01k8rhncp4jt1\/2025\/11\/talking-bot-125x125.png\",\"contentUrl\":\"https:\/\/portaltela.pt\/s.01k8rhncp4jt1\/2025\/11\/talking-bot-125x125.png\",\"caption\":\"Telinha\"},\"sameAs\":[\"https:\/\/portaltela.pt\/\"],\"url\":\"https:\/\/portaltela.pt\/por\/367410592786\/\"}]}<\/script>\n<!-- \/ Yoast SEO plugin. -->","yoast_head_json":{"title":"USS Nimitz realiza exerc\u00edcios com dez pa\u00edses da Am\u00e9rica Latina este ano - Portal Tela Portugal","robots":{"index":"index","follow":"follow","max-snippet":"max-snippet:-1","max-image-preview":"max-image-preview:large","max-video-preview":"max-video-preview:-1"},"og_locale":"pt_PT","og_type":"article","og_title":"USS Nimitz realiza exerc\u00edcios com dez pa\u00edses da Am\u00e9rica Latina este ano - Portal Tela Portugal","og_description":"O porta-avi\u00f5es dos EUA, USS Nimitz, participa em exerc\u00edcios com dez pa\u00edses da Am\u00e9rica Latina este ano. A not\u00edcia n\u00e3o especifica quais s\u00e3o os pa\u00edses envolvidos nem as datas dos exerc\u00edcios. A informa\u00e7\u00e3o indica uma coopera\u00e7\u00e3o militar entre os EUA e na\u00e7\u00f5es latino-americanas. N\u00e3o foram divulgados detalhes adicionais no trecho dispon\u00edvel.","og_url":"https:\/\/portaltela.pt\/noticias\/2026\/03\/24\/uss-nimitz-realiza-exercicios-com-dez-paises-da-america-latina-este-ano\/","og_site_name":"Portal Tela Portugal","article_published_time":"2026-03-24T17:46:00+00:00","author":"Telinha","twitter_card":"summary_large_image","twitter_misc":{"Escrito por":"Telinha","Tempo estimado de leitura":"1 minuto"},"schema":{"@context":"https:\/\/schema.org","@graph":[{"@type":"Article","@id":"https:\/\/portaltela.pt\/noticias\/2026\/03\/24\/uss-nimitz-realiza-exercicios-com-dez-paises-da-america-latina-este-ano\/#article","isPartOf":{"@id":"https:\/\/portaltela.pt\/noticias\/2026\/03\/24\/uss-nimitz-realiza-exercicios-com-dez-paises-da-america-latina-este-ano\/"},"author":{"name":"Telinha","@id":"https:\/\/portaltela.pt\/#\/schema\/person\/c4278d4a6028830caff9ee44b42d32ed"},"headline":"USS Nimitz realiza exerc\u00edcios com dez pa\u00edses da Am\u00e9rica Latina este ano","datePublished":"2026-03-24T17:46:00+00:00","mainEntityOfPage":{"@id":"https:\/\/portaltela.pt\/noticias\/2026\/03\/24\/uss-nimitz-realiza-exercicios-com-dez-paises-da-america-latina-este-ano\/"},"wordCount":169,"image":{"@id":"https:\/\/portaltela.pt\/noticias\/2026\/03\/24\/uss-nimitz-realiza-exercicios-com-dez-paises-da-america-latina-este-ano\/#primaryimage"},"thumbnailUrl":"https:\/\/portaltela.pt\/s.01k8rhncp4jt1\/2026\/03\/CACHE_780X1200_ANALOG_WATERMARKED_40569883_346018611546567.jpg","keywords":["Am\u00e9rica","coopera\u00e7\u00e3o internacional","exerc\u00edcios internacionais","For\u00e7as Armadas","interoperabilidade","seguran\u00e7a internacional"],"articleSection":["Geopol\u00edtica","Internacional"],"inLanguage":"pt-PT"},{"@type":"WebPage","@id":"https:\/\/portaltela.pt\/noticias\/2026\/03\/24\/uss-nimitz-realiza-exercicios-com-dez-paises-da-america-latina-este-ano\/","url":"https:\/\/portaltela.pt\/noticias\/2026\/03\/24\/uss-nimitz-realiza-exercicios-com-dez-paises-da-america-latina-este-ano\/","name":"USS Nimitz realiza exerc\u00edcios com dez pa\u00edses da Am\u00e9rica Latina este ano - Portal Tela Portugal","isPartOf":{"@id":"https:\/\/portaltela.pt\/#website"},"primaryImageOfPage":{"@id":"https:\/\/portaltela.pt\/noticias\/2026\/03\/24\/uss-nimitz-realiza-exercicios-com-dez-paises-da-america-latina-este-ano\/#primaryimage"},"image":{"@id":"https:\/\/portaltela.pt\/noticias\/2026\/03\/24\/uss-nimitz-realiza-exercicios-com-dez-paises-da-america-latina-este-ano\/#primaryimage"},"thumbnailUrl":"https:\/\/portaltela.pt\/s.01k8rhncp4jt1\/2026\/03\/CACHE_780X1200_ANALOG_WATERMARKED_40569883_346018611546567.jpg","datePublished":"2026-03-24T17:46:00+00:00","author":{"@id":"https:\/\/portaltela.pt\/#\/schema\/person\/c4278d4a6028830caff9ee44b42d32ed"},"breadcrumb":{"@id":"https:\/\/portaltela.pt\/noticias\/2026\/03\/24\/uss-nimitz-realiza-exercicios-com-dez-paises-da-america-latina-este-ano\/#breadcrumb"},"inLanguage":"pt-PT","potentialAction":[{"@type":"ReadAction","target":["https:\/\/portaltela.pt\/noticias\/2026\/03\/24\/uss-nimitz-realiza-exercicios-com-dez-paises-da-america-latina-este-ano\/"]}]},{"@type":"ImageObject","inLanguage":"pt-PT","@id":"https:\/\/portaltela.pt\/noticias\/2026\/03\/24\/uss-nimitz-realiza-exercicios-com-dez-paises-da-america-latina-este-ano\/#primaryimage","url":"https:\/\/portaltela.pt\/s.01k8rhncp4jt1\/2026\/03\/CACHE_780X1200_ANALOG_WATERMARKED_40569883_346018611546567.jpg","contentUrl":"https:\/\/portaltela.pt\/s.01k8rhncp4jt1\/2026\/03\/CACHE_780X1200_ANALOG_WATERMARKED_40569883_346018611546567.jpg","width":796,"height":448,"caption":"Porta-avi\u00f5es de EUA \u201cUSS Nimitz\u201d em exerc\u00edcios com dez pa\u00edses da Am\u00e9rica Latina este ano"},{"@type":"BreadcrumbList","@id":"https:\/\/portaltela.pt\/noticias\/2026\/03\/24\/uss-nimitz-realiza-exercicios-com-dez-paises-da-america-latina-este-ano\/#breadcrumb","itemListElement":[{"@type":"ListItem","position":1,"name":"In\u00edcio","item":"https:\/\/portaltela.pt\/"},{"@type":"ListItem","position":2,"name":"USS Nimitz realiza exerc\u00edcios com dez pa\u00edses da Am\u00e9rica Latina este ano"}]},{"@type":"WebSite","@id":"https:\/\/portaltela.pt\/#website","url":"https:\/\/portaltela.pt\/","name":"Portal Tela Portugal","description":"","potentialAction":[{"@type":"SearchAction","target":{"@type":"EntryPoint","urlTemplate":"https:\/\/portaltela.pt\/?s={search_term_string}"},"query-input":{"@type":"PropertyValueSpecification","valueRequired":true,"valueName":"search_term_string"}}],"inLanguage":"pt-PT"},{"@type":"Person","@id":"https:\/\/portaltela.pt\/#\/schema\/person\/c4278d4a6028830caff9ee44b42d32ed","name":"Telinha","image":{"@type":"ImageObject","inLanguage":"pt-PT","@id":"https:\/\/portaltela.pt\/s.01k8rhncp4jt1\/2025\/11\/talking-bot-125x125.png","url":"https:\/\/portaltela.pt\/s.01k8rhncp4jt1\/2025\/11\/talking-bot-125x125.png","contentUrl":"https:\/\/portaltela.pt\/s.01k8rhncp4jt1\/2025\/11\/talking-bot-125x125.png","caption":"Telinha"},"sameAs":["https:\/\/portaltela.pt\/"],"url":"https:\/\/portaltela.pt\/por\/367410592786\/"}]}},"_links":{"self":[{"href":"https:\/\/portaltela.pt\/api\/wp\/v2\/posts\/419929","targetHints":{"allow":["GET"]}}],"collection":[{"href":"https:\/\/portaltela.pt\/api\/wp\/v2\/posts"}],"about":[{"href":"https:\/\/portaltela.pt\/api\/wp\/v2\/types\/post"}],"author":[{"embeddable":true,"href":"https:\/\/portaltela.pt\/api\/wp\/v2\/users\/2"}],"replies":[{"embeddable":true,"href":"https:\/\/portaltela.pt\/api\/wp\/v2\/comments?post=419929"}],"version-history":[{"count":0,"href":"https:\/\/portaltela.pt\/api\/wp\/v2\/posts\/419929\/revisions"}],"wp:featuredmedia":[{"embeddable":true,"href":"https:\/\/portaltela.pt\/api\/wp\/v2\/media\/419935"}],"wp:attachment":[{"href":"https:\/\/portaltela.pt\/api\/wp\/v2\/media?parent=419929"}],"wp:term":[{"taxonomy":"category","embeddable":true,"href":"https:\/\/portaltela.pt\/api\/wp\/v2\/categories?post=419929"},{"taxonomy":"post_tag","embeddable":true,"href":"https:\/\/portaltela.pt\/api\/wp\/v2\/tags?post=419929"}],"curies":[{"name":"wp","href":"https:\/\/api.w.org\/{rel}","templated":true}]}}