{"id":419927,"date":"2026-03-24T14:46:25","date_gmt":"2026-03-24T17:46:25","guid":{"rendered":"https:\/\/portaltela.pt\/noticias\/2026\/03\/24\/farioli-destacado-como-um-dos-tecnicos-emergentes-do-futebol-europeu\/"},"modified":"2026-03-24T14:46:25","modified_gmt":"2026-03-24T17:46:25","slug":"farioli-destacado-como-um-dos-tecnicos-emergentes-do-futebol-europeu","status":"publish","type":"post","link":"https:\/\/portaltela.pt\/desporto\/futebol\/2026\/03\/24\/farioli-destacado-como-um-dos-tecnicos-emergentes-do-futebol-europeu\/","title":{"rendered":"Farioli destacado como um dos t\u00e9cnicos emergentes do futebol europeu"},"content":{"rendered":"<p>Francesco Farioli, treinador do FC Porto, ganhou destaque internacional ap\u00f3s o reconhecimento do The Athletic, que o aponta como um dos t\u00e9cnicos emergentes no futebol europeu. O artigo destaca o percurso do italiano, de 36 anos, que come\u00e7ou na Turquia e ganhou visibilidade em clubes como Karagumruk e Alanyaspor.<\/p>\n<p>O jornal descreve o estilo progressista de Farioli, inspirado por treinadores italianos atuais que trabalharam no estrangeiro, nomeadamente Roberto De Zerbi. O texto real\u00e7a a capacidade de comunica\u00e7\u00e3o em ingl\u00eas e o crescimento do pr\u00f3prio treinador desde os primeiros passos na Turquia at\u00e9 ao Nice e \u00e0 passagem pela Holanda.<\/p>\n<p>A avalia\u00e7\u00e3o do The Athletic faz ainda refer\u00eancia ao passagem de Farioli pelo Ajax, onde o desempenho foi elogiado mesmo ap\u00f3s a sa\u00edda do clube. Em termos de impacto, o italiano \u00e9 creditado com a demonstra\u00e7\u00e3o de um equil\u00edbrio entre defesa s\u00f3lida e meio-campo din\u00e2mico, que marcou a passagem pelo Porto.<\/p>\n<h3>Contexto atual no FC Porto<\/h3>\n<p>No imediato, o Porto, sob o comando de Farioli, est\u00e1 com sete pontos de vantagem na Liga 1, com um jogo a menos para o Sporting. A equipa avan\u00e7a nas duas provas que disputas, com Quartos de Final da Liga Europa j\u00e1 assegurados e a luta pela final da Ta\u00e7a de Portugal em curso.<\/p>\n<p>O texto do The Athletic sublinha ainda que o eixo defensivo do Porto tem sido determinante, mantendo o ataque f\u00edsico e atl\u00e9tico. Em termos de estat\u00edsticas, o clube tem sido forte em jogos de bola corrida, com poucas situa\u00e7\u00f5es advers\u00e1rias a entrar na \u00e1rea.<\/p>\n<p>O reconhecimento internacional n\u00e3o esconde a continuidade do projeto: o treinador \u00e9 visto como uma renova\u00e7\u00e3o de Portugal para o panorama europeu, com v\u00e1rias vozes a salientar a evolu\u00e7\u00e3o do t\u00e9cnico desde a passagem pelo Ajax.<\/p>\n","protected":false},"excerpt":{"rendered":"<ul>\n<li>The Athletic destacou Francesco Farioli como um dos t\u00e9cnicos emergentes do futebol europeu, apontando o impacto internacional no FC Porto.<\/li>\n<li>O treinador, de 36 anos, iniciou na Turquia como adjunto e dirigiu Karagumruk e Alanyaspor, seguindo a linha de treinadores italianos modernos que trabalham no estrangeiro.<\/li>\n<li>O percurso inclui passagens por Nice e pela Holanda; no Ajax, o trabalho foi surpreendente, mas acabou por sair ap\u00f3s ter qualificado o clube para a Liga dos Campe\u00f5es, com imagem fragilizada.<\/li>\n<li>Andr\u00e9 Villas\u2011Boas projeta sucesso desportivo com Farioli; o FC Porto lidera a I Liga com sete pontos de vantagem, disputa os quartos de final da Liga Europa e luta pela Ta\u00e7a de Portugal.<\/li>\n<li>O Porto \u00e9 elogiado pelo eixo defensivo de alto n\u00edvel, menos agressivo que na era Concei\u00e7\u00e3o, mas f\u00edsico e atl\u00e9tico; sofre sete golos em jogadas de bola corrida e \u00e9 a equipa com menos toques advers\u00e1rios na \u00e1rea.<\/li>\n<\/ul>\n","protected":false},"author":2,"featured_media":419933,"comment_status":"closed","ping_status":"closed","sticky":false,"template":"","format":"standard","meta":{"footnotes":""},"categories":[21,24],"tags":[1714,32,3338,1857,982,2477],"class_list":["post-419927","post","type-post","status-publish","format-standard","has-post-thumbnail","hentry","category-desporto","category-futebol","tag-ajax","tag-futebol","tag-futebol-internacional","tag-italia","tag-porto","tag-treinadores"],"yoast_head":"<!-- This site is optimized with the Yoast SEO plugin v27.2 - https:\/\/yoast.com\/product\/yoast-seo-wordpress\/ -->\n<title>Farioli destacado como um dos t\u00e9cnicos emergentes do futebol europeu - Portal Tela Portugal<\/title>\n<meta name=\"robots\" content=\"index, follow, max-snippet:-1, max-image-preview:large, max-video-preview:-1\" \/>\n<meta property=\"og:locale\" content=\"pt_PT\" \/>\n<meta property=\"og:type\" content=\"article\" \/>\n<meta property=\"og:title\" content=\"Farioli destacado como um dos t\u00e9cnicos emergentes do futebol europeu - Portal Tela Portugal\" \/>\n<meta property=\"og:description\" content=\"The Athletic destacou Francesco Farioli como um dos t\u00e9cnicos emergentes do futebol europeu, apontando o impacto internacional no FC Porto. O treinador, de 36 anos, iniciou na Turquia como adjunto e dirigiu Karagumruk e Alanyaspor, seguindo a linha de treinadores italianos modernos que trabalham no estrangeiro. O percurso inclui passagens por Nice e pela Holanda; no Ajax, o trabalho foi surpreendente, mas acabou por sair ap\u00f3s ter qualificado o clube para a Liga dos Campe\u00f5es, com imagem fragilizada. Andr\u00e9 Villas\u2011Boas projeta sucesso desportivo com Farioli; o FC Porto lidera a I Liga com sete pontos de vantagem, disputa os quartos de final da Liga Europa e luta pela Ta\u00e7a de Portugal. O Porto \u00e9 elogiado pelo eixo defensivo de alto n\u00edvel, menos agressivo que na era Concei\u00e7\u00e3o, mas f\u00edsico e atl\u00e9tico; sofre sete golos em jogadas de bola corrida e \u00e9 a equipa com menos toques advers\u00e1rios na \u00e1rea.\" \/>\n<meta property=\"og:url\" content=\"https:\/\/portaltela.pt\/noticias\/2026\/03\/24\/farioli-destacado-como-um-dos-tecnicos-emergentes-do-futebol-europeu\/\" \/>\n<meta property=\"og:site_name\" content=\"Portal Tela Portugal\" \/>\n<meta property=\"article:published_time\" content=\"2026-03-24T17:46:25+00:00\" \/>\n<meta name=\"author\" content=\"Telinha\" \/>\n<meta name=\"twitter:card\" content=\"summary_large_image\" \/>\n<meta name=\"twitter:label1\" content=\"Escrito por\" \/>\n\t<meta name=\"twitter:data1\" content=\"Telinha\" \/>\n\t<meta name=\"twitter:label2\" content=\"Tempo estimado de leitura\" \/>\n\t<meta name=\"twitter:data2\" content=\"2 minutos\" \/>\n<script type=\"application\/ld+json\" class=\"yoast-schema-graph\">{\"@context\":\"https:\/\/schema.org\",\"@graph\":[{\"@type\":\"Article\",\"@id\":\"https:\/\/portaltela.pt\/noticias\/2026\/03\/24\/farioli-destacado-como-um-dos-tecnicos-emergentes-do-futebol-europeu\/#article\",\"isPartOf\":{\"@id\":\"https:\/\/portaltela.pt\/noticias\/2026\/03\/24\/farioli-destacado-como-um-dos-tecnicos-emergentes-do-futebol-europeu\/\"},\"author\":{\"name\":\"Telinha\",\"@id\":\"https:\/\/portaltela.pt\/#\/schema\/person\/c4278d4a6028830caff9ee44b42d32ed\"},\"headline\":\"Farioli destacado como um dos t\u00e9cnicos emergentes do futebol europeu\",\"datePublished\":\"2026-03-24T17:46:25+00:00\",\"mainEntityOfPage\":{\"@id\":\"https:\/\/portaltela.pt\/noticias\/2026\/03\/24\/farioli-destacado-como-um-dos-tecnicos-emergentes-do-futebol-europeu\/\"},\"wordCount\":322,\"image\":{\"@id\":\"https:\/\/portaltela.pt\/noticias\/2026\/03\/24\/farioli-destacado-como-um-dos-tecnicos-emergentes-do-futebol-europeu\/#primaryimage\"},\"thumbnailUrl\":\"https:\/\/portaltela.pt\/s.01k8rhncp4jt1\/2026\/03\/img_920x518uu2026-03-08-19-55-21-2425725-im-639099707985812368.jpg\",\"keywords\":[\"Ajax\",\"futebol\",\"futebol internacional\",\"It\u00e1lia\",\"Porto\",\"treinadores\"],\"articleSection\":[\"Desporto\",\"Futebol\"],\"inLanguage\":\"pt-PT\"},{\"@type\":\"WebPage\",\"@id\":\"https:\/\/portaltela.pt\/noticias\/2026\/03\/24\/farioli-destacado-como-um-dos-tecnicos-emergentes-do-futebol-europeu\/\",\"url\":\"https:\/\/portaltela.pt\/noticias\/2026\/03\/24\/farioli-destacado-como-um-dos-tecnicos-emergentes-do-futebol-europeu\/\",\"name\":\"Farioli destacado como um dos t\u00e9cnicos emergentes do futebol europeu - Portal Tela Portugal\",\"isPartOf\":{\"@id\":\"https:\/\/portaltela.pt\/#website\"},\"primaryImageOfPage\":{\"@id\":\"https:\/\/portaltela.pt\/noticias\/2026\/03\/24\/farioli-destacado-como-um-dos-tecnicos-emergentes-do-futebol-europeu\/#primaryimage\"},\"image\":{\"@id\":\"https:\/\/portaltela.pt\/noticias\/2026\/03\/24\/farioli-destacado-como-um-dos-tecnicos-emergentes-do-futebol-europeu\/#primaryimage\"},\"thumbnailUrl\":\"https:\/\/portaltela.pt\/s.01k8rhncp4jt1\/2026\/03\/img_920x518uu2026-03-08-19-55-21-2425725-im-639099707985812368.jpg\",\"datePublished\":\"2026-03-24T17:46:25+00:00\",\"author\":{\"@id\":\"https:\/\/portaltela.pt\/#\/schema\/person\/c4278d4a6028830caff9ee44b42d32ed\"},\"breadcrumb\":{\"@id\":\"https:\/\/portaltela.pt\/noticias\/2026\/03\/24\/farioli-destacado-como-um-dos-tecnicos-emergentes-do-futebol-europeu\/#breadcrumb\"},\"inLanguage\":\"pt-PT\",\"potentialAction\":[{\"@type\":\"ReadAction\",\"target\":[\"https:\/\/portaltela.pt\/noticias\/2026\/03\/24\/farioli-destacado-como-um-dos-tecnicos-emergentes-do-futebol-europeu\/\"]}]},{\"@type\":\"ImageObject\",\"inLanguage\":\"pt-PT\",\"@id\":\"https:\/\/portaltela.pt\/noticias\/2026\/03\/24\/farioli-destacado-como-um-dos-tecnicos-emergentes-do-futebol-europeu\/#primaryimage\",\"url\":\"https:\/\/portaltela.pt\/s.01k8rhncp4jt1\/2026\/03\/img_920x518uu2026-03-08-19-55-21-2425725-im-639099707985812368.jpg\",\"contentUrl\":\"https:\/\/portaltela.pt\/s.01k8rhncp4jt1\/2026\/03\/img_920x518uu2026-03-08-19-55-21-2425725-im-639099707985812368.jpg\",\"width\":796,\"height\":448,\"caption\":\"Farioli\"},{\"@type\":\"BreadcrumbList\",\"@id\":\"https:\/\/portaltela.pt\/noticias\/2026\/03\/24\/farioli-destacado-como-um-dos-tecnicos-emergentes-do-futebol-europeu\/#breadcrumb\",\"itemListElement\":[{\"@type\":\"ListItem\",\"position\":1,\"name\":\"In\u00edcio\",\"item\":\"https:\/\/portaltela.pt\/\"},{\"@type\":\"ListItem\",\"position\":2,\"name\":\"Farioli destacado como um dos t\u00e9cnicos emergentes do futebol europeu\"}]},{\"@type\":\"WebSite\",\"@id\":\"https:\/\/portaltela.pt\/#website\",\"url\":\"https:\/\/portaltela.pt\/\",\"name\":\"Portal Tela Portugal\",\"description\":\"\",\"potentialAction\":[{\"@type\":\"SearchAction\",\"target\":{\"@type\":\"EntryPoint\",\"urlTemplate\":\"https:\/\/portaltela.pt\/?s={search_term_string}\"},\"query-input\":{\"@type\":\"PropertyValueSpecification\",\"valueRequired\":true,\"valueName\":\"search_term_string\"}}],\"inLanguage\":\"pt-PT\"},{\"@type\":\"Person\",\"@id\":\"https:\/\/portaltela.pt\/#\/schema\/person\/c4278d4a6028830caff9ee44b42d32ed\",\"name\":\"Telinha\",\"image\":{\"@type\":\"ImageObject\",\"inLanguage\":\"pt-PT\",\"@id\":\"https:\/\/portaltela.pt\/s.01k8rhncp4jt1\/2025\/11\/talking-bot-125x125.png\",\"url\":\"https:\/\/portaltela.pt\/s.01k8rhncp4jt1\/2025\/11\/talking-bot-125x125.png\",\"contentUrl\":\"https:\/\/portaltela.pt\/s.01k8rhncp4jt1\/2025\/11\/talking-bot-125x125.png\",\"caption\":\"Telinha\"},\"sameAs\":[\"https:\/\/portaltela.pt\/\"],\"url\":\"https:\/\/portaltela.pt\/por\/367410592786\/\"}]}<\/script>\n<!-- \/ Yoast SEO plugin. -->","yoast_head_json":{"title":"Farioli destacado como um dos t\u00e9cnicos emergentes do futebol europeu - Portal Tela Portugal","robots":{"index":"index","follow":"follow","max-snippet":"max-snippet:-1","max-image-preview":"max-image-preview:large","max-video-preview":"max-video-preview:-1"},"og_locale":"pt_PT","og_type":"article","og_title":"Farioli destacado como um dos t\u00e9cnicos emergentes do futebol europeu - Portal Tela Portugal","og_description":"The Athletic destacou Francesco Farioli como um dos t\u00e9cnicos emergentes do futebol europeu, apontando o impacto internacional no FC Porto. O treinador, de 36 anos, iniciou na Turquia como adjunto e dirigiu Karagumruk e Alanyaspor, seguindo a linha de treinadores italianos modernos que trabalham no estrangeiro. O percurso inclui passagens por Nice e pela Holanda; no Ajax, o trabalho foi surpreendente, mas acabou por sair ap\u00f3s ter qualificado o clube para a Liga dos Campe\u00f5es, com imagem fragilizada. Andr\u00e9 Villas\u2011Boas projeta sucesso desportivo com Farioli; o FC Porto lidera a I Liga com sete pontos de vantagem, disputa os quartos de final da Liga Europa e luta pela Ta\u00e7a de Portugal. O Porto \u00e9 elogiado pelo eixo defensivo de alto n\u00edvel, menos agressivo que na era Concei\u00e7\u00e3o, mas f\u00edsico e atl\u00e9tico; sofre sete golos em jogadas de bola corrida e \u00e9 a equipa com menos toques advers\u00e1rios na \u00e1rea.","og_url":"https:\/\/portaltela.pt\/noticias\/2026\/03\/24\/farioli-destacado-como-um-dos-tecnicos-emergentes-do-futebol-europeu\/","og_site_name":"Portal Tela Portugal","article_published_time":"2026-03-24T17:46:25+00:00","author":"Telinha","twitter_card":"summary_large_image","twitter_misc":{"Escrito por":"Telinha","Tempo estimado de leitura":"2 minutos"},"schema":{"@context":"https:\/\/schema.org","@graph":[{"@type":"Article","@id":"https:\/\/portaltela.pt\/noticias\/2026\/03\/24\/farioli-destacado-como-um-dos-tecnicos-emergentes-do-futebol-europeu\/#article","isPartOf":{"@id":"https:\/\/portaltela.pt\/noticias\/2026\/03\/24\/farioli-destacado-como-um-dos-tecnicos-emergentes-do-futebol-europeu\/"},"author":{"name":"Telinha","@id":"https:\/\/portaltela.pt\/#\/schema\/person\/c4278d4a6028830caff9ee44b42d32ed"},"headline":"Farioli destacado como um dos t\u00e9cnicos emergentes do futebol europeu","datePublished":"2026-03-24T17:46:25+00:00","mainEntityOfPage":{"@id":"https:\/\/portaltela.pt\/noticias\/2026\/03\/24\/farioli-destacado-como-um-dos-tecnicos-emergentes-do-futebol-europeu\/"},"wordCount":322,"image":{"@id":"https:\/\/portaltela.pt\/noticias\/2026\/03\/24\/farioli-destacado-como-um-dos-tecnicos-emergentes-do-futebol-europeu\/#primaryimage"},"thumbnailUrl":"https:\/\/portaltela.pt\/s.01k8rhncp4jt1\/2026\/03\/img_920x518uu2026-03-08-19-55-21-2425725-im-639099707985812368.jpg","keywords":["Ajax","futebol","futebol internacional","It\u00e1lia","Porto","treinadores"],"articleSection":["Desporto","Futebol"],"inLanguage":"pt-PT"},{"@type":"WebPage","@id":"https:\/\/portaltela.pt\/noticias\/2026\/03\/24\/farioli-destacado-como-um-dos-tecnicos-emergentes-do-futebol-europeu\/","url":"https:\/\/portaltela.pt\/noticias\/2026\/03\/24\/farioli-destacado-como-um-dos-tecnicos-emergentes-do-futebol-europeu\/","name":"Farioli destacado como um dos t\u00e9cnicos emergentes do futebol europeu - Portal Tela Portugal","isPartOf":{"@id":"https:\/\/portaltela.pt\/#website"},"primaryImageOfPage":{"@id":"https:\/\/portaltela.pt\/noticias\/2026\/03\/24\/farioli-destacado-como-um-dos-tecnicos-emergentes-do-futebol-europeu\/#primaryimage"},"image":{"@id":"https:\/\/portaltela.pt\/noticias\/2026\/03\/24\/farioli-destacado-como-um-dos-tecnicos-emergentes-do-futebol-europeu\/#primaryimage"},"thumbnailUrl":"https:\/\/portaltela.pt\/s.01k8rhncp4jt1\/2026\/03\/img_920x518uu2026-03-08-19-55-21-2425725-im-639099707985812368.jpg","datePublished":"2026-03-24T17:46:25+00:00","author":{"@id":"https:\/\/portaltela.pt\/#\/schema\/person\/c4278d4a6028830caff9ee44b42d32ed"},"breadcrumb":{"@id":"https:\/\/portaltela.pt\/noticias\/2026\/03\/24\/farioli-destacado-como-um-dos-tecnicos-emergentes-do-futebol-europeu\/#breadcrumb"},"inLanguage":"pt-PT","potentialAction":[{"@type":"ReadAction","target":["https:\/\/portaltela.pt\/noticias\/2026\/03\/24\/farioli-destacado-como-um-dos-tecnicos-emergentes-do-futebol-europeu\/"]}]},{"@type":"ImageObject","inLanguage":"pt-PT","@id":"https:\/\/portaltela.pt\/noticias\/2026\/03\/24\/farioli-destacado-como-um-dos-tecnicos-emergentes-do-futebol-europeu\/#primaryimage","url":"https:\/\/portaltela.pt\/s.01k8rhncp4jt1\/2026\/03\/img_920x518uu2026-03-08-19-55-21-2425725-im-639099707985812368.jpg","contentUrl":"https:\/\/portaltela.pt\/s.01k8rhncp4jt1\/2026\/03\/img_920x518uu2026-03-08-19-55-21-2425725-im-639099707985812368.jpg","width":796,"height":448,"caption":"Farioli"},{"@type":"BreadcrumbList","@id":"https:\/\/portaltela.pt\/noticias\/2026\/03\/24\/farioli-destacado-como-um-dos-tecnicos-emergentes-do-futebol-europeu\/#breadcrumb","itemListElement":[{"@type":"ListItem","position":1,"name":"In\u00edcio","item":"https:\/\/portaltela.pt\/"},{"@type":"ListItem","position":2,"name":"Farioli destacado como um dos t\u00e9cnicos emergentes do futebol europeu"}]},{"@type":"WebSite","@id":"https:\/\/portaltela.pt\/#website","url":"https:\/\/portaltela.pt\/","name":"Portal Tela Portugal","description":"","potentialAction":[{"@type":"SearchAction","target":{"@type":"EntryPoint","urlTemplate":"https:\/\/portaltela.pt\/?s={search_term_string}"},"query-input":{"@type":"PropertyValueSpecification","valueRequired":true,"valueName":"search_term_string"}}],"inLanguage":"pt-PT"},{"@type":"Person","@id":"https:\/\/portaltela.pt\/#\/schema\/person\/c4278d4a6028830caff9ee44b42d32ed","name":"Telinha","image":{"@type":"ImageObject","inLanguage":"pt-PT","@id":"https:\/\/portaltela.pt\/s.01k8rhncp4jt1\/2025\/11\/talking-bot-125x125.png","url":"https:\/\/portaltela.pt\/s.01k8rhncp4jt1\/2025\/11\/talking-bot-125x125.png","contentUrl":"https:\/\/portaltela.pt\/s.01k8rhncp4jt1\/2025\/11\/talking-bot-125x125.png","caption":"Telinha"},"sameAs":["https:\/\/portaltela.pt\/"],"url":"https:\/\/portaltela.pt\/por\/367410592786\/"}]}},"_links":{"self":[{"href":"https:\/\/portaltela.pt\/api\/wp\/v2\/posts\/419927","targetHints":{"allow":["GET"]}}],"collection":[{"href":"https:\/\/portaltela.pt\/api\/wp\/v2\/posts"}],"about":[{"href":"https:\/\/portaltela.pt\/api\/wp\/v2\/types\/post"}],"author":[{"embeddable":true,"href":"https:\/\/portaltela.pt\/api\/wp\/v2\/users\/2"}],"replies":[{"embeddable":true,"href":"https:\/\/portaltela.pt\/api\/wp\/v2\/comments?post=419927"}],"version-history":[{"count":0,"href":"https:\/\/portaltela.pt\/api\/wp\/v2\/posts\/419927\/revisions"}],"wp:featuredmedia":[{"embeddable":true,"href":"https:\/\/portaltela.pt\/api\/wp\/v2\/media\/419933"}],"wp:attachment":[{"href":"https:\/\/portaltela.pt\/api\/wp\/v2\/media?parent=419927"}],"wp:term":[{"taxonomy":"category","embeddable":true,"href":"https:\/\/portaltela.pt\/api\/wp\/v2\/categories?post=419927"},{"taxonomy":"post_tag","embeddable":true,"href":"https:\/\/portaltela.pt\/api\/wp\/v2\/tags?post=419927"}],"curies":[{"name":"wp","href":"https:\/\/api.w.org\/{rel}","templated":true}]}}