{"id":419921,"date":"2026-03-24T14:35:58","date_gmt":"2026-03-24T17:35:58","guid":{"rendered":"https:\/\/portaltela.pt\/noticias\/2026\/03\/24\/fc-porto-regista-25-mil-novos-socios-desde-o-inicio-da-epoca\/"},"modified":"2026-03-24T14:35:58","modified_gmt":"2026-03-24T17:35:58","slug":"fc-porto-regista-25-mil-novos-socios-desde-o-inicio-da-epoca","status":"publish","type":"post","link":"https:\/\/portaltela.pt\/desporto\/futebol\/2026\/03\/24\/fc-porto-regista-25-mil-novos-socios-desde-o-inicio-da-epoca\/","title":{"rendered":"FC Porto regista 25 mil novos s\u00f3cios desde o in\u00edcio da \u00e9poca"},"content":{"rendered":"<p>O FC Porto atualizou o n\u00famero de s\u00f3cios no Portal da Transpar\u00eancia, indicativo da evolu\u00e7\u00e3o da base de adeptos. \u00c0 data de 3 de mar\u00e7o, o clube tinha 173.801 associados, marcando pela primeira vez a marca dos 170 mil.<\/p>\n<p>O aumento representa um acr\u00e9scimo superior a 40 mil s\u00f3cios durante a presente \u00e9poca. A trajet\u00f3ria de crescimento manteve-se consistente desde a elei\u00e7\u00e3o de Andr\u00e9 Villas-Boas.<\/p>\n<p>Desde esse momento, o clube registou um total de 42 mil novos s\u00f3cios, consolidando o impulso de ades\u00e3o ao longo da temporada 2025\/26. O movimento acompanha o refor\u00e7o da massa associativa do clube.<\/p>\n<h3>Crescimento ao longo da temporada<\/h3>\n<p>O crescimento ocorre num contexto de maior participa\u00e7\u00e3o dos s\u00f3cios em a\u00e7\u00f5es e eventos do clube. O FC Porto n\u00e3o revela, neste momento, fatores espec\u00edficos que incidam no elevado volume de ades\u00f5es.<\/p>\n<p>A dire\u00e7\u00e3o do clube tem enfatizado a import\u00e2ncia da participa\u00e7\u00e3o associativa para o financiamento e a presen\u00e7a institucional. O panorama atual mant\u00e9m o FC Porto na linha de continuidade de crescimento dos \u00faltimos anos.<\/p>\n","protected":false},"excerpt":{"rendered":"<ul>\n<li>O FC Porto tem 173.801 associados, em terceiro de mar\u00e7o, ultrapassando pela primeira vez a barreira dos 170 mil.<\/li>\n<li>Desde o in\u00edcio da \u00e9poca 2025\/26, a ades\u00e3o trouxe mais 25 mil s\u00f3cios.<\/li>\n<li>Desde a elei\u00e7\u00e3o de Andr\u00e9 Villas-Boas, s\u00e3o mais 42 mil s\u00f3cios.<\/li>\n<li>As informa\u00e7\u00f5es foram atualizadas no Portal da Transpar\u00eancia.<\/li>\n<\/ul>\n","protected":false},"author":2,"featured_media":419925,"comment_status":"closed","ping_status":"closed","sticky":false,"template":"","format":"standard","meta":{"footnotes":""},"categories":[21,24],"tags":[6498,152,2028,32,982],"class_list":["post-419921","post","type-post","status-publish","format-standard","has-post-thumbnail","hentry","category-desporto","category-futebol","tag-associados","tag-desporto","tag-fc-porto","tag-futebol","tag-porto"],"yoast_head":"<!-- This site is optimized with the Yoast SEO plugin v27.2 - https:\/\/yoast.com\/product\/yoast-seo-wordpress\/ -->\n<title>FC Porto regista 25 mil novos s\u00f3cios desde o in\u00edcio da \u00e9poca - Portal Tela Portugal<\/title>\n<meta name=\"robots\" content=\"index, follow, max-snippet:-1, max-image-preview:large, max-video-preview:-1\" \/>\n<meta property=\"og:locale\" content=\"pt_PT\" \/>\n<meta property=\"og:type\" content=\"article\" \/>\n<meta property=\"og:title\" content=\"FC Porto regista 25 mil novos s\u00f3cios desde o in\u00edcio da \u00e9poca - Portal Tela Portugal\" \/>\n<meta property=\"og:description\" content=\"O FC Porto tem 173.801 associados, em terceiro de mar\u00e7o, ultrapassando pela primeira vez a barreira dos 170 mil. Desde o in\u00edcio da \u00e9poca 2025\/26, a ades\u00e3o trouxe mais 25 mil s\u00f3cios. Desde a elei\u00e7\u00e3o de Andr\u00e9 Villas-Boas, s\u00e3o mais 42 mil s\u00f3cios. As informa\u00e7\u00f5es foram atualizadas no Portal da Transpar\u00eancia.\" \/>\n<meta property=\"og:url\" content=\"https:\/\/portaltela.pt\/noticias\/2026\/03\/24\/fc-porto-regista-25-mil-novos-socios-desde-o-inicio-da-epoca\/\" \/>\n<meta property=\"og:site_name\" content=\"Portal Tela Portugal\" \/>\n<meta property=\"article:published_time\" content=\"2026-03-24T17:35:58+00:00\" \/>\n<meta name=\"author\" content=\"Telinha\" \/>\n<meta name=\"twitter:card\" content=\"summary_large_image\" \/>\n<meta name=\"twitter:label1\" content=\"Escrito por\" \/>\n\t<meta name=\"twitter:data1\" content=\"Telinha\" \/>\n\t<meta name=\"twitter:label2\" content=\"Tempo estimado de leitura\" \/>\n\t<meta name=\"twitter:data2\" content=\"1 minuto\" \/>\n<script type=\"application\/ld+json\" class=\"yoast-schema-graph\">{\"@context\":\"https:\/\/schema.org\",\"@graph\":[{\"@type\":\"Article\",\"@id\":\"https:\/\/portaltela.pt\/noticias\/2026\/03\/24\/fc-porto-regista-25-mil-novos-socios-desde-o-inicio-da-epoca\/#article\",\"isPartOf\":{\"@id\":\"https:\/\/portaltela.pt\/noticias\/2026\/03\/24\/fc-porto-regista-25-mil-novos-socios-desde-o-inicio-da-epoca\/\"},\"author\":{\"name\":\"Telinha\",\"@id\":\"https:\/\/portaltela.pt\/#\/schema\/person\/c4278d4a6028830caff9ee44b42d32ed\"},\"headline\":\"FC Porto regista 25 mil novos s\u00f3cios desde o in\u00edcio da \u00e9poca\",\"datePublished\":\"2026-03-24T17:35:58+00:00\",\"mainEntityOfPage\":{\"@id\":\"https:\/\/portaltela.pt\/noticias\/2026\/03\/24\/fc-porto-regista-25-mil-novos-socios-desde-o-inicio-da-epoca\/\"},\"wordCount\":198,\"image\":{\"@id\":\"https:\/\/portaltela.pt\/noticias\/2026\/03\/24\/fc-porto-regista-25-mil-novos-socios-desde-o-inicio-da-epoca\/#primaryimage\"},\"thumbnailUrl\":\"https:\/\/portaltela.pt\/s.01k8rhncp4jt1\/2026\/03\/img_920x518uu2026-03-24-16-57-04-2429133-im-639099682735228922.jpg\",\"keywords\":[\"associados\",\"desporto\",\"FC Porto\",\"futebol\",\"Porto\"],\"articleSection\":[\"Desporto\",\"Futebol\"],\"inLanguage\":\"pt-PT\"},{\"@type\":\"WebPage\",\"@id\":\"https:\/\/portaltela.pt\/noticias\/2026\/03\/24\/fc-porto-regista-25-mil-novos-socios-desde-o-inicio-da-epoca\/\",\"url\":\"https:\/\/portaltela.pt\/noticias\/2026\/03\/24\/fc-porto-regista-25-mil-novos-socios-desde-o-inicio-da-epoca\/\",\"name\":\"FC Porto regista 25 mil novos s\u00f3cios desde o in\u00edcio da \u00e9poca - Portal Tela Portugal\",\"isPartOf\":{\"@id\":\"https:\/\/portaltela.pt\/#website\"},\"primaryImageOfPage\":{\"@id\":\"https:\/\/portaltela.pt\/noticias\/2026\/03\/24\/fc-porto-regista-25-mil-novos-socios-desde-o-inicio-da-epoca\/#primaryimage\"},\"image\":{\"@id\":\"https:\/\/portaltela.pt\/noticias\/2026\/03\/24\/fc-porto-regista-25-mil-novos-socios-desde-o-inicio-da-epoca\/#primaryimage\"},\"thumbnailUrl\":\"https:\/\/portaltela.pt\/s.01k8rhncp4jt1\/2026\/03\/img_920x518uu2026-03-24-16-57-04-2429133-im-639099682735228922.jpg\",\"datePublished\":\"2026-03-24T17:35:58+00:00\",\"author\":{\"@id\":\"https:\/\/portaltela.pt\/#\/schema\/person\/c4278d4a6028830caff9ee44b42d32ed\"},\"breadcrumb\":{\"@id\":\"https:\/\/portaltela.pt\/noticias\/2026\/03\/24\/fc-porto-regista-25-mil-novos-socios-desde-o-inicio-da-epoca\/#breadcrumb\"},\"inLanguage\":\"pt-PT\",\"potentialAction\":[{\"@type\":\"ReadAction\",\"target\":[\"https:\/\/portaltela.pt\/noticias\/2026\/03\/24\/fc-porto-regista-25-mil-novos-socios-desde-o-inicio-da-epoca\/\"]}]},{\"@type\":\"ImageObject\",\"inLanguage\":\"pt-PT\",\"@id\":\"https:\/\/portaltela.pt\/noticias\/2026\/03\/24\/fc-porto-regista-25-mil-novos-socios-desde-o-inicio-da-epoca\/#primaryimage\",\"url\":\"https:\/\/portaltela.pt\/s.01k8rhncp4jt1\/2026\/03\/img_920x518uu2026-03-24-16-57-04-2429133-im-639099682735228922.jpg\",\"contentUrl\":\"https:\/\/portaltela.pt\/s.01k8rhncp4jt1\/2026\/03\/img_920x518uu2026-03-24-16-57-04-2429133-im-639099682735228922.jpg\",\"width\":796,\"height\":448,\"caption\":\"Filia\u00e7\u00e3o aos drag\u00f5es continua a crescer em 2025\/26\"},{\"@type\":\"BreadcrumbList\",\"@id\":\"https:\/\/portaltela.pt\/noticias\/2026\/03\/24\/fc-porto-regista-25-mil-novos-socios-desde-o-inicio-da-epoca\/#breadcrumb\",\"itemListElement\":[{\"@type\":\"ListItem\",\"position\":1,\"name\":\"In\u00edcio\",\"item\":\"https:\/\/portaltela.pt\/\"},{\"@type\":\"ListItem\",\"position\":2,\"name\":\"FC Porto regista 25 mil novos s\u00f3cios desde o in\u00edcio da \u00e9poca\"}]},{\"@type\":\"WebSite\",\"@id\":\"https:\/\/portaltela.pt\/#website\",\"url\":\"https:\/\/portaltela.pt\/\",\"name\":\"Portal Tela Portugal\",\"description\":\"\",\"potentialAction\":[{\"@type\":\"SearchAction\",\"target\":{\"@type\":\"EntryPoint\",\"urlTemplate\":\"https:\/\/portaltela.pt\/?s={search_term_string}\"},\"query-input\":{\"@type\":\"PropertyValueSpecification\",\"valueRequired\":true,\"valueName\":\"search_term_string\"}}],\"inLanguage\":\"pt-PT\"},{\"@type\":\"Person\",\"@id\":\"https:\/\/portaltela.pt\/#\/schema\/person\/c4278d4a6028830caff9ee44b42d32ed\",\"name\":\"Telinha\",\"image\":{\"@type\":\"ImageObject\",\"inLanguage\":\"pt-PT\",\"@id\":\"https:\/\/portaltela.pt\/s.01k8rhncp4jt1\/2025\/11\/talking-bot-125x125.png\",\"url\":\"https:\/\/portaltela.pt\/s.01k8rhncp4jt1\/2025\/11\/talking-bot-125x125.png\",\"contentUrl\":\"https:\/\/portaltela.pt\/s.01k8rhncp4jt1\/2025\/11\/talking-bot-125x125.png\",\"caption\":\"Telinha\"},\"sameAs\":[\"https:\/\/portaltela.pt\/\"],\"url\":\"https:\/\/portaltela.pt\/por\/367410592786\/\"}]}<\/script>\n<!-- \/ Yoast SEO plugin. -->","yoast_head_json":{"title":"FC Porto regista 25 mil novos s\u00f3cios desde o in\u00edcio da \u00e9poca - Portal Tela Portugal","robots":{"index":"index","follow":"follow","max-snippet":"max-snippet:-1","max-image-preview":"max-image-preview:large","max-video-preview":"max-video-preview:-1"},"og_locale":"pt_PT","og_type":"article","og_title":"FC Porto regista 25 mil novos s\u00f3cios desde o in\u00edcio da \u00e9poca - Portal Tela Portugal","og_description":"O FC Porto tem 173.801 associados, em terceiro de mar\u00e7o, ultrapassando pela primeira vez a barreira dos 170 mil. Desde o in\u00edcio da \u00e9poca 2025\/26, a ades\u00e3o trouxe mais 25 mil s\u00f3cios. Desde a elei\u00e7\u00e3o de Andr\u00e9 Villas-Boas, s\u00e3o mais 42 mil s\u00f3cios. As informa\u00e7\u00f5es foram atualizadas no Portal da Transpar\u00eancia.","og_url":"https:\/\/portaltela.pt\/noticias\/2026\/03\/24\/fc-porto-regista-25-mil-novos-socios-desde-o-inicio-da-epoca\/","og_site_name":"Portal Tela Portugal","article_published_time":"2026-03-24T17:35:58+00:00","author":"Telinha","twitter_card":"summary_large_image","twitter_misc":{"Escrito por":"Telinha","Tempo estimado de leitura":"1 minuto"},"schema":{"@context":"https:\/\/schema.org","@graph":[{"@type":"Article","@id":"https:\/\/portaltela.pt\/noticias\/2026\/03\/24\/fc-porto-regista-25-mil-novos-socios-desde-o-inicio-da-epoca\/#article","isPartOf":{"@id":"https:\/\/portaltela.pt\/noticias\/2026\/03\/24\/fc-porto-regista-25-mil-novos-socios-desde-o-inicio-da-epoca\/"},"author":{"name":"Telinha","@id":"https:\/\/portaltela.pt\/#\/schema\/person\/c4278d4a6028830caff9ee44b42d32ed"},"headline":"FC Porto regista 25 mil novos s\u00f3cios desde o in\u00edcio da \u00e9poca","datePublished":"2026-03-24T17:35:58+00:00","mainEntityOfPage":{"@id":"https:\/\/portaltela.pt\/noticias\/2026\/03\/24\/fc-porto-regista-25-mil-novos-socios-desde-o-inicio-da-epoca\/"},"wordCount":198,"image":{"@id":"https:\/\/portaltela.pt\/noticias\/2026\/03\/24\/fc-porto-regista-25-mil-novos-socios-desde-o-inicio-da-epoca\/#primaryimage"},"thumbnailUrl":"https:\/\/portaltela.pt\/s.01k8rhncp4jt1\/2026\/03\/img_920x518uu2026-03-24-16-57-04-2429133-im-639099682735228922.jpg","keywords":["associados","desporto","FC Porto","futebol","Porto"],"articleSection":["Desporto","Futebol"],"inLanguage":"pt-PT"},{"@type":"WebPage","@id":"https:\/\/portaltela.pt\/noticias\/2026\/03\/24\/fc-porto-regista-25-mil-novos-socios-desde-o-inicio-da-epoca\/","url":"https:\/\/portaltela.pt\/noticias\/2026\/03\/24\/fc-porto-regista-25-mil-novos-socios-desde-o-inicio-da-epoca\/","name":"FC Porto regista 25 mil novos s\u00f3cios desde o in\u00edcio da \u00e9poca - Portal Tela Portugal","isPartOf":{"@id":"https:\/\/portaltela.pt\/#website"},"primaryImageOfPage":{"@id":"https:\/\/portaltela.pt\/noticias\/2026\/03\/24\/fc-porto-regista-25-mil-novos-socios-desde-o-inicio-da-epoca\/#primaryimage"},"image":{"@id":"https:\/\/portaltela.pt\/noticias\/2026\/03\/24\/fc-porto-regista-25-mil-novos-socios-desde-o-inicio-da-epoca\/#primaryimage"},"thumbnailUrl":"https:\/\/portaltela.pt\/s.01k8rhncp4jt1\/2026\/03\/img_920x518uu2026-03-24-16-57-04-2429133-im-639099682735228922.jpg","datePublished":"2026-03-24T17:35:58+00:00","author":{"@id":"https:\/\/portaltela.pt\/#\/schema\/person\/c4278d4a6028830caff9ee44b42d32ed"},"breadcrumb":{"@id":"https:\/\/portaltela.pt\/noticias\/2026\/03\/24\/fc-porto-regista-25-mil-novos-socios-desde-o-inicio-da-epoca\/#breadcrumb"},"inLanguage":"pt-PT","potentialAction":[{"@type":"ReadAction","target":["https:\/\/portaltela.pt\/noticias\/2026\/03\/24\/fc-porto-regista-25-mil-novos-socios-desde-o-inicio-da-epoca\/"]}]},{"@type":"ImageObject","inLanguage":"pt-PT","@id":"https:\/\/portaltela.pt\/noticias\/2026\/03\/24\/fc-porto-regista-25-mil-novos-socios-desde-o-inicio-da-epoca\/#primaryimage","url":"https:\/\/portaltela.pt\/s.01k8rhncp4jt1\/2026\/03\/img_920x518uu2026-03-24-16-57-04-2429133-im-639099682735228922.jpg","contentUrl":"https:\/\/portaltela.pt\/s.01k8rhncp4jt1\/2026\/03\/img_920x518uu2026-03-24-16-57-04-2429133-im-639099682735228922.jpg","width":796,"height":448,"caption":"Filia\u00e7\u00e3o aos drag\u00f5es continua a crescer em 2025\/26"},{"@type":"BreadcrumbList","@id":"https:\/\/portaltela.pt\/noticias\/2026\/03\/24\/fc-porto-regista-25-mil-novos-socios-desde-o-inicio-da-epoca\/#breadcrumb","itemListElement":[{"@type":"ListItem","position":1,"name":"In\u00edcio","item":"https:\/\/portaltela.pt\/"},{"@type":"ListItem","position":2,"name":"FC Porto regista 25 mil novos s\u00f3cios desde o in\u00edcio da \u00e9poca"}]},{"@type":"WebSite","@id":"https:\/\/portaltela.pt\/#website","url":"https:\/\/portaltela.pt\/","name":"Portal Tela Portugal","description":"","potentialAction":[{"@type":"SearchAction","target":{"@type":"EntryPoint","urlTemplate":"https:\/\/portaltela.pt\/?s={search_term_string}"},"query-input":{"@type":"PropertyValueSpecification","valueRequired":true,"valueName":"search_term_string"}}],"inLanguage":"pt-PT"},{"@type":"Person","@id":"https:\/\/portaltela.pt\/#\/schema\/person\/c4278d4a6028830caff9ee44b42d32ed","name":"Telinha","image":{"@type":"ImageObject","inLanguage":"pt-PT","@id":"https:\/\/portaltela.pt\/s.01k8rhncp4jt1\/2025\/11\/talking-bot-125x125.png","url":"https:\/\/portaltela.pt\/s.01k8rhncp4jt1\/2025\/11\/talking-bot-125x125.png","contentUrl":"https:\/\/portaltela.pt\/s.01k8rhncp4jt1\/2025\/11\/talking-bot-125x125.png","caption":"Telinha"},"sameAs":["https:\/\/portaltela.pt\/"],"url":"https:\/\/portaltela.pt\/por\/367410592786\/"}]}},"_links":{"self":[{"href":"https:\/\/portaltela.pt\/api\/wp\/v2\/posts\/419921","targetHints":{"allow":["GET"]}}],"collection":[{"href":"https:\/\/portaltela.pt\/api\/wp\/v2\/posts"}],"about":[{"href":"https:\/\/portaltela.pt\/api\/wp\/v2\/types\/post"}],"author":[{"embeddable":true,"href":"https:\/\/portaltela.pt\/api\/wp\/v2\/users\/2"}],"replies":[{"embeddable":true,"href":"https:\/\/portaltela.pt\/api\/wp\/v2\/comments?post=419921"}],"version-history":[{"count":0,"href":"https:\/\/portaltela.pt\/api\/wp\/v2\/posts\/419921\/revisions"}],"wp:featuredmedia":[{"embeddable":true,"href":"https:\/\/portaltela.pt\/api\/wp\/v2\/media\/419925"}],"wp:attachment":[{"href":"https:\/\/portaltela.pt\/api\/wp\/v2\/media?parent=419921"}],"wp:term":[{"taxonomy":"category","embeddable":true,"href":"https:\/\/portaltela.pt\/api\/wp\/v2\/categories?post=419921"},{"taxonomy":"post_tag","embeddable":true,"href":"https:\/\/portaltela.pt\/api\/wp\/v2\/tags?post=419921"}],"curies":[{"name":"wp","href":"https:\/\/api.w.org\/{rel}","templated":true}]}}