{"id":419914,"date":"2026-03-24T14:32:37","date_gmt":"2026-03-24T17:32:37","guid":{"rendered":"https:\/\/portaltela.pt\/noticias\/2026\/03\/24\/estudantes-defendem-gratuitidade-no-ensino-superior-e-maior-alojamento\/"},"modified":"2026-03-24T14:32:37","modified_gmt":"2026-03-24T17:32:37","slug":"estudantes-defendem-gratuitidade-no-ensino-superior-e-maior-alojamento","status":"publish","type":"post","link":"https:\/\/portaltela.pt\/sociedade\/2026\/03\/24\/estudantes-defendem-gratuitidade-no-ensino-superior-e-maior-alojamento\/","title":{"rendered":"Estudantes defendem gratuitidade no ensino superior e maior alojamento"},"content":{"rendered":"<p>Vinte e quatro de mar\u00e7o ficou marcado pela mobiliza\u00e7\u00e3o estudantil em Lisboa, com mais de 50 estruturas do Movimento Associativo Estudantil a participar na manifesta\u00e7\u00e3o que come\u00e7ou no Rossio e terminou junto \u00e0 Assembleia da Rep\u00fablica. O protesto pediu gratuitidade no ensino superior, bolsas mais robustas e aumento de alojamento para estudantes.<\/p>\n<p>Largas centenas de alunos de todo o pa\u00eds estiveram envolvidos, representando associa\u00e7\u00f5es de estudantes, n\u00facleos, tunas e comiss\u00f5es de residentes. O porta-voz da Associa\u00e7\u00e3o de Estudantes da Faculdade de Ci\u00eancias Sociais e Humanas da Universidade Nova de Lisboa destacou a exist\u00eancia de menos vagas para novos estudantes e o impacto desvantajoso para quem surge com menos recursos.<\/p>\n<p>Dados oficiais indicam que cerca de 45 mil jovens foram colocados numa institui\u00e7\u00e3o de ensino superior neste ano, com uma redu\u00e7\u00e3o de cinco mil caloiros face ao anterior concurso. Os manifestantes reivindicaram a gratuitidade das propinas, apontando insufici\u00eancia de bolsas para cobrir custos b\u00e1sicos.<\/p>\n<h3>Participantes e reivindica\u00e7\u00f5es<\/h3>\n<p>Entre os avisos e mensagens exibidos estavam pedidos de resid\u00eancias estudantis acess\u00edveis e de maior apoio social. Estudantes deslocados das Caldas da Rainha e de outras regi\u00f5es sublinharam a escassez de alojamento adequado na valoriza\u00e7\u00e3o do percurso acad\u00e9mico.<\/p>\n<p>Violeta Greg\u00f3rio, aluna de 21 anos, explicou \u00e0 Lusa que j\u00e1 n\u00e3o basta a bolsa atual para cobrir tudo e que o alojamento \u00e9 uma preocupa\u00e7\u00e3o constante para manter o progresso acad\u00e9mico. Trabalha e estuda, ressaltando a press\u00e3o de cada semestre para continuar.<\/p>\n<p>O problema do alojamento foi tamb\u00e9m destacado por Idalg\u00edzio Gomes, aluno do Instituto Polit\u00e9cnico de Barcelos, que referiu a constru\u00e7\u00e3o de uma nova resid\u00eancia h\u00e1 tr\u00eas anos sem solu\u00e7\u00e3o. A falta de camas continua a afetar a participa\u00e7\u00e3o em aulas.<\/p>\n<p>Pedro Neto Monteiro, representante da federa\u00e7\u00e3o acad\u00e9mica de Lisboa, pediu maior representatividade no regime jur\u00eddico das institui\u00e7\u00f5es, para que os estudantes tenham mais voz nas decis\u00f5es que afetam o ensino superior.<\/p>\n<h3>Contexto<\/h3>\n<p>No dia, o tema das propinas voltou a emergir, com cr\u00edticas ao financiamento educativo. A manifesta\u00e7\u00e3o decorreu sem incidentes relevantes e terminou em frente \u00e0 Assembleia da Rep\u00fablica, onde os participantes reafirmaram o foco em investimento p\u00fablico na educa\u00e7\u00e3o.<\/p>\n<p>O Dia Nacional do Estudante, assinalado a 24 de mar\u00e7o, foi criado pela Assembleia da Rep\u00fablica em 1987 e serve de marco para este tipo de a\u00e7\u00f5es que promovem a defesa de direitos estudantis.<\/p>\n","protected":false},"excerpt":{"rendered":"<ul>\n<li>No dia nacional do estudante, mais de cinquenta estruturas do Movimento Associativo Estudantil participam numa manifesta\u00e7\u00e3o em Lisboa, que come\u00e7ou no Rossio e termina em frente \u00e0 Assembleia da Rep\u00fablica.<\/li>\n<li>Largas centenas de estudantes exigem gratuitidade no ensino superior, melhores bolsas e mais alojamento.<\/li>\n<li>Os manifestantes destacam a falta de resid\u00eancias e o alojamento insuficiente para estudantes deslocados, com relatos de dificuldades para manter os estudos sem alojamento est\u00e1vel.<\/li>\n<li>No total deste ano, cerca de quarenta e cinco mil alunos ficaram colocados numa institui\u00e7\u00e3o de ensino superior pelo concurso nacional de acesso, quase cinco mil caloiros a menos que no ano anterior.<\/li>\n<li>Enquanto o governo v\u00ea poss\u00edvel aumento das propinas, os participantes pedem o fim das propinas e um maior investimento no ensino; a manifesta\u00e7\u00e3o terminou com concentra\u00e7\u00e3o junto \u00e0 Assembleia da Rep\u00fablica e apelos \u00e0 prioridade do or\u00e7amento para a educa\u00e7\u00e3o.<\/li>\n<\/ul>\n","protected":false},"author":2,"featured_media":419918,"comment_status":"closed","ping_status":"closed","sticky":false,"template":"","format":"standard","meta":{"footnotes":""},"categories":[1,6871],"tags":[5887,2035,6623,5139,150,981],"class_list":["post-419914","post","type-post","status-publish","format-standard","has-post-thumbnail","hentry","category-noticias","category-sociedade","tag-alojamentos","tag-bolsas","tag-ensino-superior","tag-estudantes","tag-habitacao","tag-lisboa"],"yoast_head":"<!-- This site is optimized with the Yoast SEO plugin v27.2 - https:\/\/yoast.com\/product\/yoast-seo-wordpress\/ -->\n<title>Estudantes defendem gratuitidade no ensino superior e maior alojamento - Portal Tela Portugal<\/title>\n<meta name=\"robots\" content=\"index, follow, max-snippet:-1, max-image-preview:large, max-video-preview:-1\" \/>\n<meta property=\"og:locale\" content=\"pt_PT\" \/>\n<meta property=\"og:type\" content=\"article\" \/>\n<meta property=\"og:title\" content=\"Estudantes defendem gratuitidade no ensino superior e maior alojamento - Portal Tela Portugal\" \/>\n<meta property=\"og:description\" content=\"No dia nacional do estudante, mais de cinquenta estruturas do Movimento Associativo Estudantil participam numa manifesta\u00e7\u00e3o em Lisboa, que come\u00e7ou no Rossio e termina em frente \u00e0 Assembleia da Rep\u00fablica. Largas centenas de estudantes exigem gratuitidade no ensino superior, melhores bolsas e mais alojamento. Os manifestantes destacam a falta de resid\u00eancias e o alojamento insuficiente para estudantes deslocados, com relatos de dificuldades para manter os estudos sem alojamento est\u00e1vel. No total deste ano, cerca de quarenta e cinco mil alunos ficaram colocados numa institui\u00e7\u00e3o de ensino superior pelo concurso nacional de acesso, quase cinco mil caloiros a menos que no ano anterior. Enquanto o governo v\u00ea poss\u00edvel aumento das propinas, os participantes pedem o fim das propinas e um maior investimento no ensino; a manifesta\u00e7\u00e3o terminou com concentra\u00e7\u00e3o junto \u00e0 Assembleia da Rep\u00fablica e apelos \u00e0 prioridade do or\u00e7amento para a educa\u00e7\u00e3o.\" \/>\n<meta property=\"og:url\" content=\"https:\/\/portaltela.pt\/noticias\/2026\/03\/24\/estudantes-defendem-gratuitidade-no-ensino-superior-e-maior-alojamento\/\" \/>\n<meta property=\"og:site_name\" content=\"Portal Tela Portugal\" \/>\n<meta property=\"article:published_time\" content=\"2026-03-24T17:32:37+00:00\" \/>\n<meta name=\"author\" content=\"Telinha\" \/>\n<meta name=\"twitter:card\" content=\"summary_large_image\" \/>\n<meta name=\"twitter:label1\" content=\"Escrito por\" \/>\n\t<meta name=\"twitter:data1\" content=\"Telinha\" \/>\n\t<meta name=\"twitter:label2\" content=\"Tempo estimado de leitura\" \/>\n\t<meta name=\"twitter:data2\" content=\"2 minutos\" \/>\n<script type=\"application\/ld+json\" class=\"yoast-schema-graph\">{\"@context\":\"https:\/\/schema.org\",\"@graph\":[{\"@type\":\"Article\",\"@id\":\"https:\/\/portaltela.pt\/noticias\/2026\/03\/24\/estudantes-defendem-gratuitidade-no-ensino-superior-e-maior-alojamento\/#article\",\"isPartOf\":{\"@id\":\"https:\/\/portaltela.pt\/noticias\/2026\/03\/24\/estudantes-defendem-gratuitidade-no-ensino-superior-e-maior-alojamento\/\"},\"author\":{\"name\":\"Telinha\",\"@id\":\"https:\/\/portaltela.pt\/#\/schema\/person\/c4278d4a6028830caff9ee44b42d32ed\"},\"headline\":\"Estudantes defendem gratuitidade no ensino superior e maior alojamento\",\"datePublished\":\"2026-03-24T17:32:37+00:00\",\"mainEntityOfPage\":{\"@id\":\"https:\/\/portaltela.pt\/noticias\/2026\/03\/24\/estudantes-defendem-gratuitidade-no-ensino-superior-e-maior-alojamento\/\"},\"wordCount\":430,\"image\":{\"@id\":\"https:\/\/portaltela.pt\/noticias\/2026\/03\/24\/estudantes-defendem-gratuitidade-no-ensino-superior-e-maior-alojamento\/#primaryimage\"},\"thumbnailUrl\":\"https:\/\/portaltela.pt\/s.01k8rhncp4jt1\/2026\/03\/img_1280x721uu2026-03-24-17-32-31-2274584.jpg\",\"keywords\":[\"alojamentos\",\"bolsas\",\"Ensino Superior\",\"estudantes\",\"habita\u00e7\u00e3o\",\"Lisboa\"],\"articleSection\":[\"Not\u00edcias\",\"Sociedade\"],\"inLanguage\":\"pt-PT\"},{\"@type\":\"WebPage\",\"@id\":\"https:\/\/portaltela.pt\/noticias\/2026\/03\/24\/estudantes-defendem-gratuitidade-no-ensino-superior-e-maior-alojamento\/\",\"url\":\"https:\/\/portaltela.pt\/noticias\/2026\/03\/24\/estudantes-defendem-gratuitidade-no-ensino-superior-e-maior-alojamento\/\",\"name\":\"Estudantes defendem gratuitidade no ensino superior e maior alojamento - Portal Tela Portugal\",\"isPartOf\":{\"@id\":\"https:\/\/portaltela.pt\/#website\"},\"primaryImageOfPage\":{\"@id\":\"https:\/\/portaltela.pt\/noticias\/2026\/03\/24\/estudantes-defendem-gratuitidade-no-ensino-superior-e-maior-alojamento\/#primaryimage\"},\"image\":{\"@id\":\"https:\/\/portaltela.pt\/noticias\/2026\/03\/24\/estudantes-defendem-gratuitidade-no-ensino-superior-e-maior-alojamento\/#primaryimage\"},\"thumbnailUrl\":\"https:\/\/portaltela.pt\/s.01k8rhncp4jt1\/2026\/03\/img_1280x721uu2026-03-24-17-32-31-2274584.jpg\",\"datePublished\":\"2026-03-24T17:32:37+00:00\",\"author\":{\"@id\":\"https:\/\/portaltela.pt\/#\/schema\/person\/c4278d4a6028830caff9ee44b42d32ed\"},\"breadcrumb\":{\"@id\":\"https:\/\/portaltela.pt\/noticias\/2026\/03\/24\/estudantes-defendem-gratuitidade-no-ensino-superior-e-maior-alojamento\/#breadcrumb\"},\"inLanguage\":\"pt-PT\",\"potentialAction\":[{\"@type\":\"ReadAction\",\"target\":[\"https:\/\/portaltela.pt\/noticias\/2026\/03\/24\/estudantes-defendem-gratuitidade-no-ensino-superior-e-maior-alojamento\/\"]}]},{\"@type\":\"ImageObject\",\"inLanguage\":\"pt-PT\",\"@id\":\"https:\/\/portaltela.pt\/noticias\/2026\/03\/24\/estudantes-defendem-gratuitidade-no-ensino-superior-e-maior-alojamento\/#primaryimage\",\"url\":\"https:\/\/portaltela.pt\/s.01k8rhncp4jt1\/2026\/03\/img_1280x721uu2026-03-24-17-32-31-2274584.jpg\",\"contentUrl\":\"https:\/\/portaltela.pt\/s.01k8rhncp4jt1\/2026\/03\/img_1280x721uu2026-03-24-17-32-31-2274584.jpg\",\"width\":796,\"height\":448,\"caption\":\"Estudantes manifestam-se em Lisboa\"},{\"@type\":\"BreadcrumbList\",\"@id\":\"https:\/\/portaltela.pt\/noticias\/2026\/03\/24\/estudantes-defendem-gratuitidade-no-ensino-superior-e-maior-alojamento\/#breadcrumb\",\"itemListElement\":[{\"@type\":\"ListItem\",\"position\":1,\"name\":\"In\u00edcio\",\"item\":\"https:\/\/portaltela.pt\/\"},{\"@type\":\"ListItem\",\"position\":2,\"name\":\"Estudantes defendem gratuitidade no ensino superior e maior alojamento\"}]},{\"@type\":\"WebSite\",\"@id\":\"https:\/\/portaltela.pt\/#website\",\"url\":\"https:\/\/portaltela.pt\/\",\"name\":\"Portal Tela Portugal\",\"description\":\"\",\"potentialAction\":[{\"@type\":\"SearchAction\",\"target\":{\"@type\":\"EntryPoint\",\"urlTemplate\":\"https:\/\/portaltela.pt\/?s={search_term_string}\"},\"query-input\":{\"@type\":\"PropertyValueSpecification\",\"valueRequired\":true,\"valueName\":\"search_term_string\"}}],\"inLanguage\":\"pt-PT\"},{\"@type\":\"Person\",\"@id\":\"https:\/\/portaltela.pt\/#\/schema\/person\/c4278d4a6028830caff9ee44b42d32ed\",\"name\":\"Telinha\",\"image\":{\"@type\":\"ImageObject\",\"inLanguage\":\"pt-PT\",\"@id\":\"https:\/\/portaltela.pt\/s.01k8rhncp4jt1\/2025\/11\/talking-bot-125x125.png\",\"url\":\"https:\/\/portaltela.pt\/s.01k8rhncp4jt1\/2025\/11\/talking-bot-125x125.png\",\"contentUrl\":\"https:\/\/portaltela.pt\/s.01k8rhncp4jt1\/2025\/11\/talking-bot-125x125.png\",\"caption\":\"Telinha\"},\"sameAs\":[\"https:\/\/portaltela.pt\/\"],\"url\":\"https:\/\/portaltela.pt\/por\/367410592786\/\"}]}<\/script>\n<!-- \/ Yoast SEO plugin. -->","yoast_head_json":{"title":"Estudantes defendem gratuitidade no ensino superior e maior alojamento - Portal Tela Portugal","robots":{"index":"index","follow":"follow","max-snippet":"max-snippet:-1","max-image-preview":"max-image-preview:large","max-video-preview":"max-video-preview:-1"},"og_locale":"pt_PT","og_type":"article","og_title":"Estudantes defendem gratuitidade no ensino superior e maior alojamento - Portal Tela Portugal","og_description":"No dia nacional do estudante, mais de cinquenta estruturas do Movimento Associativo Estudantil participam numa manifesta\u00e7\u00e3o em Lisboa, que come\u00e7ou no Rossio e termina em frente \u00e0 Assembleia da Rep\u00fablica. Largas centenas de estudantes exigem gratuitidade no ensino superior, melhores bolsas e mais alojamento. Os manifestantes destacam a falta de resid\u00eancias e o alojamento insuficiente para estudantes deslocados, com relatos de dificuldades para manter os estudos sem alojamento est\u00e1vel. No total deste ano, cerca de quarenta e cinco mil alunos ficaram colocados numa institui\u00e7\u00e3o de ensino superior pelo concurso nacional de acesso, quase cinco mil caloiros a menos que no ano anterior. Enquanto o governo v\u00ea poss\u00edvel aumento das propinas, os participantes pedem o fim das propinas e um maior investimento no ensino; a manifesta\u00e7\u00e3o terminou com concentra\u00e7\u00e3o junto \u00e0 Assembleia da Rep\u00fablica e apelos \u00e0 prioridade do or\u00e7amento para a educa\u00e7\u00e3o.","og_url":"https:\/\/portaltela.pt\/noticias\/2026\/03\/24\/estudantes-defendem-gratuitidade-no-ensino-superior-e-maior-alojamento\/","og_site_name":"Portal Tela Portugal","article_published_time":"2026-03-24T17:32:37+00:00","author":"Telinha","twitter_card":"summary_large_image","twitter_misc":{"Escrito por":"Telinha","Tempo estimado de leitura":"2 minutos"},"schema":{"@context":"https:\/\/schema.org","@graph":[{"@type":"Article","@id":"https:\/\/portaltela.pt\/noticias\/2026\/03\/24\/estudantes-defendem-gratuitidade-no-ensino-superior-e-maior-alojamento\/#article","isPartOf":{"@id":"https:\/\/portaltela.pt\/noticias\/2026\/03\/24\/estudantes-defendem-gratuitidade-no-ensino-superior-e-maior-alojamento\/"},"author":{"name":"Telinha","@id":"https:\/\/portaltela.pt\/#\/schema\/person\/c4278d4a6028830caff9ee44b42d32ed"},"headline":"Estudantes defendem gratuitidade no ensino superior e maior alojamento","datePublished":"2026-03-24T17:32:37+00:00","mainEntityOfPage":{"@id":"https:\/\/portaltela.pt\/noticias\/2026\/03\/24\/estudantes-defendem-gratuitidade-no-ensino-superior-e-maior-alojamento\/"},"wordCount":430,"image":{"@id":"https:\/\/portaltela.pt\/noticias\/2026\/03\/24\/estudantes-defendem-gratuitidade-no-ensino-superior-e-maior-alojamento\/#primaryimage"},"thumbnailUrl":"https:\/\/portaltela.pt\/s.01k8rhncp4jt1\/2026\/03\/img_1280x721uu2026-03-24-17-32-31-2274584.jpg","keywords":["alojamentos","bolsas","Ensino Superior","estudantes","habita\u00e7\u00e3o","Lisboa"],"articleSection":["Not\u00edcias","Sociedade"],"inLanguage":"pt-PT"},{"@type":"WebPage","@id":"https:\/\/portaltela.pt\/noticias\/2026\/03\/24\/estudantes-defendem-gratuitidade-no-ensino-superior-e-maior-alojamento\/","url":"https:\/\/portaltela.pt\/noticias\/2026\/03\/24\/estudantes-defendem-gratuitidade-no-ensino-superior-e-maior-alojamento\/","name":"Estudantes defendem gratuitidade no ensino superior e maior alojamento - Portal Tela Portugal","isPartOf":{"@id":"https:\/\/portaltela.pt\/#website"},"primaryImageOfPage":{"@id":"https:\/\/portaltela.pt\/noticias\/2026\/03\/24\/estudantes-defendem-gratuitidade-no-ensino-superior-e-maior-alojamento\/#primaryimage"},"image":{"@id":"https:\/\/portaltela.pt\/noticias\/2026\/03\/24\/estudantes-defendem-gratuitidade-no-ensino-superior-e-maior-alojamento\/#primaryimage"},"thumbnailUrl":"https:\/\/portaltela.pt\/s.01k8rhncp4jt1\/2026\/03\/img_1280x721uu2026-03-24-17-32-31-2274584.jpg","datePublished":"2026-03-24T17:32:37+00:00","author":{"@id":"https:\/\/portaltela.pt\/#\/schema\/person\/c4278d4a6028830caff9ee44b42d32ed"},"breadcrumb":{"@id":"https:\/\/portaltela.pt\/noticias\/2026\/03\/24\/estudantes-defendem-gratuitidade-no-ensino-superior-e-maior-alojamento\/#breadcrumb"},"inLanguage":"pt-PT","potentialAction":[{"@type":"ReadAction","target":["https:\/\/portaltela.pt\/noticias\/2026\/03\/24\/estudantes-defendem-gratuitidade-no-ensino-superior-e-maior-alojamento\/"]}]},{"@type":"ImageObject","inLanguage":"pt-PT","@id":"https:\/\/portaltela.pt\/noticias\/2026\/03\/24\/estudantes-defendem-gratuitidade-no-ensino-superior-e-maior-alojamento\/#primaryimage","url":"https:\/\/portaltela.pt\/s.01k8rhncp4jt1\/2026\/03\/img_1280x721uu2026-03-24-17-32-31-2274584.jpg","contentUrl":"https:\/\/portaltela.pt\/s.01k8rhncp4jt1\/2026\/03\/img_1280x721uu2026-03-24-17-32-31-2274584.jpg","width":796,"height":448,"caption":"Estudantes manifestam-se em Lisboa"},{"@type":"BreadcrumbList","@id":"https:\/\/portaltela.pt\/noticias\/2026\/03\/24\/estudantes-defendem-gratuitidade-no-ensino-superior-e-maior-alojamento\/#breadcrumb","itemListElement":[{"@type":"ListItem","position":1,"name":"In\u00edcio","item":"https:\/\/portaltela.pt\/"},{"@type":"ListItem","position":2,"name":"Estudantes defendem gratuitidade no ensino superior e maior alojamento"}]},{"@type":"WebSite","@id":"https:\/\/portaltela.pt\/#website","url":"https:\/\/portaltela.pt\/","name":"Portal Tela Portugal","description":"","potentialAction":[{"@type":"SearchAction","target":{"@type":"EntryPoint","urlTemplate":"https:\/\/portaltela.pt\/?s={search_term_string}"},"query-input":{"@type":"PropertyValueSpecification","valueRequired":true,"valueName":"search_term_string"}}],"inLanguage":"pt-PT"},{"@type":"Person","@id":"https:\/\/portaltela.pt\/#\/schema\/person\/c4278d4a6028830caff9ee44b42d32ed","name":"Telinha","image":{"@type":"ImageObject","inLanguage":"pt-PT","@id":"https:\/\/portaltela.pt\/s.01k8rhncp4jt1\/2025\/11\/talking-bot-125x125.png","url":"https:\/\/portaltela.pt\/s.01k8rhncp4jt1\/2025\/11\/talking-bot-125x125.png","contentUrl":"https:\/\/portaltela.pt\/s.01k8rhncp4jt1\/2025\/11\/talking-bot-125x125.png","caption":"Telinha"},"sameAs":["https:\/\/portaltela.pt\/"],"url":"https:\/\/portaltela.pt\/por\/367410592786\/"}]}},"_links":{"self":[{"href":"https:\/\/portaltela.pt\/api\/wp\/v2\/posts\/419914","targetHints":{"allow":["GET"]}}],"collection":[{"href":"https:\/\/portaltela.pt\/api\/wp\/v2\/posts"}],"about":[{"href":"https:\/\/portaltela.pt\/api\/wp\/v2\/types\/post"}],"author":[{"embeddable":true,"href":"https:\/\/portaltela.pt\/api\/wp\/v2\/users\/2"}],"replies":[{"embeddable":true,"href":"https:\/\/portaltela.pt\/api\/wp\/v2\/comments?post=419914"}],"version-history":[{"count":0,"href":"https:\/\/portaltela.pt\/api\/wp\/v2\/posts\/419914\/revisions"}],"wp:featuredmedia":[{"embeddable":true,"href":"https:\/\/portaltela.pt\/api\/wp\/v2\/media\/419918"}],"wp:attachment":[{"href":"https:\/\/portaltela.pt\/api\/wp\/v2\/media?parent=419914"}],"wp:term":[{"taxonomy":"category","embeddable":true,"href":"https:\/\/portaltela.pt\/api\/wp\/v2\/categories?post=419914"},{"taxonomy":"post_tag","embeddable":true,"href":"https:\/\/portaltela.pt\/api\/wp\/v2\/tags?post=419914"}],"curies":[{"name":"wp","href":"https:\/\/api.w.org\/{rel}","templated":true}]}}