{"id":419909,"date":"2026-03-24T14:44:00","date_gmt":"2026-03-24T17:44:00","guid":{"rendered":"https:\/\/portaltela.pt\/noticias\/2026\/03\/24\/princesa-mette-marit-volta-a-aparecer-em-publico-e-envia-mensagem\/"},"modified":"2026-03-24T14:44:00","modified_gmt":"2026-03-24T17:44:00","slug":"princesa-mette-marit-volta-a-aparecer-em-publico-e-envia-mensagem","status":"publish","type":"post","link":"https:\/\/portaltela.pt\/sociedade\/2026\/03\/24\/princesa-mette-marit-volta-a-aparecer-em-publico-e-envia-mensagem\/","title":{"rendered":"Princesa Mette-Marit volta a aparecer em p\u00fablico e envia mensagem"},"content":{"rendered":"<p>A princesa Mette-Marit voltou a aparecer em p\u00fablico ao lado do marido, o pr\u00edncipe Haakon, e dos sogros, o rei Harald e a rainha S\u00f3nia, em Oslo. A ocasi\u00e3o foi a rece\u00e7\u00e3o dos reis da B\u00e9lgica, onde a monarca se apresentou ap\u00f3s um hiato de oito semanas.<\/p>\n<p>O Pal\u00e1cio Real anunciara anteriormente que a princesa n\u00e3o estaria presente devido ao seu estado de sa\u00fade, agravado pelas pol\u00e9micas envolvendo Jeffrey Epstein e o filho, bem como pela fibrose pulmonar cr\u00f3nica de Mette-Marit. A decis\u00e3o obrigou a reprograma\u00e7\u00e3o da agenda.<\/p>\n<p>A participa\u00e7\u00e3o de Mette-Marit sucede \u00e0 conclus\u00e3o do julgamento do filho, Marius Borg, e a uma entrevista que descreveu o relacionamento com Epstein sem detalhar tudo. A apari\u00e7\u00e3o em p\u00fablico consolidou o regresso da fam\u00edlia real a fun\u00e7\u00f5es p\u00fablicas.<\/p>\n<p>Um pormenor que chamou a aten\u00e7\u00e3o foi o uso de um broche que pertencia a Ragnhild, irm\u00e3 de Haakon, que se op\u00f4s publicamente \u00e0 ascens\u00e3o de Mette-Marit. Ragnhild morreu em 2012, sem ver Mette-Marit no trono, e a entrevista da tia de Haakon continua a ser recordada.<\/p>\n<p>A joia antiga sugere uma mensagem simb\u00f3lica em meio \u00e0s controv\u00e9rsias, associando-se \u00e0 hist\u00f3ria familiar. A monarca manteve o papel ativo da casa real, mesmo diante de cr\u00edticas e quest\u00f5es de sa\u00fade.<\/p>\n<p>A presen\u00e7a de Mette-Marit em Oslo confirma a continuidade do papel institucional da fam\u00edlia real norueguesa. A imprensa acompanha para entender como evoluir\u00e1 a rela\u00e7\u00e3o entre a monarquia, a sa\u00fade da princesa e as controv\u00e9rsias p\u00fablicas.<\/p>\n","protected":false},"excerpt":{"rendered":"<ul>\n<li>A princesa Mette-Marit apareceu em p\u00fablico em Oslo ao lado do marido, o pr\u00edncipe Haakon, e dos sogros, para receberem os reis da B\u00e9lgica, surpresa ap\u00f3s o Pal\u00e1cio Real ter indicado que a princesa n\u00e3o iria marcar presen\u00e7a.<\/li>\n<li>O Pal\u00e1cio Real j\u00e1 tinha informado que a princesa n\u00e3o estaria presente devido ao seu estado de sa\u00fade, agravado pelas pol\u00e9micas envolvendo Jeffrey Epstein e o filho.<\/li>\n<li>A apari\u00e7\u00e3o p\u00fablica sucede a um hiato de oito semanas, ap\u00f3s o desfecho do julgamento do filho, Marius Borg, e de uma entrevista sobre o seu relacionamento com Epstein.<\/li>\n<li>Mette-Marit ostentou um broche pertencente a Ragnhild, a \u00fanica princesa que criticou publicamente a ascens\u00e3o da ent\u00e3o herdeira ao trono.<\/li>\n<li>Ragnhild, que ficou conhecida pela cr\u00edtica \u00e0 aceita\u00e7\u00e3o dos casamentos dos filhos de Harald, morreu em dois mil e doze, mas a hist\u00f3ria da entrevista volta a ganhar relev\u00e2ncia no contexto atual.<\/li>\n<\/ul>\n","protected":false},"author":2,"featured_media":419916,"comment_status":"closed","ping_status":"closed","sticky":false,"template":"","format":"standard","meta":{"footnotes":""},"categories":[7384,6871],"tags":[5514,64,2125,5661,6126,172],"class_list":["post-419909","post","type-post","status-publish","format-standard","has-post-thumbnail","hentry","category-curiosidades","category-sociedade","tag-escandalos","tag-familia","tag-noruega","tag-pessoas-publicas","tag-publico","tag-saude"],"yoast_head":"<!-- This site is optimized with the Yoast SEO plugin v27.2 - https:\/\/yoast.com\/product\/yoast-seo-wordpress\/ -->\n<title>Princesa Mette-Marit volta a aparecer em p\u00fablico e envia mensagem - Portal Tela Portugal<\/title>\n<meta name=\"robots\" content=\"index, follow, max-snippet:-1, max-image-preview:large, max-video-preview:-1\" \/>\n<meta property=\"og:locale\" content=\"pt_PT\" \/>\n<meta property=\"og:type\" content=\"article\" \/>\n<meta property=\"og:title\" content=\"Princesa Mette-Marit volta a aparecer em p\u00fablico e envia mensagem - Portal Tela Portugal\" \/>\n<meta property=\"og:description\" content=\"A princesa Mette-Marit apareceu em p\u00fablico em Oslo ao lado do marido, o pr\u00edncipe Haakon, e dos sogros, para receberem os reis da B\u00e9lgica, surpresa ap\u00f3s o Pal\u00e1cio Real ter indicado que a princesa n\u00e3o iria marcar presen\u00e7a. O Pal\u00e1cio Real j\u00e1 tinha informado que a princesa n\u00e3o estaria presente devido ao seu estado de sa\u00fade, agravado pelas pol\u00e9micas envolvendo Jeffrey Epstein e o filho. A apari\u00e7\u00e3o p\u00fablica sucede a um hiato de oito semanas, ap\u00f3s o desfecho do julgamento do filho, Marius Borg, e de uma entrevista sobre o seu relacionamento com Epstein. Mette-Marit ostentou um broche pertencente a Ragnhild, a \u00fanica princesa que criticou publicamente a ascens\u00e3o da ent\u00e3o herdeira ao trono. Ragnhild, que ficou conhecida pela cr\u00edtica \u00e0 aceita\u00e7\u00e3o dos casamentos dos filhos de Harald, morreu em dois mil e doze, mas a hist\u00f3ria da entrevista volta a ganhar relev\u00e2ncia no contexto atual.\" \/>\n<meta property=\"og:url\" content=\"https:\/\/portaltela.pt\/noticias\/2026\/03\/24\/princesa-mette-marit-volta-a-aparecer-em-publico-e-envia-mensagem\/\" \/>\n<meta property=\"og:site_name\" content=\"Portal Tela Portugal\" \/>\n<meta property=\"article:published_time\" content=\"2026-03-24T17:44:00+00:00\" \/>\n<meta name=\"author\" content=\"Telinha\" \/>\n<meta name=\"twitter:card\" content=\"summary_large_image\" \/>\n<meta name=\"twitter:label1\" content=\"Escrito por\" \/>\n\t<meta name=\"twitter:data1\" content=\"Telinha\" \/>\n\t<meta name=\"twitter:label2\" content=\"Tempo estimado de leitura\" \/>\n\t<meta name=\"twitter:data2\" content=\"1 minuto\" \/>\n<script type=\"application\/ld+json\" class=\"yoast-schema-graph\">{\"@context\":\"https:\/\/schema.org\",\"@graph\":[{\"@type\":\"Article\",\"@id\":\"https:\/\/portaltela.pt\/noticias\/2026\/03\/24\/princesa-mette-marit-volta-a-aparecer-em-publico-e-envia-mensagem\/#article\",\"isPartOf\":{\"@id\":\"https:\/\/portaltela.pt\/noticias\/2026\/03\/24\/princesa-mette-marit-volta-a-aparecer-em-publico-e-envia-mensagem\/\"},\"author\":{\"name\":\"Telinha\",\"@id\":\"https:\/\/portaltela.pt\/#\/schema\/person\/c4278d4a6028830caff9ee44b42d32ed\"},\"headline\":\"Princesa Mette-Marit volta a aparecer em p\u00fablico e envia mensagem\",\"datePublished\":\"2026-03-24T17:44:00+00:00\",\"mainEntityOfPage\":{\"@id\":\"https:\/\/portaltela.pt\/noticias\/2026\/03\/24\/princesa-mette-marit-volta-a-aparecer-em-publico-e-envia-mensagem\/\"},\"wordCount\":285,\"image\":{\"@id\":\"https:\/\/portaltela.pt\/noticias\/2026\/03\/24\/princesa-mette-marit-volta-a-aparecer-em-publico-e-envia-mensagem\/#primaryimage\"},\"thumbnailUrl\":\"https:\/\/portaltela.pt\/s.01k8rhncp4jt1\/2026\/03\/img_1280x718uu2024-08-08-12-41-16-1721207-im-638866435112793973.jpg\",\"keywords\":[\"esc\u00e2ndalos\",\"fam\u00edlia\",\"Noruega\",\"pessoas p\u00fablicas\",\"p\u00fablico\",\"sa\u00fade\"],\"articleSection\":[\"Curiosidades\",\"Sociedade\"],\"inLanguage\":\"pt-PT\"},{\"@type\":\"WebPage\",\"@id\":\"https:\/\/portaltela.pt\/noticias\/2026\/03\/24\/princesa-mette-marit-volta-a-aparecer-em-publico-e-envia-mensagem\/\",\"url\":\"https:\/\/portaltela.pt\/noticias\/2026\/03\/24\/princesa-mette-marit-volta-a-aparecer-em-publico-e-envia-mensagem\/\",\"name\":\"Princesa Mette-Marit volta a aparecer em p\u00fablico e envia mensagem - Portal Tela Portugal\",\"isPartOf\":{\"@id\":\"https:\/\/portaltela.pt\/#website\"},\"primaryImageOfPage\":{\"@id\":\"https:\/\/portaltela.pt\/noticias\/2026\/03\/24\/princesa-mette-marit-volta-a-aparecer-em-publico-e-envia-mensagem\/#primaryimage\"},\"image\":{\"@id\":\"https:\/\/portaltela.pt\/noticias\/2026\/03\/24\/princesa-mette-marit-volta-a-aparecer-em-publico-e-envia-mensagem\/#primaryimage\"},\"thumbnailUrl\":\"https:\/\/portaltela.pt\/s.01k8rhncp4jt1\/2026\/03\/img_1280x718uu2024-08-08-12-41-16-1721207-im-638866435112793973.jpg\",\"datePublished\":\"2026-03-24T17:44:00+00:00\",\"author\":{\"@id\":\"https:\/\/portaltela.pt\/#\/schema\/person\/c4278d4a6028830caff9ee44b42d32ed\"},\"breadcrumb\":{\"@id\":\"https:\/\/portaltela.pt\/noticias\/2026\/03\/24\/princesa-mette-marit-volta-a-aparecer-em-publico-e-envia-mensagem\/#breadcrumb\"},\"inLanguage\":\"pt-PT\",\"potentialAction\":[{\"@type\":\"ReadAction\",\"target\":[\"https:\/\/portaltela.pt\/noticias\/2026\/03\/24\/princesa-mette-marit-volta-a-aparecer-em-publico-e-envia-mensagem\/\"]}]},{\"@type\":\"ImageObject\",\"inLanguage\":\"pt-PT\",\"@id\":\"https:\/\/portaltela.pt\/noticias\/2026\/03\/24\/princesa-mette-marit-volta-a-aparecer-em-publico-e-envia-mensagem\/#primaryimage\",\"url\":\"https:\/\/portaltela.pt\/s.01k8rhncp4jt1\/2026\/03\/img_1280x718uu2024-08-08-12-41-16-1721207-im-638866435112793973.jpg\",\"contentUrl\":\"https:\/\/portaltela.pt\/s.01k8rhncp4jt1\/2026\/03\/img_1280x718uu2024-08-08-12-41-16-1721207-im-638866435112793973.jpg\",\"width\":796,\"height\":448,\"caption\":\"Photo\"},{\"@type\":\"BreadcrumbList\",\"@id\":\"https:\/\/portaltela.pt\/noticias\/2026\/03\/24\/princesa-mette-marit-volta-a-aparecer-em-publico-e-envia-mensagem\/#breadcrumb\",\"itemListElement\":[{\"@type\":\"ListItem\",\"position\":1,\"name\":\"In\u00edcio\",\"item\":\"https:\/\/portaltela.pt\/\"},{\"@type\":\"ListItem\",\"position\":2,\"name\":\"Princesa Mette-Marit volta a aparecer em p\u00fablico e envia mensagem\"}]},{\"@type\":\"WebSite\",\"@id\":\"https:\/\/portaltela.pt\/#website\",\"url\":\"https:\/\/portaltela.pt\/\",\"name\":\"Portal Tela Portugal\",\"description\":\"\",\"potentialAction\":[{\"@type\":\"SearchAction\",\"target\":{\"@type\":\"EntryPoint\",\"urlTemplate\":\"https:\/\/portaltela.pt\/?s={search_term_string}\"},\"query-input\":{\"@type\":\"PropertyValueSpecification\",\"valueRequired\":true,\"valueName\":\"search_term_string\"}}],\"inLanguage\":\"pt-PT\"},{\"@type\":\"Person\",\"@id\":\"https:\/\/portaltela.pt\/#\/schema\/person\/c4278d4a6028830caff9ee44b42d32ed\",\"name\":\"Telinha\",\"image\":{\"@type\":\"ImageObject\",\"inLanguage\":\"pt-PT\",\"@id\":\"https:\/\/portaltela.pt\/s.01k8rhncp4jt1\/2025\/11\/talking-bot-125x125.png\",\"url\":\"https:\/\/portaltela.pt\/s.01k8rhncp4jt1\/2025\/11\/talking-bot-125x125.png\",\"contentUrl\":\"https:\/\/portaltela.pt\/s.01k8rhncp4jt1\/2025\/11\/talking-bot-125x125.png\",\"caption\":\"Telinha\"},\"sameAs\":[\"https:\/\/portaltela.pt\/\"],\"url\":\"https:\/\/portaltela.pt\/por\/367410592786\/\"}]}<\/script>\n<!-- \/ Yoast SEO plugin. -->","yoast_head_json":{"title":"Princesa Mette-Marit volta a aparecer em p\u00fablico e envia mensagem - Portal Tela Portugal","robots":{"index":"index","follow":"follow","max-snippet":"max-snippet:-1","max-image-preview":"max-image-preview:large","max-video-preview":"max-video-preview:-1"},"og_locale":"pt_PT","og_type":"article","og_title":"Princesa Mette-Marit volta a aparecer em p\u00fablico e envia mensagem - Portal Tela Portugal","og_description":"A princesa Mette-Marit apareceu em p\u00fablico em Oslo ao lado do marido, o pr\u00edncipe Haakon, e dos sogros, para receberem os reis da B\u00e9lgica, surpresa ap\u00f3s o Pal\u00e1cio Real ter indicado que a princesa n\u00e3o iria marcar presen\u00e7a. O Pal\u00e1cio Real j\u00e1 tinha informado que a princesa n\u00e3o estaria presente devido ao seu estado de sa\u00fade, agravado pelas pol\u00e9micas envolvendo Jeffrey Epstein e o filho. A apari\u00e7\u00e3o p\u00fablica sucede a um hiato de oito semanas, ap\u00f3s o desfecho do julgamento do filho, Marius Borg, e de uma entrevista sobre o seu relacionamento com Epstein. Mette-Marit ostentou um broche pertencente a Ragnhild, a \u00fanica princesa que criticou publicamente a ascens\u00e3o da ent\u00e3o herdeira ao trono. Ragnhild, que ficou conhecida pela cr\u00edtica \u00e0 aceita\u00e7\u00e3o dos casamentos dos filhos de Harald, morreu em dois mil e doze, mas a hist\u00f3ria da entrevista volta a ganhar relev\u00e2ncia no contexto atual.","og_url":"https:\/\/portaltela.pt\/noticias\/2026\/03\/24\/princesa-mette-marit-volta-a-aparecer-em-publico-e-envia-mensagem\/","og_site_name":"Portal Tela Portugal","article_published_time":"2026-03-24T17:44:00+00:00","author":"Telinha","twitter_card":"summary_large_image","twitter_misc":{"Escrito por":"Telinha","Tempo estimado de leitura":"1 minuto"},"schema":{"@context":"https:\/\/schema.org","@graph":[{"@type":"Article","@id":"https:\/\/portaltela.pt\/noticias\/2026\/03\/24\/princesa-mette-marit-volta-a-aparecer-em-publico-e-envia-mensagem\/#article","isPartOf":{"@id":"https:\/\/portaltela.pt\/noticias\/2026\/03\/24\/princesa-mette-marit-volta-a-aparecer-em-publico-e-envia-mensagem\/"},"author":{"name":"Telinha","@id":"https:\/\/portaltela.pt\/#\/schema\/person\/c4278d4a6028830caff9ee44b42d32ed"},"headline":"Princesa Mette-Marit volta a aparecer em p\u00fablico e envia mensagem","datePublished":"2026-03-24T17:44:00+00:00","mainEntityOfPage":{"@id":"https:\/\/portaltela.pt\/noticias\/2026\/03\/24\/princesa-mette-marit-volta-a-aparecer-em-publico-e-envia-mensagem\/"},"wordCount":285,"image":{"@id":"https:\/\/portaltela.pt\/noticias\/2026\/03\/24\/princesa-mette-marit-volta-a-aparecer-em-publico-e-envia-mensagem\/#primaryimage"},"thumbnailUrl":"https:\/\/portaltela.pt\/s.01k8rhncp4jt1\/2026\/03\/img_1280x718uu2024-08-08-12-41-16-1721207-im-638866435112793973.jpg","keywords":["esc\u00e2ndalos","fam\u00edlia","Noruega","pessoas p\u00fablicas","p\u00fablico","sa\u00fade"],"articleSection":["Curiosidades","Sociedade"],"inLanguage":"pt-PT"},{"@type":"WebPage","@id":"https:\/\/portaltela.pt\/noticias\/2026\/03\/24\/princesa-mette-marit-volta-a-aparecer-em-publico-e-envia-mensagem\/","url":"https:\/\/portaltela.pt\/noticias\/2026\/03\/24\/princesa-mette-marit-volta-a-aparecer-em-publico-e-envia-mensagem\/","name":"Princesa Mette-Marit volta a aparecer em p\u00fablico e envia mensagem - Portal Tela Portugal","isPartOf":{"@id":"https:\/\/portaltela.pt\/#website"},"primaryImageOfPage":{"@id":"https:\/\/portaltela.pt\/noticias\/2026\/03\/24\/princesa-mette-marit-volta-a-aparecer-em-publico-e-envia-mensagem\/#primaryimage"},"image":{"@id":"https:\/\/portaltela.pt\/noticias\/2026\/03\/24\/princesa-mette-marit-volta-a-aparecer-em-publico-e-envia-mensagem\/#primaryimage"},"thumbnailUrl":"https:\/\/portaltela.pt\/s.01k8rhncp4jt1\/2026\/03\/img_1280x718uu2024-08-08-12-41-16-1721207-im-638866435112793973.jpg","datePublished":"2026-03-24T17:44:00+00:00","author":{"@id":"https:\/\/portaltela.pt\/#\/schema\/person\/c4278d4a6028830caff9ee44b42d32ed"},"breadcrumb":{"@id":"https:\/\/portaltela.pt\/noticias\/2026\/03\/24\/princesa-mette-marit-volta-a-aparecer-em-publico-e-envia-mensagem\/#breadcrumb"},"inLanguage":"pt-PT","potentialAction":[{"@type":"ReadAction","target":["https:\/\/portaltela.pt\/noticias\/2026\/03\/24\/princesa-mette-marit-volta-a-aparecer-em-publico-e-envia-mensagem\/"]}]},{"@type":"ImageObject","inLanguage":"pt-PT","@id":"https:\/\/portaltela.pt\/noticias\/2026\/03\/24\/princesa-mette-marit-volta-a-aparecer-em-publico-e-envia-mensagem\/#primaryimage","url":"https:\/\/portaltela.pt\/s.01k8rhncp4jt1\/2026\/03\/img_1280x718uu2024-08-08-12-41-16-1721207-im-638866435112793973.jpg","contentUrl":"https:\/\/portaltela.pt\/s.01k8rhncp4jt1\/2026\/03\/img_1280x718uu2024-08-08-12-41-16-1721207-im-638866435112793973.jpg","width":796,"height":448,"caption":"Photo"},{"@type":"BreadcrumbList","@id":"https:\/\/portaltela.pt\/noticias\/2026\/03\/24\/princesa-mette-marit-volta-a-aparecer-em-publico-e-envia-mensagem\/#breadcrumb","itemListElement":[{"@type":"ListItem","position":1,"name":"In\u00edcio","item":"https:\/\/portaltela.pt\/"},{"@type":"ListItem","position":2,"name":"Princesa Mette-Marit volta a aparecer em p\u00fablico e envia mensagem"}]},{"@type":"WebSite","@id":"https:\/\/portaltela.pt\/#website","url":"https:\/\/portaltela.pt\/","name":"Portal Tela Portugal","description":"","potentialAction":[{"@type":"SearchAction","target":{"@type":"EntryPoint","urlTemplate":"https:\/\/portaltela.pt\/?s={search_term_string}"},"query-input":{"@type":"PropertyValueSpecification","valueRequired":true,"valueName":"search_term_string"}}],"inLanguage":"pt-PT"},{"@type":"Person","@id":"https:\/\/portaltela.pt\/#\/schema\/person\/c4278d4a6028830caff9ee44b42d32ed","name":"Telinha","image":{"@type":"ImageObject","inLanguage":"pt-PT","@id":"https:\/\/portaltela.pt\/s.01k8rhncp4jt1\/2025\/11\/talking-bot-125x125.png","url":"https:\/\/portaltela.pt\/s.01k8rhncp4jt1\/2025\/11\/talking-bot-125x125.png","contentUrl":"https:\/\/portaltela.pt\/s.01k8rhncp4jt1\/2025\/11\/talking-bot-125x125.png","caption":"Telinha"},"sameAs":["https:\/\/portaltela.pt\/"],"url":"https:\/\/portaltela.pt\/por\/367410592786\/"}]}},"_links":{"self":[{"href":"https:\/\/portaltela.pt\/api\/wp\/v2\/posts\/419909","targetHints":{"allow":["GET"]}}],"collection":[{"href":"https:\/\/portaltela.pt\/api\/wp\/v2\/posts"}],"about":[{"href":"https:\/\/portaltela.pt\/api\/wp\/v2\/types\/post"}],"author":[{"embeddable":true,"href":"https:\/\/portaltela.pt\/api\/wp\/v2\/users\/2"}],"replies":[{"embeddable":true,"href":"https:\/\/portaltela.pt\/api\/wp\/v2\/comments?post=419909"}],"version-history":[{"count":0,"href":"https:\/\/portaltela.pt\/api\/wp\/v2\/posts\/419909\/revisions"}],"wp:featuredmedia":[{"embeddable":true,"href":"https:\/\/portaltela.pt\/api\/wp\/v2\/media\/419916"}],"wp:attachment":[{"href":"https:\/\/portaltela.pt\/api\/wp\/v2\/media?parent=419909"}],"wp:term":[{"taxonomy":"category","embeddable":true,"href":"https:\/\/portaltela.pt\/api\/wp\/v2\/categories?post=419909"},{"taxonomy":"post_tag","embeddable":true,"href":"https:\/\/portaltela.pt\/api\/wp\/v2\/tags?post=419909"}],"curies":[{"name":"wp","href":"https:\/\/api.w.org\/{rel}","templated":true}]}}