{"id":419906,"date":"2026-03-24T14:39:40","date_gmt":"2026-03-24T17:39:40","guid":{"rendered":"https:\/\/portaltela.pt\/noticias\/2026\/03\/24\/jovem-de-17-anos-morre-de-meningite-em-espanha\/"},"modified":"2026-03-24T14:39:40","modified_gmt":"2026-03-24T17:39:40","slug":"jovem-de-17-anos-morre-de-meningite-em-espanha","status":"publish","type":"post","link":"https:\/\/portaltela.pt\/saude\/2026\/03\/24\/jovem-de-17-anos-morre-de-meningite-em-espanha\/","title":{"rendered":"Jovem de 17 anos morre de meningite em Espanha"},"content":{"rendered":"<p>Uma jovem de 17 anos morreu nesta ter\u00e7a-feira no Hospital de D\u00e9nia, em Alicante, Espanha, v\u00edtima de meningite, avan\u00e7a o jornal El Espa\u00f1ol. As autoridades espanholas acionaram o protocolo sanit\u00e1rio e j\u00e1 contactaram familiares para iniciar tratamento preventivo junto de pessoas pr\u00f3ximas.<\/p>\n<p>Segundo a mesma fonte, a jovem entrou no hospital h\u00e1 poucas horas e a confirma\u00e7\u00e3o da meningite levou \u00e0 activa\u00e7\u00e3o de medidas de preven\u00e7\u00e3o. A meningite envolve inflama\u00e7\u00e3o das meninges e pode ser causada por v\u00edrus ou bact\u00e9rias, com sintomas como febre, dores de cabe\u00e7a e rigidez no pesco\u00e7o.<\/p>\n<p>O laborat\u00f3rio e as autoridades de sa\u00fade investigam a origem da infe\u00e7\u00e3o, com foco em evitar a propaga\u00e7\u00e3o entre contactos pr\u00f3ximos. O acompanhamento m\u00e9dico \u00e9 realizado pelas autoridades de sa\u00fade espanholas, que detalharam que os passos de prote\u00e7\u00e3o est\u00e3o a decorrer de forma coordenada.<\/p>\n<h3>Em Portugal n\u00e3o h\u00e1 notifica\u00e7\u00f5es de liga\u00e7\u00e3o ao surto de meningite B<\/h3>\n<p>A Dire\u00e7\u00e3o-Geral da Sa\u00fade confirmou, na quinta-feira anterior, que ainda n\u00e3o tinham sido registados casos em Portugal com liga\u00e7\u00e3o ao surto de meningite B que afecta o Reino Unido. O organismo reiterou que mant\u00e9m vigil\u00e2ncia e coopera\u00e7\u00e3o com autoridades internacionais.<\/p>\n<p>As autoridades portuguesas refor\u00e7am que, at\u00e9 ao momento, n\u00e3o h\u00e1 informa\u00e7\u00f5es indicando transmiss\u00e3o entre pa\u00edses com base em casos reportados, e mant\u00eam procedimentos de monitoriza\u00e7\u00e3o para qualquer eventualidade.<\/p>\n","protected":false},"excerpt":{"rendered":"<ul>\n<li>Uma jovem de 17 anos morreu de meningite no Hospital de D\u00e9nia, Alicante, Espanha, nesta ter\u00e7a-feira.<\/li>\n<li>Ap\u00f3s a confirma\u00e7\u00e3o da causa, as autoridades de sa\u00fade acionaram o protocolo sanit\u00e1rio e contactaram familiares para tratamento preventivo.<\/li>\n<li>A v\u00edtima faleceu poucas horas depois de dar entrada no hospital.<\/li>\n<li>A meningite \u00e9 transmitida principalmente por tosse, espirro, beijo ou secre\u00e7\u00f5es respirat\u00f3rias e pode ser causada por bact\u00e9rias ou v\u00edrus; os sintomas incluem febre, dor de cabe\u00e7a e rigidez de nuca.<\/li>\n<li>A Dire\u00e7\u00e3o-Geral da Sa\u00fade de Portugal informou que ainda n\u00e3o foram notificados casos com liga\u00e7\u00e3o ao surto de meningite B que afecta o Reino Unido.<\/li>\n<\/ul>\n","protected":false},"author":2,"featured_media":419910,"comment_status":"closed","ping_status":"closed","sticky":false,"template":"","format":"standard","meta":{"footnotes":""},"categories":[1,6745],"tags":[4684,2189,2844,6056,1014,271],"class_list":["post-419906","post","type-post","status-publish","format-standard","has-post-thumbnail","hentry","category-noticias","category-saude","tag-epidemiologia","tag-espana","tag-jovens","tag-menores","tag-portugal","tag-saude-publica"],"yoast_head":"<!-- This site is optimized with the Yoast SEO plugin v27.2 - https:\/\/yoast.com\/product\/yoast-seo-wordpress\/ -->\n<title>Jovem de 17 anos morre de meningite em Espanha - Portal Tela Portugal<\/title>\n<meta name=\"robots\" content=\"index, follow, max-snippet:-1, max-image-preview:large, max-video-preview:-1\" \/>\n<meta property=\"og:locale\" content=\"pt_PT\" \/>\n<meta property=\"og:type\" content=\"article\" \/>\n<meta property=\"og:title\" content=\"Jovem de 17 anos morre de meningite em Espanha - Portal Tela Portugal\" \/>\n<meta property=\"og:description\" content=\"Uma jovem de 17 anos morreu de meningite no Hospital de D\u00e9nia, Alicante, Espanha, nesta ter\u00e7a-feira. Ap\u00f3s a confirma\u00e7\u00e3o da causa, as autoridades de sa\u00fade acionaram o protocolo sanit\u00e1rio e contactaram familiares para tratamento preventivo. A v\u00edtima faleceu poucas horas depois de dar entrada no hospital. A meningite \u00e9 transmitida principalmente por tosse, espirro, beijo ou secre\u00e7\u00f5es respirat\u00f3rias e pode ser causada por bact\u00e9rias ou v\u00edrus; os sintomas incluem febre, dor de cabe\u00e7a e rigidez de nuca. A Dire\u00e7\u00e3o-Geral da Sa\u00fade de Portugal informou que ainda n\u00e3o foram notificados casos com liga\u00e7\u00e3o ao surto de meningite B que afecta o Reino Unido.\" \/>\n<meta property=\"og:url\" content=\"https:\/\/portaltela.pt\/noticias\/2026\/03\/24\/jovem-de-17-anos-morre-de-meningite-em-espanha\/\" \/>\n<meta property=\"og:site_name\" content=\"Portal Tela Portugal\" \/>\n<meta property=\"article:published_time\" content=\"2026-03-24T17:39:40+00:00\" \/>\n<meta name=\"author\" content=\"Telinha\" \/>\n<meta name=\"twitter:card\" content=\"summary_large_image\" \/>\n<meta name=\"twitter:label1\" content=\"Escrito por\" \/>\n\t<meta name=\"twitter:data1\" content=\"Telinha\" \/>\n\t<meta name=\"twitter:label2\" content=\"Tempo estimado de leitura\" \/>\n\t<meta name=\"twitter:data2\" content=\"1 minuto\" \/>\n<script type=\"application\/ld+json\" class=\"yoast-schema-graph\">{\"@context\":\"https:\/\/schema.org\",\"@graph\":[{\"@type\":\"Article\",\"@id\":\"https:\/\/portaltela.pt\/noticias\/2026\/03\/24\/jovem-de-17-anos-morre-de-meningite-em-espanha\/#article\",\"isPartOf\":{\"@id\":\"https:\/\/portaltela.pt\/noticias\/2026\/03\/24\/jovem-de-17-anos-morre-de-meningite-em-espanha\/\"},\"author\":{\"name\":\"Telinha\",\"@id\":\"https:\/\/portaltela.pt\/#\/schema\/person\/c4278d4a6028830caff9ee44b42d32ed\"},\"headline\":\"Jovem de 17 anos morre de meningite em Espanha\",\"datePublished\":\"2026-03-24T17:39:40+00:00\",\"mainEntityOfPage\":{\"@id\":\"https:\/\/portaltela.pt\/noticias\/2026\/03\/24\/jovem-de-17-anos-morre-de-meningite-em-espanha\/\"},\"wordCount\":261,\"image\":{\"@id\":\"https:\/\/portaltela.pt\/noticias\/2026\/03\/24\/jovem-de-17-anos-morre-de-meningite-em-espanha\/#primaryimage\"},\"thumbnailUrl\":\"https:\/\/portaltela.pt\/s.01k8rhncp4jt1\/2026\/03\/img_1500x1000uu2021-11-25-20-49-23-1103255.jpg\",\"keywords\":[\"epidemiologia\",\"Espa\u00f1a\",\"jovens\",\"menores\",\"Portugal\",\"sa\u00fade p\u00fablica\"],\"articleSection\":[\"Not\u00edcias\",\"Sa\u00fade\"],\"inLanguage\":\"pt-PT\"},{\"@type\":\"WebPage\",\"@id\":\"https:\/\/portaltela.pt\/noticias\/2026\/03\/24\/jovem-de-17-anos-morre-de-meningite-em-espanha\/\",\"url\":\"https:\/\/portaltela.pt\/noticias\/2026\/03\/24\/jovem-de-17-anos-morre-de-meningite-em-espanha\/\",\"name\":\"Jovem de 17 anos morre de meningite em Espanha - Portal Tela Portugal\",\"isPartOf\":{\"@id\":\"https:\/\/portaltela.pt\/#website\"},\"primaryImageOfPage\":{\"@id\":\"https:\/\/portaltela.pt\/noticias\/2026\/03\/24\/jovem-de-17-anos-morre-de-meningite-em-espanha\/#primaryimage\"},\"image\":{\"@id\":\"https:\/\/portaltela.pt\/noticias\/2026\/03\/24\/jovem-de-17-anos-morre-de-meningite-em-espanha\/#primaryimage\"},\"thumbnailUrl\":\"https:\/\/portaltela.pt\/s.01k8rhncp4jt1\/2026\/03\/img_1500x1000uu2021-11-25-20-49-23-1103255.jpg\",\"datePublished\":\"2026-03-24T17:39:40+00:00\",\"author\":{\"@id\":\"https:\/\/portaltela.pt\/#\/schema\/person\/c4278d4a6028830caff9ee44b42d32ed\"},\"breadcrumb\":{\"@id\":\"https:\/\/portaltela.pt\/noticias\/2026\/03\/24\/jovem-de-17-anos-morre-de-meningite-em-espanha\/#breadcrumb\"},\"inLanguage\":\"pt-PT\",\"potentialAction\":[{\"@type\":\"ReadAction\",\"target\":[\"https:\/\/portaltela.pt\/noticias\/2026\/03\/24\/jovem-de-17-anos-morre-de-meningite-em-espanha\/\"]}]},{\"@type\":\"ImageObject\",\"inLanguage\":\"pt-PT\",\"@id\":\"https:\/\/portaltela.pt\/noticias\/2026\/03\/24\/jovem-de-17-anos-morre-de-meningite-em-espanha\/#primaryimage\",\"url\":\"https:\/\/portaltela.pt\/s.01k8rhncp4jt1\/2026\/03\/img_1500x1000uu2021-11-25-20-49-23-1103255.jpg\",\"contentUrl\":\"https:\/\/portaltela.pt\/s.01k8rhncp4jt1\/2026\/03\/img_1500x1000uu2021-11-25-20-49-23-1103255.jpg\",\"width\":796,\"height\":448,\"caption\":\"Bact\u00e9ria da meningite\"},{\"@type\":\"BreadcrumbList\",\"@id\":\"https:\/\/portaltela.pt\/noticias\/2026\/03\/24\/jovem-de-17-anos-morre-de-meningite-em-espanha\/#breadcrumb\",\"itemListElement\":[{\"@type\":\"ListItem\",\"position\":1,\"name\":\"In\u00edcio\",\"item\":\"https:\/\/portaltela.pt\/\"},{\"@type\":\"ListItem\",\"position\":2,\"name\":\"Jovem de 17 anos morre de meningite em Espanha\"}]},{\"@type\":\"WebSite\",\"@id\":\"https:\/\/portaltela.pt\/#website\",\"url\":\"https:\/\/portaltela.pt\/\",\"name\":\"Portal Tela Portugal\",\"description\":\"\",\"potentialAction\":[{\"@type\":\"SearchAction\",\"target\":{\"@type\":\"EntryPoint\",\"urlTemplate\":\"https:\/\/portaltela.pt\/?s={search_term_string}\"},\"query-input\":{\"@type\":\"PropertyValueSpecification\",\"valueRequired\":true,\"valueName\":\"search_term_string\"}}],\"inLanguage\":\"pt-PT\"},{\"@type\":\"Person\",\"@id\":\"https:\/\/portaltela.pt\/#\/schema\/person\/c4278d4a6028830caff9ee44b42d32ed\",\"name\":\"Telinha\",\"image\":{\"@type\":\"ImageObject\",\"inLanguage\":\"pt-PT\",\"@id\":\"https:\/\/portaltela.pt\/s.01k8rhncp4jt1\/2025\/11\/talking-bot-125x125.png\",\"url\":\"https:\/\/portaltela.pt\/s.01k8rhncp4jt1\/2025\/11\/talking-bot-125x125.png\",\"contentUrl\":\"https:\/\/portaltela.pt\/s.01k8rhncp4jt1\/2025\/11\/talking-bot-125x125.png\",\"caption\":\"Telinha\"},\"sameAs\":[\"https:\/\/portaltela.pt\/\"],\"url\":\"https:\/\/portaltela.pt\/por\/367410592786\/\"}]}<\/script>\n<!-- \/ Yoast SEO plugin. -->","yoast_head_json":{"title":"Jovem de 17 anos morre de meningite em Espanha - Portal Tela Portugal","robots":{"index":"index","follow":"follow","max-snippet":"max-snippet:-1","max-image-preview":"max-image-preview:large","max-video-preview":"max-video-preview:-1"},"og_locale":"pt_PT","og_type":"article","og_title":"Jovem de 17 anos morre de meningite em Espanha - Portal Tela Portugal","og_description":"Uma jovem de 17 anos morreu de meningite no Hospital de D\u00e9nia, Alicante, Espanha, nesta ter\u00e7a-feira. Ap\u00f3s a confirma\u00e7\u00e3o da causa, as autoridades de sa\u00fade acionaram o protocolo sanit\u00e1rio e contactaram familiares para tratamento preventivo. A v\u00edtima faleceu poucas horas depois de dar entrada no hospital. A meningite \u00e9 transmitida principalmente por tosse, espirro, beijo ou secre\u00e7\u00f5es respirat\u00f3rias e pode ser causada por bact\u00e9rias ou v\u00edrus; os sintomas incluem febre, dor de cabe\u00e7a e rigidez de nuca. A Dire\u00e7\u00e3o-Geral da Sa\u00fade de Portugal informou que ainda n\u00e3o foram notificados casos com liga\u00e7\u00e3o ao surto de meningite B que afecta o Reino Unido.","og_url":"https:\/\/portaltela.pt\/noticias\/2026\/03\/24\/jovem-de-17-anos-morre-de-meningite-em-espanha\/","og_site_name":"Portal Tela Portugal","article_published_time":"2026-03-24T17:39:40+00:00","author":"Telinha","twitter_card":"summary_large_image","twitter_misc":{"Escrito por":"Telinha","Tempo estimado de leitura":"1 minuto"},"schema":{"@context":"https:\/\/schema.org","@graph":[{"@type":"Article","@id":"https:\/\/portaltela.pt\/noticias\/2026\/03\/24\/jovem-de-17-anos-morre-de-meningite-em-espanha\/#article","isPartOf":{"@id":"https:\/\/portaltela.pt\/noticias\/2026\/03\/24\/jovem-de-17-anos-morre-de-meningite-em-espanha\/"},"author":{"name":"Telinha","@id":"https:\/\/portaltela.pt\/#\/schema\/person\/c4278d4a6028830caff9ee44b42d32ed"},"headline":"Jovem de 17 anos morre de meningite em Espanha","datePublished":"2026-03-24T17:39:40+00:00","mainEntityOfPage":{"@id":"https:\/\/portaltela.pt\/noticias\/2026\/03\/24\/jovem-de-17-anos-morre-de-meningite-em-espanha\/"},"wordCount":261,"image":{"@id":"https:\/\/portaltela.pt\/noticias\/2026\/03\/24\/jovem-de-17-anos-morre-de-meningite-em-espanha\/#primaryimage"},"thumbnailUrl":"https:\/\/portaltela.pt\/s.01k8rhncp4jt1\/2026\/03\/img_1500x1000uu2021-11-25-20-49-23-1103255.jpg","keywords":["epidemiologia","Espa\u00f1a","jovens","menores","Portugal","sa\u00fade p\u00fablica"],"articleSection":["Not\u00edcias","Sa\u00fade"],"inLanguage":"pt-PT"},{"@type":"WebPage","@id":"https:\/\/portaltela.pt\/noticias\/2026\/03\/24\/jovem-de-17-anos-morre-de-meningite-em-espanha\/","url":"https:\/\/portaltela.pt\/noticias\/2026\/03\/24\/jovem-de-17-anos-morre-de-meningite-em-espanha\/","name":"Jovem de 17 anos morre de meningite em Espanha - Portal Tela Portugal","isPartOf":{"@id":"https:\/\/portaltela.pt\/#website"},"primaryImageOfPage":{"@id":"https:\/\/portaltela.pt\/noticias\/2026\/03\/24\/jovem-de-17-anos-morre-de-meningite-em-espanha\/#primaryimage"},"image":{"@id":"https:\/\/portaltela.pt\/noticias\/2026\/03\/24\/jovem-de-17-anos-morre-de-meningite-em-espanha\/#primaryimage"},"thumbnailUrl":"https:\/\/portaltela.pt\/s.01k8rhncp4jt1\/2026\/03\/img_1500x1000uu2021-11-25-20-49-23-1103255.jpg","datePublished":"2026-03-24T17:39:40+00:00","author":{"@id":"https:\/\/portaltela.pt\/#\/schema\/person\/c4278d4a6028830caff9ee44b42d32ed"},"breadcrumb":{"@id":"https:\/\/portaltela.pt\/noticias\/2026\/03\/24\/jovem-de-17-anos-morre-de-meningite-em-espanha\/#breadcrumb"},"inLanguage":"pt-PT","potentialAction":[{"@type":"ReadAction","target":["https:\/\/portaltela.pt\/noticias\/2026\/03\/24\/jovem-de-17-anos-morre-de-meningite-em-espanha\/"]}]},{"@type":"ImageObject","inLanguage":"pt-PT","@id":"https:\/\/portaltela.pt\/noticias\/2026\/03\/24\/jovem-de-17-anos-morre-de-meningite-em-espanha\/#primaryimage","url":"https:\/\/portaltela.pt\/s.01k8rhncp4jt1\/2026\/03\/img_1500x1000uu2021-11-25-20-49-23-1103255.jpg","contentUrl":"https:\/\/portaltela.pt\/s.01k8rhncp4jt1\/2026\/03\/img_1500x1000uu2021-11-25-20-49-23-1103255.jpg","width":796,"height":448,"caption":"Bact\u00e9ria da meningite"},{"@type":"BreadcrumbList","@id":"https:\/\/portaltela.pt\/noticias\/2026\/03\/24\/jovem-de-17-anos-morre-de-meningite-em-espanha\/#breadcrumb","itemListElement":[{"@type":"ListItem","position":1,"name":"In\u00edcio","item":"https:\/\/portaltela.pt\/"},{"@type":"ListItem","position":2,"name":"Jovem de 17 anos morre de meningite em Espanha"}]},{"@type":"WebSite","@id":"https:\/\/portaltela.pt\/#website","url":"https:\/\/portaltela.pt\/","name":"Portal Tela Portugal","description":"","potentialAction":[{"@type":"SearchAction","target":{"@type":"EntryPoint","urlTemplate":"https:\/\/portaltela.pt\/?s={search_term_string}"},"query-input":{"@type":"PropertyValueSpecification","valueRequired":true,"valueName":"search_term_string"}}],"inLanguage":"pt-PT"},{"@type":"Person","@id":"https:\/\/portaltela.pt\/#\/schema\/person\/c4278d4a6028830caff9ee44b42d32ed","name":"Telinha","image":{"@type":"ImageObject","inLanguage":"pt-PT","@id":"https:\/\/portaltela.pt\/s.01k8rhncp4jt1\/2025\/11\/talking-bot-125x125.png","url":"https:\/\/portaltela.pt\/s.01k8rhncp4jt1\/2025\/11\/talking-bot-125x125.png","contentUrl":"https:\/\/portaltela.pt\/s.01k8rhncp4jt1\/2025\/11\/talking-bot-125x125.png","caption":"Telinha"},"sameAs":["https:\/\/portaltela.pt\/"],"url":"https:\/\/portaltela.pt\/por\/367410592786\/"}]}},"_links":{"self":[{"href":"https:\/\/portaltela.pt\/api\/wp\/v2\/posts\/419906","targetHints":{"allow":["GET"]}}],"collection":[{"href":"https:\/\/portaltela.pt\/api\/wp\/v2\/posts"}],"about":[{"href":"https:\/\/portaltela.pt\/api\/wp\/v2\/types\/post"}],"author":[{"embeddable":true,"href":"https:\/\/portaltela.pt\/api\/wp\/v2\/users\/2"}],"replies":[{"embeddable":true,"href":"https:\/\/portaltela.pt\/api\/wp\/v2\/comments?post=419906"}],"version-history":[{"count":0,"href":"https:\/\/portaltela.pt\/api\/wp\/v2\/posts\/419906\/revisions"}],"wp:featuredmedia":[{"embeddable":true,"href":"https:\/\/portaltela.pt\/api\/wp\/v2\/media\/419910"}],"wp:attachment":[{"href":"https:\/\/portaltela.pt\/api\/wp\/v2\/media?parent=419906"}],"wp:term":[{"taxonomy":"category","embeddable":true,"href":"https:\/\/portaltela.pt\/api\/wp\/v2\/categories?post=419906"},{"taxonomy":"post_tag","embeddable":true,"href":"https:\/\/portaltela.pt\/api\/wp\/v2\/tags?post=419906"}],"curies":[{"name":"wp","href":"https:\/\/api.w.org\/{rel}","templated":true}]}}