{"id":419896,"date":"2026-03-24T14:27:04","date_gmt":"2026-03-24T17:27:04","guid":{"rendered":"https:\/\/portaltela.pt\/noticias\/2026\/03\/24\/noa-lang-fica-sem-jogar-apos-corte-grave-no-polegar\/"},"modified":"2026-03-24T14:27:04","modified_gmt":"2026-03-24T17:27:04","slug":"noa-lang-fica-sem-jogar-apos-corte-grave-no-polegar","status":"publish","type":"post","link":"https:\/\/portaltela.pt\/desporto\/futebol\/2026\/03\/24\/noa-lang-fica-sem-jogar-apos-corte-grave-no-polegar\/","title":{"rendered":"Noa Lang fica sem jogar ap\u00f3s corte grave no polegar"},"content":{"rendered":"<p>Noa Lang sofreu uma les\u00e3o grave no polegar durante a passagem do Galatasaray pela Liga dos Campe\u00f5es, frente ao Liverpool, em Anfield. O incidente ocorreu na segunda parte do jogo, quando o jogador ficou com o dedo preso num painel publicit\u00e1rio. O ferimento foi profundo, levando a que o atleta fosse submetido a duas opera\u00e7\u00f5es.<\/p>\n<p>A equipa turca saiu derrotada por 4-0 e viu a UEFA abrir uma investiga\u00e7\u00e3o \u00e0 ocorr\u00eancia. O avan\u00e7ado holand\u00eas recebeu oxig\u00e9nio durante o epis\u00f3dio e manteve-se em acompanhamento m\u00e9dico imediato ap\u00f3s o sucedido.<\/p>\n<p>Lang explicou, em entrevista ao jornal holand\u00eas AD, que o polegar continua ligado e que, apesar de o quadro ter evolu\u00eddo de forma relativamente positiva, persiste sofrimento e limita\u00e7\u00f5es. O jogador descreveu o ferimento como resultado de uma estrutura muito afiada do painel publicit\u00e1rio.<\/p>\n<h3>Les\u00e3o e tratamento<\/h3>\n<p>Durante a segunda parte, Lang sofreu o corte no polegar direito ao colidir com o painel. O incidente levou \u00e0 necessidade de uma cirurgia de urg\u00eancia naquele momento, seguida de uma segunda interven\u00e7\u00e3o posteriormente.<\/p>\n<p>O clube turco confirmou que o atleta j\u00e1 passou por duas opera\u00e7\u00f5es. Os m\u00e9dicos continuam a monitorizar a recupera\u00e7\u00e3o, com o jogador a manter-se sob tratamento e acompanhamento especializados.<\/p>\n<h3>Reabilita\u00e7\u00e3o e impacto<\/h3>\n<p>Lang \u00e9 destro, o que complica atividades di\u00e1rias, como ir \u00e0 casa de banho ou jogar PlayStation, segundo o pr\u00f3prio. Apesar das dificuldades, afirmou estar a receber apoio adequado e manter o foco na recupera\u00e7\u00e3o para regressar aos campos.<\/p>\n","protected":false},"excerpt":{"rendered":"<ul>\n<li>Noa Lang sofreu um corte grave no polegar direito ao colidir com um painel publicit\u00e1rio durante a derrota do Galatasaray frente ao Liverpool, na Liga dos Campe\u00f5es, em Anfield (0-4).<\/li>\n<li>O jogador foi submetido a duas cirurgias ap\u00f3s o incidente, que provocou o entalamento do dedo numa estrutura afiada do painel.<\/li>\n<li>A UEFA abriu uma investiga\u00e7\u00e3o sobre o ocorrido.<\/li>\n<li>Lang afirmou que ainda mant\u00e9m o polegar preso e que, embora tenha recebido tratamento, continua a sentir o problema e a ter limita\u00e7\u00f5es, at\u00e9 em atividades simples como jogar PlayStation.<\/li>\n<li>O futebolista destacou que, apesar das dificuldades, segue a receber apoio e que est\u00e1 a recuperar com acompanhamento m\u00e9dico.<\/li>\n<\/ul>\n","protected":false},"author":2,"featured_media":419901,"comment_status":"closed","ping_status":"closed","sticky":false,"template":"","format":"standard","meta":{"footnotes":""},"categories":[21,24],"tags":[3577,152,32,4270,2538,1981],"class_list":["post-419896","post","type-post","status-publish","format-standard","has-post-thumbnail","hentry","category-desporto","category-futebol","tag-champions-league","tag-desporto","tag-futebol","tag-galatasaray","tag-lesoes","tag-liverpool"],"yoast_head":"<!-- This site is optimized with the Yoast SEO plugin v27.2 - https:\/\/yoast.com\/product\/yoast-seo-wordpress\/ -->\n<title>Noa Lang fica sem jogar ap\u00f3s corte grave no polegar - Portal Tela Portugal<\/title>\n<meta name=\"robots\" content=\"index, follow, max-snippet:-1, max-image-preview:large, max-video-preview:-1\" \/>\n<meta property=\"og:locale\" content=\"pt_PT\" \/>\n<meta property=\"og:type\" content=\"article\" \/>\n<meta property=\"og:title\" content=\"Noa Lang fica sem jogar ap\u00f3s corte grave no polegar - Portal Tela Portugal\" \/>\n<meta property=\"og:description\" content=\"Noa Lang sofreu um corte grave no polegar direito ao colidir com um painel publicit\u00e1rio durante a derrota do Galatasaray frente ao Liverpool, na Liga dos Campe\u00f5es, em Anfield (0-4). O jogador foi submetido a duas cirurgias ap\u00f3s o incidente, que provocou o entalamento do dedo numa estrutura afiada do painel. A UEFA abriu uma investiga\u00e7\u00e3o sobre o ocorrido. Lang afirmou que ainda mant\u00e9m o polegar preso e que, embora tenha recebido tratamento, continua a sentir o problema e a ter limita\u00e7\u00f5es, at\u00e9 em atividades simples como jogar PlayStation. O futebolista destacou que, apesar das dificuldades, segue a receber apoio e que est\u00e1 a recuperar com acompanhamento m\u00e9dico.\" \/>\n<meta property=\"og:url\" content=\"https:\/\/portaltela.pt\/noticias\/2026\/03\/24\/noa-lang-fica-sem-jogar-apos-corte-grave-no-polegar\/\" \/>\n<meta property=\"og:site_name\" content=\"Portal Tela Portugal\" \/>\n<meta property=\"article:published_time\" content=\"2026-03-24T17:27:04+00:00\" \/>\n<meta name=\"author\" content=\"Telinha\" \/>\n<meta name=\"twitter:card\" content=\"summary_large_image\" \/>\n<meta name=\"twitter:label1\" content=\"Escrito por\" \/>\n\t<meta name=\"twitter:data1\" content=\"Telinha\" \/>\n\t<meta name=\"twitter:label2\" content=\"Tempo estimado de leitura\" \/>\n\t<meta name=\"twitter:data2\" content=\"1 minuto\" \/>\n<script type=\"application\/ld+json\" class=\"yoast-schema-graph\">{\"@context\":\"https:\/\/schema.org\",\"@graph\":[{\"@type\":\"Article\",\"@id\":\"https:\/\/portaltela.pt\/noticias\/2026\/03\/24\/noa-lang-fica-sem-jogar-apos-corte-grave-no-polegar\/#article\",\"isPartOf\":{\"@id\":\"https:\/\/portaltela.pt\/noticias\/2026\/03\/24\/noa-lang-fica-sem-jogar-apos-corte-grave-no-polegar\/\"},\"author\":{\"name\":\"Telinha\",\"@id\":\"https:\/\/portaltela.pt\/#\/schema\/person\/c4278d4a6028830caff9ee44b42d32ed\"},\"headline\":\"Noa Lang fica sem jogar ap\u00f3s corte grave no polegar\",\"datePublished\":\"2026-03-24T17:27:04+00:00\",\"mainEntityOfPage\":{\"@id\":\"https:\/\/portaltela.pt\/noticias\/2026\/03\/24\/noa-lang-fica-sem-jogar-apos-corte-grave-no-polegar\/\"},\"wordCount\":273,\"image\":{\"@id\":\"https:\/\/portaltela.pt\/noticias\/2026\/03\/24\/noa-lang-fica-sem-jogar-apos-corte-grave-no-polegar\/#primaryimage\"},\"thumbnailUrl\":\"https:\/\/portaltela.pt\/s.01k8rhncp4jt1\/2026\/03\/img_920x518uu2026-03-19-13-43-21-2428088.jpg\",\"keywords\":[\"Champions League\",\"desporto\",\"futebol\",\"Galatasaray\",\"les\u00f5es\",\"Liverpool\"],\"articleSection\":[\"Desporto\",\"Futebol\"],\"inLanguage\":\"pt-PT\"},{\"@type\":\"WebPage\",\"@id\":\"https:\/\/portaltela.pt\/noticias\/2026\/03\/24\/noa-lang-fica-sem-jogar-apos-corte-grave-no-polegar\/\",\"url\":\"https:\/\/portaltela.pt\/noticias\/2026\/03\/24\/noa-lang-fica-sem-jogar-apos-corte-grave-no-polegar\/\",\"name\":\"Noa Lang fica sem jogar ap\u00f3s corte grave no polegar - Portal Tela Portugal\",\"isPartOf\":{\"@id\":\"https:\/\/portaltela.pt\/#website\"},\"primaryImageOfPage\":{\"@id\":\"https:\/\/portaltela.pt\/noticias\/2026\/03\/24\/noa-lang-fica-sem-jogar-apos-corte-grave-no-polegar\/#primaryimage\"},\"image\":{\"@id\":\"https:\/\/portaltela.pt\/noticias\/2026\/03\/24\/noa-lang-fica-sem-jogar-apos-corte-grave-no-polegar\/#primaryimage\"},\"thumbnailUrl\":\"https:\/\/portaltela.pt\/s.01k8rhncp4jt1\/2026\/03\/img_920x518uu2026-03-19-13-43-21-2428088.jpg\",\"datePublished\":\"2026-03-24T17:27:04+00:00\",\"author\":{\"@id\":\"https:\/\/portaltela.pt\/#\/schema\/person\/c4278d4a6028830caff9ee44b42d32ed\"},\"breadcrumb\":{\"@id\":\"https:\/\/portaltela.pt\/noticias\/2026\/03\/24\/noa-lang-fica-sem-jogar-apos-corte-grave-no-polegar\/#breadcrumb\"},\"inLanguage\":\"pt-PT\",\"potentialAction\":[{\"@type\":\"ReadAction\",\"target\":[\"https:\/\/portaltela.pt\/noticias\/2026\/03\/24\/noa-lang-fica-sem-jogar-apos-corte-grave-no-polegar\/\"]}]},{\"@type\":\"ImageObject\",\"inLanguage\":\"pt-PT\",\"@id\":\"https:\/\/portaltela.pt\/noticias\/2026\/03\/24\/noa-lang-fica-sem-jogar-apos-corte-grave-no-polegar\/#primaryimage\",\"url\":\"https:\/\/portaltela.pt\/s.01k8rhncp4jt1\/2026\/03\/img_920x518uu2026-03-19-13-43-21-2428088.jpg\",\"contentUrl\":\"https:\/\/portaltela.pt\/s.01k8rhncp4jt1\/2026\/03\/img_920x518uu2026-03-19-13-43-21-2428088.jpg\",\"width\":920,\"height\":518,\"caption\":\"Noa Lang cortou um dedo no jogo contra o Liverpool\"},{\"@type\":\"BreadcrumbList\",\"@id\":\"https:\/\/portaltela.pt\/noticias\/2026\/03\/24\/noa-lang-fica-sem-jogar-apos-corte-grave-no-polegar\/#breadcrumb\",\"itemListElement\":[{\"@type\":\"ListItem\",\"position\":1,\"name\":\"In\u00edcio\",\"item\":\"https:\/\/portaltela.pt\/\"},{\"@type\":\"ListItem\",\"position\":2,\"name\":\"Noa Lang fica sem jogar ap\u00f3s corte grave no polegar\"}]},{\"@type\":\"WebSite\",\"@id\":\"https:\/\/portaltela.pt\/#website\",\"url\":\"https:\/\/portaltela.pt\/\",\"name\":\"Portal Tela Portugal\",\"description\":\"\",\"potentialAction\":[{\"@type\":\"SearchAction\",\"target\":{\"@type\":\"EntryPoint\",\"urlTemplate\":\"https:\/\/portaltela.pt\/?s={search_term_string}\"},\"query-input\":{\"@type\":\"PropertyValueSpecification\",\"valueRequired\":true,\"valueName\":\"search_term_string\"}}],\"inLanguage\":\"pt-PT\"},{\"@type\":\"Person\",\"@id\":\"https:\/\/portaltela.pt\/#\/schema\/person\/c4278d4a6028830caff9ee44b42d32ed\",\"name\":\"Telinha\",\"image\":{\"@type\":\"ImageObject\",\"inLanguage\":\"pt-PT\",\"@id\":\"https:\/\/portaltela.pt\/s.01k8rhncp4jt1\/2025\/11\/talking-bot-125x125.png\",\"url\":\"https:\/\/portaltela.pt\/s.01k8rhncp4jt1\/2025\/11\/talking-bot-125x125.png\",\"contentUrl\":\"https:\/\/portaltela.pt\/s.01k8rhncp4jt1\/2025\/11\/talking-bot-125x125.png\",\"caption\":\"Telinha\"},\"sameAs\":[\"https:\/\/portaltela.pt\/\"],\"url\":\"https:\/\/portaltela.pt\/por\/367410592786\/\"}]}<\/script>\n<!-- \/ Yoast SEO plugin. -->","yoast_head_json":{"title":"Noa Lang fica sem jogar ap\u00f3s corte grave no polegar - Portal Tela Portugal","robots":{"index":"index","follow":"follow","max-snippet":"max-snippet:-1","max-image-preview":"max-image-preview:large","max-video-preview":"max-video-preview:-1"},"og_locale":"pt_PT","og_type":"article","og_title":"Noa Lang fica sem jogar ap\u00f3s corte grave no polegar - Portal Tela Portugal","og_description":"Noa Lang sofreu um corte grave no polegar direito ao colidir com um painel publicit\u00e1rio durante a derrota do Galatasaray frente ao Liverpool, na Liga dos Campe\u00f5es, em Anfield (0-4). O jogador foi submetido a duas cirurgias ap\u00f3s o incidente, que provocou o entalamento do dedo numa estrutura afiada do painel. A UEFA abriu uma investiga\u00e7\u00e3o sobre o ocorrido. Lang afirmou que ainda mant\u00e9m o polegar preso e que, embora tenha recebido tratamento, continua a sentir o problema e a ter limita\u00e7\u00f5es, at\u00e9 em atividades simples como jogar PlayStation. O futebolista destacou que, apesar das dificuldades, segue a receber apoio e que est\u00e1 a recuperar com acompanhamento m\u00e9dico.","og_url":"https:\/\/portaltela.pt\/noticias\/2026\/03\/24\/noa-lang-fica-sem-jogar-apos-corte-grave-no-polegar\/","og_site_name":"Portal Tela Portugal","article_published_time":"2026-03-24T17:27:04+00:00","author":"Telinha","twitter_card":"summary_large_image","twitter_misc":{"Escrito por":"Telinha","Tempo estimado de leitura":"1 minuto"},"schema":{"@context":"https:\/\/schema.org","@graph":[{"@type":"Article","@id":"https:\/\/portaltela.pt\/noticias\/2026\/03\/24\/noa-lang-fica-sem-jogar-apos-corte-grave-no-polegar\/#article","isPartOf":{"@id":"https:\/\/portaltela.pt\/noticias\/2026\/03\/24\/noa-lang-fica-sem-jogar-apos-corte-grave-no-polegar\/"},"author":{"name":"Telinha","@id":"https:\/\/portaltela.pt\/#\/schema\/person\/c4278d4a6028830caff9ee44b42d32ed"},"headline":"Noa Lang fica sem jogar ap\u00f3s corte grave no polegar","datePublished":"2026-03-24T17:27:04+00:00","mainEntityOfPage":{"@id":"https:\/\/portaltela.pt\/noticias\/2026\/03\/24\/noa-lang-fica-sem-jogar-apos-corte-grave-no-polegar\/"},"wordCount":273,"image":{"@id":"https:\/\/portaltela.pt\/noticias\/2026\/03\/24\/noa-lang-fica-sem-jogar-apos-corte-grave-no-polegar\/#primaryimage"},"thumbnailUrl":"https:\/\/portaltela.pt\/s.01k8rhncp4jt1\/2026\/03\/img_920x518uu2026-03-19-13-43-21-2428088.jpg","keywords":["Champions League","desporto","futebol","Galatasaray","les\u00f5es","Liverpool"],"articleSection":["Desporto","Futebol"],"inLanguage":"pt-PT"},{"@type":"WebPage","@id":"https:\/\/portaltela.pt\/noticias\/2026\/03\/24\/noa-lang-fica-sem-jogar-apos-corte-grave-no-polegar\/","url":"https:\/\/portaltela.pt\/noticias\/2026\/03\/24\/noa-lang-fica-sem-jogar-apos-corte-grave-no-polegar\/","name":"Noa Lang fica sem jogar ap\u00f3s corte grave no polegar - Portal Tela Portugal","isPartOf":{"@id":"https:\/\/portaltela.pt\/#website"},"primaryImageOfPage":{"@id":"https:\/\/portaltela.pt\/noticias\/2026\/03\/24\/noa-lang-fica-sem-jogar-apos-corte-grave-no-polegar\/#primaryimage"},"image":{"@id":"https:\/\/portaltela.pt\/noticias\/2026\/03\/24\/noa-lang-fica-sem-jogar-apos-corte-grave-no-polegar\/#primaryimage"},"thumbnailUrl":"https:\/\/portaltela.pt\/s.01k8rhncp4jt1\/2026\/03\/img_920x518uu2026-03-19-13-43-21-2428088.jpg","datePublished":"2026-03-24T17:27:04+00:00","author":{"@id":"https:\/\/portaltela.pt\/#\/schema\/person\/c4278d4a6028830caff9ee44b42d32ed"},"breadcrumb":{"@id":"https:\/\/portaltela.pt\/noticias\/2026\/03\/24\/noa-lang-fica-sem-jogar-apos-corte-grave-no-polegar\/#breadcrumb"},"inLanguage":"pt-PT","potentialAction":[{"@type":"ReadAction","target":["https:\/\/portaltela.pt\/noticias\/2026\/03\/24\/noa-lang-fica-sem-jogar-apos-corte-grave-no-polegar\/"]}]},{"@type":"ImageObject","inLanguage":"pt-PT","@id":"https:\/\/portaltela.pt\/noticias\/2026\/03\/24\/noa-lang-fica-sem-jogar-apos-corte-grave-no-polegar\/#primaryimage","url":"https:\/\/portaltela.pt\/s.01k8rhncp4jt1\/2026\/03\/img_920x518uu2026-03-19-13-43-21-2428088.jpg","contentUrl":"https:\/\/portaltela.pt\/s.01k8rhncp4jt1\/2026\/03\/img_920x518uu2026-03-19-13-43-21-2428088.jpg","width":920,"height":518,"caption":"Noa Lang cortou um dedo no jogo contra o Liverpool"},{"@type":"BreadcrumbList","@id":"https:\/\/portaltela.pt\/noticias\/2026\/03\/24\/noa-lang-fica-sem-jogar-apos-corte-grave-no-polegar\/#breadcrumb","itemListElement":[{"@type":"ListItem","position":1,"name":"In\u00edcio","item":"https:\/\/portaltela.pt\/"},{"@type":"ListItem","position":2,"name":"Noa Lang fica sem jogar ap\u00f3s corte grave no polegar"}]},{"@type":"WebSite","@id":"https:\/\/portaltela.pt\/#website","url":"https:\/\/portaltela.pt\/","name":"Portal Tela Portugal","description":"","potentialAction":[{"@type":"SearchAction","target":{"@type":"EntryPoint","urlTemplate":"https:\/\/portaltela.pt\/?s={search_term_string}"},"query-input":{"@type":"PropertyValueSpecification","valueRequired":true,"valueName":"search_term_string"}}],"inLanguage":"pt-PT"},{"@type":"Person","@id":"https:\/\/portaltela.pt\/#\/schema\/person\/c4278d4a6028830caff9ee44b42d32ed","name":"Telinha","image":{"@type":"ImageObject","inLanguage":"pt-PT","@id":"https:\/\/portaltela.pt\/s.01k8rhncp4jt1\/2025\/11\/talking-bot-125x125.png","url":"https:\/\/portaltela.pt\/s.01k8rhncp4jt1\/2025\/11\/talking-bot-125x125.png","contentUrl":"https:\/\/portaltela.pt\/s.01k8rhncp4jt1\/2025\/11\/talking-bot-125x125.png","caption":"Telinha"},"sameAs":["https:\/\/portaltela.pt\/"],"url":"https:\/\/portaltela.pt\/por\/367410592786\/"}]}},"_links":{"self":[{"href":"https:\/\/portaltela.pt\/api\/wp\/v2\/posts\/419896","targetHints":{"allow":["GET"]}}],"collection":[{"href":"https:\/\/portaltela.pt\/api\/wp\/v2\/posts"}],"about":[{"href":"https:\/\/portaltela.pt\/api\/wp\/v2\/types\/post"}],"author":[{"embeddable":true,"href":"https:\/\/portaltela.pt\/api\/wp\/v2\/users\/2"}],"replies":[{"embeddable":true,"href":"https:\/\/portaltela.pt\/api\/wp\/v2\/comments?post=419896"}],"version-history":[{"count":0,"href":"https:\/\/portaltela.pt\/api\/wp\/v2\/posts\/419896\/revisions"}],"wp:featuredmedia":[{"embeddable":true,"href":"https:\/\/portaltela.pt\/api\/wp\/v2\/media\/419901"}],"wp:attachment":[{"href":"https:\/\/portaltela.pt\/api\/wp\/v2\/media?parent=419896"}],"wp:term":[{"taxonomy":"category","embeddable":true,"href":"https:\/\/portaltela.pt\/api\/wp\/v2\/categories?post=419896"},{"taxonomy":"post_tag","embeddable":true,"href":"https:\/\/portaltela.pt\/api\/wp\/v2\/tags?post=419896"}],"curies":[{"name":"wp","href":"https:\/\/api.w.org\/{rel}","templated":true}]}}