{"id":419884,"date":"2026-03-24T13:47:00","date_gmt":"2026-03-24T16:47:00","guid":{"rendered":"https:\/\/portaltela.pt\/noticias\/2026\/03\/24\/israel-afirma-que-vai-tomar-controlo-de-10-do-territorio-do-libano\/"},"modified":"2026-03-24T13:47:00","modified_gmt":"2026-03-24T16:47:00","slug":"israel-afirma-que-vai-tomar-controlo-de-10-do-territorio-do-libano","status":"publish","type":"post","link":"https:\/\/portaltela.pt\/guerra\/2026\/03\/24\/israel-afirma-que-vai-tomar-controlo-de-10-do-territorio-do-libano\/","title":{"rendered":"Israel afirma que vai tomar controlo de 10% do territ\u00f3rio do L\u00edbano"},"content":{"rendered":"<p>O ministro da Defesa de Israel, Israel Katz, afirmou que pretende impor o controlo militar do Sul do L\u00edbano at\u00e9 ao rio Litani, cobrindo cerca de 10% do territ\u00f3rio liban\u00eas. A medida visa garantir a seguran\u00e7a dos residentes do Norte de Israel, ainda que possa provocar deslocamentos for\u00e7ados.<\/p>\n<p>Katz disse que as cinco pontes sobre o Litani j\u00e1 foram destru\u00eddas ap\u00f3s ataques recentes, e que as tropas israelitas v\u00e3o controlar o resto das infraestruturas que cruzam o rio. O objetivo \u00e9 criar uma linha de defesa no territ\u00f3rio liban\u00eas, segundo as declara\u00e7\u00f5es citadas pela imprensa.<\/p>\n<h3>Deslocamento de popula\u00e7\u00f5es e impactos locais<\/h3>\n<p>No territ\u00f3rio visado vivem cerca de 150 munic\u00edpios e quase 200 mil pessoas, com maioria xiita. Muitos fugiram ap\u00f3s ordens de evacua\u00e7\u00e3o e est\u00e3o impedidos de regressar at\u00e9 que a seguran\u00e7a esteja garantida, sem prazos anunciados.<\/p>\n<p>Segundo dados da Human Rights Watch, mais de um milh\u00e3o de libaneses j\u00e1 fugiu das suas casas por ataques israelitas, representando quase um quinto da popula\u00e7\u00e3o do pa\u00eds. A regi\u00e3o sul e Beirute t\u00eam sido as \u00e1reas mais afetadas.<\/p>\n<h3>Repercuss\u00f5es e reac\u00e7\u00f5es regionais<\/h3>\n<p>O ministro israelita reiterou que, onde houver terrorismo e m\u00edsseis, n\u00e3o haver\u00e1 casas nem residentes, com as tropas a operarem para defender o norte de Israel. O Hezbollah v\u00ea a ocupa\u00e7\u00e3o como uma amea\u00e7a existencial e tem demarcado posi\u00e7\u00f5es de resist\u00eancia.<\/p>\n<p>Em Beirute, o governo liban\u00eas refor\u00e7ou a soberania ao expulsar o embaixador iraniano e proibir a atividade dos Guardas da Revolu\u00e7\u00e3o no pa\u00eds. O primeiro-ministro Nawaf Salam acusou o Ir\u00e3o de arrastar o L\u00edbano para um conflito com Israel.<\/p>\n<h3>Quadro internacional e cessar-fogo<\/h3>\n<p>A ofensiva israelita continua a colocar em causa o cessar-fogo alcan\u00e7ado em 2024 e a discutir-se o futuro da miss\u00e3o de paz da ONU na regi\u00e3o, com mais de 10 mil militares de v\u00e1rias nacionalidades. O Conselho de Seguran\u00e7a n\u00e3o renovou o mandato da miss\u00e3o, que termina no final de 2026, abrindo espa\u00e7o a uma poss\u00edvel ocupa\u00e7\u00e3o sem supervis\u00e3o externa.<\/p>\n","protected":false},"excerpt":{"rendered":"<ul>\n<li>O ministro da Defesa de Israel, Israel Katz, anunciou a inten\u00e7\u00e3o de impor o controlo militar do sul do L\u00edbano at\u00e9 ao rio Litani, o que representa cerca de 10% do territ\u00f3rio liban\u00eas, para garantir a seguran\u00e7a do Norte de Israel.<\/li>\n<li>No sul do L\u00edbano vivem perto de 200 mil pessoas em cerca de 150 munic\u00edpios, maioritariamente xiitas; muitos j\u00e1 fugiram e n\u00e3o podem regressar enquanto n\u00e3o houver garantias de seguran\u00e7a.<\/li>\n<li>Katz afirmou que as cinco pontes sobre o Litani foram destru\u00eddas e que as tropas israelitas v\u00e3o controlar o resto das pontes para estabelecer uma linha de defesa.<\/li>\n<li>O Hezbollah considera a medida uma amea\u00e7a existencial; em Beirute foi expulso o embaixador iraniano e proibidas atividades dos Guardas da Revolu\u00e7\u00e3o no pa\u00eds, num contexto de tens\u00f5es com o Ir\u00e3o.<\/li>\n<li>A poss\u00edvel aus\u00eancia de renova\u00e7\u00e3o da miss\u00e3o da ONU no L\u00edbano pode facilitar a ocupa\u00e7\u00e3o sem supervis\u00e3o internacional; a cidade de Beirute j\u00e1 informou sobre deslocamentos maci\u00e7os desde ataques israelitas.<\/li>\n<\/ul>\n","protected":false},"author":2,"featured_media":419891,"comment_status":"closed","ping_status":"closed","sticky":false,"template":"","format":"standard","meta":{"footnotes":""},"categories":[6790,6804],"tags":[2792,4191,62,3708,5123,3786],"class_list":["post-419884","post","type-post","status-publish","format-standard","has-post-thumbnail","hentry","category-conflitos","category-guerra","tag-conflito-internacional","tag-deslocacoes","tag-guerra","tag-israel","tag-onu","tag-refugiados-internos"],"yoast_head":"<!-- This site is optimized with the Yoast SEO plugin v27.2 - https:\/\/yoast.com\/product\/yoast-seo-wordpress\/ -->\n<title>Israel afirma que vai tomar controlo de 10% do territ\u00f3rio do L\u00edbano - Portal Tela Portugal<\/title>\n<meta name=\"robots\" content=\"index, follow, max-snippet:-1, max-image-preview:large, max-video-preview:-1\" \/>\n<meta property=\"og:locale\" content=\"pt_PT\" \/>\n<meta property=\"og:type\" content=\"article\" \/>\n<meta property=\"og:title\" content=\"Israel afirma que vai tomar controlo de 10% do territ\u00f3rio do L\u00edbano - Portal Tela Portugal\" \/>\n<meta property=\"og:description\" content=\"O ministro da Defesa de Israel, Israel Katz, anunciou a inten\u00e7\u00e3o de impor o controlo militar do sul do L\u00edbano at\u00e9 ao rio Litani, o que representa cerca de 10% do territ\u00f3rio liban\u00eas, para garantir a seguran\u00e7a do Norte de Israel. No sul do L\u00edbano vivem perto de 200 mil pessoas em cerca de 150 munic\u00edpios, maioritariamente xiitas; muitos j\u00e1 fugiram e n\u00e3o podem regressar enquanto n\u00e3o houver garantias de seguran\u00e7a. Katz afirmou que as cinco pontes sobre o Litani foram destru\u00eddas e que as tropas israelitas v\u00e3o controlar o resto das pontes para estabelecer uma linha de defesa. O Hezbollah considera a medida uma amea\u00e7a existencial; em Beirute foi expulso o embaixador iraniano e proibidas atividades dos Guardas da Revolu\u00e7\u00e3o no pa\u00eds, num contexto de tens\u00f5es com o Ir\u00e3o. A poss\u00edvel aus\u00eancia de renova\u00e7\u00e3o da miss\u00e3o da ONU no L\u00edbano pode facilitar a ocupa\u00e7\u00e3o sem supervis\u00e3o internacional; a cidade de Beirute j\u00e1 informou sobre deslocamentos maci\u00e7os desde ataques israelitas.\" \/>\n<meta property=\"og:url\" content=\"https:\/\/portaltela.pt\/noticias\/2026\/03\/24\/israel-afirma-que-vai-tomar-controlo-de-10-do-territorio-do-libano\/\" \/>\n<meta property=\"og:site_name\" content=\"Portal Tela Portugal\" \/>\n<meta property=\"article:published_time\" content=\"2026-03-24T16:47:00+00:00\" \/>\n<meta name=\"author\" content=\"Telinha\" \/>\n<meta name=\"twitter:card\" content=\"summary_large_image\" \/>\n<meta name=\"twitter:label1\" content=\"Escrito por\" \/>\n\t<meta name=\"twitter:data1\" content=\"Telinha\" \/>\n\t<meta name=\"twitter:label2\" content=\"Tempo estimado de leitura\" \/>\n\t<meta name=\"twitter:data2\" content=\"2 minutos\" \/>\n<script type=\"application\/ld+json\" class=\"yoast-schema-graph\">{\"@context\":\"https:\/\/schema.org\",\"@graph\":[{\"@type\":\"Article\",\"@id\":\"https:\/\/portaltela.pt\/noticias\/2026\/03\/24\/israel-afirma-que-vai-tomar-controlo-de-10-do-territorio-do-libano\/#article\",\"isPartOf\":{\"@id\":\"https:\/\/portaltela.pt\/noticias\/2026\/03\/24\/israel-afirma-que-vai-tomar-controlo-de-10-do-territorio-do-libano\/\"},\"author\":{\"name\":\"Telinha\",\"@id\":\"https:\/\/portaltela.pt\/#\/schema\/person\/c4278d4a6028830caff9ee44b42d32ed\"},\"headline\":\"Israel afirma que vai tomar controlo de 10% do territ\u00f3rio do L\u00edbano\",\"datePublished\":\"2026-03-24T16:47:00+00:00\",\"mainEntityOfPage\":{\"@id\":\"https:\/\/portaltela.pt\/noticias\/2026\/03\/24\/israel-afirma-que-vai-tomar-controlo-de-10-do-territorio-do-libano\/\"},\"wordCount\":378,\"image\":{\"@id\":\"https:\/\/portaltela.pt\/noticias\/2026\/03\/24\/israel-afirma-que-vai-tomar-controlo-de-10-do-territorio-do-libano\/#primaryimage\"},\"thumbnailUrl\":\"https:\/\/portaltela.pt\/s.01k8rhncp4jt1\/2026\/03\/2076603.jpg\",\"keywords\":[\"conflito internacional\",\"desloca\u00e7\u00f5es\",\"guerra\",\"Israel\",\"ONU\",\"refugiados internos\"],\"articleSection\":[\"Conflitos\",\"Guerra\"],\"inLanguage\":\"pt-PT\"},{\"@type\":\"WebPage\",\"@id\":\"https:\/\/portaltela.pt\/noticias\/2026\/03\/24\/israel-afirma-que-vai-tomar-controlo-de-10-do-territorio-do-libano\/\",\"url\":\"https:\/\/portaltela.pt\/noticias\/2026\/03\/24\/israel-afirma-que-vai-tomar-controlo-de-10-do-territorio-do-libano\/\",\"name\":\"Israel afirma que vai tomar controlo de 10% do territ\u00f3rio do L\u00edbano - Portal Tela Portugal\",\"isPartOf\":{\"@id\":\"https:\/\/portaltela.pt\/#website\"},\"primaryImageOfPage\":{\"@id\":\"https:\/\/portaltela.pt\/noticias\/2026\/03\/24\/israel-afirma-que-vai-tomar-controlo-de-10-do-territorio-do-libano\/#primaryimage\"},\"image\":{\"@id\":\"https:\/\/portaltela.pt\/noticias\/2026\/03\/24\/israel-afirma-que-vai-tomar-controlo-de-10-do-territorio-do-libano\/#primaryimage\"},\"thumbnailUrl\":\"https:\/\/portaltela.pt\/s.01k8rhncp4jt1\/2026\/03\/2076603.jpg\",\"datePublished\":\"2026-03-24T16:47:00+00:00\",\"author\":{\"@id\":\"https:\/\/portaltela.pt\/#\/schema\/person\/c4278d4a6028830caff9ee44b42d32ed\"},\"breadcrumb\":{\"@id\":\"https:\/\/portaltela.pt\/noticias\/2026\/03\/24\/israel-afirma-que-vai-tomar-controlo-de-10-do-territorio-do-libano\/#breadcrumb\"},\"inLanguage\":\"pt-PT\",\"potentialAction\":[{\"@type\":\"ReadAction\",\"target\":[\"https:\/\/portaltela.pt\/noticias\/2026\/03\/24\/israel-afirma-que-vai-tomar-controlo-de-10-do-territorio-do-libano\/\"]}]},{\"@type\":\"ImageObject\",\"inLanguage\":\"pt-PT\",\"@id\":\"https:\/\/portaltela.pt\/noticias\/2026\/03\/24\/israel-afirma-que-vai-tomar-controlo-de-10-do-territorio-do-libano\/#primaryimage\",\"url\":\"https:\/\/portaltela.pt\/s.01k8rhncp4jt1\/2026\/03\/2076603.jpg\",\"contentUrl\":\"https:\/\/portaltela.pt\/s.01k8rhncp4jt1\/2026\/03\/2076603.jpg\",\"width\":796,\"height\":448,\"caption\":\"Israel quer impor o controlo militar do sul do L\u00edbano at\u00e9 ao rio Litani\"},{\"@type\":\"BreadcrumbList\",\"@id\":\"https:\/\/portaltela.pt\/noticias\/2026\/03\/24\/israel-afirma-que-vai-tomar-controlo-de-10-do-territorio-do-libano\/#breadcrumb\",\"itemListElement\":[{\"@type\":\"ListItem\",\"position\":1,\"name\":\"In\u00edcio\",\"item\":\"https:\/\/portaltela.pt\/\"},{\"@type\":\"ListItem\",\"position\":2,\"name\":\"Israel afirma que vai tomar controlo de 10% do territ\u00f3rio do L\u00edbano\"}]},{\"@type\":\"WebSite\",\"@id\":\"https:\/\/portaltela.pt\/#website\",\"url\":\"https:\/\/portaltela.pt\/\",\"name\":\"Portal Tela Portugal\",\"description\":\"\",\"potentialAction\":[{\"@type\":\"SearchAction\",\"target\":{\"@type\":\"EntryPoint\",\"urlTemplate\":\"https:\/\/portaltela.pt\/?s={search_term_string}\"},\"query-input\":{\"@type\":\"PropertyValueSpecification\",\"valueRequired\":true,\"valueName\":\"search_term_string\"}}],\"inLanguage\":\"pt-PT\"},{\"@type\":\"Person\",\"@id\":\"https:\/\/portaltela.pt\/#\/schema\/person\/c4278d4a6028830caff9ee44b42d32ed\",\"name\":\"Telinha\",\"image\":{\"@type\":\"ImageObject\",\"inLanguage\":\"pt-PT\",\"@id\":\"https:\/\/portaltela.pt\/s.01k8rhncp4jt1\/2025\/11\/talking-bot-125x125.png\",\"url\":\"https:\/\/portaltela.pt\/s.01k8rhncp4jt1\/2025\/11\/talking-bot-125x125.png\",\"contentUrl\":\"https:\/\/portaltela.pt\/s.01k8rhncp4jt1\/2025\/11\/talking-bot-125x125.png\",\"caption\":\"Telinha\"},\"sameAs\":[\"https:\/\/portaltela.pt\/\"],\"url\":\"https:\/\/portaltela.pt\/por\/367410592786\/\"}]}<\/script>\n<!-- \/ Yoast SEO plugin. -->","yoast_head_json":{"title":"Israel afirma que vai tomar controlo de 10% do territ\u00f3rio do L\u00edbano - Portal Tela Portugal","robots":{"index":"index","follow":"follow","max-snippet":"max-snippet:-1","max-image-preview":"max-image-preview:large","max-video-preview":"max-video-preview:-1"},"og_locale":"pt_PT","og_type":"article","og_title":"Israel afirma que vai tomar controlo de 10% do territ\u00f3rio do L\u00edbano - Portal Tela Portugal","og_description":"O ministro da Defesa de Israel, Israel Katz, anunciou a inten\u00e7\u00e3o de impor o controlo militar do sul do L\u00edbano at\u00e9 ao rio Litani, o que representa cerca de 10% do territ\u00f3rio liban\u00eas, para garantir a seguran\u00e7a do Norte de Israel. No sul do L\u00edbano vivem perto de 200 mil pessoas em cerca de 150 munic\u00edpios, maioritariamente xiitas; muitos j\u00e1 fugiram e n\u00e3o podem regressar enquanto n\u00e3o houver garantias de seguran\u00e7a. Katz afirmou que as cinco pontes sobre o Litani foram destru\u00eddas e que as tropas israelitas v\u00e3o controlar o resto das pontes para estabelecer uma linha de defesa. O Hezbollah considera a medida uma amea\u00e7a existencial; em Beirute foi expulso o embaixador iraniano e proibidas atividades dos Guardas da Revolu\u00e7\u00e3o no pa\u00eds, num contexto de tens\u00f5es com o Ir\u00e3o. A poss\u00edvel aus\u00eancia de renova\u00e7\u00e3o da miss\u00e3o da ONU no L\u00edbano pode facilitar a ocupa\u00e7\u00e3o sem supervis\u00e3o internacional; a cidade de Beirute j\u00e1 informou sobre deslocamentos maci\u00e7os desde ataques israelitas.","og_url":"https:\/\/portaltela.pt\/noticias\/2026\/03\/24\/israel-afirma-que-vai-tomar-controlo-de-10-do-territorio-do-libano\/","og_site_name":"Portal Tela Portugal","article_published_time":"2026-03-24T16:47:00+00:00","author":"Telinha","twitter_card":"summary_large_image","twitter_misc":{"Escrito por":"Telinha","Tempo estimado de leitura":"2 minutos"},"schema":{"@context":"https:\/\/schema.org","@graph":[{"@type":"Article","@id":"https:\/\/portaltela.pt\/noticias\/2026\/03\/24\/israel-afirma-que-vai-tomar-controlo-de-10-do-territorio-do-libano\/#article","isPartOf":{"@id":"https:\/\/portaltela.pt\/noticias\/2026\/03\/24\/israel-afirma-que-vai-tomar-controlo-de-10-do-territorio-do-libano\/"},"author":{"name":"Telinha","@id":"https:\/\/portaltela.pt\/#\/schema\/person\/c4278d4a6028830caff9ee44b42d32ed"},"headline":"Israel afirma que vai tomar controlo de 10% do territ\u00f3rio do L\u00edbano","datePublished":"2026-03-24T16:47:00+00:00","mainEntityOfPage":{"@id":"https:\/\/portaltela.pt\/noticias\/2026\/03\/24\/israel-afirma-que-vai-tomar-controlo-de-10-do-territorio-do-libano\/"},"wordCount":378,"image":{"@id":"https:\/\/portaltela.pt\/noticias\/2026\/03\/24\/israel-afirma-que-vai-tomar-controlo-de-10-do-territorio-do-libano\/#primaryimage"},"thumbnailUrl":"https:\/\/portaltela.pt\/s.01k8rhncp4jt1\/2026\/03\/2076603.jpg","keywords":["conflito internacional","desloca\u00e7\u00f5es","guerra","Israel","ONU","refugiados internos"],"articleSection":["Conflitos","Guerra"],"inLanguage":"pt-PT"},{"@type":"WebPage","@id":"https:\/\/portaltela.pt\/noticias\/2026\/03\/24\/israel-afirma-que-vai-tomar-controlo-de-10-do-territorio-do-libano\/","url":"https:\/\/portaltela.pt\/noticias\/2026\/03\/24\/israel-afirma-que-vai-tomar-controlo-de-10-do-territorio-do-libano\/","name":"Israel afirma que vai tomar controlo de 10% do territ\u00f3rio do L\u00edbano - Portal Tela Portugal","isPartOf":{"@id":"https:\/\/portaltela.pt\/#website"},"primaryImageOfPage":{"@id":"https:\/\/portaltela.pt\/noticias\/2026\/03\/24\/israel-afirma-que-vai-tomar-controlo-de-10-do-territorio-do-libano\/#primaryimage"},"image":{"@id":"https:\/\/portaltela.pt\/noticias\/2026\/03\/24\/israel-afirma-que-vai-tomar-controlo-de-10-do-territorio-do-libano\/#primaryimage"},"thumbnailUrl":"https:\/\/portaltela.pt\/s.01k8rhncp4jt1\/2026\/03\/2076603.jpg","datePublished":"2026-03-24T16:47:00+00:00","author":{"@id":"https:\/\/portaltela.pt\/#\/schema\/person\/c4278d4a6028830caff9ee44b42d32ed"},"breadcrumb":{"@id":"https:\/\/portaltela.pt\/noticias\/2026\/03\/24\/israel-afirma-que-vai-tomar-controlo-de-10-do-territorio-do-libano\/#breadcrumb"},"inLanguage":"pt-PT","potentialAction":[{"@type":"ReadAction","target":["https:\/\/portaltela.pt\/noticias\/2026\/03\/24\/israel-afirma-que-vai-tomar-controlo-de-10-do-territorio-do-libano\/"]}]},{"@type":"ImageObject","inLanguage":"pt-PT","@id":"https:\/\/portaltela.pt\/noticias\/2026\/03\/24\/israel-afirma-que-vai-tomar-controlo-de-10-do-territorio-do-libano\/#primaryimage","url":"https:\/\/portaltela.pt\/s.01k8rhncp4jt1\/2026\/03\/2076603.jpg","contentUrl":"https:\/\/portaltela.pt\/s.01k8rhncp4jt1\/2026\/03\/2076603.jpg","width":796,"height":448,"caption":"Israel quer impor o controlo militar do sul do L\u00edbano at\u00e9 ao rio Litani"},{"@type":"BreadcrumbList","@id":"https:\/\/portaltela.pt\/noticias\/2026\/03\/24\/israel-afirma-que-vai-tomar-controlo-de-10-do-territorio-do-libano\/#breadcrumb","itemListElement":[{"@type":"ListItem","position":1,"name":"In\u00edcio","item":"https:\/\/portaltela.pt\/"},{"@type":"ListItem","position":2,"name":"Israel afirma que vai tomar controlo de 10% do territ\u00f3rio do L\u00edbano"}]},{"@type":"WebSite","@id":"https:\/\/portaltela.pt\/#website","url":"https:\/\/portaltela.pt\/","name":"Portal Tela Portugal","description":"","potentialAction":[{"@type":"SearchAction","target":{"@type":"EntryPoint","urlTemplate":"https:\/\/portaltela.pt\/?s={search_term_string}"},"query-input":{"@type":"PropertyValueSpecification","valueRequired":true,"valueName":"search_term_string"}}],"inLanguage":"pt-PT"},{"@type":"Person","@id":"https:\/\/portaltela.pt\/#\/schema\/person\/c4278d4a6028830caff9ee44b42d32ed","name":"Telinha","image":{"@type":"ImageObject","inLanguage":"pt-PT","@id":"https:\/\/portaltela.pt\/s.01k8rhncp4jt1\/2025\/11\/talking-bot-125x125.png","url":"https:\/\/portaltela.pt\/s.01k8rhncp4jt1\/2025\/11\/talking-bot-125x125.png","contentUrl":"https:\/\/portaltela.pt\/s.01k8rhncp4jt1\/2025\/11\/talking-bot-125x125.png","caption":"Telinha"},"sameAs":["https:\/\/portaltela.pt\/"],"url":"https:\/\/portaltela.pt\/por\/367410592786\/"}]}},"_links":{"self":[{"href":"https:\/\/portaltela.pt\/api\/wp\/v2\/posts\/419884","targetHints":{"allow":["GET"]}}],"collection":[{"href":"https:\/\/portaltela.pt\/api\/wp\/v2\/posts"}],"about":[{"href":"https:\/\/portaltela.pt\/api\/wp\/v2\/types\/post"}],"author":[{"embeddable":true,"href":"https:\/\/portaltela.pt\/api\/wp\/v2\/users\/2"}],"replies":[{"embeddable":true,"href":"https:\/\/portaltela.pt\/api\/wp\/v2\/comments?post=419884"}],"version-history":[{"count":0,"href":"https:\/\/portaltela.pt\/api\/wp\/v2\/posts\/419884\/revisions"}],"wp:featuredmedia":[{"embeddable":true,"href":"https:\/\/portaltela.pt\/api\/wp\/v2\/media\/419891"}],"wp:attachment":[{"href":"https:\/\/portaltela.pt\/api\/wp\/v2\/media?parent=419884"}],"wp:term":[{"taxonomy":"category","embeddable":true,"href":"https:\/\/portaltela.pt\/api\/wp\/v2\/categories?post=419884"},{"taxonomy":"post_tag","embeddable":true,"href":"https:\/\/portaltela.pt\/api\/wp\/v2\/tags?post=419884"}],"curies":[{"name":"wp","href":"https:\/\/api.w.org\/{rel}","templated":true}]}}