{"id":419883,"date":"2026-03-24T14:24:40","date_gmt":"2026-03-24T17:24:40","guid":{"rendered":"https:\/\/portaltela.pt\/noticias\/2026\/03\/24\/custodio-castro-falha-treinos-desta-semana-no-alverca\/"},"modified":"2026-03-24T14:24:40","modified_gmt":"2026-03-24T17:24:40","slug":"custodio-castro-falha-treinos-desta-semana-no-alverca","status":"publish","type":"post","link":"https:\/\/portaltela.pt\/desporto\/futebol\/2026\/03\/24\/custodio-castro-falha-treinos-desta-semana-no-alverca\/","title":{"rendered":"Cust\u00f3dio Castro falha treinos desta semana no Alverca"},"content":{"rendered":"<p>Cust\u00f3dio Castro n\u00e3o vai orientar os treinos desta semana do Alverca. O t\u00e9cnico, de 42 anos, est\u00e1 em Quiaios, na Figueira da Foz, a frequentar o curso de treinador de n\u00edvel IV.<\/p>\n<p>Os ribatejanos regressaram aos trabalhos na ter\u00e7a-feira e, nesta paragem para as sele\u00e7\u00f5es, v\u00e3o ter sess\u00f5es apenas at\u00e9 quinta-feira. As sess\u00f5es ser\u00e3o dirigidas pelo adjunto principal Hugo Freitas.<\/p>\n<p>A equipa apresentou aus\u00eancias de peso. O guarda-redes Andr\u00e9 Gomes falhou o treino por ter sentido uma picada no m\u00fasculo da perna direita ap\u00f3s o jogo com o Sporting.<\/p>\n<p>Juli\u00e1n Mart\u00ednez tamb\u00e9m ficou de fora, pois iniciou um per\u00edodo de treinos com a sele\u00e7\u00e3o nacional de Honduras.<\/p>\n<p>O Alverca realizou o regresso aos treinos no Ribatejo, mantendo o foco na prepara\u00e7\u00e3o para as pr\u00f3ximas jornadas, sem a presen\u00e7a de Castro durante este per\u00edodo.<\/p>\n","protected":false},"excerpt":{"rendered":"<ul>\n<li>Cust\u00f3dio Castro n\u00e3o vai orientar os treinos desta semana do Alverca, devido a um curso de treinador de n\u00edvel IV em Quiaios.<\/li>\n<li>O t\u00e9cnico, de 42 anos, est\u00e1 na Figueira da Foz a frequentar o curso, estando ausente no Ribatejo nos pr\u00f3ximos dias.<\/li>\n<li>As sess\u00f5es desta semana, interrompida pela paragem para as sele\u00e7\u00f5es nacionais, v\u00e3o realizar-se apenas at\u00e9 quinta-feira, com o adjunto Hugo Freitas a dirigir.<\/li>\n<li>Desde o plantel, o guarda-redes Andr\u00e9 Gomes ficou de fora por les\u00e3o, ap\u00f3s sentir uma picada no m\u00fasculo da perna direita no jogo com o Sporting.<\/li>\n<li>O central Juli\u00e1n Mart\u00ednez est\u00e1 a treinar com a sele\u00e7\u00e3o de Honduras, n\u00e3o fazendo parte temporariamente do grupo do Alverca.<\/li>\n<\/ul>\n","protected":false},"author":2,"featured_media":419889,"comment_status":"closed","ping_status":"closed","sticky":false,"template":"","format":"standard","meta":{"footnotes":""},"categories":[21,24],"tags":[1230,152,1417,32,2057,2477],"class_list":["post-419883","post","type-post","status-publish","format-standard","has-post-thumbnail","hentry","category-desporto","category-futebol","tag-alverca","tag-desporto","tag-figueira-da-foz","tag-futebol","tag-selecao-nacional","tag-treinadores"],"yoast_head":"<!-- This site is optimized with the Yoast SEO plugin v27.2 - https:\/\/yoast.com\/product\/yoast-seo-wordpress\/ -->\n<title>Cust\u00f3dio Castro falha treinos desta semana no Alverca - Portal Tela Portugal<\/title>\n<meta name=\"robots\" content=\"index, follow, max-snippet:-1, max-image-preview:large, max-video-preview:-1\" \/>\n<meta property=\"og:locale\" content=\"pt_PT\" \/>\n<meta property=\"og:type\" content=\"article\" \/>\n<meta property=\"og:title\" content=\"Cust\u00f3dio Castro falha treinos desta semana no Alverca - Portal Tela Portugal\" \/>\n<meta property=\"og:description\" content=\"Cust\u00f3dio Castro n\u00e3o vai orientar os treinos desta semana do Alverca, devido a um curso de treinador de n\u00edvel IV em Quiaios. O t\u00e9cnico, de 42 anos, est\u00e1 na Figueira da Foz a frequentar o curso, estando ausente no Ribatejo nos pr\u00f3ximos dias. As sess\u00f5es desta semana, interrompida pela paragem para as sele\u00e7\u00f5es nacionais, v\u00e3o realizar-se apenas at\u00e9 quinta-feira, com o adjunto Hugo Freitas a dirigir. Desde o plantel, o guarda-redes Andr\u00e9 Gomes ficou de fora por les\u00e3o, ap\u00f3s sentir uma picada no m\u00fasculo da perna direita no jogo com o Sporting. O central Juli\u00e1n Mart\u00ednez est\u00e1 a treinar com a sele\u00e7\u00e3o de Honduras, n\u00e3o fazendo parte temporariamente do grupo do Alverca.\" \/>\n<meta property=\"og:url\" content=\"https:\/\/portaltela.pt\/noticias\/2026\/03\/24\/custodio-castro-falha-treinos-desta-semana-no-alverca\/\" \/>\n<meta property=\"og:site_name\" content=\"Portal Tela Portugal\" \/>\n<meta property=\"article:published_time\" content=\"2026-03-24T17:24:40+00:00\" \/>\n<meta name=\"author\" content=\"Telinha\" \/>\n<meta name=\"twitter:card\" content=\"summary_large_image\" \/>\n<meta name=\"twitter:label1\" content=\"Escrito por\" \/>\n\t<meta name=\"twitter:data1\" content=\"Telinha\" \/>\n\t<meta name=\"twitter:label2\" content=\"Tempo estimado de leitura\" \/>\n\t<meta name=\"twitter:data2\" content=\"1 minuto\" \/>\n<script type=\"application\/ld+json\" class=\"yoast-schema-graph\">{\"@context\":\"https:\/\/schema.org\",\"@graph\":[{\"@type\":\"Article\",\"@id\":\"https:\/\/portaltela.pt\/noticias\/2026\/03\/24\/custodio-castro-falha-treinos-desta-semana-no-alverca\/#article\",\"isPartOf\":{\"@id\":\"https:\/\/portaltela.pt\/noticias\/2026\/03\/24\/custodio-castro-falha-treinos-desta-semana-no-alverca\/\"},\"author\":{\"name\":\"Telinha\",\"@id\":\"https:\/\/portaltela.pt\/#\/schema\/person\/c4278d4a6028830caff9ee44b42d32ed\"},\"headline\":\"Cust\u00f3dio Castro falha treinos desta semana no Alverca\",\"datePublished\":\"2026-03-24T17:24:40+00:00\",\"mainEntityOfPage\":{\"@id\":\"https:\/\/portaltela.pt\/noticias\/2026\/03\/24\/custodio-castro-falha-treinos-desta-semana-no-alverca\/\"},\"wordCount\":163,\"image\":{\"@id\":\"https:\/\/portaltela.pt\/noticias\/2026\/03\/24\/custodio-castro-falha-treinos-desta-semana-no-alverca\/#primaryimage\"},\"thumbnailUrl\":\"https:\/\/portaltela.pt\/s.01k8rhncp4jt1\/2026\/03\/img_920x518uu2026-01-16-15-22-13-2415152-im-639099674252969476.jpg\",\"keywords\":[\"Alverca\",\"desporto\",\"Figueira da Foz\",\"futebol\",\"Sele\u00e7\u00e3o Nacional\",\"treinadores\"],\"articleSection\":[\"Desporto\",\"Futebol\"],\"inLanguage\":\"pt-PT\"},{\"@type\":\"WebPage\",\"@id\":\"https:\/\/portaltela.pt\/noticias\/2026\/03\/24\/custodio-castro-falha-treinos-desta-semana-no-alverca\/\",\"url\":\"https:\/\/portaltela.pt\/noticias\/2026\/03\/24\/custodio-castro-falha-treinos-desta-semana-no-alverca\/\",\"name\":\"Cust\u00f3dio Castro falha treinos desta semana no Alverca - Portal Tela Portugal\",\"isPartOf\":{\"@id\":\"https:\/\/portaltela.pt\/#website\"},\"primaryImageOfPage\":{\"@id\":\"https:\/\/portaltela.pt\/noticias\/2026\/03\/24\/custodio-castro-falha-treinos-desta-semana-no-alverca\/#primaryimage\"},\"image\":{\"@id\":\"https:\/\/portaltela.pt\/noticias\/2026\/03\/24\/custodio-castro-falha-treinos-desta-semana-no-alverca\/#primaryimage\"},\"thumbnailUrl\":\"https:\/\/portaltela.pt\/s.01k8rhncp4jt1\/2026\/03\/img_920x518uu2026-01-16-15-22-13-2415152-im-639099674252969476.jpg\",\"datePublished\":\"2026-03-24T17:24:40+00:00\",\"author\":{\"@id\":\"https:\/\/portaltela.pt\/#\/schema\/person\/c4278d4a6028830caff9ee44b42d32ed\"},\"breadcrumb\":{\"@id\":\"https:\/\/portaltela.pt\/noticias\/2026\/03\/24\/custodio-castro-falha-treinos-desta-semana-no-alverca\/#breadcrumb\"},\"inLanguage\":\"pt-PT\",\"potentialAction\":[{\"@type\":\"ReadAction\",\"target\":[\"https:\/\/portaltela.pt\/noticias\/2026\/03\/24\/custodio-castro-falha-treinos-desta-semana-no-alverca\/\"]}]},{\"@type\":\"ImageObject\",\"inLanguage\":\"pt-PT\",\"@id\":\"https:\/\/portaltela.pt\/noticias\/2026\/03\/24\/custodio-castro-falha-treinos-desta-semana-no-alverca\/#primaryimage\",\"url\":\"https:\/\/portaltela.pt\/s.01k8rhncp4jt1\/2026\/03\/img_920x518uu2026-01-16-15-22-13-2415152-im-639099674252969476.jpg\",\"contentUrl\":\"https:\/\/portaltela.pt\/s.01k8rhncp4jt1\/2026\/03\/img_920x518uu2026-01-16-15-22-13-2415152-im-639099674252969476.jpg\",\"width\":796,\"height\":448,\"caption\":\"Cust\u00f3dio Castro chegou no \u00faltimo ver\u00e3o ao Ribatejo\"},{\"@type\":\"BreadcrumbList\",\"@id\":\"https:\/\/portaltela.pt\/noticias\/2026\/03\/24\/custodio-castro-falha-treinos-desta-semana-no-alverca\/#breadcrumb\",\"itemListElement\":[{\"@type\":\"ListItem\",\"position\":1,\"name\":\"In\u00edcio\",\"item\":\"https:\/\/portaltela.pt\/\"},{\"@type\":\"ListItem\",\"position\":2,\"name\":\"Cust\u00f3dio Castro falha treinos desta semana no Alverca\"}]},{\"@type\":\"WebSite\",\"@id\":\"https:\/\/portaltela.pt\/#website\",\"url\":\"https:\/\/portaltela.pt\/\",\"name\":\"Portal Tela Portugal\",\"description\":\"\",\"potentialAction\":[{\"@type\":\"SearchAction\",\"target\":{\"@type\":\"EntryPoint\",\"urlTemplate\":\"https:\/\/portaltela.pt\/?s={search_term_string}\"},\"query-input\":{\"@type\":\"PropertyValueSpecification\",\"valueRequired\":true,\"valueName\":\"search_term_string\"}}],\"inLanguage\":\"pt-PT\"},{\"@type\":\"Person\",\"@id\":\"https:\/\/portaltela.pt\/#\/schema\/person\/c4278d4a6028830caff9ee44b42d32ed\",\"name\":\"Telinha\",\"image\":{\"@type\":\"ImageObject\",\"inLanguage\":\"pt-PT\",\"@id\":\"https:\/\/portaltela.pt\/s.01k8rhncp4jt1\/2025\/11\/talking-bot-125x125.png\",\"url\":\"https:\/\/portaltela.pt\/s.01k8rhncp4jt1\/2025\/11\/talking-bot-125x125.png\",\"contentUrl\":\"https:\/\/portaltela.pt\/s.01k8rhncp4jt1\/2025\/11\/talking-bot-125x125.png\",\"caption\":\"Telinha\"},\"sameAs\":[\"https:\/\/portaltela.pt\/\"],\"url\":\"https:\/\/portaltela.pt\/por\/367410592786\/\"}]}<\/script>\n<!-- \/ Yoast SEO plugin. -->","yoast_head_json":{"title":"Cust\u00f3dio Castro falha treinos desta semana no Alverca - Portal Tela Portugal","robots":{"index":"index","follow":"follow","max-snippet":"max-snippet:-1","max-image-preview":"max-image-preview:large","max-video-preview":"max-video-preview:-1"},"og_locale":"pt_PT","og_type":"article","og_title":"Cust\u00f3dio Castro falha treinos desta semana no Alverca - Portal Tela Portugal","og_description":"Cust\u00f3dio Castro n\u00e3o vai orientar os treinos desta semana do Alverca, devido a um curso de treinador de n\u00edvel IV em Quiaios. O t\u00e9cnico, de 42 anos, est\u00e1 na Figueira da Foz a frequentar o curso, estando ausente no Ribatejo nos pr\u00f3ximos dias. As sess\u00f5es desta semana, interrompida pela paragem para as sele\u00e7\u00f5es nacionais, v\u00e3o realizar-se apenas at\u00e9 quinta-feira, com o adjunto Hugo Freitas a dirigir. Desde o plantel, o guarda-redes Andr\u00e9 Gomes ficou de fora por les\u00e3o, ap\u00f3s sentir uma picada no m\u00fasculo da perna direita no jogo com o Sporting. O central Juli\u00e1n Mart\u00ednez est\u00e1 a treinar com a sele\u00e7\u00e3o de Honduras, n\u00e3o fazendo parte temporariamente do grupo do Alverca.","og_url":"https:\/\/portaltela.pt\/noticias\/2026\/03\/24\/custodio-castro-falha-treinos-desta-semana-no-alverca\/","og_site_name":"Portal Tela Portugal","article_published_time":"2026-03-24T17:24:40+00:00","author":"Telinha","twitter_card":"summary_large_image","twitter_misc":{"Escrito por":"Telinha","Tempo estimado de leitura":"1 minuto"},"schema":{"@context":"https:\/\/schema.org","@graph":[{"@type":"Article","@id":"https:\/\/portaltela.pt\/noticias\/2026\/03\/24\/custodio-castro-falha-treinos-desta-semana-no-alverca\/#article","isPartOf":{"@id":"https:\/\/portaltela.pt\/noticias\/2026\/03\/24\/custodio-castro-falha-treinos-desta-semana-no-alverca\/"},"author":{"name":"Telinha","@id":"https:\/\/portaltela.pt\/#\/schema\/person\/c4278d4a6028830caff9ee44b42d32ed"},"headline":"Cust\u00f3dio Castro falha treinos desta semana no Alverca","datePublished":"2026-03-24T17:24:40+00:00","mainEntityOfPage":{"@id":"https:\/\/portaltela.pt\/noticias\/2026\/03\/24\/custodio-castro-falha-treinos-desta-semana-no-alverca\/"},"wordCount":163,"image":{"@id":"https:\/\/portaltela.pt\/noticias\/2026\/03\/24\/custodio-castro-falha-treinos-desta-semana-no-alverca\/#primaryimage"},"thumbnailUrl":"https:\/\/portaltela.pt\/s.01k8rhncp4jt1\/2026\/03\/img_920x518uu2026-01-16-15-22-13-2415152-im-639099674252969476.jpg","keywords":["Alverca","desporto","Figueira da Foz","futebol","Sele\u00e7\u00e3o Nacional","treinadores"],"articleSection":["Desporto","Futebol"],"inLanguage":"pt-PT"},{"@type":"WebPage","@id":"https:\/\/portaltela.pt\/noticias\/2026\/03\/24\/custodio-castro-falha-treinos-desta-semana-no-alverca\/","url":"https:\/\/portaltela.pt\/noticias\/2026\/03\/24\/custodio-castro-falha-treinos-desta-semana-no-alverca\/","name":"Cust\u00f3dio Castro falha treinos desta semana no Alverca - Portal Tela Portugal","isPartOf":{"@id":"https:\/\/portaltela.pt\/#website"},"primaryImageOfPage":{"@id":"https:\/\/portaltela.pt\/noticias\/2026\/03\/24\/custodio-castro-falha-treinos-desta-semana-no-alverca\/#primaryimage"},"image":{"@id":"https:\/\/portaltela.pt\/noticias\/2026\/03\/24\/custodio-castro-falha-treinos-desta-semana-no-alverca\/#primaryimage"},"thumbnailUrl":"https:\/\/portaltela.pt\/s.01k8rhncp4jt1\/2026\/03\/img_920x518uu2026-01-16-15-22-13-2415152-im-639099674252969476.jpg","datePublished":"2026-03-24T17:24:40+00:00","author":{"@id":"https:\/\/portaltela.pt\/#\/schema\/person\/c4278d4a6028830caff9ee44b42d32ed"},"breadcrumb":{"@id":"https:\/\/portaltela.pt\/noticias\/2026\/03\/24\/custodio-castro-falha-treinos-desta-semana-no-alverca\/#breadcrumb"},"inLanguage":"pt-PT","potentialAction":[{"@type":"ReadAction","target":["https:\/\/portaltela.pt\/noticias\/2026\/03\/24\/custodio-castro-falha-treinos-desta-semana-no-alverca\/"]}]},{"@type":"ImageObject","inLanguage":"pt-PT","@id":"https:\/\/portaltela.pt\/noticias\/2026\/03\/24\/custodio-castro-falha-treinos-desta-semana-no-alverca\/#primaryimage","url":"https:\/\/portaltela.pt\/s.01k8rhncp4jt1\/2026\/03\/img_920x518uu2026-01-16-15-22-13-2415152-im-639099674252969476.jpg","contentUrl":"https:\/\/portaltela.pt\/s.01k8rhncp4jt1\/2026\/03\/img_920x518uu2026-01-16-15-22-13-2415152-im-639099674252969476.jpg","width":796,"height":448,"caption":"Cust\u00f3dio Castro chegou no \u00faltimo ver\u00e3o ao Ribatejo"},{"@type":"BreadcrumbList","@id":"https:\/\/portaltela.pt\/noticias\/2026\/03\/24\/custodio-castro-falha-treinos-desta-semana-no-alverca\/#breadcrumb","itemListElement":[{"@type":"ListItem","position":1,"name":"In\u00edcio","item":"https:\/\/portaltela.pt\/"},{"@type":"ListItem","position":2,"name":"Cust\u00f3dio Castro falha treinos desta semana no Alverca"}]},{"@type":"WebSite","@id":"https:\/\/portaltela.pt\/#website","url":"https:\/\/portaltela.pt\/","name":"Portal Tela Portugal","description":"","potentialAction":[{"@type":"SearchAction","target":{"@type":"EntryPoint","urlTemplate":"https:\/\/portaltela.pt\/?s={search_term_string}"},"query-input":{"@type":"PropertyValueSpecification","valueRequired":true,"valueName":"search_term_string"}}],"inLanguage":"pt-PT"},{"@type":"Person","@id":"https:\/\/portaltela.pt\/#\/schema\/person\/c4278d4a6028830caff9ee44b42d32ed","name":"Telinha","image":{"@type":"ImageObject","inLanguage":"pt-PT","@id":"https:\/\/portaltela.pt\/s.01k8rhncp4jt1\/2025\/11\/talking-bot-125x125.png","url":"https:\/\/portaltela.pt\/s.01k8rhncp4jt1\/2025\/11\/talking-bot-125x125.png","contentUrl":"https:\/\/portaltela.pt\/s.01k8rhncp4jt1\/2025\/11\/talking-bot-125x125.png","caption":"Telinha"},"sameAs":["https:\/\/portaltela.pt\/"],"url":"https:\/\/portaltela.pt\/por\/367410592786\/"}]}},"_links":{"self":[{"href":"https:\/\/portaltela.pt\/api\/wp\/v2\/posts\/419883","targetHints":{"allow":["GET"]}}],"collection":[{"href":"https:\/\/portaltela.pt\/api\/wp\/v2\/posts"}],"about":[{"href":"https:\/\/portaltela.pt\/api\/wp\/v2\/types\/post"}],"author":[{"embeddable":true,"href":"https:\/\/portaltela.pt\/api\/wp\/v2\/users\/2"}],"replies":[{"embeddable":true,"href":"https:\/\/portaltela.pt\/api\/wp\/v2\/comments?post=419883"}],"version-history":[{"count":0,"href":"https:\/\/portaltela.pt\/api\/wp\/v2\/posts\/419883\/revisions"}],"wp:featuredmedia":[{"embeddable":true,"href":"https:\/\/portaltela.pt\/api\/wp\/v2\/media\/419889"}],"wp:attachment":[{"href":"https:\/\/portaltela.pt\/api\/wp\/v2\/media?parent=419883"}],"wp:term":[{"taxonomy":"category","embeddable":true,"href":"https:\/\/portaltela.pt\/api\/wp\/v2\/categories?post=419883"},{"taxonomy":"post_tag","embeddable":true,"href":"https:\/\/portaltela.pt\/api\/wp\/v2\/tags?post=419883"}],"curies":[{"name":"wp","href":"https:\/\/api.w.org\/{rel}","templated":true}]}}