{"id":419875,"date":"2026-03-24T14:20:00","date_gmt":"2026-03-24T17:20:00","guid":{"rendered":"https:\/\/portaltela.pt\/noticias\/2026\/03\/24\/a1-reabre-parcialmente-em-gaia-apos-corte-por-incendio-num-camiao-de-cerveja\/"},"modified":"2026-03-24T14:20:00","modified_gmt":"2026-03-24T17:20:00","slug":"a1-reabre-parcialmente-em-gaia-apos-corte-por-incendio-num-camiao-de-cerveja","status":"publish","type":"post","link":"https:\/\/portaltela.pt\/noticias\/2026\/03\/24\/a1-reabre-parcialmente-em-gaia-apos-corte-por-incendio-num-camiao-de-cerveja\/","title":{"rendered":"A1 reabre parcialmente em Gaia ap\u00f3s corte por inc\u00eandio num cami\u00e3o de cerveja"},"content":{"rendered":"<p>A A1, em Vila Nova de Gaia, foi parcialmente reaberta hoje ap\u00f3s um inc\u00eandio num cami\u00e3o de cerveja ter provocado o corte de parte da via.<\/p>\n<p>Bombeiros de Gaia e a PSP estiveram no local, com a colabora\u00e7\u00e3o da concession\u00e1ria da rede rodovi\u00e1ria, para debelar o fogo e orientar desvios de tr\u00e2nsito.<\/p>\n<p>A causa do inc\u00eandio ainda est\u00e1 a ser estudada pelas autoridades. A confirma\u00e7\u00e3o da reabertura parcial foi divulgada pelas entidades competentes durante a manh\u00e3.<\/p>\n<p>Mais detalhes, incluindo hor\u00e1rio exato de abertura e impacto no tr\u00e1fego, ser\u00e3o comunicados pelas autoridades assim que dispon\u00edveis.<\/p>\n","protected":false},"excerpt":{"rendered":"<ul>\n<li>A1 est\u00e1 parcialmente reaberta em Gaia, ap\u00f3s o corte de via provocado por um inc\u00eandio num cami\u00e3o de cerveja.<\/li>\n<li>O fogo causou interrup\u00e7\u00e3o tempor\u00e1ria do tr\u00e1fego na zona de Gaia.<\/li>\n<li>Bombeiros e autoridades estiveram no local a controlar a situa\u00e7\u00e3o e a assegurar a seguran\u00e7a.<\/li>\n<li>As opera\u00e7\u00f5es de recupera\u00e7\u00e3o e remo\u00e7\u00e3o de ve\u00edculos seguiram para restabelecer a circula\u00e7\u00e3o.<\/li>\n<li>Abertura gradual da via permite o regresso do tr\u00e1fego, com normaliza\u00e7\u00e3o em curso.<\/li>\n<\/ul>\n","protected":false},"author":2,"featured_media":419878,"comment_status":"closed","ping_status":"closed","sticky":false,"template":"","format":"standard","meta":{"footnotes":""},"categories":[6849,1],"tags":[971,1083,1761,1438,1629,5537],"class_list":["post-419875","post","type-post","status-publish","format-standard","has-post-thumbnail","hentry","category-acidentes","category-noticias","tag-bombeiros","tag-estradas","tag-gaia","tag-incendio","tag-transito","tag-vias-cortadas"],"yoast_head":"<!-- This site is optimized with the Yoast SEO plugin v27.2 - https:\/\/yoast.com\/product\/yoast-seo-wordpress\/ -->\n<title>A1 reabre parcialmente em Gaia ap\u00f3s corte por inc\u00eandio num cami\u00e3o de cerveja - Portal Tela Portugal<\/title>\n<meta name=\"robots\" content=\"index, follow, max-snippet:-1, max-image-preview:large, max-video-preview:-1\" \/>\n<meta property=\"og:locale\" content=\"pt_PT\" \/>\n<meta property=\"og:type\" content=\"article\" \/>\n<meta property=\"og:title\" content=\"A1 reabre parcialmente em Gaia ap\u00f3s corte por inc\u00eandio num cami\u00e3o de cerveja - Portal Tela Portugal\" \/>\n<meta property=\"og:description\" content=\"A1 est\u00e1 parcialmente reaberta em Gaia, ap\u00f3s o corte de via provocado por um inc\u00eandio num cami\u00e3o de cerveja. O fogo causou interrup\u00e7\u00e3o tempor\u00e1ria do tr\u00e1fego na zona de Gaia. Bombeiros e autoridades estiveram no local a controlar a situa\u00e7\u00e3o e a assegurar a seguran\u00e7a. As opera\u00e7\u00f5es de recupera\u00e7\u00e3o e remo\u00e7\u00e3o de ve\u00edculos seguiram para restabelecer a circula\u00e7\u00e3o. Abertura gradual da via permite o regresso do tr\u00e1fego, com normaliza\u00e7\u00e3o em curso.\" \/>\n<meta property=\"og:url\" content=\"https:\/\/portaltela.pt\/noticias\/2026\/03\/24\/a1-reabre-parcialmente-em-gaia-apos-corte-por-incendio-num-camiao-de-cerveja\/\" \/>\n<meta property=\"og:site_name\" content=\"Portal Tela Portugal\" \/>\n<meta property=\"article:published_time\" content=\"2026-03-24T17:20:00+00:00\" \/>\n<meta name=\"author\" content=\"Telinha\" \/>\n<meta name=\"twitter:card\" content=\"summary_large_image\" \/>\n<meta name=\"twitter:label1\" content=\"Escrito por\" \/>\n\t<meta name=\"twitter:data1\" content=\"Telinha\" \/>\n\t<meta name=\"twitter:label2\" content=\"Tempo estimado de leitura\" \/>\n\t<meta name=\"twitter:data2\" content=\"1 minuto\" \/>\n<script type=\"application\/ld+json\" class=\"yoast-schema-graph\">{\"@context\":\"https:\/\/schema.org\",\"@graph\":[{\"@type\":\"Article\",\"@id\":\"https:\/\/portaltela.pt\/noticias\/2026\/03\/24\/a1-reabre-parcialmente-em-gaia-apos-corte-por-incendio-num-camiao-de-cerveja\/#article\",\"isPartOf\":{\"@id\":\"https:\/\/portaltela.pt\/noticias\/2026\/03\/24\/a1-reabre-parcialmente-em-gaia-apos-corte-por-incendio-num-camiao-de-cerveja\/\"},\"author\":{\"name\":\"Telinha\",\"@id\":\"https:\/\/portaltela.pt\/#\/schema\/person\/c4278d4a6028830caff9ee44b42d32ed\"},\"headline\":\"A1 reabre parcialmente em Gaia ap\u00f3s corte por inc\u00eandio num cami\u00e3o de cerveja\",\"datePublished\":\"2026-03-24T17:20:00+00:00\",\"mainEntityOfPage\":{\"@id\":\"https:\/\/portaltela.pt\/noticias\/2026\/03\/24\/a1-reabre-parcialmente-em-gaia-apos-corte-por-incendio-num-camiao-de-cerveja\/\"},\"wordCount\":123,\"image\":{\"@id\":\"https:\/\/portaltela.pt\/noticias\/2026\/03\/24\/a1-reabre-parcialmente-em-gaia-apos-corte-por-incendio-num-camiao-de-cerveja\/#primaryimage\"},\"thumbnailUrl\":\"https:\/\/portaltela.pt\/s.01k8rhncp4jt1\/2026\/03\/CACHE_780X1200_ANALOG_WATERMARKED_26068333_3906041_23042019072202.jpg\",\"keywords\":[\"bombeiros\",\"estradas\",\"Gaia\",\"inc\u00eandio\",\"tr\u00e2nsito\",\"vias cortadas\"],\"articleSection\":[\"Acidentes\",\"Not\u00edcias\"],\"inLanguage\":\"pt-PT\"},{\"@type\":\"WebPage\",\"@id\":\"https:\/\/portaltela.pt\/noticias\/2026\/03\/24\/a1-reabre-parcialmente-em-gaia-apos-corte-por-incendio-num-camiao-de-cerveja\/\",\"url\":\"https:\/\/portaltela.pt\/noticias\/2026\/03\/24\/a1-reabre-parcialmente-em-gaia-apos-corte-por-incendio-num-camiao-de-cerveja\/\",\"name\":\"A1 reabre parcialmente em Gaia ap\u00f3s corte por inc\u00eandio num cami\u00e3o de cerveja - Portal Tela Portugal\",\"isPartOf\":{\"@id\":\"https:\/\/portaltela.pt\/#website\"},\"primaryImageOfPage\":{\"@id\":\"https:\/\/portaltela.pt\/noticias\/2026\/03\/24\/a1-reabre-parcialmente-em-gaia-apos-corte-por-incendio-num-camiao-de-cerveja\/#primaryimage\"},\"image\":{\"@id\":\"https:\/\/portaltela.pt\/noticias\/2026\/03\/24\/a1-reabre-parcialmente-em-gaia-apos-corte-por-incendio-num-camiao-de-cerveja\/#primaryimage\"},\"thumbnailUrl\":\"https:\/\/portaltela.pt\/s.01k8rhncp4jt1\/2026\/03\/CACHE_780X1200_ANALOG_WATERMARKED_26068333_3906041_23042019072202.jpg\",\"datePublished\":\"2026-03-24T17:20:00+00:00\",\"author\":{\"@id\":\"https:\/\/portaltela.pt\/#\/schema\/person\/c4278d4a6028830caff9ee44b42d32ed\"},\"breadcrumb\":{\"@id\":\"https:\/\/portaltela.pt\/noticias\/2026\/03\/24\/a1-reabre-parcialmente-em-gaia-apos-corte-por-incendio-num-camiao-de-cerveja\/#breadcrumb\"},\"inLanguage\":\"pt-PT\",\"potentialAction\":[{\"@type\":\"ReadAction\",\"target\":[\"https:\/\/portaltela.pt\/noticias\/2026\/03\/24\/a1-reabre-parcialmente-em-gaia-apos-corte-por-incendio-num-camiao-de-cerveja\/\"]}]},{\"@type\":\"ImageObject\",\"inLanguage\":\"pt-PT\",\"@id\":\"https:\/\/portaltela.pt\/noticias\/2026\/03\/24\/a1-reabre-parcialmente-em-gaia-apos-corte-por-incendio-num-camiao-de-cerveja\/#primaryimage\",\"url\":\"https:\/\/portaltela.pt\/s.01k8rhncp4jt1\/2026\/03\/CACHE_780X1200_ANALOG_WATERMARKED_26068333_3906041_23042019072202.jpg\",\"contentUrl\":\"https:\/\/portaltela.pt\/s.01k8rhncp4jt1\/2026\/03\/CACHE_780X1200_ANALOG_WATERMARKED_26068333_3906041_23042019072202.jpg\",\"width\":768,\"height\":512,\"caption\":\"A1 parcialmente reaberta em Gaia ap\u00f3s corte por inc\u00eandio em cami\u00e3o de cerveja\"},{\"@type\":\"BreadcrumbList\",\"@id\":\"https:\/\/portaltela.pt\/noticias\/2026\/03\/24\/a1-reabre-parcialmente-em-gaia-apos-corte-por-incendio-num-camiao-de-cerveja\/#breadcrumb\",\"itemListElement\":[{\"@type\":\"ListItem\",\"position\":1,\"name\":\"In\u00edcio\",\"item\":\"https:\/\/portaltela.pt\/\"},{\"@type\":\"ListItem\",\"position\":2,\"name\":\"A1 reabre parcialmente em Gaia ap\u00f3s corte por inc\u00eandio num cami\u00e3o de cerveja\"}]},{\"@type\":\"WebSite\",\"@id\":\"https:\/\/portaltela.pt\/#website\",\"url\":\"https:\/\/portaltela.pt\/\",\"name\":\"Portal Tela Portugal\",\"description\":\"\",\"potentialAction\":[{\"@type\":\"SearchAction\",\"target\":{\"@type\":\"EntryPoint\",\"urlTemplate\":\"https:\/\/portaltela.pt\/?s={search_term_string}\"},\"query-input\":{\"@type\":\"PropertyValueSpecification\",\"valueRequired\":true,\"valueName\":\"search_term_string\"}}],\"inLanguage\":\"pt-PT\"},{\"@type\":\"Person\",\"@id\":\"https:\/\/portaltela.pt\/#\/schema\/person\/c4278d4a6028830caff9ee44b42d32ed\",\"name\":\"Telinha\",\"image\":{\"@type\":\"ImageObject\",\"inLanguage\":\"pt-PT\",\"@id\":\"https:\/\/portaltela.pt\/s.01k8rhncp4jt1\/2025\/11\/talking-bot-125x125.png\",\"url\":\"https:\/\/portaltela.pt\/s.01k8rhncp4jt1\/2025\/11\/talking-bot-125x125.png\",\"contentUrl\":\"https:\/\/portaltela.pt\/s.01k8rhncp4jt1\/2025\/11\/talking-bot-125x125.png\",\"caption\":\"Telinha\"},\"sameAs\":[\"https:\/\/portaltela.pt\/\"],\"url\":\"https:\/\/portaltela.pt\/por\/367410592786\/\"}]}<\/script>\n<!-- \/ Yoast SEO plugin. -->","yoast_head_json":{"title":"A1 reabre parcialmente em Gaia ap\u00f3s corte por inc\u00eandio num cami\u00e3o de cerveja - Portal Tela Portugal","robots":{"index":"index","follow":"follow","max-snippet":"max-snippet:-1","max-image-preview":"max-image-preview:large","max-video-preview":"max-video-preview:-1"},"og_locale":"pt_PT","og_type":"article","og_title":"A1 reabre parcialmente em Gaia ap\u00f3s corte por inc\u00eandio num cami\u00e3o de cerveja - Portal Tela Portugal","og_description":"A1 est\u00e1 parcialmente reaberta em Gaia, ap\u00f3s o corte de via provocado por um inc\u00eandio num cami\u00e3o de cerveja. O fogo causou interrup\u00e7\u00e3o tempor\u00e1ria do tr\u00e1fego na zona de Gaia. Bombeiros e autoridades estiveram no local a controlar a situa\u00e7\u00e3o e a assegurar a seguran\u00e7a. As opera\u00e7\u00f5es de recupera\u00e7\u00e3o e remo\u00e7\u00e3o de ve\u00edculos seguiram para restabelecer a circula\u00e7\u00e3o. Abertura gradual da via permite o regresso do tr\u00e1fego, com normaliza\u00e7\u00e3o em curso.","og_url":"https:\/\/portaltela.pt\/noticias\/2026\/03\/24\/a1-reabre-parcialmente-em-gaia-apos-corte-por-incendio-num-camiao-de-cerveja\/","og_site_name":"Portal Tela Portugal","article_published_time":"2026-03-24T17:20:00+00:00","author":"Telinha","twitter_card":"summary_large_image","twitter_misc":{"Escrito por":"Telinha","Tempo estimado de leitura":"1 minuto"},"schema":{"@context":"https:\/\/schema.org","@graph":[{"@type":"Article","@id":"https:\/\/portaltela.pt\/noticias\/2026\/03\/24\/a1-reabre-parcialmente-em-gaia-apos-corte-por-incendio-num-camiao-de-cerveja\/#article","isPartOf":{"@id":"https:\/\/portaltela.pt\/noticias\/2026\/03\/24\/a1-reabre-parcialmente-em-gaia-apos-corte-por-incendio-num-camiao-de-cerveja\/"},"author":{"name":"Telinha","@id":"https:\/\/portaltela.pt\/#\/schema\/person\/c4278d4a6028830caff9ee44b42d32ed"},"headline":"A1 reabre parcialmente em Gaia ap\u00f3s corte por inc\u00eandio num cami\u00e3o de cerveja","datePublished":"2026-03-24T17:20:00+00:00","mainEntityOfPage":{"@id":"https:\/\/portaltela.pt\/noticias\/2026\/03\/24\/a1-reabre-parcialmente-em-gaia-apos-corte-por-incendio-num-camiao-de-cerveja\/"},"wordCount":123,"image":{"@id":"https:\/\/portaltela.pt\/noticias\/2026\/03\/24\/a1-reabre-parcialmente-em-gaia-apos-corte-por-incendio-num-camiao-de-cerveja\/#primaryimage"},"thumbnailUrl":"https:\/\/portaltela.pt\/s.01k8rhncp4jt1\/2026\/03\/CACHE_780X1200_ANALOG_WATERMARKED_26068333_3906041_23042019072202.jpg","keywords":["bombeiros","estradas","Gaia","inc\u00eandio","tr\u00e2nsito","vias cortadas"],"articleSection":["Acidentes","Not\u00edcias"],"inLanguage":"pt-PT"},{"@type":"WebPage","@id":"https:\/\/portaltela.pt\/noticias\/2026\/03\/24\/a1-reabre-parcialmente-em-gaia-apos-corte-por-incendio-num-camiao-de-cerveja\/","url":"https:\/\/portaltela.pt\/noticias\/2026\/03\/24\/a1-reabre-parcialmente-em-gaia-apos-corte-por-incendio-num-camiao-de-cerveja\/","name":"A1 reabre parcialmente em Gaia ap\u00f3s corte por inc\u00eandio num cami\u00e3o de cerveja - Portal Tela Portugal","isPartOf":{"@id":"https:\/\/portaltela.pt\/#website"},"primaryImageOfPage":{"@id":"https:\/\/portaltela.pt\/noticias\/2026\/03\/24\/a1-reabre-parcialmente-em-gaia-apos-corte-por-incendio-num-camiao-de-cerveja\/#primaryimage"},"image":{"@id":"https:\/\/portaltela.pt\/noticias\/2026\/03\/24\/a1-reabre-parcialmente-em-gaia-apos-corte-por-incendio-num-camiao-de-cerveja\/#primaryimage"},"thumbnailUrl":"https:\/\/portaltela.pt\/s.01k8rhncp4jt1\/2026\/03\/CACHE_780X1200_ANALOG_WATERMARKED_26068333_3906041_23042019072202.jpg","datePublished":"2026-03-24T17:20:00+00:00","author":{"@id":"https:\/\/portaltela.pt\/#\/schema\/person\/c4278d4a6028830caff9ee44b42d32ed"},"breadcrumb":{"@id":"https:\/\/portaltela.pt\/noticias\/2026\/03\/24\/a1-reabre-parcialmente-em-gaia-apos-corte-por-incendio-num-camiao-de-cerveja\/#breadcrumb"},"inLanguage":"pt-PT","potentialAction":[{"@type":"ReadAction","target":["https:\/\/portaltela.pt\/noticias\/2026\/03\/24\/a1-reabre-parcialmente-em-gaia-apos-corte-por-incendio-num-camiao-de-cerveja\/"]}]},{"@type":"ImageObject","inLanguage":"pt-PT","@id":"https:\/\/portaltela.pt\/noticias\/2026\/03\/24\/a1-reabre-parcialmente-em-gaia-apos-corte-por-incendio-num-camiao-de-cerveja\/#primaryimage","url":"https:\/\/portaltela.pt\/s.01k8rhncp4jt1\/2026\/03\/CACHE_780X1200_ANALOG_WATERMARKED_26068333_3906041_23042019072202.jpg","contentUrl":"https:\/\/portaltela.pt\/s.01k8rhncp4jt1\/2026\/03\/CACHE_780X1200_ANALOG_WATERMARKED_26068333_3906041_23042019072202.jpg","width":768,"height":512,"caption":"A1 parcialmente reaberta em Gaia ap\u00f3s corte por inc\u00eandio em cami\u00e3o de cerveja"},{"@type":"BreadcrumbList","@id":"https:\/\/portaltela.pt\/noticias\/2026\/03\/24\/a1-reabre-parcialmente-em-gaia-apos-corte-por-incendio-num-camiao-de-cerveja\/#breadcrumb","itemListElement":[{"@type":"ListItem","position":1,"name":"In\u00edcio","item":"https:\/\/portaltela.pt\/"},{"@type":"ListItem","position":2,"name":"A1 reabre parcialmente em Gaia ap\u00f3s corte por inc\u00eandio num cami\u00e3o de cerveja"}]},{"@type":"WebSite","@id":"https:\/\/portaltela.pt\/#website","url":"https:\/\/portaltela.pt\/","name":"Portal Tela Portugal","description":"","potentialAction":[{"@type":"SearchAction","target":{"@type":"EntryPoint","urlTemplate":"https:\/\/portaltela.pt\/?s={search_term_string}"},"query-input":{"@type":"PropertyValueSpecification","valueRequired":true,"valueName":"search_term_string"}}],"inLanguage":"pt-PT"},{"@type":"Person","@id":"https:\/\/portaltela.pt\/#\/schema\/person\/c4278d4a6028830caff9ee44b42d32ed","name":"Telinha","image":{"@type":"ImageObject","inLanguage":"pt-PT","@id":"https:\/\/portaltela.pt\/s.01k8rhncp4jt1\/2025\/11\/talking-bot-125x125.png","url":"https:\/\/portaltela.pt\/s.01k8rhncp4jt1\/2025\/11\/talking-bot-125x125.png","contentUrl":"https:\/\/portaltela.pt\/s.01k8rhncp4jt1\/2025\/11\/talking-bot-125x125.png","caption":"Telinha"},"sameAs":["https:\/\/portaltela.pt\/"],"url":"https:\/\/portaltela.pt\/por\/367410592786\/"}]}},"_links":{"self":[{"href":"https:\/\/portaltela.pt\/api\/wp\/v2\/posts\/419875","targetHints":{"allow":["GET"]}}],"collection":[{"href":"https:\/\/portaltela.pt\/api\/wp\/v2\/posts"}],"about":[{"href":"https:\/\/portaltela.pt\/api\/wp\/v2\/types\/post"}],"author":[{"embeddable":true,"href":"https:\/\/portaltela.pt\/api\/wp\/v2\/users\/2"}],"replies":[{"embeddable":true,"href":"https:\/\/portaltela.pt\/api\/wp\/v2\/comments?post=419875"}],"version-history":[{"count":0,"href":"https:\/\/portaltela.pt\/api\/wp\/v2\/posts\/419875\/revisions"}],"wp:featuredmedia":[{"embeddable":true,"href":"https:\/\/portaltela.pt\/api\/wp\/v2\/media\/419878"}],"wp:attachment":[{"href":"https:\/\/portaltela.pt\/api\/wp\/v2\/media?parent=419875"}],"wp:term":[{"taxonomy":"category","embeddable":true,"href":"https:\/\/portaltela.pt\/api\/wp\/v2\/categories?post=419875"},{"taxonomy":"post_tag","embeddable":true,"href":"https:\/\/portaltela.pt\/api\/wp\/v2\/tags?post=419875"}],"curies":[{"name":"wp","href":"https:\/\/api.w.org\/{rel}","templated":true}]}}