{"id":419872,"date":"2026-03-24T14:15:00","date_gmt":"2026-03-24T17:15:00","guid":{"rendered":"https:\/\/portaltela.pt\/noticias\/2026\/03\/24\/sporting-renova-com-guarda-redes-egipcio-mohamed-ali\/"},"modified":"2026-03-24T14:15:00","modified_gmt":"2026-03-24T17:15:00","slug":"sporting-renova-com-guarda-redes-egipcio-mohamed-ali","status":"publish","type":"post","link":"https:\/\/portaltela.pt\/desporto\/futebol\/2026\/03\/24\/sporting-renova-com-guarda-redes-egipcio-mohamed-ali\/","title":{"rendered":"Sporting renova com guarda-redes eg\u00edpcio Mohamed Ali"},"content":{"rendered":"<p>O Sporting anunciou nesta ter\u00e7a-feira a renova\u00e7\u00e3o do contrato do guarda-redes eg\u00edpcio Mohamed Ali, que atua na equipa de andebol. O novo v\u00ednculo n\u00e3o teve ainda a dura\u00e7\u00e3o revelada pelo clube.<\/p>\n<p>Ali revela-se satisfeito com o ambiente em Alvalade, referindo que se sente em fam\u00edlia e que quer construir mais hist\u00f3ria no Sporting, tanto no campeonato como na Liga dos Campe\u00f5es.<\/p>\n<p>O atleta celebra o apoio dos adeptos no pavil\u00e3o Jo\u00e3o Rocha, destacando a uni\u00e3o da equipa. Afirmou ainda que a ambi\u00e7\u00e3o \u00e9 alcan\u00e7ar estas provas al\u00e9m dos quartos de final na \u00faltima \u00e9poca.<\/p>\n<h3>A renova\u00e7\u00e3o e o contributo estrat\u00e9gico<\/h3>\n<p>Carlos Carneiro, coordenador do andebol leonino, elogia Ali como guarda-redes de topo e de sele\u00e7\u00e3o, destacando a sua experi\u00eancia num grupo jovem. Aposta na sua maturidade para orientar os mais novos em momentos dif\u00edceis.<\/p>\n<p>A equipa mant\u00e9m-se competitiva no campeonato, ap\u00f3s 22 jornadas liderando com 66 pontos, sete acima do FC Porto. O Benfica segue em terceiro, com 57 pontos.<\/p>\n<p>Na Liga dos Campe\u00f5es, o Sporting mede for\u00e7as com o Wisla Plock, da Pol\u00f3nia, no play-off de acesso aos quartos de final, mantendo-se com ambi\u00e7\u00e3o de melhorar o registo da \u00e9poca anterior.<\/p>\n","protected":false},"excerpt":{"rendered":"<ul>\n<li>Sporting renovou com o guarda-redes eg\u00edpcio Mohamed Ali, sem divulgar a dura\u00e7\u00e3o do novo contrato.<\/li>\n<li>O atleta est\u00e1 na segunda \u00e9poca em Alvalade e quer jogar mais anos, apontando vontade de vencer campeonatos em Portugal e na Liga dos Campe\u00f5es.<\/li>\n<li>Ali valoriza o apoio dos adeptos, especialmente no pavilh\u00e3o Jo\u00e3o Rocha, dizendo que em casa h\u00e1 mais jogadores em campo gra\u00e7as ao p\u00fablico.<\/li>\n<li>O coordenador do andebol leonino, Carlos Carneiro, elogia a experi\u00eancia do jogador e a sua fun\u00e7\u00e3o em equipa jovem, destacando o equil\u00edbrio entre talento, experi\u00eancia e componente social.<\/li>\n<li>A n\u00edvel competitivo, o Sporting lidera o campeonato com 66 pontos, e enfrenta o Wisla Plock no play-off de acesso aos quartos de final da Liga dos Campe\u00f5es.<\/li>\n<\/ul>\n","protected":false},"author":2,"featured_media":419877,"comment_status":"closed","ping_status":"closed","sticky":false,"template":"","format":"standard","meta":{"footnotes":""},"categories":[21,24],"tags":[1588,180,152,3707,253,1652],"class_list":["post-419872","post","type-post","status-publish","format-standard","has-post-thumbnail","hentry","category-desporto","category-futebol","tag-alvalade","tag-andebol","tag-desporto","tag-egipto","tag-liga-dos-campeoes","tag-sporting"],"yoast_head":"<!-- This site is optimized with the Yoast SEO plugin v27.2 - https:\/\/yoast.com\/product\/yoast-seo-wordpress\/ -->\n<title>Sporting renova com guarda-redes eg\u00edpcio Mohamed Ali - Portal Tela Portugal<\/title>\n<meta name=\"robots\" content=\"index, follow, max-snippet:-1, max-image-preview:large, max-video-preview:-1\" \/>\n<meta property=\"og:locale\" content=\"pt_PT\" \/>\n<meta property=\"og:type\" content=\"article\" \/>\n<meta property=\"og:title\" content=\"Sporting renova com guarda-redes eg\u00edpcio Mohamed Ali - Portal Tela Portugal\" \/>\n<meta property=\"og:description\" content=\"Sporting renovou com o guarda-redes eg\u00edpcio Mohamed Ali, sem divulgar a dura\u00e7\u00e3o do novo contrato. O atleta est\u00e1 na segunda \u00e9poca em Alvalade e quer jogar mais anos, apontando vontade de vencer campeonatos em Portugal e na Liga dos Campe\u00f5es. Ali valoriza o apoio dos adeptos, especialmente no pavilh\u00e3o Jo\u00e3o Rocha, dizendo que em casa h\u00e1 mais jogadores em campo gra\u00e7as ao p\u00fablico. O coordenador do andebol leonino, Carlos Carneiro, elogia a experi\u00eancia do jogador e a sua fun\u00e7\u00e3o em equipa jovem, destacando o equil\u00edbrio entre talento, experi\u00eancia e componente social. A n\u00edvel competitivo, o Sporting lidera o campeonato com 66 pontos, e enfrenta o Wisla Plock no play-off de acesso aos quartos de final da Liga dos Campe\u00f5es.\" \/>\n<meta property=\"og:url\" content=\"https:\/\/portaltela.pt\/noticias\/2026\/03\/24\/sporting-renova-com-guarda-redes-egipcio-mohamed-ali\/\" \/>\n<meta property=\"og:site_name\" content=\"Portal Tela Portugal\" \/>\n<meta property=\"article:published_time\" content=\"2026-03-24T17:15:00+00:00\" \/>\n<meta name=\"author\" content=\"Telinha\" \/>\n<meta name=\"twitter:card\" content=\"summary_large_image\" \/>\n<meta name=\"twitter:label1\" content=\"Escrito por\" \/>\n\t<meta name=\"twitter:data1\" content=\"Telinha\" \/>\n\t<meta name=\"twitter:label2\" content=\"Tempo estimado de leitura\" \/>\n\t<meta name=\"twitter:data2\" content=\"1 minuto\" \/>\n<script type=\"application\/ld+json\" class=\"yoast-schema-graph\">{\"@context\":\"https:\/\/schema.org\",\"@graph\":[{\"@type\":\"Article\",\"@id\":\"https:\/\/portaltela.pt\/noticias\/2026\/03\/24\/sporting-renova-com-guarda-redes-egipcio-mohamed-ali\/#article\",\"isPartOf\":{\"@id\":\"https:\/\/portaltela.pt\/noticias\/2026\/03\/24\/sporting-renova-com-guarda-redes-egipcio-mohamed-ali\/\"},\"author\":{\"name\":\"Telinha\",\"@id\":\"https:\/\/portaltela.pt\/#\/schema\/person\/c4278d4a6028830caff9ee44b42d32ed\"},\"headline\":\"Sporting renova com guarda-redes eg\u00edpcio Mohamed Ali\",\"datePublished\":\"2026-03-24T17:15:00+00:00\",\"mainEntityOfPage\":{\"@id\":\"https:\/\/portaltela.pt\/noticias\/2026\/03\/24\/sporting-renova-com-guarda-redes-egipcio-mohamed-ali\/\"},\"wordCount\":222,\"image\":{\"@id\":\"https:\/\/portaltela.pt\/noticias\/2026\/03\/24\/sporting-renova-com-guarda-redes-egipcio-mohamed-ali\/#primaryimage\"},\"thumbnailUrl\":\"https:\/\/portaltela.pt\/s.01k8rhncp4jt1\/2026\/03\/image-1457.jpg\",\"keywords\":[\"Alvalade\",\"andebol\",\"desporto\",\"Egipto\",\"Liga dos Campe\u00f5es\",\"Sporting\"],\"articleSection\":[\"Desporto\",\"Futebol\"],\"inLanguage\":\"pt-PT\"},{\"@type\":\"WebPage\",\"@id\":\"https:\/\/portaltela.pt\/noticias\/2026\/03\/24\/sporting-renova-com-guarda-redes-egipcio-mohamed-ali\/\",\"url\":\"https:\/\/portaltela.pt\/noticias\/2026\/03\/24\/sporting-renova-com-guarda-redes-egipcio-mohamed-ali\/\",\"name\":\"Sporting renova com guarda-redes eg\u00edpcio Mohamed Ali - Portal Tela Portugal\",\"isPartOf\":{\"@id\":\"https:\/\/portaltela.pt\/#website\"},\"primaryImageOfPage\":{\"@id\":\"https:\/\/portaltela.pt\/noticias\/2026\/03\/24\/sporting-renova-com-guarda-redes-egipcio-mohamed-ali\/#primaryimage\"},\"image\":{\"@id\":\"https:\/\/portaltela.pt\/noticias\/2026\/03\/24\/sporting-renova-com-guarda-redes-egipcio-mohamed-ali\/#primaryimage\"},\"thumbnailUrl\":\"https:\/\/portaltela.pt\/s.01k8rhncp4jt1\/2026\/03\/image-1457.jpg\",\"datePublished\":\"2026-03-24T17:15:00+00:00\",\"author\":{\"@id\":\"https:\/\/portaltela.pt\/#\/schema\/person\/c4278d4a6028830caff9ee44b42d32ed\"},\"breadcrumb\":{\"@id\":\"https:\/\/portaltela.pt\/noticias\/2026\/03\/24\/sporting-renova-com-guarda-redes-egipcio-mohamed-ali\/#breadcrumb\"},\"inLanguage\":\"pt-PT\",\"potentialAction\":[{\"@type\":\"ReadAction\",\"target\":[\"https:\/\/portaltela.pt\/noticias\/2026\/03\/24\/sporting-renova-com-guarda-redes-egipcio-mohamed-ali\/\"]}]},{\"@type\":\"ImageObject\",\"inLanguage\":\"pt-PT\",\"@id\":\"https:\/\/portaltela.pt\/noticias\/2026\/03\/24\/sporting-renova-com-guarda-redes-egipcio-mohamed-ali\/#primaryimage\",\"url\":\"https:\/\/portaltela.pt\/s.01k8rhncp4jt1\/2026\/03\/image-1457.jpg\",\"contentUrl\":\"https:\/\/portaltela.pt\/s.01k8rhncp4jt1\/2026\/03\/image-1457.jpg\",\"width\":796,\"height\":448,\"caption\":\"Mohamed Ali cumpre a segunda \u00e9poca nos le\u00f5es\"},{\"@type\":\"BreadcrumbList\",\"@id\":\"https:\/\/portaltela.pt\/noticias\/2026\/03\/24\/sporting-renova-com-guarda-redes-egipcio-mohamed-ali\/#breadcrumb\",\"itemListElement\":[{\"@type\":\"ListItem\",\"position\":1,\"name\":\"In\u00edcio\",\"item\":\"https:\/\/portaltela.pt\/\"},{\"@type\":\"ListItem\",\"position\":2,\"name\":\"Sporting renova com guarda-redes eg\u00edpcio Mohamed Ali\"}]},{\"@type\":\"WebSite\",\"@id\":\"https:\/\/portaltela.pt\/#website\",\"url\":\"https:\/\/portaltela.pt\/\",\"name\":\"Portal Tela Portugal\",\"description\":\"\",\"potentialAction\":[{\"@type\":\"SearchAction\",\"target\":{\"@type\":\"EntryPoint\",\"urlTemplate\":\"https:\/\/portaltela.pt\/?s={search_term_string}\"},\"query-input\":{\"@type\":\"PropertyValueSpecification\",\"valueRequired\":true,\"valueName\":\"search_term_string\"}}],\"inLanguage\":\"pt-PT\"},{\"@type\":\"Person\",\"@id\":\"https:\/\/portaltela.pt\/#\/schema\/person\/c4278d4a6028830caff9ee44b42d32ed\",\"name\":\"Telinha\",\"image\":{\"@type\":\"ImageObject\",\"inLanguage\":\"pt-PT\",\"@id\":\"https:\/\/portaltela.pt\/s.01k8rhncp4jt1\/2025\/11\/talking-bot-125x125.png\",\"url\":\"https:\/\/portaltela.pt\/s.01k8rhncp4jt1\/2025\/11\/talking-bot-125x125.png\",\"contentUrl\":\"https:\/\/portaltela.pt\/s.01k8rhncp4jt1\/2025\/11\/talking-bot-125x125.png\",\"caption\":\"Telinha\"},\"sameAs\":[\"https:\/\/portaltela.pt\/\"],\"url\":\"https:\/\/portaltela.pt\/por\/367410592786\/\"}]}<\/script>\n<!-- \/ Yoast SEO plugin. -->","yoast_head_json":{"title":"Sporting renova com guarda-redes eg\u00edpcio Mohamed Ali - Portal Tela Portugal","robots":{"index":"index","follow":"follow","max-snippet":"max-snippet:-1","max-image-preview":"max-image-preview:large","max-video-preview":"max-video-preview:-1"},"og_locale":"pt_PT","og_type":"article","og_title":"Sporting renova com guarda-redes eg\u00edpcio Mohamed Ali - Portal Tela Portugal","og_description":"Sporting renovou com o guarda-redes eg\u00edpcio Mohamed Ali, sem divulgar a dura\u00e7\u00e3o do novo contrato. O atleta est\u00e1 na segunda \u00e9poca em Alvalade e quer jogar mais anos, apontando vontade de vencer campeonatos em Portugal e na Liga dos Campe\u00f5es. Ali valoriza o apoio dos adeptos, especialmente no pavilh\u00e3o Jo\u00e3o Rocha, dizendo que em casa h\u00e1 mais jogadores em campo gra\u00e7as ao p\u00fablico. O coordenador do andebol leonino, Carlos Carneiro, elogia a experi\u00eancia do jogador e a sua fun\u00e7\u00e3o em equipa jovem, destacando o equil\u00edbrio entre talento, experi\u00eancia e componente social. A n\u00edvel competitivo, o Sporting lidera o campeonato com 66 pontos, e enfrenta o Wisla Plock no play-off de acesso aos quartos de final da Liga dos Campe\u00f5es.","og_url":"https:\/\/portaltela.pt\/noticias\/2026\/03\/24\/sporting-renova-com-guarda-redes-egipcio-mohamed-ali\/","og_site_name":"Portal Tela Portugal","article_published_time":"2026-03-24T17:15:00+00:00","author":"Telinha","twitter_card":"summary_large_image","twitter_misc":{"Escrito por":"Telinha","Tempo estimado de leitura":"1 minuto"},"schema":{"@context":"https:\/\/schema.org","@graph":[{"@type":"Article","@id":"https:\/\/portaltela.pt\/noticias\/2026\/03\/24\/sporting-renova-com-guarda-redes-egipcio-mohamed-ali\/#article","isPartOf":{"@id":"https:\/\/portaltela.pt\/noticias\/2026\/03\/24\/sporting-renova-com-guarda-redes-egipcio-mohamed-ali\/"},"author":{"name":"Telinha","@id":"https:\/\/portaltela.pt\/#\/schema\/person\/c4278d4a6028830caff9ee44b42d32ed"},"headline":"Sporting renova com guarda-redes eg\u00edpcio Mohamed Ali","datePublished":"2026-03-24T17:15:00+00:00","mainEntityOfPage":{"@id":"https:\/\/portaltela.pt\/noticias\/2026\/03\/24\/sporting-renova-com-guarda-redes-egipcio-mohamed-ali\/"},"wordCount":222,"image":{"@id":"https:\/\/portaltela.pt\/noticias\/2026\/03\/24\/sporting-renova-com-guarda-redes-egipcio-mohamed-ali\/#primaryimage"},"thumbnailUrl":"https:\/\/portaltela.pt\/s.01k8rhncp4jt1\/2026\/03\/image-1457.jpg","keywords":["Alvalade","andebol","desporto","Egipto","Liga dos Campe\u00f5es","Sporting"],"articleSection":["Desporto","Futebol"],"inLanguage":"pt-PT"},{"@type":"WebPage","@id":"https:\/\/portaltela.pt\/noticias\/2026\/03\/24\/sporting-renova-com-guarda-redes-egipcio-mohamed-ali\/","url":"https:\/\/portaltela.pt\/noticias\/2026\/03\/24\/sporting-renova-com-guarda-redes-egipcio-mohamed-ali\/","name":"Sporting renova com guarda-redes eg\u00edpcio Mohamed Ali - Portal Tela Portugal","isPartOf":{"@id":"https:\/\/portaltela.pt\/#website"},"primaryImageOfPage":{"@id":"https:\/\/portaltela.pt\/noticias\/2026\/03\/24\/sporting-renova-com-guarda-redes-egipcio-mohamed-ali\/#primaryimage"},"image":{"@id":"https:\/\/portaltela.pt\/noticias\/2026\/03\/24\/sporting-renova-com-guarda-redes-egipcio-mohamed-ali\/#primaryimage"},"thumbnailUrl":"https:\/\/portaltela.pt\/s.01k8rhncp4jt1\/2026\/03\/image-1457.jpg","datePublished":"2026-03-24T17:15:00+00:00","author":{"@id":"https:\/\/portaltela.pt\/#\/schema\/person\/c4278d4a6028830caff9ee44b42d32ed"},"breadcrumb":{"@id":"https:\/\/portaltela.pt\/noticias\/2026\/03\/24\/sporting-renova-com-guarda-redes-egipcio-mohamed-ali\/#breadcrumb"},"inLanguage":"pt-PT","potentialAction":[{"@type":"ReadAction","target":["https:\/\/portaltela.pt\/noticias\/2026\/03\/24\/sporting-renova-com-guarda-redes-egipcio-mohamed-ali\/"]}]},{"@type":"ImageObject","inLanguage":"pt-PT","@id":"https:\/\/portaltela.pt\/noticias\/2026\/03\/24\/sporting-renova-com-guarda-redes-egipcio-mohamed-ali\/#primaryimage","url":"https:\/\/portaltela.pt\/s.01k8rhncp4jt1\/2026\/03\/image-1457.jpg","contentUrl":"https:\/\/portaltela.pt\/s.01k8rhncp4jt1\/2026\/03\/image-1457.jpg","width":796,"height":448,"caption":"Mohamed Ali cumpre a segunda \u00e9poca nos le\u00f5es"},{"@type":"BreadcrumbList","@id":"https:\/\/portaltela.pt\/noticias\/2026\/03\/24\/sporting-renova-com-guarda-redes-egipcio-mohamed-ali\/#breadcrumb","itemListElement":[{"@type":"ListItem","position":1,"name":"In\u00edcio","item":"https:\/\/portaltela.pt\/"},{"@type":"ListItem","position":2,"name":"Sporting renova com guarda-redes eg\u00edpcio Mohamed Ali"}]},{"@type":"WebSite","@id":"https:\/\/portaltela.pt\/#website","url":"https:\/\/portaltela.pt\/","name":"Portal Tela Portugal","description":"","potentialAction":[{"@type":"SearchAction","target":{"@type":"EntryPoint","urlTemplate":"https:\/\/portaltela.pt\/?s={search_term_string}"},"query-input":{"@type":"PropertyValueSpecification","valueRequired":true,"valueName":"search_term_string"}}],"inLanguage":"pt-PT"},{"@type":"Person","@id":"https:\/\/portaltela.pt\/#\/schema\/person\/c4278d4a6028830caff9ee44b42d32ed","name":"Telinha","image":{"@type":"ImageObject","inLanguage":"pt-PT","@id":"https:\/\/portaltela.pt\/s.01k8rhncp4jt1\/2025\/11\/talking-bot-125x125.png","url":"https:\/\/portaltela.pt\/s.01k8rhncp4jt1\/2025\/11\/talking-bot-125x125.png","contentUrl":"https:\/\/portaltela.pt\/s.01k8rhncp4jt1\/2025\/11\/talking-bot-125x125.png","caption":"Telinha"},"sameAs":["https:\/\/portaltela.pt\/"],"url":"https:\/\/portaltela.pt\/por\/367410592786\/"}]}},"_links":{"self":[{"href":"https:\/\/portaltela.pt\/api\/wp\/v2\/posts\/419872","targetHints":{"allow":["GET"]}}],"collection":[{"href":"https:\/\/portaltela.pt\/api\/wp\/v2\/posts"}],"about":[{"href":"https:\/\/portaltela.pt\/api\/wp\/v2\/types\/post"}],"author":[{"embeddable":true,"href":"https:\/\/portaltela.pt\/api\/wp\/v2\/users\/2"}],"replies":[{"embeddable":true,"href":"https:\/\/portaltela.pt\/api\/wp\/v2\/comments?post=419872"}],"version-history":[{"count":0,"href":"https:\/\/portaltela.pt\/api\/wp\/v2\/posts\/419872\/revisions"}],"wp:featuredmedia":[{"embeddable":true,"href":"https:\/\/portaltela.pt\/api\/wp\/v2\/media\/419877"}],"wp:attachment":[{"href":"https:\/\/portaltela.pt\/api\/wp\/v2\/media?parent=419872"}],"wp:term":[{"taxonomy":"category","embeddable":true,"href":"https:\/\/portaltela.pt\/api\/wp\/v2\/categories?post=419872"},{"taxonomy":"post_tag","embeddable":true,"href":"https:\/\/portaltela.pt\/api\/wp\/v2\/tags?post=419872"}],"curies":[{"name":"wp","href":"https:\/\/api.w.org\/{rel}","templated":true}]}}