{"id":419865,"date":"2026-03-24T14:07:06","date_gmt":"2026-03-24T17:07:06","guid":{"rendered":"https:\/\/portaltela.pt\/noticias\/2026\/03\/24\/com-a-primavera-imunoalergologista-explica-como-preparar-se-para-alergias\/"},"modified":"2026-03-24T14:07:06","modified_gmt":"2026-03-24T17:07:06","slug":"com-a-primavera-imunoalergologista-explica-como-preparar-se-para-alergias","status":"publish","type":"post","link":"https:\/\/portaltela.pt\/saude\/2026\/03\/24\/com-a-primavera-imunoalergologista-explica-como-preparar-se-para-alergias\/","title":{"rendered":"Com a Primavera, imunoalergologista explica como preparar-se para alergias"},"content":{"rendered":"<p>O programa matinal Ol\u00e1! Bom Dia! recebeu a presen\u00e7a da m\u00e9dica Sofia Campina, imunologista especializada em alergias, para falar sobre prepara\u00e7\u00e3o para a Primavera. O aumento do p\u00f3len pode agravar sintomas em quem sofre de alergias, especialmente em dias com maior concentra\u00e7\u00e3o de poeira no ar.<\/p>\n<p>A especialista alertou que tomar antial\u00e9rgico isoladamente n\u00e3o resolve o problema. O enfoque deve ser a orienta\u00e7\u00e3o m\u00e9dica e um plano de tratamento personalizado, em vez de depender apenas de remedia\u00e7\u00e3o r\u00e1pida.<\/p>\n<p>A entrevista tamb\u00e9m refor\u00e7ou que a ades\u00e3o a um regime farmacol\u00f3gico prescrito, aliado a medidas de preven\u00e7\u00e3o, ajuda a reduzir a intensidade das crises al\u00e9rgicas durante a esta\u00e7\u00e3o.<\/p>\n<h3>Como se deve preparar para a primavera se tiver alergias<\/h3>\n<p>Antes da Primavera, consultar um imunoalergologista facilita a avalia\u00e7\u00e3o individual e a eventual prescri\u00e7\u00e3o de medicamentos espec\u00edficos. A m\u00e9dica explica que a avalia\u00e7\u00e3o pr\u00e9via permite ajustar o tratamento conforme necessidade.<\/p>\n<p>Seguir rigorosamente o tratamento recomendado \u00e9 essencial. A ades\u00e3o a regras terap\u00eauticas contribui para o controle dos sintomas ao longo da esta\u00e7\u00e3o.<\/p>\n<p>Evitar ambientes com p\u00f3len \u00e9 outra estrat\u00e9gia importante. Manter janelas fechadas nos picos de p\u00f3len reduz a exposi\u00e7\u00e3o durante o dia.<\/p>\n<p>Usar m\u00e1scara ao sair de casa pode minimizar a inala\u00e7\u00e3o de part\u00edculas. A medida \u00e9 especialmente relevante em dias com alta concentra\u00e7\u00e3o de p\u00f3len e durante atividades ao ar livre.<\/p>\n<p>Higiene pessoal ap\u00f3s contacto com o exterior ajuda a reduzir o p\u00f3len no corpo. Lavar rosto, m\u00e3os e trocar de roupa s\u00e3o medidas simples de apoio.<\/p>\n<p>A hidrata\u00e7\u00e3o adequada favorece o funcionamento do organismo frente aos sintomas, contribuindo para o bem-estar geral.<\/p>\n<h3>Como preparar a casa para a Primavera<\/h3>\n<p>A limpeza frequente da casa \u00e9 fundamental para remover p\u00f3len e \u00e1caros. Aspirar regularmente reduz a acumula\u00e7\u00e3o de poeira.<\/p>\n<p>Reduzir objetos que acumulam p\u00f3 tamb\u00e9m ajuda. Cortinas pesadas, tapetes e peluches tendem a concentrar poeira.<\/p>\n<p>Filtros de ar com tecnologia HEPA nos aparelhos de ar condicionado e purificadores contribuem para melhorar a qualidade do ar interior.<\/p>\n<p>Manter a umidade sob controle evita o crescimento de \u00e1caros. Desumidificadores s\u00e3o \u00fateis nesses casos.<\/p>\n<h3>Quando procurar ajuda m\u00e9dica<\/h3>\n<p>Se os sintomas persistirem ou piorarem, \u00e9 necess\u00e1rio consultar um especialista para uma avalia\u00e7\u00e3o detalhada e ajuste do tratamento. A m\u00e9dica refor\u00e7a que o uso indiscriminado de antial\u00e9rgicos n\u00e3o substitui orienta\u00e7\u00e3o m\u00e9dica.<\/p>\n<h3>Sobre a m\u00e9dica Sofia Campina<\/h3>\n<p>Sofia Campina atua como m\u00e9dica imunologista, com foco no diagn\u00f3stico e tratamento de alergias e imunodefici\u00eancias. Desempenha a pr\u00e1tica cl\u00ednica em alergologia e imunologia, orientando pacientes com condi\u00e7\u00f5es al\u00e9rgicas.<\/p>\n<h3>Sobre o programa &#8216;Ol\u00e1! Bom Dia!&#8217;<\/h3>\n<p>O programa \u00e9 uma produ\u00e7\u00e3o da CMTV, que traz informa\u00e7\u00f5es de sa\u00fade, bem-estar, entretenimento e atualidades. A participa\u00e7\u00e3o de especialistas, como Sofia Campina, visa esclarecer d\u00favidas da popula\u00e7\u00e3o.<\/p>\n","protected":false},"excerpt":{"rendered":"<ul>\n<li>A chegada da primavera aumenta o p\u00f3len no ar, o que pode agravar alergias; \u00e9 essencial estar preparado.<\/li>\n<li>Consultar antes da primavera um imunoalergologista para avalia\u00e7\u00e3o e poss\u00edvel prescri\u00e7\u00e3o de medicamentos espec\u00edficos.<\/li>\n<li>Seguir regularmente o tratamento indicado e, quando sair de casa, usar m\u00e1scara para evitar a inala\u00e7\u00e3o de p\u00f3len.<\/li>\n<li>Preparar a casa com limpeza frequente e utiliza\u00e7\u00e3o de filtros de ar de alta efici\u00eancia (HEPA), reduzindo p\u00f3 e \u00e1caros; manter a humidade sob controlo.<\/li>\n<li>Se os sintomas persistirem ou piorarem, procurar apoio m\u00e9dico, evitando o uso indiscriminado de antial\u00e9rgicos.<\/li>\n<\/ul>\n","protected":false},"author":2,"featured_media":419868,"comment_status":"closed","ping_status":"closed","sticky":false,"template":"","format":"standard","meta":{"footnotes":""},"categories":[6745],"tags":[61,5129,195,7211,45,172],"class_list":["post-419865","post","type-post","status-publish","format-standard","has-post-thumbnail","hentry","category-saude","tag-doencas","tag-imunologia","tag-informacao","tag-medicina","tag-meio-ambiente","tag-saude"],"yoast_head":"<!-- This site is optimized with the Yoast SEO plugin v27.2 - https:\/\/yoast.com\/product\/yoast-seo-wordpress\/ -->\n<title>Com a Primavera, imunoalergologista explica como preparar-se para alergias - Portal Tela Portugal<\/title>\n<meta name=\"robots\" content=\"index, follow, max-snippet:-1, max-image-preview:large, max-video-preview:-1\" \/>\n<meta property=\"og:locale\" content=\"pt_PT\" \/>\n<meta property=\"og:type\" content=\"article\" \/>\n<meta property=\"og:title\" content=\"Com a Primavera, imunoalergologista explica como preparar-se para alergias - Portal Tela Portugal\" \/>\n<meta property=\"og:description\" content=\"A chegada da primavera aumenta o p\u00f3len no ar, o que pode agravar alergias; \u00e9 essencial estar preparado. Consultar antes da primavera um imunoalergologista para avalia\u00e7\u00e3o e poss\u00edvel prescri\u00e7\u00e3o de medicamentos espec\u00edficos. Seguir regularmente o tratamento indicado e, quando sair de casa, usar m\u00e1scara para evitar a inala\u00e7\u00e3o de p\u00f3len. Preparar a casa com limpeza frequente e utiliza\u00e7\u00e3o de filtros de ar de alta efici\u00eancia (HEPA), reduzindo p\u00f3 e \u00e1caros; manter a humidade sob controlo. Se os sintomas persistirem ou piorarem, procurar apoio m\u00e9dico, evitando o uso indiscriminado de antial\u00e9rgicos.\" \/>\n<meta property=\"og:url\" content=\"https:\/\/portaltela.pt\/noticias\/2026\/03\/24\/com-a-primavera-imunoalergologista-explica-como-preparar-se-para-alergias\/\" \/>\n<meta property=\"og:site_name\" content=\"Portal Tela Portugal\" \/>\n<meta property=\"article:published_time\" content=\"2026-03-24T17:07:06+00:00\" \/>\n<meta name=\"author\" content=\"Telinha\" \/>\n<meta name=\"twitter:card\" content=\"summary_large_image\" \/>\n<meta name=\"twitter:label1\" content=\"Escrito por\" \/>\n\t<meta name=\"twitter:data1\" content=\"Telinha\" \/>\n\t<meta name=\"twitter:label2\" content=\"Tempo estimado de leitura\" \/>\n\t<meta name=\"twitter:data2\" content=\"3 minutos\" \/>\n<script type=\"application\/ld+json\" class=\"yoast-schema-graph\">{\"@context\":\"https:\/\/schema.org\",\"@graph\":[{\"@type\":\"Article\",\"@id\":\"https:\/\/portaltela.pt\/noticias\/2026\/03\/24\/com-a-primavera-imunoalergologista-explica-como-preparar-se-para-alergias\/#article\",\"isPartOf\":{\"@id\":\"https:\/\/portaltela.pt\/noticias\/2026\/03\/24\/com-a-primavera-imunoalergologista-explica-como-preparar-se-para-alergias\/\"},\"author\":{\"name\":\"Telinha\",\"@id\":\"https:\/\/portaltela.pt\/#\/schema\/person\/c4278d4a6028830caff9ee44b42d32ed\"},\"headline\":\"Com a Primavera, imunoalergologista explica como preparar-se para alergias\",\"datePublished\":\"2026-03-24T17:07:06+00:00\",\"mainEntityOfPage\":{\"@id\":\"https:\/\/portaltela.pt\/noticias\/2026\/03\/24\/com-a-primavera-imunoalergologista-explica-como-preparar-se-para-alergias\/\"},\"wordCount\":514,\"image\":{\"@id\":\"https:\/\/portaltela.pt\/noticias\/2026\/03\/24\/com-a-primavera-imunoalergologista-explica-como-preparar-se-para-alergias\/#primaryimage\"},\"thumbnailUrl\":\"https:\/\/portaltela.pt\/s.01k8rhncp4jt1\/2026\/03\/img_1280x722uu2026-03-24-17-05-28-2274579.jpg\",\"keywords\":[\"doen\u00e7as\",\"imunologia\",\"informa\u00e7\u00e3o\",\"medicina\",\"meio-ambiente\",\"sa\u00fade\"],\"articleSection\":[\"Sa\u00fade\"],\"inLanguage\":\"pt-PT\"},{\"@type\":\"WebPage\",\"@id\":\"https:\/\/portaltela.pt\/noticias\/2026\/03\/24\/com-a-primavera-imunoalergologista-explica-como-preparar-se-para-alergias\/\",\"url\":\"https:\/\/portaltela.pt\/noticias\/2026\/03\/24\/com-a-primavera-imunoalergologista-explica-como-preparar-se-para-alergias\/\",\"name\":\"Com a Primavera, imunoalergologista explica como preparar-se para alergias - Portal Tela Portugal\",\"isPartOf\":{\"@id\":\"https:\/\/portaltela.pt\/#website\"},\"primaryImageOfPage\":{\"@id\":\"https:\/\/portaltela.pt\/noticias\/2026\/03\/24\/com-a-primavera-imunoalergologista-explica-como-preparar-se-para-alergias\/#primaryimage\"},\"image\":{\"@id\":\"https:\/\/portaltela.pt\/noticias\/2026\/03\/24\/com-a-primavera-imunoalergologista-explica-como-preparar-se-para-alergias\/#primaryimage\"},\"thumbnailUrl\":\"https:\/\/portaltela.pt\/s.01k8rhncp4jt1\/2026\/03\/img_1280x722uu2026-03-24-17-05-28-2274579.jpg\",\"datePublished\":\"2026-03-24T17:07:06+00:00\",\"author\":{\"@id\":\"https:\/\/portaltela.pt\/#\/schema\/person\/c4278d4a6028830caff9ee44b42d32ed\"},\"breadcrumb\":{\"@id\":\"https:\/\/portaltela.pt\/noticias\/2026\/03\/24\/com-a-primavera-imunoalergologista-explica-como-preparar-se-para-alergias\/#breadcrumb\"},\"inLanguage\":\"pt-PT\",\"potentialAction\":[{\"@type\":\"ReadAction\",\"target\":[\"https:\/\/portaltela.pt\/noticias\/2026\/03\/24\/com-a-primavera-imunoalergologista-explica-como-preparar-se-para-alergias\/\"]}]},{\"@type\":\"ImageObject\",\"inLanguage\":\"pt-PT\",\"@id\":\"https:\/\/portaltela.pt\/noticias\/2026\/03\/24\/com-a-primavera-imunoalergologista-explica-como-preparar-se-para-alergias\/#primaryimage\",\"url\":\"https:\/\/portaltela.pt\/s.01k8rhncp4jt1\/2026\/03\/img_1280x722uu2026-03-24-17-05-28-2274579.jpg\",\"contentUrl\":\"https:\/\/portaltela.pt\/s.01k8rhncp4jt1\/2026\/03\/img_1280x722uu2026-03-24-17-05-28-2274579.jpg\",\"width\":796,\"height\":448,\"caption\":\"Imagem de Sofia Campina, m\u00e9dica imunoalergologista, durante entrevista no programa 'Ol\u00e1! Bom Dia!'\"},{\"@type\":\"BreadcrumbList\",\"@id\":\"https:\/\/portaltela.pt\/noticias\/2026\/03\/24\/com-a-primavera-imunoalergologista-explica-como-preparar-se-para-alergias\/#breadcrumb\",\"itemListElement\":[{\"@type\":\"ListItem\",\"position\":1,\"name\":\"In\u00edcio\",\"item\":\"https:\/\/portaltela.pt\/\"},{\"@type\":\"ListItem\",\"position\":2,\"name\":\"Com a Primavera, imunoalergologista explica como preparar-se para alergias\"}]},{\"@type\":\"WebSite\",\"@id\":\"https:\/\/portaltela.pt\/#website\",\"url\":\"https:\/\/portaltela.pt\/\",\"name\":\"Portal Tela Portugal\",\"description\":\"\",\"potentialAction\":[{\"@type\":\"SearchAction\",\"target\":{\"@type\":\"EntryPoint\",\"urlTemplate\":\"https:\/\/portaltela.pt\/?s={search_term_string}\"},\"query-input\":{\"@type\":\"PropertyValueSpecification\",\"valueRequired\":true,\"valueName\":\"search_term_string\"}}],\"inLanguage\":\"pt-PT\"},{\"@type\":\"Person\",\"@id\":\"https:\/\/portaltela.pt\/#\/schema\/person\/c4278d4a6028830caff9ee44b42d32ed\",\"name\":\"Telinha\",\"image\":{\"@type\":\"ImageObject\",\"inLanguage\":\"pt-PT\",\"@id\":\"https:\/\/portaltela.pt\/s.01k8rhncp4jt1\/2025\/11\/talking-bot-125x125.png\",\"url\":\"https:\/\/portaltela.pt\/s.01k8rhncp4jt1\/2025\/11\/talking-bot-125x125.png\",\"contentUrl\":\"https:\/\/portaltela.pt\/s.01k8rhncp4jt1\/2025\/11\/talking-bot-125x125.png\",\"caption\":\"Telinha\"},\"sameAs\":[\"https:\/\/portaltela.pt\/\"],\"url\":\"https:\/\/portaltela.pt\/por\/367410592786\/\"}]}<\/script>\n<!-- \/ Yoast SEO plugin. -->","yoast_head_json":{"title":"Com a Primavera, imunoalergologista explica como preparar-se para alergias - Portal Tela Portugal","robots":{"index":"index","follow":"follow","max-snippet":"max-snippet:-1","max-image-preview":"max-image-preview:large","max-video-preview":"max-video-preview:-1"},"og_locale":"pt_PT","og_type":"article","og_title":"Com a Primavera, imunoalergologista explica como preparar-se para alergias - Portal Tela Portugal","og_description":"A chegada da primavera aumenta o p\u00f3len no ar, o que pode agravar alergias; \u00e9 essencial estar preparado. Consultar antes da primavera um imunoalergologista para avalia\u00e7\u00e3o e poss\u00edvel prescri\u00e7\u00e3o de medicamentos espec\u00edficos. Seguir regularmente o tratamento indicado e, quando sair de casa, usar m\u00e1scara para evitar a inala\u00e7\u00e3o de p\u00f3len. Preparar a casa com limpeza frequente e utiliza\u00e7\u00e3o de filtros de ar de alta efici\u00eancia (HEPA), reduzindo p\u00f3 e \u00e1caros; manter a humidade sob controlo. Se os sintomas persistirem ou piorarem, procurar apoio m\u00e9dico, evitando o uso indiscriminado de antial\u00e9rgicos.","og_url":"https:\/\/portaltela.pt\/noticias\/2026\/03\/24\/com-a-primavera-imunoalergologista-explica-como-preparar-se-para-alergias\/","og_site_name":"Portal Tela Portugal","article_published_time":"2026-03-24T17:07:06+00:00","author":"Telinha","twitter_card":"summary_large_image","twitter_misc":{"Escrito por":"Telinha","Tempo estimado de leitura":"3 minutos"},"schema":{"@context":"https:\/\/schema.org","@graph":[{"@type":"Article","@id":"https:\/\/portaltela.pt\/noticias\/2026\/03\/24\/com-a-primavera-imunoalergologista-explica-como-preparar-se-para-alergias\/#article","isPartOf":{"@id":"https:\/\/portaltela.pt\/noticias\/2026\/03\/24\/com-a-primavera-imunoalergologista-explica-como-preparar-se-para-alergias\/"},"author":{"name":"Telinha","@id":"https:\/\/portaltela.pt\/#\/schema\/person\/c4278d4a6028830caff9ee44b42d32ed"},"headline":"Com a Primavera, imunoalergologista explica como preparar-se para alergias","datePublished":"2026-03-24T17:07:06+00:00","mainEntityOfPage":{"@id":"https:\/\/portaltela.pt\/noticias\/2026\/03\/24\/com-a-primavera-imunoalergologista-explica-como-preparar-se-para-alergias\/"},"wordCount":514,"image":{"@id":"https:\/\/portaltela.pt\/noticias\/2026\/03\/24\/com-a-primavera-imunoalergologista-explica-como-preparar-se-para-alergias\/#primaryimage"},"thumbnailUrl":"https:\/\/portaltela.pt\/s.01k8rhncp4jt1\/2026\/03\/img_1280x722uu2026-03-24-17-05-28-2274579.jpg","keywords":["doen\u00e7as","imunologia","informa\u00e7\u00e3o","medicina","meio-ambiente","sa\u00fade"],"articleSection":["Sa\u00fade"],"inLanguage":"pt-PT"},{"@type":"WebPage","@id":"https:\/\/portaltela.pt\/noticias\/2026\/03\/24\/com-a-primavera-imunoalergologista-explica-como-preparar-se-para-alergias\/","url":"https:\/\/portaltela.pt\/noticias\/2026\/03\/24\/com-a-primavera-imunoalergologista-explica-como-preparar-se-para-alergias\/","name":"Com a Primavera, imunoalergologista explica como preparar-se para alergias - Portal Tela Portugal","isPartOf":{"@id":"https:\/\/portaltela.pt\/#website"},"primaryImageOfPage":{"@id":"https:\/\/portaltela.pt\/noticias\/2026\/03\/24\/com-a-primavera-imunoalergologista-explica-como-preparar-se-para-alergias\/#primaryimage"},"image":{"@id":"https:\/\/portaltela.pt\/noticias\/2026\/03\/24\/com-a-primavera-imunoalergologista-explica-como-preparar-se-para-alergias\/#primaryimage"},"thumbnailUrl":"https:\/\/portaltela.pt\/s.01k8rhncp4jt1\/2026\/03\/img_1280x722uu2026-03-24-17-05-28-2274579.jpg","datePublished":"2026-03-24T17:07:06+00:00","author":{"@id":"https:\/\/portaltela.pt\/#\/schema\/person\/c4278d4a6028830caff9ee44b42d32ed"},"breadcrumb":{"@id":"https:\/\/portaltela.pt\/noticias\/2026\/03\/24\/com-a-primavera-imunoalergologista-explica-como-preparar-se-para-alergias\/#breadcrumb"},"inLanguage":"pt-PT","potentialAction":[{"@type":"ReadAction","target":["https:\/\/portaltela.pt\/noticias\/2026\/03\/24\/com-a-primavera-imunoalergologista-explica-como-preparar-se-para-alergias\/"]}]},{"@type":"ImageObject","inLanguage":"pt-PT","@id":"https:\/\/portaltela.pt\/noticias\/2026\/03\/24\/com-a-primavera-imunoalergologista-explica-como-preparar-se-para-alergias\/#primaryimage","url":"https:\/\/portaltela.pt\/s.01k8rhncp4jt1\/2026\/03\/img_1280x722uu2026-03-24-17-05-28-2274579.jpg","contentUrl":"https:\/\/portaltela.pt\/s.01k8rhncp4jt1\/2026\/03\/img_1280x722uu2026-03-24-17-05-28-2274579.jpg","width":796,"height":448,"caption":"Imagem de Sofia Campina, m\u00e9dica imunoalergologista, durante entrevista no programa 'Ol\u00e1! Bom Dia!'"},{"@type":"BreadcrumbList","@id":"https:\/\/portaltela.pt\/noticias\/2026\/03\/24\/com-a-primavera-imunoalergologista-explica-como-preparar-se-para-alergias\/#breadcrumb","itemListElement":[{"@type":"ListItem","position":1,"name":"In\u00edcio","item":"https:\/\/portaltela.pt\/"},{"@type":"ListItem","position":2,"name":"Com a Primavera, imunoalergologista explica como preparar-se para alergias"}]},{"@type":"WebSite","@id":"https:\/\/portaltela.pt\/#website","url":"https:\/\/portaltela.pt\/","name":"Portal Tela Portugal","description":"","potentialAction":[{"@type":"SearchAction","target":{"@type":"EntryPoint","urlTemplate":"https:\/\/portaltela.pt\/?s={search_term_string}"},"query-input":{"@type":"PropertyValueSpecification","valueRequired":true,"valueName":"search_term_string"}}],"inLanguage":"pt-PT"},{"@type":"Person","@id":"https:\/\/portaltela.pt\/#\/schema\/person\/c4278d4a6028830caff9ee44b42d32ed","name":"Telinha","image":{"@type":"ImageObject","inLanguage":"pt-PT","@id":"https:\/\/portaltela.pt\/s.01k8rhncp4jt1\/2025\/11\/talking-bot-125x125.png","url":"https:\/\/portaltela.pt\/s.01k8rhncp4jt1\/2025\/11\/talking-bot-125x125.png","contentUrl":"https:\/\/portaltela.pt\/s.01k8rhncp4jt1\/2025\/11\/talking-bot-125x125.png","caption":"Telinha"},"sameAs":["https:\/\/portaltela.pt\/"],"url":"https:\/\/portaltela.pt\/por\/367410592786\/"}]}},"_links":{"self":[{"href":"https:\/\/portaltela.pt\/api\/wp\/v2\/posts\/419865","targetHints":{"allow":["GET"]}}],"collection":[{"href":"https:\/\/portaltela.pt\/api\/wp\/v2\/posts"}],"about":[{"href":"https:\/\/portaltela.pt\/api\/wp\/v2\/types\/post"}],"author":[{"embeddable":true,"href":"https:\/\/portaltela.pt\/api\/wp\/v2\/users\/2"}],"replies":[{"embeddable":true,"href":"https:\/\/portaltela.pt\/api\/wp\/v2\/comments?post=419865"}],"version-history":[{"count":0,"href":"https:\/\/portaltela.pt\/api\/wp\/v2\/posts\/419865\/revisions"}],"wp:featuredmedia":[{"embeddable":true,"href":"https:\/\/portaltela.pt\/api\/wp\/v2\/media\/419868"}],"wp:attachment":[{"href":"https:\/\/portaltela.pt\/api\/wp\/v2\/media?parent=419865"}],"wp:term":[{"taxonomy":"category","embeddable":true,"href":"https:\/\/portaltela.pt\/api\/wp\/v2\/categories?post=419865"},{"taxonomy":"post_tag","embeddable":true,"href":"https:\/\/portaltela.pt\/api\/wp\/v2\/tags?post=419865"}],"curies":[{"name":"wp","href":"https:\/\/api.w.org\/{rel}","templated":true}]}}