{"id":419844,"date":"2026-03-24T13:50:19","date_gmt":"2026-03-24T16:50:19","guid":{"rendered":"https:\/\/portaltela.pt\/noticias\/2026\/03\/24\/ordem-dos-enfermeiros-condenada-por-litigancia-de-ma-fe-contra-jornalistas\/"},"modified":"2026-03-24T13:50:19","modified_gmt":"2026-03-24T16:50:19","slug":"ordem-dos-enfermeiros-condenada-por-litigancia-de-ma-fe-contra-jornalistas","status":"publish","type":"post","link":"https:\/\/portaltela.pt\/noticias\/2026\/03\/24\/ordem-dos-enfermeiros-condenada-por-litigancia-de-ma-fe-contra-jornalistas\/","title":{"rendered":"Ordem dos Enfermeiros condenada por litig\u00e2ncia de m\u00e1-f\u00e9 contra jornalistas"},"content":{"rendered":"<p>A Ordem dos Enfermeiros foi condenada pelo Tribunal Central C\u00edvel de Cascais como litigante de m\u00e1-f\u00e9 numa a\u00e7\u00e3o movida contra jornalistas, relacionada com uma reportagem da TVI. O tribunal entendeu que o organismo visou condicionar a atua\u00e7\u00e3o dos profissionais ao process\u00e1-los.<\/p>\n<p>A a\u00e7\u00e3o tinha como caso-base uma reportagem exibida pela TVI em fevereiro de 2017 sobre um alegado desfalque na OE. O processo-crime que lhe seguiu levou \u00e0 absolvi\u00e7\u00e3o do atual baston\u00e1rio, Lu\u00eds Filipe Barreira, da antecessora Ana Rita Cavaco e de mais onze envolvidos, em novembro de 2025.<\/p>\n<p>Na senten\u00e7a, datada de 19 de mar\u00e7o de 2026, o Tribunal Central C\u00edvel de Cascais condenou a OE e os dois nomes acima, bem como outras cinco pessoas associadas \u00e0 Ordem, a pagar uma multa de 1 020 euros cada. N\u00e3o houve indemniza\u00e7\u00e3o aos alegados lesados.<\/p>\n<p>O juiz rejeitou o pedido de indemniza\u00e7\u00e3o em milhares de euros contra a TVI, os jornalistas e fontes da reportagem, afirmando que as a\u00e7\u00f5es visavam condicionar os jornalistas e fontes que participaram na pe\u00e7a. O despacho ressalta a prote\u00e7\u00e3o do direito de express\u00e3o e de imprensa.<\/p>\n<p>A decis\u00e3o pode ainda ser objeto de recurso para o Tribunal da Rela\u00e7\u00e3o de Lisboa. A Lusa teve acesso \u00e0 senten\u00e7a nesta ter\u00e7a-feira e details constam no documento judicial. A informa\u00e7\u00e3o original foi disponibilizada pela ag\u00eancia.<\/p>\n","protected":false},"excerpt":{"rendered":"<ul>\n<li>O Tribunal Central C\u00edvel de Cascais condenou a Ordem dos Enfermeiros como litigante de m\u00e1-f\u00e9 numa a\u00e7\u00e3o contra jornalistas relacionada com uma reportagem da TVI de fevereiro de 2017 sobre um alegado desfalque.<\/li>\n<li>O processo resultou na absolvi\u00e7\u00e3o do atual baston\u00e1rio, Lu\u00eds Filipe Barreira, da sua antecessora Ana Rita Cavaco e de outras 11 pessoas ligadas \u00e0 Ordem, no Tribunal Central Criminal de Lisboa, em novembro de 2025.<\/li>\n<li>Na senten\u00e7a de 19 de mar\u00e7o de 2026, a OE e Barreira, Cavaco e mais cinco envolvidos foram condenados a pagar 1.020 euros de multa.<\/li>\n<li>Os oito reclamantes pretendiam indemniza\u00e7\u00f5es em milhares de euros da esta\u00e7\u00e3o de televis\u00e3o, dos jornalistas e de elementos da OE, op\u00e7\u00e3o rejeitada pelo juiz.<\/li>\n<li>O magistrado considerou que os queixosos atuaram de forma concertada para condicionar jornalistas e fontes da reportagem, destacando a necessidade de preservar a livre express\u00e3o e o papel da imprensa; a decis\u00e3o pode ser recorrida para o Tribunal da Rela\u00e7\u00e3o de Lisboa.<\/li>\n<\/ul>\n","protected":false},"author":2,"featured_media":419848,"comment_status":"closed","ping_status":"closed","sticky":false,"template":"","format":"standard","meta":{"footnotes":""},"categories":[6815,1],"tags":[506,5707,3512,2933,3667,6208],"class_list":["post-419844","post","type-post","status-publish","format-standard","has-post-thumbnail","hentry","category-justica","category-noticias","tag-imprensa","tag-jornalistas","tag-liberdade-de-imprensa","tag-ordem-dos-enfermeiros","tag-processos","tag-tribunais"],"yoast_head":"<!-- This site is optimized with the Yoast SEO plugin v27.2 - https:\/\/yoast.com\/product\/yoast-seo-wordpress\/ -->\n<title>Ordem dos Enfermeiros condenada por litig\u00e2ncia de m\u00e1-f\u00e9 contra jornalistas - Portal Tela Portugal<\/title>\n<meta name=\"robots\" content=\"index, follow, max-snippet:-1, max-image-preview:large, max-video-preview:-1\" \/>\n<meta property=\"og:locale\" content=\"pt_PT\" \/>\n<meta property=\"og:type\" content=\"article\" \/>\n<meta property=\"og:title\" content=\"Ordem dos Enfermeiros condenada por litig\u00e2ncia de m\u00e1-f\u00e9 contra jornalistas - Portal Tela Portugal\" \/>\n<meta property=\"og:description\" content=\"O Tribunal Central C\u00edvel de Cascais condenou a Ordem dos Enfermeiros como litigante de m\u00e1-f\u00e9 numa a\u00e7\u00e3o contra jornalistas relacionada com uma reportagem da TVI de fevereiro de 2017 sobre um alegado desfalque. O processo resultou na absolvi\u00e7\u00e3o do atual baston\u00e1rio, Lu\u00eds Filipe Barreira, da sua antecessora Ana Rita Cavaco e de outras 11 pessoas ligadas \u00e0 Ordem, no Tribunal Central Criminal de Lisboa, em novembro de 2025. Na senten\u00e7a de 19 de mar\u00e7o de 2026, a OE e Barreira, Cavaco e mais cinco envolvidos foram condenados a pagar 1.020 euros de multa. Os oito reclamantes pretendiam indemniza\u00e7\u00f5es em milhares de euros da esta\u00e7\u00e3o de televis\u00e3o, dos jornalistas e de elementos da OE, op\u00e7\u00e3o rejeitada pelo juiz. O magistrado considerou que os queixosos atuaram de forma concertada para condicionar jornalistas e fontes da reportagem, destacando a necessidade de preservar a livre express\u00e3o e o papel da imprensa; a decis\u00e3o pode ser recorrida para o Tribunal da Rela\u00e7\u00e3o de Lisboa.\" \/>\n<meta property=\"og:url\" content=\"https:\/\/portaltela.pt\/noticias\/2026\/03\/24\/ordem-dos-enfermeiros-condenada-por-litigancia-de-ma-fe-contra-jornalistas\/\" \/>\n<meta property=\"og:site_name\" content=\"Portal Tela Portugal\" \/>\n<meta property=\"article:published_time\" content=\"2026-03-24T16:50:19+00:00\" \/>\n<meta name=\"author\" content=\"Telinha\" \/>\n<meta name=\"twitter:card\" content=\"summary_large_image\" \/>\n<meta name=\"twitter:label1\" content=\"Escrito por\" \/>\n\t<meta name=\"twitter:data1\" content=\"Telinha\" \/>\n\t<meta name=\"twitter:label2\" content=\"Tempo estimado de leitura\" \/>\n\t<meta name=\"twitter:data2\" content=\"1 minuto\" \/>\n<script type=\"application\/ld+json\" class=\"yoast-schema-graph\">{\"@context\":\"https:\/\/schema.org\",\"@graph\":[{\"@type\":\"Article\",\"@id\":\"https:\/\/portaltela.pt\/noticias\/2026\/03\/24\/ordem-dos-enfermeiros-condenada-por-litigancia-de-ma-fe-contra-jornalistas\/#article\",\"isPartOf\":{\"@id\":\"https:\/\/portaltela.pt\/noticias\/2026\/03\/24\/ordem-dos-enfermeiros-condenada-por-litigancia-de-ma-fe-contra-jornalistas\/\"},\"author\":{\"name\":\"Telinha\",\"@id\":\"https:\/\/portaltela.pt\/#\/schema\/person\/c4278d4a6028830caff9ee44b42d32ed\"},\"headline\":\"Ordem dos Enfermeiros condenada por litig\u00e2ncia de m\u00e1-f\u00e9 contra jornalistas\",\"datePublished\":\"2026-03-24T16:50:19+00:00\",\"mainEntityOfPage\":{\"@id\":\"https:\/\/portaltela.pt\/noticias\/2026\/03\/24\/ordem-dos-enfermeiros-condenada-por-litigancia-de-ma-fe-contra-jornalistas\/\"},\"wordCount\":245,\"image\":{\"@id\":\"https:\/\/portaltela.pt\/noticias\/2026\/03\/24\/ordem-dos-enfermeiros-condenada-por-litigancia-de-ma-fe-contra-jornalistas\/#primaryimage\"},\"thumbnailUrl\":\"https:\/\/portaltela.pt\/s.01k8rhncp4jt1\/2026\/03\/img_1500x1000uu2022-06-29-21-58-19-1164041.jpg\",\"keywords\":[\"imprensa\",\"jornalistas\",\"liberdade de imprensa\",\"Ordem dos Enfermeiros\",\"processos\",\"Tribunais\"],\"articleSection\":[\"Justi\u00e7a\",\"Not\u00edcias\"],\"inLanguage\":\"pt-PT\"},{\"@type\":\"WebPage\",\"@id\":\"https:\/\/portaltela.pt\/noticias\/2026\/03\/24\/ordem-dos-enfermeiros-condenada-por-litigancia-de-ma-fe-contra-jornalistas\/\",\"url\":\"https:\/\/portaltela.pt\/noticias\/2026\/03\/24\/ordem-dos-enfermeiros-condenada-por-litigancia-de-ma-fe-contra-jornalistas\/\",\"name\":\"Ordem dos Enfermeiros condenada por litig\u00e2ncia de m\u00e1-f\u00e9 contra jornalistas - Portal Tela Portugal\",\"isPartOf\":{\"@id\":\"https:\/\/portaltela.pt\/#website\"},\"primaryImageOfPage\":{\"@id\":\"https:\/\/portaltela.pt\/noticias\/2026\/03\/24\/ordem-dos-enfermeiros-condenada-por-litigancia-de-ma-fe-contra-jornalistas\/#primaryimage\"},\"image\":{\"@id\":\"https:\/\/portaltela.pt\/noticias\/2026\/03\/24\/ordem-dos-enfermeiros-condenada-por-litigancia-de-ma-fe-contra-jornalistas\/#primaryimage\"},\"thumbnailUrl\":\"https:\/\/portaltela.pt\/s.01k8rhncp4jt1\/2026\/03\/img_1500x1000uu2022-06-29-21-58-19-1164041.jpg\",\"datePublished\":\"2026-03-24T16:50:19+00:00\",\"author\":{\"@id\":\"https:\/\/portaltela.pt\/#\/schema\/person\/c4278d4a6028830caff9ee44b42d32ed\"},\"breadcrumb\":{\"@id\":\"https:\/\/portaltela.pt\/noticias\/2026\/03\/24\/ordem-dos-enfermeiros-condenada-por-litigancia-de-ma-fe-contra-jornalistas\/#breadcrumb\"},\"inLanguage\":\"pt-PT\",\"potentialAction\":[{\"@type\":\"ReadAction\",\"target\":[\"https:\/\/portaltela.pt\/noticias\/2026\/03\/24\/ordem-dos-enfermeiros-condenada-por-litigancia-de-ma-fe-contra-jornalistas\/\"]}]},{\"@type\":\"ImageObject\",\"inLanguage\":\"pt-PT\",\"@id\":\"https:\/\/portaltela.pt\/noticias\/2026\/03\/24\/ordem-dos-enfermeiros-condenada-por-litigancia-de-ma-fe-contra-jornalistas\/#primaryimage\",\"url\":\"https:\/\/portaltela.pt\/s.01k8rhncp4jt1\/2026\/03\/img_1500x1000uu2022-06-29-21-58-19-1164041.jpg\",\"contentUrl\":\"https:\/\/portaltela.pt\/s.01k8rhncp4jt1\/2026\/03\/img_1500x1000uu2022-06-29-21-58-19-1164041.jpg\",\"width\":796,\"height\":448,\"caption\":\"Enfermeiros\"},{\"@type\":\"BreadcrumbList\",\"@id\":\"https:\/\/portaltela.pt\/noticias\/2026\/03\/24\/ordem-dos-enfermeiros-condenada-por-litigancia-de-ma-fe-contra-jornalistas\/#breadcrumb\",\"itemListElement\":[{\"@type\":\"ListItem\",\"position\":1,\"name\":\"In\u00edcio\",\"item\":\"https:\/\/portaltela.pt\/\"},{\"@type\":\"ListItem\",\"position\":2,\"name\":\"Ordem dos Enfermeiros condenada por litig\u00e2ncia de m\u00e1-f\u00e9 contra jornalistas\"}]},{\"@type\":\"WebSite\",\"@id\":\"https:\/\/portaltela.pt\/#website\",\"url\":\"https:\/\/portaltela.pt\/\",\"name\":\"Portal Tela Portugal\",\"description\":\"\",\"potentialAction\":[{\"@type\":\"SearchAction\",\"target\":{\"@type\":\"EntryPoint\",\"urlTemplate\":\"https:\/\/portaltela.pt\/?s={search_term_string}\"},\"query-input\":{\"@type\":\"PropertyValueSpecification\",\"valueRequired\":true,\"valueName\":\"search_term_string\"}}],\"inLanguage\":\"pt-PT\"},{\"@type\":\"Person\",\"@id\":\"https:\/\/portaltela.pt\/#\/schema\/person\/c4278d4a6028830caff9ee44b42d32ed\",\"name\":\"Telinha\",\"image\":{\"@type\":\"ImageObject\",\"inLanguage\":\"pt-PT\",\"@id\":\"https:\/\/portaltela.pt\/s.01k8rhncp4jt1\/2025\/11\/talking-bot-125x125.png\",\"url\":\"https:\/\/portaltela.pt\/s.01k8rhncp4jt1\/2025\/11\/talking-bot-125x125.png\",\"contentUrl\":\"https:\/\/portaltela.pt\/s.01k8rhncp4jt1\/2025\/11\/talking-bot-125x125.png\",\"caption\":\"Telinha\"},\"sameAs\":[\"https:\/\/portaltela.pt\/\"],\"url\":\"https:\/\/portaltela.pt\/por\/367410592786\/\"}]}<\/script>\n<!-- \/ Yoast SEO plugin. -->","yoast_head_json":{"title":"Ordem dos Enfermeiros condenada por litig\u00e2ncia de m\u00e1-f\u00e9 contra jornalistas - Portal Tela Portugal","robots":{"index":"index","follow":"follow","max-snippet":"max-snippet:-1","max-image-preview":"max-image-preview:large","max-video-preview":"max-video-preview:-1"},"og_locale":"pt_PT","og_type":"article","og_title":"Ordem dos Enfermeiros condenada por litig\u00e2ncia de m\u00e1-f\u00e9 contra jornalistas - Portal Tela Portugal","og_description":"O Tribunal Central C\u00edvel de Cascais condenou a Ordem dos Enfermeiros como litigante de m\u00e1-f\u00e9 numa a\u00e7\u00e3o contra jornalistas relacionada com uma reportagem da TVI de fevereiro de 2017 sobre um alegado desfalque. O processo resultou na absolvi\u00e7\u00e3o do atual baston\u00e1rio, Lu\u00eds Filipe Barreira, da sua antecessora Ana Rita Cavaco e de outras 11 pessoas ligadas \u00e0 Ordem, no Tribunal Central Criminal de Lisboa, em novembro de 2025. Na senten\u00e7a de 19 de mar\u00e7o de 2026, a OE e Barreira, Cavaco e mais cinco envolvidos foram condenados a pagar 1.020 euros de multa. Os oito reclamantes pretendiam indemniza\u00e7\u00f5es em milhares de euros da esta\u00e7\u00e3o de televis\u00e3o, dos jornalistas e de elementos da OE, op\u00e7\u00e3o rejeitada pelo juiz. O magistrado considerou que os queixosos atuaram de forma concertada para condicionar jornalistas e fontes da reportagem, destacando a necessidade de preservar a livre express\u00e3o e o papel da imprensa; a decis\u00e3o pode ser recorrida para o Tribunal da Rela\u00e7\u00e3o de Lisboa.","og_url":"https:\/\/portaltela.pt\/noticias\/2026\/03\/24\/ordem-dos-enfermeiros-condenada-por-litigancia-de-ma-fe-contra-jornalistas\/","og_site_name":"Portal Tela Portugal","article_published_time":"2026-03-24T16:50:19+00:00","author":"Telinha","twitter_card":"summary_large_image","twitter_misc":{"Escrito por":"Telinha","Tempo estimado de leitura":"1 minuto"},"schema":{"@context":"https:\/\/schema.org","@graph":[{"@type":"Article","@id":"https:\/\/portaltela.pt\/noticias\/2026\/03\/24\/ordem-dos-enfermeiros-condenada-por-litigancia-de-ma-fe-contra-jornalistas\/#article","isPartOf":{"@id":"https:\/\/portaltela.pt\/noticias\/2026\/03\/24\/ordem-dos-enfermeiros-condenada-por-litigancia-de-ma-fe-contra-jornalistas\/"},"author":{"name":"Telinha","@id":"https:\/\/portaltela.pt\/#\/schema\/person\/c4278d4a6028830caff9ee44b42d32ed"},"headline":"Ordem dos Enfermeiros condenada por litig\u00e2ncia de m\u00e1-f\u00e9 contra jornalistas","datePublished":"2026-03-24T16:50:19+00:00","mainEntityOfPage":{"@id":"https:\/\/portaltela.pt\/noticias\/2026\/03\/24\/ordem-dos-enfermeiros-condenada-por-litigancia-de-ma-fe-contra-jornalistas\/"},"wordCount":245,"image":{"@id":"https:\/\/portaltela.pt\/noticias\/2026\/03\/24\/ordem-dos-enfermeiros-condenada-por-litigancia-de-ma-fe-contra-jornalistas\/#primaryimage"},"thumbnailUrl":"https:\/\/portaltela.pt\/s.01k8rhncp4jt1\/2026\/03\/img_1500x1000uu2022-06-29-21-58-19-1164041.jpg","keywords":["imprensa","jornalistas","liberdade de imprensa","Ordem dos Enfermeiros","processos","Tribunais"],"articleSection":["Justi\u00e7a","Not\u00edcias"],"inLanguage":"pt-PT"},{"@type":"WebPage","@id":"https:\/\/portaltela.pt\/noticias\/2026\/03\/24\/ordem-dos-enfermeiros-condenada-por-litigancia-de-ma-fe-contra-jornalistas\/","url":"https:\/\/portaltela.pt\/noticias\/2026\/03\/24\/ordem-dos-enfermeiros-condenada-por-litigancia-de-ma-fe-contra-jornalistas\/","name":"Ordem dos Enfermeiros condenada por litig\u00e2ncia de m\u00e1-f\u00e9 contra jornalistas - Portal Tela Portugal","isPartOf":{"@id":"https:\/\/portaltela.pt\/#website"},"primaryImageOfPage":{"@id":"https:\/\/portaltela.pt\/noticias\/2026\/03\/24\/ordem-dos-enfermeiros-condenada-por-litigancia-de-ma-fe-contra-jornalistas\/#primaryimage"},"image":{"@id":"https:\/\/portaltela.pt\/noticias\/2026\/03\/24\/ordem-dos-enfermeiros-condenada-por-litigancia-de-ma-fe-contra-jornalistas\/#primaryimage"},"thumbnailUrl":"https:\/\/portaltela.pt\/s.01k8rhncp4jt1\/2026\/03\/img_1500x1000uu2022-06-29-21-58-19-1164041.jpg","datePublished":"2026-03-24T16:50:19+00:00","author":{"@id":"https:\/\/portaltela.pt\/#\/schema\/person\/c4278d4a6028830caff9ee44b42d32ed"},"breadcrumb":{"@id":"https:\/\/portaltela.pt\/noticias\/2026\/03\/24\/ordem-dos-enfermeiros-condenada-por-litigancia-de-ma-fe-contra-jornalistas\/#breadcrumb"},"inLanguage":"pt-PT","potentialAction":[{"@type":"ReadAction","target":["https:\/\/portaltela.pt\/noticias\/2026\/03\/24\/ordem-dos-enfermeiros-condenada-por-litigancia-de-ma-fe-contra-jornalistas\/"]}]},{"@type":"ImageObject","inLanguage":"pt-PT","@id":"https:\/\/portaltela.pt\/noticias\/2026\/03\/24\/ordem-dos-enfermeiros-condenada-por-litigancia-de-ma-fe-contra-jornalistas\/#primaryimage","url":"https:\/\/portaltela.pt\/s.01k8rhncp4jt1\/2026\/03\/img_1500x1000uu2022-06-29-21-58-19-1164041.jpg","contentUrl":"https:\/\/portaltela.pt\/s.01k8rhncp4jt1\/2026\/03\/img_1500x1000uu2022-06-29-21-58-19-1164041.jpg","width":796,"height":448,"caption":"Enfermeiros"},{"@type":"BreadcrumbList","@id":"https:\/\/portaltela.pt\/noticias\/2026\/03\/24\/ordem-dos-enfermeiros-condenada-por-litigancia-de-ma-fe-contra-jornalistas\/#breadcrumb","itemListElement":[{"@type":"ListItem","position":1,"name":"In\u00edcio","item":"https:\/\/portaltela.pt\/"},{"@type":"ListItem","position":2,"name":"Ordem dos Enfermeiros condenada por litig\u00e2ncia de m\u00e1-f\u00e9 contra jornalistas"}]},{"@type":"WebSite","@id":"https:\/\/portaltela.pt\/#website","url":"https:\/\/portaltela.pt\/","name":"Portal Tela Portugal","description":"","potentialAction":[{"@type":"SearchAction","target":{"@type":"EntryPoint","urlTemplate":"https:\/\/portaltela.pt\/?s={search_term_string}"},"query-input":{"@type":"PropertyValueSpecification","valueRequired":true,"valueName":"search_term_string"}}],"inLanguage":"pt-PT"},{"@type":"Person","@id":"https:\/\/portaltela.pt\/#\/schema\/person\/c4278d4a6028830caff9ee44b42d32ed","name":"Telinha","image":{"@type":"ImageObject","inLanguage":"pt-PT","@id":"https:\/\/portaltela.pt\/s.01k8rhncp4jt1\/2025\/11\/talking-bot-125x125.png","url":"https:\/\/portaltela.pt\/s.01k8rhncp4jt1\/2025\/11\/talking-bot-125x125.png","contentUrl":"https:\/\/portaltela.pt\/s.01k8rhncp4jt1\/2025\/11\/talking-bot-125x125.png","caption":"Telinha"},"sameAs":["https:\/\/portaltela.pt\/"],"url":"https:\/\/portaltela.pt\/por\/367410592786\/"}]}},"_links":{"self":[{"href":"https:\/\/portaltela.pt\/api\/wp\/v2\/posts\/419844","targetHints":{"allow":["GET"]}}],"collection":[{"href":"https:\/\/portaltela.pt\/api\/wp\/v2\/posts"}],"about":[{"href":"https:\/\/portaltela.pt\/api\/wp\/v2\/types\/post"}],"author":[{"embeddable":true,"href":"https:\/\/portaltela.pt\/api\/wp\/v2\/users\/2"}],"replies":[{"embeddable":true,"href":"https:\/\/portaltela.pt\/api\/wp\/v2\/comments?post=419844"}],"version-history":[{"count":0,"href":"https:\/\/portaltela.pt\/api\/wp\/v2\/posts\/419844\/revisions"}],"wp:featuredmedia":[{"embeddable":true,"href":"https:\/\/portaltela.pt\/api\/wp\/v2\/media\/419848"}],"wp:attachment":[{"href":"https:\/\/portaltela.pt\/api\/wp\/v2\/media?parent=419844"}],"wp:term":[{"taxonomy":"category","embeddable":true,"href":"https:\/\/portaltela.pt\/api\/wp\/v2\/categories?post=419844"},{"taxonomy":"post_tag","embeddable":true,"href":"https:\/\/portaltela.pt\/api\/wp\/v2\/tags?post=419844"}],"curies":[{"name":"wp","href":"https:\/\/api.w.org\/{rel}","templated":true}]}}