{"id":419830,"date":"2026-03-24T14:02:10","date_gmt":"2026-03-24T17:02:10","guid":{"rendered":"https:\/\/portaltela.pt\/noticias\/2026\/03\/24\/moldavia-entra-em-estado-de-emergencia-no-setor-energetico-apos-ataques-russos\/"},"modified":"2026-03-24T14:02:10","modified_gmt":"2026-03-24T17:02:10","slug":"moldavia-entra-em-estado-de-emergencia-no-setor-energetico-apos-ataques-russos","status":"publish","type":"post","link":"https:\/\/portaltela.pt\/noticias\/2026\/03\/24\/moldavia-entra-em-estado-de-emergencia-no-setor-energetico-apos-ataques-russos\/","title":{"rendered":"Mold\u00e1via entra em estado de emerg\u00eancia no setor energ\u00e9tico ap\u00f3s ataques russos"},"content":{"rendered":"<p>O setor energ\u00e9tico da Moldova vive um estado de emerg\u00eancia por 60 dias, ap\u00f3s ataques russos a infraestruturas na Ucr\u00e2nia. A decis\u00e3o foi tomada pelo Governo moldavo e aguarda aprova\u00e7\u00e3o do parlamento em sess\u00e3o extraordin\u00e1ria.<\/p>\n<p>A linha de transporte de eletricidade Isaccea-Vulcanesti, que une a Moldova \u00e0 Europa, ficou interrompida na noite de ter\u00e7a-feira. O governo aponta falhas t\u00e9cnicas causadas por danos nos cabos de suporte na Ucr\u00e2nia.<\/p>\n<p>A medida de emerg\u00eancia facilita decis\u00f5es r\u00e1pidas sobre fornecimento de energia, incluindo desvio de regras de contrata\u00e7\u00e3o e flexibiliza\u00e7\u00e3o do consumo. Coordena\u00e7\u00e3o com Rom\u00e9nia e Ucr\u00e2nia tamb\u00e9m fica mais c\u00e9lere.<\/p>\n<p>Dano \u00e0 linha, principal espinha dorsal de importa\u00e7\u00e3o do ENTSO-E, reduz fluxos para 0 MW, estimando-se um d\u00e9fice de 350-400 MW nas horas de ponta a partir de amanh\u00e3. Recupera\u00e7\u00e3o depender\u00e1 de desminagem.<\/p>\n<p>Danos adicionais surgem com a descoberta de destro\u00e7os de drones perto de infraestruturas ucranianas, o que atrasa o trabalho t\u00e9cnico em seguran\u00e7a. Equipes dever\u00e3o proceder \u00e0 limpeza antes de avan\u00e7arem.<\/p>\n<p>O governo sublinha que a linha era respons\u00e1vel por entre 60% e 70% do consumo da Mold\u00e1via na margem direita. O restabelecimento completo depende de coopera\u00e7\u00e3o entre autoridades nacionais e parceiros europeus.<\/p>\n<p>L\u00edderes moldavos alertam para o agravamento da seguran\u00e7a energ\u00e9tica regional. Maia Sandu descreve os ataques como crime de guerra e respons\u00e1vel direto, citando a interrup\u00e7\u00e3o da liga\u00e7\u00e3o \u00e0 Europa.<\/p>\n<p>O vice-primeiro-ministro Mihai Pop\u015foi e o primeiro-ministro Alexandru Munteanu enfatizam a vulnerabilidade do sistema, mesmo com rotas alternativas j\u00e1 utilizadas para sustentar o fornecimento.<\/p>\n<p>Em mar\u00e7o, o bombardeamento da central hidroel\u00e9trica de Novodnestrovsk provocou polui\u00e7\u00e3o no rio Dniester, afetando o fornecimento de \u00e1gua pot\u00e1vel a cerca de 80% da popula\u00e7\u00e3o moldava.<\/p>\n","protected":false},"excerpt":{"rendered":"<ul>\n<li>O Governo da Mold\u00e1via aprovou um estado de emerg\u00eancia no setor energ\u00e9tico por sessenta dias, para responder aos ataques russos na Ucr\u00e2nia.<\/li>\n<li>A linha de transporte de eletricidade Isaccea-Vulcanesti, que liga a Mold\u00e1via \u00e0 Europa, ficou interrompida na ter\u00e7a-feira \u00e0 noite.<\/li>\n<li>A recupera\u00e7\u00e3o est\u00e1 dificultada por falhas t\u00e9cnicas identificadas nos elementos de suporte do cabo na Ucr\u00e2nia, que apontam para um curto-circuito grave exigindo medidas especializadas.<\/li>\n<li>A linha \u00e9 a principal espinha dorsal de importa\u00e7\u00e3o da Rede Europeia de Transmiss\u00e3o de Energia (ENTSO-E) e, normalmente, fornece entre sessenta por cento e setenta por cento do consumo na margem direita da Mold\u00e1via; os fluxos atuais est\u00e3o em zero megawatts, com d\u00e9fice estimado entre trezentos e cinquenta e quatrocentos megawatts nos hor\u00e1rios de ponta.<\/li>\n<li>A descoberta de destro\u00e7os de drones junto \u00e0s infraestruturas danificadas aumenta o risco, atrasando a desminagem e o in\u00edcio dos trabalhos t\u00e9cnicos, enquanto o Governo coordena a\u00e7\u00f5es com parceiros na Rom\u00e9nia e na Ucr\u00e2nia.<\/li>\n<\/ul>\n","protected":false},"author":2,"featured_media":419833,"comment_status":"closed","ping_status":"closed","sticky":false,"template":"","format":"standard","meta":{"footnotes":""},"categories":[6806,1],"tags":[6308,6384,2198,174,2487,2528],"class_list":["post-419830","post","type-post","status-publish","format-standard","has-post-thumbnail","hentry","category-energia","category-noticias","tag-a-russia","tag-a-ucrania","tag-conflitos-internacionais","tag-energia","tag-europa","tag-seguranca-civil"],"yoast_head":"<!-- This site is optimized with the Yoast SEO plugin v27.2 - https:\/\/yoast.com\/product\/yoast-seo-wordpress\/ -->\n<title>Mold\u00e1via entra em estado de emerg\u00eancia no setor energ\u00e9tico ap\u00f3s ataques russos - Portal Tela Portugal<\/title>\n<meta name=\"robots\" content=\"index, follow, max-snippet:-1, max-image-preview:large, max-video-preview:-1\" \/>\n<meta property=\"og:locale\" content=\"pt_PT\" \/>\n<meta property=\"og:type\" content=\"article\" \/>\n<meta property=\"og:title\" content=\"Mold\u00e1via entra em estado de emerg\u00eancia no setor energ\u00e9tico ap\u00f3s ataques russos - Portal Tela Portugal\" \/>\n<meta property=\"og:description\" content=\"O Governo da Mold\u00e1via aprovou um estado de emerg\u00eancia no setor energ\u00e9tico por sessenta dias, para responder aos ataques russos na Ucr\u00e2nia. A linha de transporte de eletricidade Isaccea-Vulcanesti, que liga a Mold\u00e1via \u00e0 Europa, ficou interrompida na ter\u00e7a-feira \u00e0 noite. A recupera\u00e7\u00e3o est\u00e1 dificultada por falhas t\u00e9cnicas identificadas nos elementos de suporte do cabo na Ucr\u00e2nia, que apontam para um curto-circuito grave exigindo medidas especializadas. A linha \u00e9 a principal espinha dorsal de importa\u00e7\u00e3o da Rede Europeia de Transmiss\u00e3o de Energia (ENTSO-E) e, normalmente, fornece entre sessenta por cento e setenta por cento do consumo na margem direita da Mold\u00e1via; os fluxos atuais est\u00e3o em zero megawatts, com d\u00e9fice estimado entre trezentos e cinquenta e quatrocentos megawatts nos hor\u00e1rios de ponta. A descoberta de destro\u00e7os de drones junto \u00e0s infraestruturas danificadas aumenta o risco, atrasando a desminagem e o in\u00edcio dos trabalhos t\u00e9cnicos, enquanto o Governo coordena a\u00e7\u00f5es com parceiros na Rom\u00e9nia e na Ucr\u00e2nia.\" \/>\n<meta property=\"og:url\" content=\"https:\/\/portaltela.pt\/noticias\/2026\/03\/24\/moldavia-entra-em-estado-de-emergencia-no-setor-energetico-apos-ataques-russos\/\" \/>\n<meta property=\"og:site_name\" content=\"Portal Tela Portugal\" \/>\n<meta property=\"article:published_time\" content=\"2026-03-24T17:02:10+00:00\" \/>\n<meta name=\"author\" content=\"Telinha\" \/>\n<meta name=\"twitter:card\" content=\"summary_large_image\" \/>\n<meta name=\"twitter:label1\" content=\"Escrito por\" \/>\n\t<meta name=\"twitter:data1\" content=\"Telinha\" \/>\n\t<meta name=\"twitter:label2\" content=\"Tempo estimado de leitura\" \/>\n\t<meta name=\"twitter:data2\" content=\"2 minutos\" \/>\n<script type=\"application\/ld+json\" class=\"yoast-schema-graph\">{\"@context\":\"https:\/\/schema.org\",\"@graph\":[{\"@type\":\"Article\",\"@id\":\"https:\/\/portaltela.pt\/noticias\/2026\/03\/24\/moldavia-entra-em-estado-de-emergencia-no-setor-energetico-apos-ataques-russos\/#article\",\"isPartOf\":{\"@id\":\"https:\/\/portaltela.pt\/noticias\/2026\/03\/24\/moldavia-entra-em-estado-de-emergencia-no-setor-energetico-apos-ataques-russos\/\"},\"author\":{\"name\":\"Telinha\",\"@id\":\"https:\/\/portaltela.pt\/#\/schema\/person\/c4278d4a6028830caff9ee44b42d32ed\"},\"headline\":\"Mold\u00e1via entra em estado de emerg\u00eancia no setor energ\u00e9tico ap\u00f3s ataques russos\",\"datePublished\":\"2026-03-24T17:02:10+00:00\",\"mainEntityOfPage\":{\"@id\":\"https:\/\/portaltela.pt\/noticias\/2026\/03\/24\/moldavia-entra-em-estado-de-emergencia-no-setor-energetico-apos-ataques-russos\/\"},\"wordCount\":324,\"image\":{\"@id\":\"https:\/\/portaltela.pt\/noticias\/2026\/03\/24\/moldavia-entra-em-estado-de-emergencia-no-setor-energetico-apos-ataques-russos\/#primaryimage\"},\"thumbnailUrl\":\"https:\/\/portaltela.pt\/s.01k8rhncp4jt1\/2026\/03\/1536x864_cmsv2_2d1c3d65-2473-5d95-ae2f-f73344834217-9696396.jpg\",\"keywords\":[\"a R\u00fassia\",\"a Ucr\u00e2nia\",\"conflitos internacionais\",\"energia\",\"Europa\",\"Seguran\u00e7a Civil\"],\"articleSection\":[\"Energia\",\"Not\u00edcias\"],\"inLanguage\":\"pt-PT\"},{\"@type\":\"WebPage\",\"@id\":\"https:\/\/portaltela.pt\/noticias\/2026\/03\/24\/moldavia-entra-em-estado-de-emergencia-no-setor-energetico-apos-ataques-russos\/\",\"url\":\"https:\/\/portaltela.pt\/noticias\/2026\/03\/24\/moldavia-entra-em-estado-de-emergencia-no-setor-energetico-apos-ataques-russos\/\",\"name\":\"Mold\u00e1via entra em estado de emerg\u00eancia no setor energ\u00e9tico ap\u00f3s ataques russos - Portal Tela Portugal\",\"isPartOf\":{\"@id\":\"https:\/\/portaltela.pt\/#website\"},\"primaryImageOfPage\":{\"@id\":\"https:\/\/portaltela.pt\/noticias\/2026\/03\/24\/moldavia-entra-em-estado-de-emergencia-no-setor-energetico-apos-ataques-russos\/#primaryimage\"},\"image\":{\"@id\":\"https:\/\/portaltela.pt\/noticias\/2026\/03\/24\/moldavia-entra-em-estado-de-emergencia-no-setor-energetico-apos-ataques-russos\/#primaryimage\"},\"thumbnailUrl\":\"https:\/\/portaltela.pt\/s.01k8rhncp4jt1\/2026\/03\/1536x864_cmsv2_2d1c3d65-2473-5d95-ae2f-f73344834217-9696396.jpg\",\"datePublished\":\"2026-03-24T17:02:10+00:00\",\"author\":{\"@id\":\"https:\/\/portaltela.pt\/#\/schema\/person\/c4278d4a6028830caff9ee44b42d32ed\"},\"breadcrumb\":{\"@id\":\"https:\/\/portaltela.pt\/noticias\/2026\/03\/24\/moldavia-entra-em-estado-de-emergencia-no-setor-energetico-apos-ataques-russos\/#breadcrumb\"},\"inLanguage\":\"pt-PT\",\"potentialAction\":[{\"@type\":\"ReadAction\",\"target\":[\"https:\/\/portaltela.pt\/noticias\/2026\/03\/24\/moldavia-entra-em-estado-de-emergencia-no-setor-energetico-apos-ataques-russos\/\"]}]},{\"@type\":\"ImageObject\",\"inLanguage\":\"pt-PT\",\"@id\":\"https:\/\/portaltela.pt\/noticias\/2026\/03\/24\/moldavia-entra-em-estado-de-emergencia-no-setor-energetico-apos-ataques-russos\/#primaryimage\",\"url\":\"https:\/\/portaltela.pt\/s.01k8rhncp4jt1\/2026\/03\/1536x864_cmsv2_2d1c3d65-2473-5d95-ae2f-f73344834217-9696396.jpg\",\"contentUrl\":\"https:\/\/portaltela.pt\/s.01k8rhncp4jt1\/2026\/03\/1536x864_cmsv2_2d1c3d65-2473-5d95-ae2f-f73344834217-9696396.jpg\",\"width\":796,\"height\":448,\"caption\":\"Arquivo\"},{\"@type\":\"BreadcrumbList\",\"@id\":\"https:\/\/portaltela.pt\/noticias\/2026\/03\/24\/moldavia-entra-em-estado-de-emergencia-no-setor-energetico-apos-ataques-russos\/#breadcrumb\",\"itemListElement\":[{\"@type\":\"ListItem\",\"position\":1,\"name\":\"In\u00edcio\",\"item\":\"https:\/\/portaltela.pt\/\"},{\"@type\":\"ListItem\",\"position\":2,\"name\":\"Mold\u00e1via entra em estado de emerg\u00eancia no setor energ\u00e9tico ap\u00f3s ataques russos\"}]},{\"@type\":\"WebSite\",\"@id\":\"https:\/\/portaltela.pt\/#website\",\"url\":\"https:\/\/portaltela.pt\/\",\"name\":\"Portal Tela Portugal\",\"description\":\"\",\"potentialAction\":[{\"@type\":\"SearchAction\",\"target\":{\"@type\":\"EntryPoint\",\"urlTemplate\":\"https:\/\/portaltela.pt\/?s={search_term_string}\"},\"query-input\":{\"@type\":\"PropertyValueSpecification\",\"valueRequired\":true,\"valueName\":\"search_term_string\"}}],\"inLanguage\":\"pt-PT\"},{\"@type\":\"Person\",\"@id\":\"https:\/\/portaltela.pt\/#\/schema\/person\/c4278d4a6028830caff9ee44b42d32ed\",\"name\":\"Telinha\",\"image\":{\"@type\":\"ImageObject\",\"inLanguage\":\"pt-PT\",\"@id\":\"https:\/\/portaltela.pt\/s.01k8rhncp4jt1\/2025\/11\/talking-bot-125x125.png\",\"url\":\"https:\/\/portaltela.pt\/s.01k8rhncp4jt1\/2025\/11\/talking-bot-125x125.png\",\"contentUrl\":\"https:\/\/portaltela.pt\/s.01k8rhncp4jt1\/2025\/11\/talking-bot-125x125.png\",\"caption\":\"Telinha\"},\"sameAs\":[\"https:\/\/portaltela.pt\/\"],\"url\":\"https:\/\/portaltela.pt\/por\/367410592786\/\"}]}<\/script>\n<!-- \/ Yoast SEO plugin. -->","yoast_head_json":{"title":"Mold\u00e1via entra em estado de emerg\u00eancia no setor energ\u00e9tico ap\u00f3s ataques russos - Portal Tela Portugal","robots":{"index":"index","follow":"follow","max-snippet":"max-snippet:-1","max-image-preview":"max-image-preview:large","max-video-preview":"max-video-preview:-1"},"og_locale":"pt_PT","og_type":"article","og_title":"Mold\u00e1via entra em estado de emerg\u00eancia no setor energ\u00e9tico ap\u00f3s ataques russos - Portal Tela Portugal","og_description":"O Governo da Mold\u00e1via aprovou um estado de emerg\u00eancia no setor energ\u00e9tico por sessenta dias, para responder aos ataques russos na Ucr\u00e2nia. A linha de transporte de eletricidade Isaccea-Vulcanesti, que liga a Mold\u00e1via \u00e0 Europa, ficou interrompida na ter\u00e7a-feira \u00e0 noite. A recupera\u00e7\u00e3o est\u00e1 dificultada por falhas t\u00e9cnicas identificadas nos elementos de suporte do cabo na Ucr\u00e2nia, que apontam para um curto-circuito grave exigindo medidas especializadas. A linha \u00e9 a principal espinha dorsal de importa\u00e7\u00e3o da Rede Europeia de Transmiss\u00e3o de Energia (ENTSO-E) e, normalmente, fornece entre sessenta por cento e setenta por cento do consumo na margem direita da Mold\u00e1via; os fluxos atuais est\u00e3o em zero megawatts, com d\u00e9fice estimado entre trezentos e cinquenta e quatrocentos megawatts nos hor\u00e1rios de ponta. A descoberta de destro\u00e7os de drones junto \u00e0s infraestruturas danificadas aumenta o risco, atrasando a desminagem e o in\u00edcio dos trabalhos t\u00e9cnicos, enquanto o Governo coordena a\u00e7\u00f5es com parceiros na Rom\u00e9nia e na Ucr\u00e2nia.","og_url":"https:\/\/portaltela.pt\/noticias\/2026\/03\/24\/moldavia-entra-em-estado-de-emergencia-no-setor-energetico-apos-ataques-russos\/","og_site_name":"Portal Tela Portugal","article_published_time":"2026-03-24T17:02:10+00:00","author":"Telinha","twitter_card":"summary_large_image","twitter_misc":{"Escrito por":"Telinha","Tempo estimado de leitura":"2 minutos"},"schema":{"@context":"https:\/\/schema.org","@graph":[{"@type":"Article","@id":"https:\/\/portaltela.pt\/noticias\/2026\/03\/24\/moldavia-entra-em-estado-de-emergencia-no-setor-energetico-apos-ataques-russos\/#article","isPartOf":{"@id":"https:\/\/portaltela.pt\/noticias\/2026\/03\/24\/moldavia-entra-em-estado-de-emergencia-no-setor-energetico-apos-ataques-russos\/"},"author":{"name":"Telinha","@id":"https:\/\/portaltela.pt\/#\/schema\/person\/c4278d4a6028830caff9ee44b42d32ed"},"headline":"Mold\u00e1via entra em estado de emerg\u00eancia no setor energ\u00e9tico ap\u00f3s ataques russos","datePublished":"2026-03-24T17:02:10+00:00","mainEntityOfPage":{"@id":"https:\/\/portaltela.pt\/noticias\/2026\/03\/24\/moldavia-entra-em-estado-de-emergencia-no-setor-energetico-apos-ataques-russos\/"},"wordCount":324,"image":{"@id":"https:\/\/portaltela.pt\/noticias\/2026\/03\/24\/moldavia-entra-em-estado-de-emergencia-no-setor-energetico-apos-ataques-russos\/#primaryimage"},"thumbnailUrl":"https:\/\/portaltela.pt\/s.01k8rhncp4jt1\/2026\/03\/1536x864_cmsv2_2d1c3d65-2473-5d95-ae2f-f73344834217-9696396.jpg","keywords":["a R\u00fassia","a Ucr\u00e2nia","conflitos internacionais","energia","Europa","Seguran\u00e7a Civil"],"articleSection":["Energia","Not\u00edcias"],"inLanguage":"pt-PT"},{"@type":"WebPage","@id":"https:\/\/portaltela.pt\/noticias\/2026\/03\/24\/moldavia-entra-em-estado-de-emergencia-no-setor-energetico-apos-ataques-russos\/","url":"https:\/\/portaltela.pt\/noticias\/2026\/03\/24\/moldavia-entra-em-estado-de-emergencia-no-setor-energetico-apos-ataques-russos\/","name":"Mold\u00e1via entra em estado de emerg\u00eancia no setor energ\u00e9tico ap\u00f3s ataques russos - Portal Tela Portugal","isPartOf":{"@id":"https:\/\/portaltela.pt\/#website"},"primaryImageOfPage":{"@id":"https:\/\/portaltela.pt\/noticias\/2026\/03\/24\/moldavia-entra-em-estado-de-emergencia-no-setor-energetico-apos-ataques-russos\/#primaryimage"},"image":{"@id":"https:\/\/portaltela.pt\/noticias\/2026\/03\/24\/moldavia-entra-em-estado-de-emergencia-no-setor-energetico-apos-ataques-russos\/#primaryimage"},"thumbnailUrl":"https:\/\/portaltela.pt\/s.01k8rhncp4jt1\/2026\/03\/1536x864_cmsv2_2d1c3d65-2473-5d95-ae2f-f73344834217-9696396.jpg","datePublished":"2026-03-24T17:02:10+00:00","author":{"@id":"https:\/\/portaltela.pt\/#\/schema\/person\/c4278d4a6028830caff9ee44b42d32ed"},"breadcrumb":{"@id":"https:\/\/portaltela.pt\/noticias\/2026\/03\/24\/moldavia-entra-em-estado-de-emergencia-no-setor-energetico-apos-ataques-russos\/#breadcrumb"},"inLanguage":"pt-PT","potentialAction":[{"@type":"ReadAction","target":["https:\/\/portaltela.pt\/noticias\/2026\/03\/24\/moldavia-entra-em-estado-de-emergencia-no-setor-energetico-apos-ataques-russos\/"]}]},{"@type":"ImageObject","inLanguage":"pt-PT","@id":"https:\/\/portaltela.pt\/noticias\/2026\/03\/24\/moldavia-entra-em-estado-de-emergencia-no-setor-energetico-apos-ataques-russos\/#primaryimage","url":"https:\/\/portaltela.pt\/s.01k8rhncp4jt1\/2026\/03\/1536x864_cmsv2_2d1c3d65-2473-5d95-ae2f-f73344834217-9696396.jpg","contentUrl":"https:\/\/portaltela.pt\/s.01k8rhncp4jt1\/2026\/03\/1536x864_cmsv2_2d1c3d65-2473-5d95-ae2f-f73344834217-9696396.jpg","width":796,"height":448,"caption":"Arquivo"},{"@type":"BreadcrumbList","@id":"https:\/\/portaltela.pt\/noticias\/2026\/03\/24\/moldavia-entra-em-estado-de-emergencia-no-setor-energetico-apos-ataques-russos\/#breadcrumb","itemListElement":[{"@type":"ListItem","position":1,"name":"In\u00edcio","item":"https:\/\/portaltela.pt\/"},{"@type":"ListItem","position":2,"name":"Mold\u00e1via entra em estado de emerg\u00eancia no setor energ\u00e9tico ap\u00f3s ataques russos"}]},{"@type":"WebSite","@id":"https:\/\/portaltela.pt\/#website","url":"https:\/\/portaltela.pt\/","name":"Portal Tela Portugal","description":"","potentialAction":[{"@type":"SearchAction","target":{"@type":"EntryPoint","urlTemplate":"https:\/\/portaltela.pt\/?s={search_term_string}"},"query-input":{"@type":"PropertyValueSpecification","valueRequired":true,"valueName":"search_term_string"}}],"inLanguage":"pt-PT"},{"@type":"Person","@id":"https:\/\/portaltela.pt\/#\/schema\/person\/c4278d4a6028830caff9ee44b42d32ed","name":"Telinha","image":{"@type":"ImageObject","inLanguage":"pt-PT","@id":"https:\/\/portaltela.pt\/s.01k8rhncp4jt1\/2025\/11\/talking-bot-125x125.png","url":"https:\/\/portaltela.pt\/s.01k8rhncp4jt1\/2025\/11\/talking-bot-125x125.png","contentUrl":"https:\/\/portaltela.pt\/s.01k8rhncp4jt1\/2025\/11\/talking-bot-125x125.png","caption":"Telinha"},"sameAs":["https:\/\/portaltela.pt\/"],"url":"https:\/\/portaltela.pt\/por\/367410592786\/"}]}},"_links":{"self":[{"href":"https:\/\/portaltela.pt\/api\/wp\/v2\/posts\/419830","targetHints":{"allow":["GET"]}}],"collection":[{"href":"https:\/\/portaltela.pt\/api\/wp\/v2\/posts"}],"about":[{"href":"https:\/\/portaltela.pt\/api\/wp\/v2\/types\/post"}],"author":[{"embeddable":true,"href":"https:\/\/portaltela.pt\/api\/wp\/v2\/users\/2"}],"replies":[{"embeddable":true,"href":"https:\/\/portaltela.pt\/api\/wp\/v2\/comments?post=419830"}],"version-history":[{"count":0,"href":"https:\/\/portaltela.pt\/api\/wp\/v2\/posts\/419830\/revisions"}],"wp:featuredmedia":[{"embeddable":true,"href":"https:\/\/portaltela.pt\/api\/wp\/v2\/media\/419833"}],"wp:attachment":[{"href":"https:\/\/portaltela.pt\/api\/wp\/v2\/media?parent=419830"}],"wp:term":[{"taxonomy":"category","embeddable":true,"href":"https:\/\/portaltela.pt\/api\/wp\/v2\/categories?post=419830"},{"taxonomy":"post_tag","embeddable":true,"href":"https:\/\/portaltela.pt\/api\/wp\/v2\/tags?post=419830"}],"curies":[{"name":"wp","href":"https:\/\/api.w.org\/{rel}","templated":true}]}}