{"id":419812,"date":"2026-03-24T13:10:00","date_gmt":"2026-03-24T16:10:00","guid":{"rendered":"https:\/\/portaltela.pt\/noticias\/2026\/03\/24\/secretario-geral-da-camara-de-lisboa-suspenso-no-caso-das-luzes-de-natal\/"},"modified":"2026-03-24T13:10:00","modified_gmt":"2026-03-24T16:10:00","slug":"secretario-geral-da-camara-de-lisboa-suspenso-no-caso-das-luzes-de-natal","status":"publish","type":"post","link":"https:\/\/portaltela.pt\/noticias\/2026\/03\/24\/secretario-geral-da-camara-de-lisboa-suspenso-no-caso-das-luzes-de-natal\/","title":{"rendered":"Secret\u00e1rio-geral da C\u00e2mara de Lisboa suspenso no caso das luzes de Natal"},"content":{"rendered":"<p>O secret\u00e1rio-geral da C\u00e2mara Municipal de Lisboa (CML), Alberto Laplaine Guimar\u00e3es, e a presidente da Uni\u00e3o de Associa\u00e7\u00f5es de Com\u00e9rcio e Servi\u00e7os (UACS) foram suspensos de fun\u00e7\u00f5es no \u00e2mbito de uma investiga\u00e7\u00e3o a alegado esquema de corrup\u00e7\u00e3o envolvendo as ilumina\u00e7\u00f5es de Natal. A decis\u00e3o impede ainda o acesso \u00e0s instala\u00e7\u00f5es onde exerciam fun\u00e7\u00f5es e o contacto com funcion\u00e1rios municipais.<\/p>\n<p>O juiz de instru\u00e7\u00e3o criminal do Porto, Pedro Miguel Vieira, aplicou cau\u00e7\u00e3o de 100 mil euros ao administrador \u00fanico da Castros \u2013 Ilumina\u00e7\u00f5es Festivas, empresa central do caso. Tamb\u00e9m determinou a suspens\u00e3o de fun\u00e7\u00f5es do gestor nas sociedades que administrava e proibiu contactos com trabalhadores da Castros e gerentes de outras empresas supostamente usadas para manipular procedimentos contratuais. Ainda impediram de contactar entre si os arguidos, incluindo um respons\u00e1vel comercial da Castros.<\/p>\n<p>Os detidos foram libertados no domingo anterior, ap\u00f3s as medidas de coa\u00e7\u00e3o solicitadas pelo Minist\u00e9rio P\u00fablico, devido a n\u00e3o terem car\u00e1cter detentivo. A decis\u00e3o desta ter\u00e7a-feira aumenta as restri\u00e7\u00f5es j\u00e1 existentes.<\/p>\n<h3>Investiga\u00e7\u00f5es e montante envolvido<\/h3>\n<p>A Pol\u00edcia Judici\u00e1ria estima que a Castros ter\u00e1 obtido contratos no valor de cerca de oito milh\u00f5es de euros de forma il\u00edcita. Diversos esquemas teriam sido usados para obter os neg\u00f3cios, com buscas realizadas em 10 autarquias: Lisboa, Figueira da Foz, Viseu, Trofa, Maia, P\u00f3voa de Varzim, Ovar, Santa Maria da Feira, Lamego e Tavira.<\/p>\n<p>Na C\u00e2mara de Lisboa, o protocolo com a UACS facilita a escolha da empresa fornecedora das ilumina\u00e7\u00f5es de Natal, sem concurso direto. No ano passado, a C\u00e2mara comparticipou quase 750 mil euros nestas ilumina\u00e7\u00f5es atrav\u00e9s desse acordo.<\/p>\n<h3>Mecanismos alegados<\/h3>\n<p>O Minist\u00e9rio P\u00fablico sustenta que o protocolo visava contornar as regras de contrata\u00e7\u00e3o p\u00fablica, permitindo a transfer\u00eancia direta de contratos da C\u00e2mara para a Castros via a UACS. O dinheiro seria depois repassado \u00e0 Castros, com parte devolvida \u00e0 UACS como contrapartidas.<\/p>\n<p>Outros elementos do caso envolvem a poss\u00edvel cria\u00e7\u00e3o de quatro sociedades ligadas \u00e0 Castros para influenciar concursos e consultas pr\u00e9vias, camufladas com testa-de-ferro. No total, pelo menos seis pessoas coletivas foram arguidas na Opera\u00e7\u00e3o L\u00famen, incluindo a Castros, as quatro sociedades citadas e a UACS.<\/p>\n<h3>Processo e pr\u00f3ximo passos<\/h3>\n<p>As investiga\u00e7\u00f5es apontam para coniv\u00eancia entre membros de autarquias e entidades privadas para estruturar propostas, favorecendo a Castros na defini\u00e7\u00e3o de empresas convidadas e no acesso a informa\u00e7\u00f5es privilegiadas. A investiga\u00e7\u00e3o continua a decorrer para esclarecer a eventual dimens\u00e3o do esquema e as responsabilidades dos envolvidos.<\/p>\n","protected":false},"excerpt":{"rendered":"<ul>\n<li>O secret\u00e1rio-geral da C\u00e2mara Municipal de Lisboa, Alberto Laplaine Guimar\u00e3es, e a presidente da Uni\u00e3o de Associa\u00e7\u00f5es de Com\u00e9rcio e Servi\u00e7os foram suspensos de fun\u00e7\u00f5es no caso das ilumina\u00e7\u00f5es de Natal.<\/li>\n<li>O juiz aplicou uma cau\u00e7\u00e3o de 100 mil euros ao administrador \u00fanico da Castros \u2013 Ilumina\u00e7\u00f5es Festivas, suspendendo-o das fun\u00e7\u00f5es e proibindo-o de contactar trabalhadores.<\/li>\n<li>Os tr\u00eas tamb\u00e9m ficaram proibidos de contactar entre si e de frequentar as instala\u00e7\u00f5es, numa medida associada \u00e0 Opera\u00e7\u00e3o L\u00famen e a outros detidos na \u00faltima semana.<\/li>\n<li>A Pol\u00edcia Judici\u00e1ria sustenta que a Castros obteve contratos no valor de oito milh\u00f5es de euros, com buscas realizadas em dez autarquias.<\/li>\n<li>O Minist\u00e9rio P\u00fablico entende que o protocolo entre a C\u00e2mara de Lisboa e a Uni\u00e3o de Associa\u00e7\u00f5es de Com\u00e9rcio e Servi\u00e7os visava contornar as regras de contrata\u00e7\u00e3o p\u00fablica, com o dinheiro a passar pela Uni\u00e3o para a Castros.<\/li>\n<\/ul>\n","protected":false},"author":2,"featured_media":419815,"comment_status":"closed","ping_status":"closed","sticky":false,"template":"","format":"standard","meta":{"footnotes":""},"categories":[6815,1],"tags":[5449,5306,1125,83,215,981],"class_list":["post-419812","post","type-post","status-publish","format-standard","has-post-thumbnail","hentry","category-justica","category-noticias","tag-camara-municipal","tag-contratacao-publica","tag-contratos","tag-corrupcao","tag-investigacao","tag-lisboa"],"yoast_head":"<!-- This site is optimized with the Yoast SEO plugin v27.2 - https:\/\/yoast.com\/product\/yoast-seo-wordpress\/ -->\n<title>Secret\u00e1rio-geral da C\u00e2mara de Lisboa suspenso no caso das luzes de Natal - Portal Tela Portugal<\/title>\n<meta name=\"robots\" content=\"index, follow, max-snippet:-1, max-image-preview:large, max-video-preview:-1\" \/>\n<meta property=\"og:locale\" content=\"pt_PT\" \/>\n<meta property=\"og:type\" content=\"article\" \/>\n<meta property=\"og:title\" content=\"Secret\u00e1rio-geral da C\u00e2mara de Lisboa suspenso no caso das luzes de Natal - Portal Tela Portugal\" \/>\n<meta property=\"og:description\" content=\"O secret\u00e1rio-geral da C\u00e2mara Municipal de Lisboa, Alberto Laplaine Guimar\u00e3es, e a presidente da Uni\u00e3o de Associa\u00e7\u00f5es de Com\u00e9rcio e Servi\u00e7os foram suspensos de fun\u00e7\u00f5es no caso das ilumina\u00e7\u00f5es de Natal. O juiz aplicou uma cau\u00e7\u00e3o de 100 mil euros ao administrador \u00fanico da Castros \u2013 Ilumina\u00e7\u00f5es Festivas, suspendendo-o das fun\u00e7\u00f5es e proibindo-o de contactar trabalhadores. Os tr\u00eas tamb\u00e9m ficaram proibidos de contactar entre si e de frequentar as instala\u00e7\u00f5es, numa medida associada \u00e0 Opera\u00e7\u00e3o L\u00famen e a outros detidos na \u00faltima semana. A Pol\u00edcia Judici\u00e1ria sustenta que a Castros obteve contratos no valor de oito milh\u00f5es de euros, com buscas realizadas em dez autarquias. O Minist\u00e9rio P\u00fablico entende que o protocolo entre a C\u00e2mara de Lisboa e a Uni\u00e3o de Associa\u00e7\u00f5es de Com\u00e9rcio e Servi\u00e7os visava contornar as regras de contrata\u00e7\u00e3o p\u00fablica, com o dinheiro a passar pela Uni\u00e3o para a Castros.\" \/>\n<meta property=\"og:url\" content=\"https:\/\/portaltela.pt\/noticias\/2026\/03\/24\/secretario-geral-da-camara-de-lisboa-suspenso-no-caso-das-luzes-de-natal\/\" \/>\n<meta property=\"og:site_name\" content=\"Portal Tela Portugal\" \/>\n<meta property=\"article:published_time\" content=\"2026-03-24T16:10:00+00:00\" \/>\n<meta name=\"author\" content=\"Telinha\" \/>\n<meta name=\"twitter:card\" content=\"summary_large_image\" \/>\n<meta name=\"twitter:label1\" content=\"Escrito por\" \/>\n\t<meta name=\"twitter:data1\" content=\"Telinha\" \/>\n\t<meta name=\"twitter:label2\" content=\"Tempo estimado de leitura\" \/>\n\t<meta name=\"twitter:data2\" content=\"2 minutos\" \/>\n<script type=\"application\/ld+json\" class=\"yoast-schema-graph\">{\"@context\":\"https:\/\/schema.org\",\"@graph\":[{\"@type\":\"Article\",\"@id\":\"https:\/\/portaltela.pt\/noticias\/2026\/03\/24\/secretario-geral-da-camara-de-lisboa-suspenso-no-caso-das-luzes-de-natal\/#article\",\"isPartOf\":{\"@id\":\"https:\/\/portaltela.pt\/noticias\/2026\/03\/24\/secretario-geral-da-camara-de-lisboa-suspenso-no-caso-das-luzes-de-natal\/\"},\"author\":{\"name\":\"Telinha\",\"@id\":\"https:\/\/portaltela.pt\/#\/schema\/person\/c4278d4a6028830caff9ee44b42d32ed\"},\"headline\":\"Secret\u00e1rio-geral da C\u00e2mara de Lisboa suspenso no caso das luzes de Natal\",\"datePublished\":\"2026-03-24T16:10:00+00:00\",\"mainEntityOfPage\":{\"@id\":\"https:\/\/portaltela.pt\/noticias\/2026\/03\/24\/secretario-geral-da-camara-de-lisboa-suspenso-no-caso-das-luzes-de-natal\/\"},\"wordCount\":465,\"image\":{\"@id\":\"https:\/\/portaltela.pt\/noticias\/2026\/03\/24\/secretario-geral-da-camara-de-lisboa-suspenso-no-caso-das-luzes-de-natal\/#primaryimage\"},\"thumbnailUrl\":\"https:\/\/portaltela.pt\/s.01k8rhncp4jt1\/2026\/03\/2076596.jpg\",\"keywords\":[\"C\u00e2mara Municipal\",\"contrata\u00e7\u00e3o p\u00fablica\",\"contratos\",\"corrup\u00e7\u00e3o\",\"investiga\u00e7\u00e3o\",\"Lisboa\"],\"articleSection\":[\"Justi\u00e7a\",\"Not\u00edcias\"],\"inLanguage\":\"pt-PT\"},{\"@type\":\"WebPage\",\"@id\":\"https:\/\/portaltela.pt\/noticias\/2026\/03\/24\/secretario-geral-da-camara-de-lisboa-suspenso-no-caso-das-luzes-de-natal\/\",\"url\":\"https:\/\/portaltela.pt\/noticias\/2026\/03\/24\/secretario-geral-da-camara-de-lisboa-suspenso-no-caso-das-luzes-de-natal\/\",\"name\":\"Secret\u00e1rio-geral da C\u00e2mara de Lisboa suspenso no caso das luzes de Natal - Portal Tela Portugal\",\"isPartOf\":{\"@id\":\"https:\/\/portaltela.pt\/#website\"},\"primaryImageOfPage\":{\"@id\":\"https:\/\/portaltela.pt\/noticias\/2026\/03\/24\/secretario-geral-da-camara-de-lisboa-suspenso-no-caso-das-luzes-de-natal\/#primaryimage\"},\"image\":{\"@id\":\"https:\/\/portaltela.pt\/noticias\/2026\/03\/24\/secretario-geral-da-camara-de-lisboa-suspenso-no-caso-das-luzes-de-natal\/#primaryimage\"},\"thumbnailUrl\":\"https:\/\/portaltela.pt\/s.01k8rhncp4jt1\/2026\/03\/2076596.jpg\",\"datePublished\":\"2026-03-24T16:10:00+00:00\",\"author\":{\"@id\":\"https:\/\/portaltela.pt\/#\/schema\/person\/c4278d4a6028830caff9ee44b42d32ed\"},\"breadcrumb\":{\"@id\":\"https:\/\/portaltela.pt\/noticias\/2026\/03\/24\/secretario-geral-da-camara-de-lisboa-suspenso-no-caso-das-luzes-de-natal\/#breadcrumb\"},\"inLanguage\":\"pt-PT\",\"potentialAction\":[{\"@type\":\"ReadAction\",\"target\":[\"https:\/\/portaltela.pt\/noticias\/2026\/03\/24\/secretario-geral-da-camara-de-lisboa-suspenso-no-caso-das-luzes-de-natal\/\"]}]},{\"@type\":\"ImageObject\",\"inLanguage\":\"pt-PT\",\"@id\":\"https:\/\/portaltela.pt\/noticias\/2026\/03\/24\/secretario-geral-da-camara-de-lisboa-suspenso-no-caso-das-luzes-de-natal\/#primaryimage\",\"url\":\"https:\/\/portaltela.pt\/s.01k8rhncp4jt1\/2026\/03\/2076596.jpg\",\"contentUrl\":\"https:\/\/portaltela.pt\/s.01k8rhncp4jt1\/2026\/03\/2076596.jpg\",\"width\":796,\"height\":448,\"caption\":\"C\u00e2mara de Lisboa comparticipou com 750 mil euros as ilumina\u00e7\u00f5es de Natal do ano passado\"},{\"@type\":\"BreadcrumbList\",\"@id\":\"https:\/\/portaltela.pt\/noticias\/2026\/03\/24\/secretario-geral-da-camara-de-lisboa-suspenso-no-caso-das-luzes-de-natal\/#breadcrumb\",\"itemListElement\":[{\"@type\":\"ListItem\",\"position\":1,\"name\":\"In\u00edcio\",\"item\":\"https:\/\/portaltela.pt\/\"},{\"@type\":\"ListItem\",\"position\":2,\"name\":\"Secret\u00e1rio-geral da C\u00e2mara de Lisboa suspenso no caso das luzes de Natal\"}]},{\"@type\":\"WebSite\",\"@id\":\"https:\/\/portaltela.pt\/#website\",\"url\":\"https:\/\/portaltela.pt\/\",\"name\":\"Portal Tela Portugal\",\"description\":\"\",\"potentialAction\":[{\"@type\":\"SearchAction\",\"target\":{\"@type\":\"EntryPoint\",\"urlTemplate\":\"https:\/\/portaltela.pt\/?s={search_term_string}\"},\"query-input\":{\"@type\":\"PropertyValueSpecification\",\"valueRequired\":true,\"valueName\":\"search_term_string\"}}],\"inLanguage\":\"pt-PT\"},{\"@type\":\"Person\",\"@id\":\"https:\/\/portaltela.pt\/#\/schema\/person\/c4278d4a6028830caff9ee44b42d32ed\",\"name\":\"Telinha\",\"image\":{\"@type\":\"ImageObject\",\"inLanguage\":\"pt-PT\",\"@id\":\"https:\/\/portaltela.pt\/s.01k8rhncp4jt1\/2025\/11\/talking-bot-125x125.png\",\"url\":\"https:\/\/portaltela.pt\/s.01k8rhncp4jt1\/2025\/11\/talking-bot-125x125.png\",\"contentUrl\":\"https:\/\/portaltela.pt\/s.01k8rhncp4jt1\/2025\/11\/talking-bot-125x125.png\",\"caption\":\"Telinha\"},\"sameAs\":[\"https:\/\/portaltela.pt\/\"],\"url\":\"https:\/\/portaltela.pt\/por\/367410592786\/\"}]}<\/script>\n<!-- \/ Yoast SEO plugin. -->","yoast_head_json":{"title":"Secret\u00e1rio-geral da C\u00e2mara de Lisboa suspenso no caso das luzes de Natal - Portal Tela Portugal","robots":{"index":"index","follow":"follow","max-snippet":"max-snippet:-1","max-image-preview":"max-image-preview:large","max-video-preview":"max-video-preview:-1"},"og_locale":"pt_PT","og_type":"article","og_title":"Secret\u00e1rio-geral da C\u00e2mara de Lisboa suspenso no caso das luzes de Natal - Portal Tela Portugal","og_description":"O secret\u00e1rio-geral da C\u00e2mara Municipal de Lisboa, Alberto Laplaine Guimar\u00e3es, e a presidente da Uni\u00e3o de Associa\u00e7\u00f5es de Com\u00e9rcio e Servi\u00e7os foram suspensos de fun\u00e7\u00f5es no caso das ilumina\u00e7\u00f5es de Natal. O juiz aplicou uma cau\u00e7\u00e3o de 100 mil euros ao administrador \u00fanico da Castros \u2013 Ilumina\u00e7\u00f5es Festivas, suspendendo-o das fun\u00e7\u00f5es e proibindo-o de contactar trabalhadores. Os tr\u00eas tamb\u00e9m ficaram proibidos de contactar entre si e de frequentar as instala\u00e7\u00f5es, numa medida associada \u00e0 Opera\u00e7\u00e3o L\u00famen e a outros detidos na \u00faltima semana. A Pol\u00edcia Judici\u00e1ria sustenta que a Castros obteve contratos no valor de oito milh\u00f5es de euros, com buscas realizadas em dez autarquias. O Minist\u00e9rio P\u00fablico entende que o protocolo entre a C\u00e2mara de Lisboa e a Uni\u00e3o de Associa\u00e7\u00f5es de Com\u00e9rcio e Servi\u00e7os visava contornar as regras de contrata\u00e7\u00e3o p\u00fablica, com o dinheiro a passar pela Uni\u00e3o para a Castros.","og_url":"https:\/\/portaltela.pt\/noticias\/2026\/03\/24\/secretario-geral-da-camara-de-lisboa-suspenso-no-caso-das-luzes-de-natal\/","og_site_name":"Portal Tela Portugal","article_published_time":"2026-03-24T16:10:00+00:00","author":"Telinha","twitter_card":"summary_large_image","twitter_misc":{"Escrito por":"Telinha","Tempo estimado de leitura":"2 minutos"},"schema":{"@context":"https:\/\/schema.org","@graph":[{"@type":"Article","@id":"https:\/\/portaltela.pt\/noticias\/2026\/03\/24\/secretario-geral-da-camara-de-lisboa-suspenso-no-caso-das-luzes-de-natal\/#article","isPartOf":{"@id":"https:\/\/portaltela.pt\/noticias\/2026\/03\/24\/secretario-geral-da-camara-de-lisboa-suspenso-no-caso-das-luzes-de-natal\/"},"author":{"name":"Telinha","@id":"https:\/\/portaltela.pt\/#\/schema\/person\/c4278d4a6028830caff9ee44b42d32ed"},"headline":"Secret\u00e1rio-geral da C\u00e2mara de Lisboa suspenso no caso das luzes de Natal","datePublished":"2026-03-24T16:10:00+00:00","mainEntityOfPage":{"@id":"https:\/\/portaltela.pt\/noticias\/2026\/03\/24\/secretario-geral-da-camara-de-lisboa-suspenso-no-caso-das-luzes-de-natal\/"},"wordCount":465,"image":{"@id":"https:\/\/portaltela.pt\/noticias\/2026\/03\/24\/secretario-geral-da-camara-de-lisboa-suspenso-no-caso-das-luzes-de-natal\/#primaryimage"},"thumbnailUrl":"https:\/\/portaltela.pt\/s.01k8rhncp4jt1\/2026\/03\/2076596.jpg","keywords":["C\u00e2mara Municipal","contrata\u00e7\u00e3o p\u00fablica","contratos","corrup\u00e7\u00e3o","investiga\u00e7\u00e3o","Lisboa"],"articleSection":["Justi\u00e7a","Not\u00edcias"],"inLanguage":"pt-PT"},{"@type":"WebPage","@id":"https:\/\/portaltela.pt\/noticias\/2026\/03\/24\/secretario-geral-da-camara-de-lisboa-suspenso-no-caso-das-luzes-de-natal\/","url":"https:\/\/portaltela.pt\/noticias\/2026\/03\/24\/secretario-geral-da-camara-de-lisboa-suspenso-no-caso-das-luzes-de-natal\/","name":"Secret\u00e1rio-geral da C\u00e2mara de Lisboa suspenso no caso das luzes de Natal - Portal Tela Portugal","isPartOf":{"@id":"https:\/\/portaltela.pt\/#website"},"primaryImageOfPage":{"@id":"https:\/\/portaltela.pt\/noticias\/2026\/03\/24\/secretario-geral-da-camara-de-lisboa-suspenso-no-caso-das-luzes-de-natal\/#primaryimage"},"image":{"@id":"https:\/\/portaltela.pt\/noticias\/2026\/03\/24\/secretario-geral-da-camara-de-lisboa-suspenso-no-caso-das-luzes-de-natal\/#primaryimage"},"thumbnailUrl":"https:\/\/portaltela.pt\/s.01k8rhncp4jt1\/2026\/03\/2076596.jpg","datePublished":"2026-03-24T16:10:00+00:00","author":{"@id":"https:\/\/portaltela.pt\/#\/schema\/person\/c4278d4a6028830caff9ee44b42d32ed"},"breadcrumb":{"@id":"https:\/\/portaltela.pt\/noticias\/2026\/03\/24\/secretario-geral-da-camara-de-lisboa-suspenso-no-caso-das-luzes-de-natal\/#breadcrumb"},"inLanguage":"pt-PT","potentialAction":[{"@type":"ReadAction","target":["https:\/\/portaltela.pt\/noticias\/2026\/03\/24\/secretario-geral-da-camara-de-lisboa-suspenso-no-caso-das-luzes-de-natal\/"]}]},{"@type":"ImageObject","inLanguage":"pt-PT","@id":"https:\/\/portaltela.pt\/noticias\/2026\/03\/24\/secretario-geral-da-camara-de-lisboa-suspenso-no-caso-das-luzes-de-natal\/#primaryimage","url":"https:\/\/portaltela.pt\/s.01k8rhncp4jt1\/2026\/03\/2076596.jpg","contentUrl":"https:\/\/portaltela.pt\/s.01k8rhncp4jt1\/2026\/03\/2076596.jpg","width":796,"height":448,"caption":"C\u00e2mara de Lisboa comparticipou com 750 mil euros as ilumina\u00e7\u00f5es de Natal do ano passado"},{"@type":"BreadcrumbList","@id":"https:\/\/portaltela.pt\/noticias\/2026\/03\/24\/secretario-geral-da-camara-de-lisboa-suspenso-no-caso-das-luzes-de-natal\/#breadcrumb","itemListElement":[{"@type":"ListItem","position":1,"name":"In\u00edcio","item":"https:\/\/portaltela.pt\/"},{"@type":"ListItem","position":2,"name":"Secret\u00e1rio-geral da C\u00e2mara de Lisboa suspenso no caso das luzes de Natal"}]},{"@type":"WebSite","@id":"https:\/\/portaltela.pt\/#website","url":"https:\/\/portaltela.pt\/","name":"Portal Tela Portugal","description":"","potentialAction":[{"@type":"SearchAction","target":{"@type":"EntryPoint","urlTemplate":"https:\/\/portaltela.pt\/?s={search_term_string}"},"query-input":{"@type":"PropertyValueSpecification","valueRequired":true,"valueName":"search_term_string"}}],"inLanguage":"pt-PT"},{"@type":"Person","@id":"https:\/\/portaltela.pt\/#\/schema\/person\/c4278d4a6028830caff9ee44b42d32ed","name":"Telinha","image":{"@type":"ImageObject","inLanguage":"pt-PT","@id":"https:\/\/portaltela.pt\/s.01k8rhncp4jt1\/2025\/11\/talking-bot-125x125.png","url":"https:\/\/portaltela.pt\/s.01k8rhncp4jt1\/2025\/11\/talking-bot-125x125.png","contentUrl":"https:\/\/portaltela.pt\/s.01k8rhncp4jt1\/2025\/11\/talking-bot-125x125.png","caption":"Telinha"},"sameAs":["https:\/\/portaltela.pt\/"],"url":"https:\/\/portaltela.pt\/por\/367410592786\/"}]}},"_links":{"self":[{"href":"https:\/\/portaltela.pt\/api\/wp\/v2\/posts\/419812","targetHints":{"allow":["GET"]}}],"collection":[{"href":"https:\/\/portaltela.pt\/api\/wp\/v2\/posts"}],"about":[{"href":"https:\/\/portaltela.pt\/api\/wp\/v2\/types\/post"}],"author":[{"embeddable":true,"href":"https:\/\/portaltela.pt\/api\/wp\/v2\/users\/2"}],"replies":[{"embeddable":true,"href":"https:\/\/portaltela.pt\/api\/wp\/v2\/comments?post=419812"}],"version-history":[{"count":0,"href":"https:\/\/portaltela.pt\/api\/wp\/v2\/posts\/419812\/revisions"}],"wp:featuredmedia":[{"embeddable":true,"href":"https:\/\/portaltela.pt\/api\/wp\/v2\/media\/419815"}],"wp:attachment":[{"href":"https:\/\/portaltela.pt\/api\/wp\/v2\/media?parent=419812"}],"wp:term":[{"taxonomy":"category","embeddable":true,"href":"https:\/\/portaltela.pt\/api\/wp\/v2\/categories?post=419812"},{"taxonomy":"post_tag","embeddable":true,"href":"https:\/\/portaltela.pt\/api\/wp\/v2\/tags?post=419812"}],"curies":[{"name":"wp","href":"https:\/\/api.w.org\/{rel}","templated":true}]}}