{"id":419806,"date":"2026-03-24T13:19:00","date_gmt":"2026-03-24T16:19:00","guid":{"rendered":"https:\/\/portaltela.pt\/noticias\/2026\/03\/24\/pochettino-admite-sentir-falta-do-futebol-ingles\/"},"modified":"2026-03-24T13:19:00","modified_gmt":"2026-03-24T16:19:00","slug":"pochettino-admite-sentir-falta-do-futebol-ingles","status":"publish","type":"post","link":"https:\/\/portaltela.pt\/desporto\/futebol\/2026\/03\/24\/pochettino-admite-sentir-falta-do-futebol-ingles\/","title":{"rendered":"Pochettino admite sentir falta do futebol ingl\u00eas"},"content":{"rendered":"<p>Mauricio Pochettino, atual selecionador dos Estados Unidos, est\u00e1 concentrado no Mundial que decorre entre 11 de junho e 19 de julho. Em entrevista ao jornal L&#8217;\u00c9quipe, o treinador argentino de 54 anos admitiu que sente saudades do futebol ingl\u00eas e da Premier League, mesmo ap\u00f3s j\u00e1 ter orientado clubes como Southampton, Tottenham e Chelsea.<\/p>\n<p>Pochettino destacou a liga\u00e7\u00e3o com o pa\u00eds, a sua cultura e o estilo de jogo da liga inglesa, que considera um espa\u00e7o ideal para quem tem esp\u00edrito competitivo. O treinador assinalou que, no futebol ingl\u00eas, \u00e9 necess\u00e1rio manter o desempenho ao mais alto n\u00edvel de forma constante.<\/p>\n<p>Ainda segundo a entrevista, o treinador encontra-se contratado pela Federa\u00e7\u00e3o de Futebol dos EUA at\u00e9 31 de julho, per\u00edodo em que planeia cumprir o sucesso da sele\u00e7\u00e3o anfitri\u00e3 do pr\u00f3ximo Mundial. A inten\u00e7\u00e3o \u00e9 manter o foco no objetivo central da equipa durante a competi\u00e7\u00e3o.<\/p>\n","protected":false},"excerpt":{"rendered":"<ul>\n<li>Mauricio Pochettino, selecionador dos Estados Unidos, est\u00e1 focado no Mundial que decorre entre 11 de junho e 19 de julho.<\/li>\n<li>O treinador argentino sonha com um poss\u00edvel regresso \u00e0 Inglaterra, onde j\u00e1 dirigiu o Southampton, Tottenham e Chelsea.<\/li>\n<li>Em entrevista ao jornal franc\u00eas Lequipe, Pochettino disse que sente falta do mundo do futebol ingl\u00eas e aprecia a cultura e o futebol do pa\u00eds.<\/li>\n<li>Afirmou que a Inglaterra \u00e9 o lugar ideal para quem tem esp\u00edrito competitivo e pretende testar a qualidade contra outros.<\/li>\n<li>O contrato de Pochettino com a Federa\u00e7\u00e3o de Futebol dos Estados Unidos \u00e9 v\u00e1lido at\u00e9 31 de julho.<\/li>\n<\/ul>\n","protected":false},"author":2,"featured_media":419810,"comment_status":"closed","ping_status":"closed","sticky":false,"template":"","format":"standard","meta":{"footnotes":""},"categories":[21,24],"tags":[1600,32,2378,3369,2057],"class_list":["post-419806","post","type-post","status-publish","format-standard","has-post-thumbnail","hentry","category-desporto","category-futebol","tag-estados-unidos","tag-futebol","tag-mauricio-pochettino","tag-premier-league","tag-selecao-nacional"],"yoast_head":"<!-- This site is optimized with the Yoast SEO plugin v27.2 - https:\/\/yoast.com\/product\/yoast-seo-wordpress\/ -->\n<title>Pochettino admite sentir falta do futebol ingl\u00eas - Portal Tela Portugal<\/title>\n<meta name=\"robots\" content=\"index, follow, max-snippet:-1, max-image-preview:large, max-video-preview:-1\" \/>\n<meta property=\"og:locale\" content=\"pt_PT\" \/>\n<meta property=\"og:type\" content=\"article\" \/>\n<meta property=\"og:title\" content=\"Pochettino admite sentir falta do futebol ingl\u00eas - Portal Tela Portugal\" \/>\n<meta property=\"og:description\" content=\"Mauricio Pochettino, selecionador dos Estados Unidos, est\u00e1 focado no Mundial que decorre entre 11 de junho e 19 de julho. O treinador argentino sonha com um poss\u00edvel regresso \u00e0 Inglaterra, onde j\u00e1 dirigiu o Southampton, Tottenham e Chelsea. Em entrevista ao jornal franc\u00eas Lequipe, Pochettino disse que sente falta do mundo do futebol ingl\u00eas e aprecia a cultura e o futebol do pa\u00eds. Afirmou que a Inglaterra \u00e9 o lugar ideal para quem tem esp\u00edrito competitivo e pretende testar a qualidade contra outros. O contrato de Pochettino com a Federa\u00e7\u00e3o de Futebol dos Estados Unidos \u00e9 v\u00e1lido at\u00e9 31 de julho.\" \/>\n<meta property=\"og:url\" content=\"https:\/\/portaltela.pt\/noticias\/2026\/03\/24\/pochettino-admite-sentir-falta-do-futebol-ingles\/\" \/>\n<meta property=\"og:site_name\" content=\"Portal Tela Portugal\" \/>\n<meta property=\"article:published_time\" content=\"2026-03-24T16:19:00+00:00\" \/>\n<meta name=\"author\" content=\"Telinha\" \/>\n<meta name=\"twitter:card\" content=\"summary_large_image\" \/>\n<meta name=\"twitter:label1\" content=\"Escrito por\" \/>\n\t<meta name=\"twitter:data1\" content=\"Telinha\" \/>\n\t<meta name=\"twitter:label2\" content=\"Tempo estimado de leitura\" \/>\n\t<meta name=\"twitter:data2\" content=\"1 minuto\" \/>\n<script type=\"application\/ld+json\" class=\"yoast-schema-graph\">{\"@context\":\"https:\/\/schema.org\",\"@graph\":[{\"@type\":\"Article\",\"@id\":\"https:\/\/portaltela.pt\/noticias\/2026\/03\/24\/pochettino-admite-sentir-falta-do-futebol-ingles\/#article\",\"isPartOf\":{\"@id\":\"https:\/\/portaltela.pt\/noticias\/2026\/03\/24\/pochettino-admite-sentir-falta-do-futebol-ingles\/\"},\"author\":{\"name\":\"Telinha\",\"@id\":\"https:\/\/portaltela.pt\/#\/schema\/person\/c4278d4a6028830caff9ee44b42d32ed\"},\"headline\":\"Pochettino admite sentir falta do futebol ingl\u00eas\",\"datePublished\":\"2026-03-24T16:19:00+00:00\",\"mainEntityOfPage\":{\"@id\":\"https:\/\/portaltela.pt\/noticias\/2026\/03\/24\/pochettino-admite-sentir-falta-do-futebol-ingles\/\"},\"wordCount\":164,\"image\":{\"@id\":\"https:\/\/portaltela.pt\/noticias\/2026\/03\/24\/pochettino-admite-sentir-falta-do-futebol-ingles\/#primaryimage\"},\"thumbnailUrl\":\"https:\/\/portaltela.pt\/s.01k8rhncp4jt1\/2026\/03\/img_920x518uu2026-03-24-16-26-07-2429130.jpg\",\"keywords\":[\"Estados Unidos\",\"futebol\",\"Mauricio Pochettino\",\"Premier League\",\"Sele\u00e7\u00e3o Nacional\"],\"articleSection\":[\"Desporto\",\"Futebol\"],\"inLanguage\":\"pt-PT\"},{\"@type\":\"WebPage\",\"@id\":\"https:\/\/portaltela.pt\/noticias\/2026\/03\/24\/pochettino-admite-sentir-falta-do-futebol-ingles\/\",\"url\":\"https:\/\/portaltela.pt\/noticias\/2026\/03\/24\/pochettino-admite-sentir-falta-do-futebol-ingles\/\",\"name\":\"Pochettino admite sentir falta do futebol ingl\u00eas - Portal Tela Portugal\",\"isPartOf\":{\"@id\":\"https:\/\/portaltela.pt\/#website\"},\"primaryImageOfPage\":{\"@id\":\"https:\/\/portaltela.pt\/noticias\/2026\/03\/24\/pochettino-admite-sentir-falta-do-futebol-ingles\/#primaryimage\"},\"image\":{\"@id\":\"https:\/\/portaltela.pt\/noticias\/2026\/03\/24\/pochettino-admite-sentir-falta-do-futebol-ingles\/#primaryimage\"},\"thumbnailUrl\":\"https:\/\/portaltela.pt\/s.01k8rhncp4jt1\/2026\/03\/img_920x518uu2026-03-24-16-26-07-2429130.jpg\",\"datePublished\":\"2026-03-24T16:19:00+00:00\",\"author\":{\"@id\":\"https:\/\/portaltela.pt\/#\/schema\/person\/c4278d4a6028830caff9ee44b42d32ed\"},\"breadcrumb\":{\"@id\":\"https:\/\/portaltela.pt\/noticias\/2026\/03\/24\/pochettino-admite-sentir-falta-do-futebol-ingles\/#breadcrumb\"},\"inLanguage\":\"pt-PT\",\"potentialAction\":[{\"@type\":\"ReadAction\",\"target\":[\"https:\/\/portaltela.pt\/noticias\/2026\/03\/24\/pochettino-admite-sentir-falta-do-futebol-ingles\/\"]}]},{\"@type\":\"ImageObject\",\"inLanguage\":\"pt-PT\",\"@id\":\"https:\/\/portaltela.pt\/noticias\/2026\/03\/24\/pochettino-admite-sentir-falta-do-futebol-ingles\/#primaryimage\",\"url\":\"https:\/\/portaltela.pt\/s.01k8rhncp4jt1\/2026\/03\/img_920x518uu2026-03-24-16-26-07-2429130.jpg\",\"contentUrl\":\"https:\/\/portaltela.pt\/s.01k8rhncp4jt1\/2026\/03\/img_920x518uu2026-03-24-16-26-07-2429130.jpg\",\"width\":796,\"height\":448,\"caption\":\"Pochettino recorda o futebol ingl\u00eas num jogo dos Estados Unidos\"},{\"@type\":\"BreadcrumbList\",\"@id\":\"https:\/\/portaltela.pt\/noticias\/2026\/03\/24\/pochettino-admite-sentir-falta-do-futebol-ingles\/#breadcrumb\",\"itemListElement\":[{\"@type\":\"ListItem\",\"position\":1,\"name\":\"In\u00edcio\",\"item\":\"https:\/\/portaltela.pt\/\"},{\"@type\":\"ListItem\",\"position\":2,\"name\":\"Pochettino admite sentir falta do futebol ingl\u00eas\"}]},{\"@type\":\"WebSite\",\"@id\":\"https:\/\/portaltela.pt\/#website\",\"url\":\"https:\/\/portaltela.pt\/\",\"name\":\"Portal Tela Portugal\",\"description\":\"\",\"potentialAction\":[{\"@type\":\"SearchAction\",\"target\":{\"@type\":\"EntryPoint\",\"urlTemplate\":\"https:\/\/portaltela.pt\/?s={search_term_string}\"},\"query-input\":{\"@type\":\"PropertyValueSpecification\",\"valueRequired\":true,\"valueName\":\"search_term_string\"}}],\"inLanguage\":\"pt-PT\"},{\"@type\":\"Person\",\"@id\":\"https:\/\/portaltela.pt\/#\/schema\/person\/c4278d4a6028830caff9ee44b42d32ed\",\"name\":\"Telinha\",\"image\":{\"@type\":\"ImageObject\",\"inLanguage\":\"pt-PT\",\"@id\":\"https:\/\/portaltela.pt\/s.01k8rhncp4jt1\/2025\/11\/talking-bot-125x125.png\",\"url\":\"https:\/\/portaltela.pt\/s.01k8rhncp4jt1\/2025\/11\/talking-bot-125x125.png\",\"contentUrl\":\"https:\/\/portaltela.pt\/s.01k8rhncp4jt1\/2025\/11\/talking-bot-125x125.png\",\"caption\":\"Telinha\"},\"sameAs\":[\"https:\/\/portaltela.pt\/\"],\"url\":\"https:\/\/portaltela.pt\/por\/367410592786\/\"}]}<\/script>\n<!-- \/ Yoast SEO plugin. -->","yoast_head_json":{"title":"Pochettino admite sentir falta do futebol ingl\u00eas - Portal Tela Portugal","robots":{"index":"index","follow":"follow","max-snippet":"max-snippet:-1","max-image-preview":"max-image-preview:large","max-video-preview":"max-video-preview:-1"},"og_locale":"pt_PT","og_type":"article","og_title":"Pochettino admite sentir falta do futebol ingl\u00eas - Portal Tela Portugal","og_description":"Mauricio Pochettino, selecionador dos Estados Unidos, est\u00e1 focado no Mundial que decorre entre 11 de junho e 19 de julho. O treinador argentino sonha com um poss\u00edvel regresso \u00e0 Inglaterra, onde j\u00e1 dirigiu o Southampton, Tottenham e Chelsea. Em entrevista ao jornal franc\u00eas Lequipe, Pochettino disse que sente falta do mundo do futebol ingl\u00eas e aprecia a cultura e o futebol do pa\u00eds. Afirmou que a Inglaterra \u00e9 o lugar ideal para quem tem esp\u00edrito competitivo e pretende testar a qualidade contra outros. O contrato de Pochettino com a Federa\u00e7\u00e3o de Futebol dos Estados Unidos \u00e9 v\u00e1lido at\u00e9 31 de julho.","og_url":"https:\/\/portaltela.pt\/noticias\/2026\/03\/24\/pochettino-admite-sentir-falta-do-futebol-ingles\/","og_site_name":"Portal Tela Portugal","article_published_time":"2026-03-24T16:19:00+00:00","author":"Telinha","twitter_card":"summary_large_image","twitter_misc":{"Escrito por":"Telinha","Tempo estimado de leitura":"1 minuto"},"schema":{"@context":"https:\/\/schema.org","@graph":[{"@type":"Article","@id":"https:\/\/portaltela.pt\/noticias\/2026\/03\/24\/pochettino-admite-sentir-falta-do-futebol-ingles\/#article","isPartOf":{"@id":"https:\/\/portaltela.pt\/noticias\/2026\/03\/24\/pochettino-admite-sentir-falta-do-futebol-ingles\/"},"author":{"name":"Telinha","@id":"https:\/\/portaltela.pt\/#\/schema\/person\/c4278d4a6028830caff9ee44b42d32ed"},"headline":"Pochettino admite sentir falta do futebol ingl\u00eas","datePublished":"2026-03-24T16:19:00+00:00","mainEntityOfPage":{"@id":"https:\/\/portaltela.pt\/noticias\/2026\/03\/24\/pochettino-admite-sentir-falta-do-futebol-ingles\/"},"wordCount":164,"image":{"@id":"https:\/\/portaltela.pt\/noticias\/2026\/03\/24\/pochettino-admite-sentir-falta-do-futebol-ingles\/#primaryimage"},"thumbnailUrl":"https:\/\/portaltela.pt\/s.01k8rhncp4jt1\/2026\/03\/img_920x518uu2026-03-24-16-26-07-2429130.jpg","keywords":["Estados Unidos","futebol","Mauricio Pochettino","Premier League","Sele\u00e7\u00e3o Nacional"],"articleSection":["Desporto","Futebol"],"inLanguage":"pt-PT"},{"@type":"WebPage","@id":"https:\/\/portaltela.pt\/noticias\/2026\/03\/24\/pochettino-admite-sentir-falta-do-futebol-ingles\/","url":"https:\/\/portaltela.pt\/noticias\/2026\/03\/24\/pochettino-admite-sentir-falta-do-futebol-ingles\/","name":"Pochettino admite sentir falta do futebol ingl\u00eas - Portal Tela Portugal","isPartOf":{"@id":"https:\/\/portaltela.pt\/#website"},"primaryImageOfPage":{"@id":"https:\/\/portaltela.pt\/noticias\/2026\/03\/24\/pochettino-admite-sentir-falta-do-futebol-ingles\/#primaryimage"},"image":{"@id":"https:\/\/portaltela.pt\/noticias\/2026\/03\/24\/pochettino-admite-sentir-falta-do-futebol-ingles\/#primaryimage"},"thumbnailUrl":"https:\/\/portaltela.pt\/s.01k8rhncp4jt1\/2026\/03\/img_920x518uu2026-03-24-16-26-07-2429130.jpg","datePublished":"2026-03-24T16:19:00+00:00","author":{"@id":"https:\/\/portaltela.pt\/#\/schema\/person\/c4278d4a6028830caff9ee44b42d32ed"},"breadcrumb":{"@id":"https:\/\/portaltela.pt\/noticias\/2026\/03\/24\/pochettino-admite-sentir-falta-do-futebol-ingles\/#breadcrumb"},"inLanguage":"pt-PT","potentialAction":[{"@type":"ReadAction","target":["https:\/\/portaltela.pt\/noticias\/2026\/03\/24\/pochettino-admite-sentir-falta-do-futebol-ingles\/"]}]},{"@type":"ImageObject","inLanguage":"pt-PT","@id":"https:\/\/portaltela.pt\/noticias\/2026\/03\/24\/pochettino-admite-sentir-falta-do-futebol-ingles\/#primaryimage","url":"https:\/\/portaltela.pt\/s.01k8rhncp4jt1\/2026\/03\/img_920x518uu2026-03-24-16-26-07-2429130.jpg","contentUrl":"https:\/\/portaltela.pt\/s.01k8rhncp4jt1\/2026\/03\/img_920x518uu2026-03-24-16-26-07-2429130.jpg","width":796,"height":448,"caption":"Pochettino recorda o futebol ingl\u00eas num jogo dos Estados Unidos"},{"@type":"BreadcrumbList","@id":"https:\/\/portaltela.pt\/noticias\/2026\/03\/24\/pochettino-admite-sentir-falta-do-futebol-ingles\/#breadcrumb","itemListElement":[{"@type":"ListItem","position":1,"name":"In\u00edcio","item":"https:\/\/portaltela.pt\/"},{"@type":"ListItem","position":2,"name":"Pochettino admite sentir falta do futebol ingl\u00eas"}]},{"@type":"WebSite","@id":"https:\/\/portaltela.pt\/#website","url":"https:\/\/portaltela.pt\/","name":"Portal Tela Portugal","description":"","potentialAction":[{"@type":"SearchAction","target":{"@type":"EntryPoint","urlTemplate":"https:\/\/portaltela.pt\/?s={search_term_string}"},"query-input":{"@type":"PropertyValueSpecification","valueRequired":true,"valueName":"search_term_string"}}],"inLanguage":"pt-PT"},{"@type":"Person","@id":"https:\/\/portaltela.pt\/#\/schema\/person\/c4278d4a6028830caff9ee44b42d32ed","name":"Telinha","image":{"@type":"ImageObject","inLanguage":"pt-PT","@id":"https:\/\/portaltela.pt\/s.01k8rhncp4jt1\/2025\/11\/talking-bot-125x125.png","url":"https:\/\/portaltela.pt\/s.01k8rhncp4jt1\/2025\/11\/talking-bot-125x125.png","contentUrl":"https:\/\/portaltela.pt\/s.01k8rhncp4jt1\/2025\/11\/talking-bot-125x125.png","caption":"Telinha"},"sameAs":["https:\/\/portaltela.pt\/"],"url":"https:\/\/portaltela.pt\/por\/367410592786\/"}]}},"_links":{"self":[{"href":"https:\/\/portaltela.pt\/api\/wp\/v2\/posts\/419806","targetHints":{"allow":["GET"]}}],"collection":[{"href":"https:\/\/portaltela.pt\/api\/wp\/v2\/posts"}],"about":[{"href":"https:\/\/portaltela.pt\/api\/wp\/v2\/types\/post"}],"author":[{"embeddable":true,"href":"https:\/\/portaltela.pt\/api\/wp\/v2\/users\/2"}],"replies":[{"embeddable":true,"href":"https:\/\/portaltela.pt\/api\/wp\/v2\/comments?post=419806"}],"version-history":[{"count":0,"href":"https:\/\/portaltela.pt\/api\/wp\/v2\/posts\/419806\/revisions"}],"wp:featuredmedia":[{"embeddable":true,"href":"https:\/\/portaltela.pt\/api\/wp\/v2\/media\/419810"}],"wp:attachment":[{"href":"https:\/\/portaltela.pt\/api\/wp\/v2\/media?parent=419806"}],"wp:term":[{"taxonomy":"category","embeddable":true,"href":"https:\/\/portaltela.pt\/api\/wp\/v2\/categories?post=419806"},{"taxonomy":"post_tag","embeddable":true,"href":"https:\/\/portaltela.pt\/api\/wp\/v2\/tags?post=419806"}],"curies":[{"name":"wp","href":"https:\/\/api.w.org\/{rel}","templated":true}]}}