{"id":419793,"date":"2026-03-24T13:10:51","date_gmt":"2026-03-24T16:10:51","guid":{"rendered":"https:\/\/portaltela.pt\/noticias\/2026\/03\/24\/fuzileiros-da-nato-em-missao-para-conter-putin\/"},"modified":"2026-03-24T13:10:51","modified_gmt":"2026-03-24T16:10:51","slug":"fuzileiros-da-nato-em-missao-para-conter-putin","status":"publish","type":"post","link":"https:\/\/portaltela.pt\/noticias\/2026\/03\/24\/fuzileiros-da-nato-em-missao-para-conter-putin\/","title":{"rendered":"Fuzileiros da NATO em miss\u00e3o para conter Putin"},"content":{"rendered":"<p>Os 120 fuzileiros da Marinha Portuguesa partiram esta ter\u00e7a-feira para a Litu\u00e2nia, onde ficam instalados numa base naval em Klaipeda. A miss\u00e3o insere-se nas Medidas de Tranquiliza\u00e7\u00e3o da NATO na fronteira com a R\u00fassia, com um encaixe de oito meses.<\/p>\n<p>A principal tarefa \u00e9 vigiar e dissuadir perante potenciais amea\u00e7as na regi\u00e3o, especialmente junto ao enclave russo de Kaliningrado. A for\u00e7a destacada inclui capacidades anf\u00edbias, opera\u00e7\u00f5es especiais, abordagens, mergulho de combate, explosivos e cinotecnia.<\/p>\n<p>A batida de sa\u00edda decorreu nesta ter\u00e7a-feira, com a participa\u00e7\u00e3o de militares que integram a miss\u00e3o da NATO. O objetivo \u00e9 refor\u00e7ar a presen\u00e7a aliada e contribuir para a estabilidade na zona fronteiri\u00e7a, atrav\u00e9s de a\u00e7\u00f5es de dissuas\u00e3o e coopera\u00e7\u00e3o entre pa\u00edses da alian\u00e7a.<\/p>\n<h3>Miss\u00e3o e capacidades<\/h3>\n<p>De acordo com o Chefe do Estado-Maior da Armada, a participa\u00e7\u00e3o portuguesa resulta de uma demonstra\u00e7\u00e3o de solidariedade entre membros da NATO. A miss\u00e3o pretende, tamb\u00e9m, responder a eventuais comportamentos desviantes por parte da Federa\u00e7\u00e3o Russa na regi\u00e3o.<\/p>\n","protected":false},"excerpt":{"rendered":"<ul>\n<li>Vinte e quatro de mar\u00e7o? (N\u00e3o relevante) \u2014 120 fuzileiros da Marinha Portuguesa partiram para a Litu\u00e2nia numa miss\u00e3o da NATO.<\/li>\n<li>A for\u00e7a ficar\u00e1 oito meses numa base naval em Klaipeda, integrada nas Medidas de Tranquiliza\u00e7\u00e3o da NATO na fronteira com a R\u00fassia.<\/li>\n<li>A opera\u00e7\u00e3o conta com capacidades anf\u00edbias, de opera\u00e7\u00f5es especiais, abordagem, mergulho de combate, inativa\u00e7\u00e3o de explosivos e cinotecnia.<\/li>\n<li>A miss\u00e3o visa dissuadir comportamentos da Federa\u00e7\u00e3o Russa, especialmente na regi\u00e3o de Kaliningrado, segundo o Chefe do Estado Maior da Armada.<\/li>\n<li>A iniciativa \u00e9 apresentada como uma demonstra\u00e7\u00e3o de solidariedade entre membros da NATO e de refor\u00e7o \u00e0 seguran\u00e7a na fronteira com a R\u00fassia.<\/li>\n<\/ul>\n","protected":false},"author":2,"featured_media":419797,"comment_status":"closed","ping_status":"closed","sticky":false,"template":"","format":"standard","meta":{"footnotes":""},"categories":[6804,1],"tags":[5618,256,6574,1779,5438,1014],"class_list":["post-419793","post","type-post","status-publish","format-standard","has-post-thumbnail","hentry","category-guerra","category-noticias","tag-a-marinha","tag-cooperacao-internacional","tag-defesa","tag-forcas-armadas","tag-fuzileiros","tag-portugal"],"yoast_head":"<!-- This site is optimized with the Yoast SEO plugin v27.2 - https:\/\/yoast.com\/product\/yoast-seo-wordpress\/ -->\n<title>Fuzileiros da NATO em miss\u00e3o para conter Putin - Portal Tela Portugal<\/title>\n<meta name=\"robots\" content=\"index, follow, max-snippet:-1, max-image-preview:large, max-video-preview:-1\" \/>\n<meta property=\"og:locale\" content=\"pt_PT\" \/>\n<meta property=\"og:type\" content=\"article\" \/>\n<meta property=\"og:title\" content=\"Fuzileiros da NATO em miss\u00e3o para conter Putin - Portal Tela Portugal\" \/>\n<meta property=\"og:description\" content=\"Vinte e quatro de mar\u00e7o? (N\u00e3o relevante) \u2014 120 fuzileiros da Marinha Portuguesa partiram para a Litu\u00e2nia numa miss\u00e3o da NATO. A for\u00e7a ficar\u00e1 oito meses numa base naval em Klaipeda, integrada nas Medidas de Tranquiliza\u00e7\u00e3o da NATO na fronteira com a R\u00fassia. A opera\u00e7\u00e3o conta com capacidades anf\u00edbias, de opera\u00e7\u00f5es especiais, abordagem, mergulho de combate, inativa\u00e7\u00e3o de explosivos e cinotecnia. A miss\u00e3o visa dissuadir comportamentos da Federa\u00e7\u00e3o Russa, especialmente na regi\u00e3o de Kaliningrado, segundo o Chefe do Estado Maior da Armada. A iniciativa \u00e9 apresentada como uma demonstra\u00e7\u00e3o de solidariedade entre membros da NATO e de refor\u00e7o \u00e0 seguran\u00e7a na fronteira com a R\u00fassia.\" \/>\n<meta property=\"og:url\" content=\"https:\/\/portaltela.pt\/noticias\/2026\/03\/24\/fuzileiros-da-nato-em-missao-para-conter-putin\/\" \/>\n<meta property=\"og:site_name\" content=\"Portal Tela Portugal\" \/>\n<meta property=\"article:published_time\" content=\"2026-03-24T16:10:51+00:00\" \/>\n<meta name=\"author\" content=\"Telinha\" \/>\n<meta name=\"twitter:card\" content=\"summary_large_image\" \/>\n<meta name=\"twitter:label1\" content=\"Escrito por\" \/>\n\t<meta name=\"twitter:data1\" content=\"Telinha\" \/>\n\t<meta name=\"twitter:label2\" content=\"Tempo estimado de leitura\" \/>\n\t<meta name=\"twitter:data2\" content=\"1 minuto\" \/>\n<script type=\"application\/ld+json\" class=\"yoast-schema-graph\">{\"@context\":\"https:\/\/schema.org\",\"@graph\":[{\"@type\":\"Article\",\"@id\":\"https:\/\/portaltela.pt\/noticias\/2026\/03\/24\/fuzileiros-da-nato-em-missao-para-conter-putin\/#article\",\"isPartOf\":{\"@id\":\"https:\/\/portaltela.pt\/noticias\/2026\/03\/24\/fuzileiros-da-nato-em-missao-para-conter-putin\/\"},\"author\":{\"name\":\"Telinha\",\"@id\":\"https:\/\/portaltela.pt\/#\/schema\/person\/c4278d4a6028830caff9ee44b42d32ed\"},\"headline\":\"Fuzileiros da NATO em miss\u00e3o para conter Putin\",\"datePublished\":\"2026-03-24T16:10:51+00:00\",\"mainEntityOfPage\":{\"@id\":\"https:\/\/portaltela.pt\/noticias\/2026\/03\/24\/fuzileiros-da-nato-em-missao-para-conter-putin\/\"},\"wordCount\":195,\"image\":{\"@id\":\"https:\/\/portaltela.pt\/noticias\/2026\/03\/24\/fuzileiros-da-nato-em-missao-para-conter-putin\/#primaryimage\"},\"thumbnailUrl\":\"https:\/\/portaltela.pt\/s.01k8rhncp4jt1\/2026\/03\/img_1280x721uu2026-03-24-15-56-25-2274548.jpg\",\"keywords\":[\"A Marinha\",\"coopera\u00e7\u00e3o internacional\",\"defesa\",\"For\u00e7as Armadas\",\"Fuzileiros\",\"Portugal\"],\"articleSection\":[\"Guerra\",\"Not\u00edcias\"],\"inLanguage\":\"pt-PT\"},{\"@type\":\"WebPage\",\"@id\":\"https:\/\/portaltela.pt\/noticias\/2026\/03\/24\/fuzileiros-da-nato-em-missao-para-conter-putin\/\",\"url\":\"https:\/\/portaltela.pt\/noticias\/2026\/03\/24\/fuzileiros-da-nato-em-missao-para-conter-putin\/\",\"name\":\"Fuzileiros da NATO em miss\u00e3o para conter Putin - Portal Tela Portugal\",\"isPartOf\":{\"@id\":\"https:\/\/portaltela.pt\/#website\"},\"primaryImageOfPage\":{\"@id\":\"https:\/\/portaltela.pt\/noticias\/2026\/03\/24\/fuzileiros-da-nato-em-missao-para-conter-putin\/#primaryimage\"},\"image\":{\"@id\":\"https:\/\/portaltela.pt\/noticias\/2026\/03\/24\/fuzileiros-da-nato-em-missao-para-conter-putin\/#primaryimage\"},\"thumbnailUrl\":\"https:\/\/portaltela.pt\/s.01k8rhncp4jt1\/2026\/03\/img_1280x721uu2026-03-24-15-56-25-2274548.jpg\",\"datePublished\":\"2026-03-24T16:10:51+00:00\",\"author\":{\"@id\":\"https:\/\/portaltela.pt\/#\/schema\/person\/c4278d4a6028830caff9ee44b42d32ed\"},\"breadcrumb\":{\"@id\":\"https:\/\/portaltela.pt\/noticias\/2026\/03\/24\/fuzileiros-da-nato-em-missao-para-conter-putin\/#breadcrumb\"},\"inLanguage\":\"pt-PT\",\"potentialAction\":[{\"@type\":\"ReadAction\",\"target\":[\"https:\/\/portaltela.pt\/noticias\/2026\/03\/24\/fuzileiros-da-nato-em-missao-para-conter-putin\/\"]}]},{\"@type\":\"ImageObject\",\"inLanguage\":\"pt-PT\",\"@id\":\"https:\/\/portaltela.pt\/noticias\/2026\/03\/24\/fuzileiros-da-nato-em-missao-para-conter-putin\/#primaryimage\",\"url\":\"https:\/\/portaltela.pt\/s.01k8rhncp4jt1\/2026\/03\/img_1280x721uu2026-03-24-15-56-25-2274548.jpg\",\"contentUrl\":\"https:\/\/portaltela.pt\/s.01k8rhncp4jt1\/2026\/03\/img_1280x721uu2026-03-24-15-56-25-2274548.jpg\",\"width\":1280,\"height\":721,\"caption\":\"Militares portugueses partem para a Litu\u00e2nia em miss\u00e3o da NATO\"},{\"@type\":\"BreadcrumbList\",\"@id\":\"https:\/\/portaltela.pt\/noticias\/2026\/03\/24\/fuzileiros-da-nato-em-missao-para-conter-putin\/#breadcrumb\",\"itemListElement\":[{\"@type\":\"ListItem\",\"position\":1,\"name\":\"In\u00edcio\",\"item\":\"https:\/\/portaltela.pt\/\"},{\"@type\":\"ListItem\",\"position\":2,\"name\":\"Fuzileiros da NATO em miss\u00e3o para conter Putin\"}]},{\"@type\":\"WebSite\",\"@id\":\"https:\/\/portaltela.pt\/#website\",\"url\":\"https:\/\/portaltela.pt\/\",\"name\":\"Portal Tela Portugal\",\"description\":\"\",\"potentialAction\":[{\"@type\":\"SearchAction\",\"target\":{\"@type\":\"EntryPoint\",\"urlTemplate\":\"https:\/\/portaltela.pt\/?s={search_term_string}\"},\"query-input\":{\"@type\":\"PropertyValueSpecification\",\"valueRequired\":true,\"valueName\":\"search_term_string\"}}],\"inLanguage\":\"pt-PT\"},{\"@type\":\"Person\",\"@id\":\"https:\/\/portaltela.pt\/#\/schema\/person\/c4278d4a6028830caff9ee44b42d32ed\",\"name\":\"Telinha\",\"image\":{\"@type\":\"ImageObject\",\"inLanguage\":\"pt-PT\",\"@id\":\"https:\/\/portaltela.pt\/s.01k8rhncp4jt1\/2025\/11\/talking-bot-125x125.png\",\"url\":\"https:\/\/portaltela.pt\/s.01k8rhncp4jt1\/2025\/11\/talking-bot-125x125.png\",\"contentUrl\":\"https:\/\/portaltela.pt\/s.01k8rhncp4jt1\/2025\/11\/talking-bot-125x125.png\",\"caption\":\"Telinha\"},\"sameAs\":[\"https:\/\/portaltela.pt\/\"],\"url\":\"https:\/\/portaltela.pt\/por\/367410592786\/\"}]}<\/script>\n<!-- \/ Yoast SEO plugin. -->","yoast_head_json":{"title":"Fuzileiros da NATO em miss\u00e3o para conter Putin - Portal Tela Portugal","robots":{"index":"index","follow":"follow","max-snippet":"max-snippet:-1","max-image-preview":"max-image-preview:large","max-video-preview":"max-video-preview:-1"},"og_locale":"pt_PT","og_type":"article","og_title":"Fuzileiros da NATO em miss\u00e3o para conter Putin - Portal Tela Portugal","og_description":"Vinte e quatro de mar\u00e7o? (N\u00e3o relevante) \u2014 120 fuzileiros da Marinha Portuguesa partiram para a Litu\u00e2nia numa miss\u00e3o da NATO. A for\u00e7a ficar\u00e1 oito meses numa base naval em Klaipeda, integrada nas Medidas de Tranquiliza\u00e7\u00e3o da NATO na fronteira com a R\u00fassia. A opera\u00e7\u00e3o conta com capacidades anf\u00edbias, de opera\u00e7\u00f5es especiais, abordagem, mergulho de combate, inativa\u00e7\u00e3o de explosivos e cinotecnia. A miss\u00e3o visa dissuadir comportamentos da Federa\u00e7\u00e3o Russa, especialmente na regi\u00e3o de Kaliningrado, segundo o Chefe do Estado Maior da Armada. A iniciativa \u00e9 apresentada como uma demonstra\u00e7\u00e3o de solidariedade entre membros da NATO e de refor\u00e7o \u00e0 seguran\u00e7a na fronteira com a R\u00fassia.","og_url":"https:\/\/portaltela.pt\/noticias\/2026\/03\/24\/fuzileiros-da-nato-em-missao-para-conter-putin\/","og_site_name":"Portal Tela Portugal","article_published_time":"2026-03-24T16:10:51+00:00","author":"Telinha","twitter_card":"summary_large_image","twitter_misc":{"Escrito por":"Telinha","Tempo estimado de leitura":"1 minuto"},"schema":{"@context":"https:\/\/schema.org","@graph":[{"@type":"Article","@id":"https:\/\/portaltela.pt\/noticias\/2026\/03\/24\/fuzileiros-da-nato-em-missao-para-conter-putin\/#article","isPartOf":{"@id":"https:\/\/portaltela.pt\/noticias\/2026\/03\/24\/fuzileiros-da-nato-em-missao-para-conter-putin\/"},"author":{"name":"Telinha","@id":"https:\/\/portaltela.pt\/#\/schema\/person\/c4278d4a6028830caff9ee44b42d32ed"},"headline":"Fuzileiros da NATO em miss\u00e3o para conter Putin","datePublished":"2026-03-24T16:10:51+00:00","mainEntityOfPage":{"@id":"https:\/\/portaltela.pt\/noticias\/2026\/03\/24\/fuzileiros-da-nato-em-missao-para-conter-putin\/"},"wordCount":195,"image":{"@id":"https:\/\/portaltela.pt\/noticias\/2026\/03\/24\/fuzileiros-da-nato-em-missao-para-conter-putin\/#primaryimage"},"thumbnailUrl":"https:\/\/portaltela.pt\/s.01k8rhncp4jt1\/2026\/03\/img_1280x721uu2026-03-24-15-56-25-2274548.jpg","keywords":["A Marinha","coopera\u00e7\u00e3o internacional","defesa","For\u00e7as Armadas","Fuzileiros","Portugal"],"articleSection":["Guerra","Not\u00edcias"],"inLanguage":"pt-PT"},{"@type":"WebPage","@id":"https:\/\/portaltela.pt\/noticias\/2026\/03\/24\/fuzileiros-da-nato-em-missao-para-conter-putin\/","url":"https:\/\/portaltela.pt\/noticias\/2026\/03\/24\/fuzileiros-da-nato-em-missao-para-conter-putin\/","name":"Fuzileiros da NATO em miss\u00e3o para conter Putin - Portal Tela Portugal","isPartOf":{"@id":"https:\/\/portaltela.pt\/#website"},"primaryImageOfPage":{"@id":"https:\/\/portaltela.pt\/noticias\/2026\/03\/24\/fuzileiros-da-nato-em-missao-para-conter-putin\/#primaryimage"},"image":{"@id":"https:\/\/portaltela.pt\/noticias\/2026\/03\/24\/fuzileiros-da-nato-em-missao-para-conter-putin\/#primaryimage"},"thumbnailUrl":"https:\/\/portaltela.pt\/s.01k8rhncp4jt1\/2026\/03\/img_1280x721uu2026-03-24-15-56-25-2274548.jpg","datePublished":"2026-03-24T16:10:51+00:00","author":{"@id":"https:\/\/portaltela.pt\/#\/schema\/person\/c4278d4a6028830caff9ee44b42d32ed"},"breadcrumb":{"@id":"https:\/\/portaltela.pt\/noticias\/2026\/03\/24\/fuzileiros-da-nato-em-missao-para-conter-putin\/#breadcrumb"},"inLanguage":"pt-PT","potentialAction":[{"@type":"ReadAction","target":["https:\/\/portaltela.pt\/noticias\/2026\/03\/24\/fuzileiros-da-nato-em-missao-para-conter-putin\/"]}]},{"@type":"ImageObject","inLanguage":"pt-PT","@id":"https:\/\/portaltela.pt\/noticias\/2026\/03\/24\/fuzileiros-da-nato-em-missao-para-conter-putin\/#primaryimage","url":"https:\/\/portaltela.pt\/s.01k8rhncp4jt1\/2026\/03\/img_1280x721uu2026-03-24-15-56-25-2274548.jpg","contentUrl":"https:\/\/portaltela.pt\/s.01k8rhncp4jt1\/2026\/03\/img_1280x721uu2026-03-24-15-56-25-2274548.jpg","width":1280,"height":721,"caption":"Militares portugueses partem para a Litu\u00e2nia em miss\u00e3o da NATO"},{"@type":"BreadcrumbList","@id":"https:\/\/portaltela.pt\/noticias\/2026\/03\/24\/fuzileiros-da-nato-em-missao-para-conter-putin\/#breadcrumb","itemListElement":[{"@type":"ListItem","position":1,"name":"In\u00edcio","item":"https:\/\/portaltela.pt\/"},{"@type":"ListItem","position":2,"name":"Fuzileiros da NATO em miss\u00e3o para conter Putin"}]},{"@type":"WebSite","@id":"https:\/\/portaltela.pt\/#website","url":"https:\/\/portaltela.pt\/","name":"Portal Tela Portugal","description":"","potentialAction":[{"@type":"SearchAction","target":{"@type":"EntryPoint","urlTemplate":"https:\/\/portaltela.pt\/?s={search_term_string}"},"query-input":{"@type":"PropertyValueSpecification","valueRequired":true,"valueName":"search_term_string"}}],"inLanguage":"pt-PT"},{"@type":"Person","@id":"https:\/\/portaltela.pt\/#\/schema\/person\/c4278d4a6028830caff9ee44b42d32ed","name":"Telinha","image":{"@type":"ImageObject","inLanguage":"pt-PT","@id":"https:\/\/portaltela.pt\/s.01k8rhncp4jt1\/2025\/11\/talking-bot-125x125.png","url":"https:\/\/portaltela.pt\/s.01k8rhncp4jt1\/2025\/11\/talking-bot-125x125.png","contentUrl":"https:\/\/portaltela.pt\/s.01k8rhncp4jt1\/2025\/11\/talking-bot-125x125.png","caption":"Telinha"},"sameAs":["https:\/\/portaltela.pt\/"],"url":"https:\/\/portaltela.pt\/por\/367410592786\/"}]}},"_links":{"self":[{"href":"https:\/\/portaltela.pt\/api\/wp\/v2\/posts\/419793","targetHints":{"allow":["GET"]}}],"collection":[{"href":"https:\/\/portaltela.pt\/api\/wp\/v2\/posts"}],"about":[{"href":"https:\/\/portaltela.pt\/api\/wp\/v2\/types\/post"}],"author":[{"embeddable":true,"href":"https:\/\/portaltela.pt\/api\/wp\/v2\/users\/2"}],"replies":[{"embeddable":true,"href":"https:\/\/portaltela.pt\/api\/wp\/v2\/comments?post=419793"}],"version-history":[{"count":0,"href":"https:\/\/portaltela.pt\/api\/wp\/v2\/posts\/419793\/revisions"}],"wp:featuredmedia":[{"embeddable":true,"href":"https:\/\/portaltela.pt\/api\/wp\/v2\/media\/419797"}],"wp:attachment":[{"href":"https:\/\/portaltela.pt\/api\/wp\/v2\/media?parent=419793"}],"wp:term":[{"taxonomy":"category","embeddable":true,"href":"https:\/\/portaltela.pt\/api\/wp\/v2\/categories?post=419793"},{"taxonomy":"post_tag","embeddable":true,"href":"https:\/\/portaltela.pt\/api\/wp\/v2\/tags?post=419793"}],"curies":[{"name":"wp","href":"https:\/\/api.w.org\/{rel}","templated":true}]}}