{"id":419783,"date":"2026-03-24T13:03:48","date_gmt":"2026-03-24T16:03:48","guid":{"rendered":"https:\/\/portaltela.pt\/noticias\/2026\/03\/24\/socios-condenados-a-10-e-8-anos-por-furto-de-catalisadores\/"},"modified":"2026-03-24T13:03:48","modified_gmt":"2026-03-24T16:03:48","slug":"socios-condenados-a-10-e-8-anos-por-furto-de-catalisadores","status":"publish","type":"post","link":"https:\/\/portaltela.pt\/justica\/2026\/03\/24\/socios-condenados-a-10-e-8-anos-por-furto-de-catalisadores\/","title":{"rendered":"S\u00f3cios condenados a 10 e 8 anos por furto de catalisadores"},"content":{"rendered":"<p>O Tribunal de Coimbra condenou dois homens, de 60 e 50 anos, a 10 e 8 anos de pris\u00e3o, respetivamente, por furtos de catalisadores de viaturas na regi\u00e3o entre 2020 e 2021. O veredito incluiu ainda dois empres\u00e1rios, com penas de 3,5 e 4 anos e 3 meses, suspensas na execu\u00e7\u00e3o, pela rece\u00e7\u00e3o dos objetos roubados.<\/p>\n<p>Segundo a acusa\u00e7\u00e3o, os dois principais arguidos atuavam em comunh\u00e3o de esfor\u00e7os para subtrair catalisadores de viaturas estacionadas na via p\u00fablica ou em espa\u00e7os vedados, vendendo-os depois aos empres\u00e1rios implicados.<\/p>\n<p>Os crimes ocorreram na regi\u00e3o de Coimbra entre 2020 e 2021. O tribunal deu como provado o esquema de furto e venda, com uma lista de catalisadores mais valiosos para subtrair, que era mantida pela dupla.<\/p>\n<h3>Desvios e condena\u00e7\u00f5es<\/h3>\n<p>Durante as buscas, foram encontrados 17 catalisadores nos armaz\u00e9ns da atividade il\u00edcita, avaliados em 2.375,15 euros. Em habita\u00e7\u00f5es, foram localizados outros 23 catalisadores. Os respons\u00e1veis pelo esquema teriam auferido ganhos mensais superiores a 25.600 euros.<\/p>\n","protected":false},"excerpt":{"rendered":"<ul>\n<li>Dois homens, com 60 e 50 anos, foram condenados pelo Tribunal de Coimbra a 10 e 8 anos de pris\u00e3o, respetivamente, por furtos de catalisadores de viaturas.<\/li>\n<li>O crime ocorreu na regi\u00e3o de Coimbra entre 2020 e 2021, com o esquema organizado entre os dois arguidos para subtrair catalisadores e vender.<\/li>\n<li>Dois empres\u00e1rios foram condenados a 3,5 anos e a 4,25 anos de pris\u00e3o, suspensas na execu\u00e7\u00e3o, pelo crime de receta\u00e7\u00e3o.<\/li>\n<li>Nos armaz\u00e9ns usados no crime foram encontrados 17 catalisadores, avaliados em 2.375,15 euros; nas habita\u00e7\u00f5es, 23 catalisadores adicionais.<\/li>\n<li>Os arguidos ter\u00e3o obtido ganhos superiores a 25.600 euros mensais com a atividade il\u00edcita.<\/li>\n<\/ul>\n","protected":false},"author":2,"featured_media":419788,"comment_status":"closed","ping_status":"closed","sticky":false,"template":"","format":"standard","meta":{"footnotes":""},"categories":[6907,6815],"tags":[1070,177,5656,3450,424,203],"class_list":["post-419783","post","type-post","status-publish","format-standard","has-post-thumbnail","hentry","category-crime","category-justica","tag-coimbra","tag-crimes","tag-criminalidade","tag-delinquencia","tag-furto","tag-roubo"],"yoast_head":"<!-- This site is optimized with the Yoast SEO plugin v27.2 - https:\/\/yoast.com\/product\/yoast-seo-wordpress\/ -->\n<title>S\u00f3cios condenados a 10 e 8 anos por furto de catalisadores - Portal Tela Portugal<\/title>\n<meta name=\"robots\" content=\"index, follow, max-snippet:-1, max-image-preview:large, max-video-preview:-1\" \/>\n<meta property=\"og:locale\" content=\"pt_PT\" \/>\n<meta property=\"og:type\" content=\"article\" \/>\n<meta property=\"og:title\" content=\"S\u00f3cios condenados a 10 e 8 anos por furto de catalisadores - Portal Tela Portugal\" \/>\n<meta property=\"og:description\" content=\"Dois homens, com 60 e 50 anos, foram condenados pelo Tribunal de Coimbra a 10 e 8 anos de pris\u00e3o, respetivamente, por furtos de catalisadores de viaturas. O crime ocorreu na regi\u00e3o de Coimbra entre 2020 e 2021, com o esquema organizado entre os dois arguidos para subtrair catalisadores e vender. Dois empres\u00e1rios foram condenados a 3,5 anos e a 4,25 anos de pris\u00e3o, suspensas na execu\u00e7\u00e3o, pelo crime de receta\u00e7\u00e3o. Nos armaz\u00e9ns usados no crime foram encontrados 17 catalisadores, avaliados em 2.375,15 euros; nas habita\u00e7\u00f5es, 23 catalisadores adicionais. Os arguidos ter\u00e3o obtido ganhos superiores a 25.600 euros mensais com a atividade il\u00edcita.\" \/>\n<meta property=\"og:url\" content=\"https:\/\/portaltela.pt\/noticias\/2026\/03\/24\/socios-condenados-a-10-e-8-anos-por-furto-de-catalisadores\/\" \/>\n<meta property=\"og:site_name\" content=\"Portal Tela Portugal\" \/>\n<meta property=\"article:published_time\" content=\"2026-03-24T16:03:48+00:00\" \/>\n<meta name=\"author\" content=\"Telinha\" \/>\n<meta name=\"twitter:card\" content=\"summary_large_image\" \/>\n<meta name=\"twitter:label1\" content=\"Escrito por\" \/>\n\t<meta name=\"twitter:data1\" content=\"Telinha\" \/>\n\t<meta name=\"twitter:label2\" content=\"Tempo estimado de leitura\" \/>\n\t<meta name=\"twitter:data2\" content=\"1 minuto\" \/>\n<script type=\"application\/ld+json\" class=\"yoast-schema-graph\">{\"@context\":\"https:\/\/schema.org\",\"@graph\":[{\"@type\":\"Article\",\"@id\":\"https:\/\/portaltela.pt\/noticias\/2026\/03\/24\/socios-condenados-a-10-e-8-anos-por-furto-de-catalisadores\/#article\",\"isPartOf\":{\"@id\":\"https:\/\/portaltela.pt\/noticias\/2026\/03\/24\/socios-condenados-a-10-e-8-anos-por-furto-de-catalisadores\/\"},\"author\":{\"name\":\"Telinha\",\"@id\":\"https:\/\/portaltela.pt\/#\/schema\/person\/c4278d4a6028830caff9ee44b42d32ed\"},\"headline\":\"S\u00f3cios condenados a 10 e 8 anos por furto de catalisadores\",\"datePublished\":\"2026-03-24T16:03:48+00:00\",\"mainEntityOfPage\":{\"@id\":\"https:\/\/portaltela.pt\/noticias\/2026\/03\/24\/socios-condenados-a-10-e-8-anos-por-furto-de-catalisadores\/\"},\"wordCount\":172,\"image\":{\"@id\":\"https:\/\/portaltela.pt\/noticias\/2026\/03\/24\/socios-condenados-a-10-e-8-anos-por-furto-de-catalisadores\/#primaryimage\"},\"thumbnailUrl\":\"https:\/\/portaltela.pt\/s.01k8rhncp4jt1\/2026\/03\/img_1500x1000uu2024-04-21-20-16-34-1634738.jpg\",\"keywords\":[\"Coimbra\",\"crimes\",\"criminalidade\",\"delinqu\u00eancia\",\"furto\",\"roubo\"],\"articleSection\":[\"Crime\",\"Justi\u00e7a\"],\"inLanguage\":\"pt-PT\"},{\"@type\":\"WebPage\",\"@id\":\"https:\/\/portaltela.pt\/noticias\/2026\/03\/24\/socios-condenados-a-10-e-8-anos-por-furto-de-catalisadores\/\",\"url\":\"https:\/\/portaltela.pt\/noticias\/2026\/03\/24\/socios-condenados-a-10-e-8-anos-por-furto-de-catalisadores\/\",\"name\":\"S\u00f3cios condenados a 10 e 8 anos por furto de catalisadores - Portal Tela Portugal\",\"isPartOf\":{\"@id\":\"https:\/\/portaltela.pt\/#website\"},\"primaryImageOfPage\":{\"@id\":\"https:\/\/portaltela.pt\/noticias\/2026\/03\/24\/socios-condenados-a-10-e-8-anos-por-furto-de-catalisadores\/#primaryimage\"},\"image\":{\"@id\":\"https:\/\/portaltela.pt\/noticias\/2026\/03\/24\/socios-condenados-a-10-e-8-anos-por-furto-de-catalisadores\/#primaryimage\"},\"thumbnailUrl\":\"https:\/\/portaltela.pt\/s.01k8rhncp4jt1\/2026\/03\/img_1500x1000uu2024-04-21-20-16-34-1634738.jpg\",\"datePublished\":\"2026-03-24T16:03:48+00:00\",\"author\":{\"@id\":\"https:\/\/portaltela.pt\/#\/schema\/person\/c4278d4a6028830caff9ee44b42d32ed\"},\"breadcrumb\":{\"@id\":\"https:\/\/portaltela.pt\/noticias\/2026\/03\/24\/socios-condenados-a-10-e-8-anos-por-furto-de-catalisadores\/#breadcrumb\"},\"inLanguage\":\"pt-PT\",\"potentialAction\":[{\"@type\":\"ReadAction\",\"target\":[\"https:\/\/portaltela.pt\/noticias\/2026\/03\/24\/socios-condenados-a-10-e-8-anos-por-furto-de-catalisadores\/\"]}]},{\"@type\":\"ImageObject\",\"inLanguage\":\"pt-PT\",\"@id\":\"https:\/\/portaltela.pt\/noticias\/2026\/03\/24\/socios-condenados-a-10-e-8-anos-por-furto-de-catalisadores\/#primaryimage\",\"url\":\"https:\/\/portaltela.pt\/s.01k8rhncp4jt1\/2026\/03\/img_1500x1000uu2024-04-21-20-16-34-1634738.jpg\",\"contentUrl\":\"https:\/\/portaltela.pt\/s.01k8rhncp4jt1\/2026\/03\/img_1500x1000uu2024-04-21-20-16-34-1634738.jpg\",\"width\":1500,\"height\":1000,\"caption\":\"Tribunal de Coimbra\"},{\"@type\":\"BreadcrumbList\",\"@id\":\"https:\/\/portaltela.pt\/noticias\/2026\/03\/24\/socios-condenados-a-10-e-8-anos-por-furto-de-catalisadores\/#breadcrumb\",\"itemListElement\":[{\"@type\":\"ListItem\",\"position\":1,\"name\":\"In\u00edcio\",\"item\":\"https:\/\/portaltela.pt\/\"},{\"@type\":\"ListItem\",\"position\":2,\"name\":\"S\u00f3cios condenados a 10 e 8 anos por furto de catalisadores\"}]},{\"@type\":\"WebSite\",\"@id\":\"https:\/\/portaltela.pt\/#website\",\"url\":\"https:\/\/portaltela.pt\/\",\"name\":\"Portal Tela Portugal\",\"description\":\"\",\"potentialAction\":[{\"@type\":\"SearchAction\",\"target\":{\"@type\":\"EntryPoint\",\"urlTemplate\":\"https:\/\/portaltela.pt\/?s={search_term_string}\"},\"query-input\":{\"@type\":\"PropertyValueSpecification\",\"valueRequired\":true,\"valueName\":\"search_term_string\"}}],\"inLanguage\":\"pt-PT\"},{\"@type\":\"Person\",\"@id\":\"https:\/\/portaltela.pt\/#\/schema\/person\/c4278d4a6028830caff9ee44b42d32ed\",\"name\":\"Telinha\",\"image\":{\"@type\":\"ImageObject\",\"inLanguage\":\"pt-PT\",\"@id\":\"https:\/\/portaltela.pt\/s.01k8rhncp4jt1\/2025\/11\/talking-bot-125x125.png\",\"url\":\"https:\/\/portaltela.pt\/s.01k8rhncp4jt1\/2025\/11\/talking-bot-125x125.png\",\"contentUrl\":\"https:\/\/portaltela.pt\/s.01k8rhncp4jt1\/2025\/11\/talking-bot-125x125.png\",\"caption\":\"Telinha\"},\"sameAs\":[\"https:\/\/portaltela.pt\/\"],\"url\":\"https:\/\/portaltela.pt\/por\/367410592786\/\"}]}<\/script>\n<!-- \/ Yoast SEO plugin. -->","yoast_head_json":{"title":"S\u00f3cios condenados a 10 e 8 anos por furto de catalisadores - Portal Tela Portugal","robots":{"index":"index","follow":"follow","max-snippet":"max-snippet:-1","max-image-preview":"max-image-preview:large","max-video-preview":"max-video-preview:-1"},"og_locale":"pt_PT","og_type":"article","og_title":"S\u00f3cios condenados a 10 e 8 anos por furto de catalisadores - Portal Tela Portugal","og_description":"Dois homens, com 60 e 50 anos, foram condenados pelo Tribunal de Coimbra a 10 e 8 anos de pris\u00e3o, respetivamente, por furtos de catalisadores de viaturas. O crime ocorreu na regi\u00e3o de Coimbra entre 2020 e 2021, com o esquema organizado entre os dois arguidos para subtrair catalisadores e vender. Dois empres\u00e1rios foram condenados a 3,5 anos e a 4,25 anos de pris\u00e3o, suspensas na execu\u00e7\u00e3o, pelo crime de receta\u00e7\u00e3o. Nos armaz\u00e9ns usados no crime foram encontrados 17 catalisadores, avaliados em 2.375,15 euros; nas habita\u00e7\u00f5es, 23 catalisadores adicionais. Os arguidos ter\u00e3o obtido ganhos superiores a 25.600 euros mensais com a atividade il\u00edcita.","og_url":"https:\/\/portaltela.pt\/noticias\/2026\/03\/24\/socios-condenados-a-10-e-8-anos-por-furto-de-catalisadores\/","og_site_name":"Portal Tela Portugal","article_published_time":"2026-03-24T16:03:48+00:00","author":"Telinha","twitter_card":"summary_large_image","twitter_misc":{"Escrito por":"Telinha","Tempo estimado de leitura":"1 minuto"},"schema":{"@context":"https:\/\/schema.org","@graph":[{"@type":"Article","@id":"https:\/\/portaltela.pt\/noticias\/2026\/03\/24\/socios-condenados-a-10-e-8-anos-por-furto-de-catalisadores\/#article","isPartOf":{"@id":"https:\/\/portaltela.pt\/noticias\/2026\/03\/24\/socios-condenados-a-10-e-8-anos-por-furto-de-catalisadores\/"},"author":{"name":"Telinha","@id":"https:\/\/portaltela.pt\/#\/schema\/person\/c4278d4a6028830caff9ee44b42d32ed"},"headline":"S\u00f3cios condenados a 10 e 8 anos por furto de catalisadores","datePublished":"2026-03-24T16:03:48+00:00","mainEntityOfPage":{"@id":"https:\/\/portaltela.pt\/noticias\/2026\/03\/24\/socios-condenados-a-10-e-8-anos-por-furto-de-catalisadores\/"},"wordCount":172,"image":{"@id":"https:\/\/portaltela.pt\/noticias\/2026\/03\/24\/socios-condenados-a-10-e-8-anos-por-furto-de-catalisadores\/#primaryimage"},"thumbnailUrl":"https:\/\/portaltela.pt\/s.01k8rhncp4jt1\/2026\/03\/img_1500x1000uu2024-04-21-20-16-34-1634738.jpg","keywords":["Coimbra","crimes","criminalidade","delinqu\u00eancia","furto","roubo"],"articleSection":["Crime","Justi\u00e7a"],"inLanguage":"pt-PT"},{"@type":"WebPage","@id":"https:\/\/portaltela.pt\/noticias\/2026\/03\/24\/socios-condenados-a-10-e-8-anos-por-furto-de-catalisadores\/","url":"https:\/\/portaltela.pt\/noticias\/2026\/03\/24\/socios-condenados-a-10-e-8-anos-por-furto-de-catalisadores\/","name":"S\u00f3cios condenados a 10 e 8 anos por furto de catalisadores - Portal Tela Portugal","isPartOf":{"@id":"https:\/\/portaltela.pt\/#website"},"primaryImageOfPage":{"@id":"https:\/\/portaltela.pt\/noticias\/2026\/03\/24\/socios-condenados-a-10-e-8-anos-por-furto-de-catalisadores\/#primaryimage"},"image":{"@id":"https:\/\/portaltela.pt\/noticias\/2026\/03\/24\/socios-condenados-a-10-e-8-anos-por-furto-de-catalisadores\/#primaryimage"},"thumbnailUrl":"https:\/\/portaltela.pt\/s.01k8rhncp4jt1\/2026\/03\/img_1500x1000uu2024-04-21-20-16-34-1634738.jpg","datePublished":"2026-03-24T16:03:48+00:00","author":{"@id":"https:\/\/portaltela.pt\/#\/schema\/person\/c4278d4a6028830caff9ee44b42d32ed"},"breadcrumb":{"@id":"https:\/\/portaltela.pt\/noticias\/2026\/03\/24\/socios-condenados-a-10-e-8-anos-por-furto-de-catalisadores\/#breadcrumb"},"inLanguage":"pt-PT","potentialAction":[{"@type":"ReadAction","target":["https:\/\/portaltela.pt\/noticias\/2026\/03\/24\/socios-condenados-a-10-e-8-anos-por-furto-de-catalisadores\/"]}]},{"@type":"ImageObject","inLanguage":"pt-PT","@id":"https:\/\/portaltela.pt\/noticias\/2026\/03\/24\/socios-condenados-a-10-e-8-anos-por-furto-de-catalisadores\/#primaryimage","url":"https:\/\/portaltela.pt\/s.01k8rhncp4jt1\/2026\/03\/img_1500x1000uu2024-04-21-20-16-34-1634738.jpg","contentUrl":"https:\/\/portaltela.pt\/s.01k8rhncp4jt1\/2026\/03\/img_1500x1000uu2024-04-21-20-16-34-1634738.jpg","width":1500,"height":1000,"caption":"Tribunal de Coimbra"},{"@type":"BreadcrumbList","@id":"https:\/\/portaltela.pt\/noticias\/2026\/03\/24\/socios-condenados-a-10-e-8-anos-por-furto-de-catalisadores\/#breadcrumb","itemListElement":[{"@type":"ListItem","position":1,"name":"In\u00edcio","item":"https:\/\/portaltela.pt\/"},{"@type":"ListItem","position":2,"name":"S\u00f3cios condenados a 10 e 8 anos por furto de catalisadores"}]},{"@type":"WebSite","@id":"https:\/\/portaltela.pt\/#website","url":"https:\/\/portaltela.pt\/","name":"Portal Tela Portugal","description":"","potentialAction":[{"@type":"SearchAction","target":{"@type":"EntryPoint","urlTemplate":"https:\/\/portaltela.pt\/?s={search_term_string}"},"query-input":{"@type":"PropertyValueSpecification","valueRequired":true,"valueName":"search_term_string"}}],"inLanguage":"pt-PT"},{"@type":"Person","@id":"https:\/\/portaltela.pt\/#\/schema\/person\/c4278d4a6028830caff9ee44b42d32ed","name":"Telinha","image":{"@type":"ImageObject","inLanguage":"pt-PT","@id":"https:\/\/portaltela.pt\/s.01k8rhncp4jt1\/2025\/11\/talking-bot-125x125.png","url":"https:\/\/portaltela.pt\/s.01k8rhncp4jt1\/2025\/11\/talking-bot-125x125.png","contentUrl":"https:\/\/portaltela.pt\/s.01k8rhncp4jt1\/2025\/11\/talking-bot-125x125.png","caption":"Telinha"},"sameAs":["https:\/\/portaltela.pt\/"],"url":"https:\/\/portaltela.pt\/por\/367410592786\/"}]}},"_links":{"self":[{"href":"https:\/\/portaltela.pt\/api\/wp\/v2\/posts\/419783","targetHints":{"allow":["GET"]}}],"collection":[{"href":"https:\/\/portaltela.pt\/api\/wp\/v2\/posts"}],"about":[{"href":"https:\/\/portaltela.pt\/api\/wp\/v2\/types\/post"}],"author":[{"embeddable":true,"href":"https:\/\/portaltela.pt\/api\/wp\/v2\/users\/2"}],"replies":[{"embeddable":true,"href":"https:\/\/portaltela.pt\/api\/wp\/v2\/comments?post=419783"}],"version-history":[{"count":0,"href":"https:\/\/portaltela.pt\/api\/wp\/v2\/posts\/419783\/revisions"}],"wp:featuredmedia":[{"embeddable":true,"href":"https:\/\/portaltela.pt\/api\/wp\/v2\/media\/419788"}],"wp:attachment":[{"href":"https:\/\/portaltela.pt\/api\/wp\/v2\/media?parent=419783"}],"wp:term":[{"taxonomy":"category","embeddable":true,"href":"https:\/\/portaltela.pt\/api\/wp\/v2\/categories?post=419783"},{"taxonomy":"post_tag","embeddable":true,"href":"https:\/\/portaltela.pt\/api\/wp\/v2\/tags?post=419783"}],"curies":[{"name":"wp","href":"https:\/\/api.w.org\/{rel}","templated":true}]}}