{"id":419782,"date":"2026-03-24T13:10:00","date_gmt":"2026-03-24T16:10:00","guid":{"rendered":"https:\/\/portaltela.pt\/noticias\/2026\/03\/24\/manteigas-exige-punicao-ao-fc-porto-no-caso-dos-emails\/"},"modified":"2026-03-24T13:10:00","modified_gmt":"2026-03-24T16:10:00","slug":"manteigas-exige-punicao-ao-fc-porto-no-caso-dos-emails","status":"publish","type":"post","link":"https:\/\/portaltela.pt\/desporto\/futebol\/2026\/03\/24\/manteigas-exige-punicao-ao-fc-porto-no-caso-dos-emails\/","title":{"rendered":"Manteigas exige puni\u00e7\u00e3o ao FC Porto no caso dos emails"},"content":{"rendered":"<p>O advogado Jo\u00e3o Diogo Manteigas afirmou que, para al\u00e9m da decis\u00e3o jur\u00eddica, o FC Porto deve ser punido tamb\u00e9m desportivamente. A cr\u00edtica incidiu sobre o facto de o Benfica n\u00e3o ter apresentado queixa no Conselho de Disciplina.<\/p>\n<p>A antiga candidatura presidencial do Benfica explicou que o clube confiou num alegado inqu\u00e9rito disciplinar de 2017 contra o FC Porto SAD, que, segundo diz, nunca ter\u00e1 existido. O posicionamento foi partilhado numa publica\u00e7\u00e3o em LinkedIn.<\/p>\n<p>Manteigas recordou ainda que o Tribunal Constitucional condenou o FC Porto a pagar ao Benfica uma indemniza\u00e7\u00e3o de 605 mil euros, decorrente do caso dos emails. O argumento central \u00e9 que, na sua perspetiva, a puni\u00e7\u00e3o desportiva n\u00e3o est\u00e1 assegurada.<\/p>\n<p>O advogado acrescentou que existe possibilidade de prescri\u00e7\u00e3o disciplinar a favor de um clube que, na \u00f3tica dele, cometeu irregularidades. Questionou se a Federa\u00e7\u00e3o Portuguesa de Futebol e o atual presidente ter\u00e3o a coragem de responsabilizar quem prejudicou direta ou indiretamente o Benfica.<\/p>\n<p>Al\u00e9m disso, Manteigas recuou ao ano passado para referir condena\u00e7\u00f5es anteriores ligadas ao caso. Recordou que, em 2025, houve uma condena\u00e7\u00e3o com pena suspensa envolvendo indiv\u00edduos que tenham manipulado informa\u00e7\u00e3o relacionada com o Benfica.<\/p>\n<p>O tom do texto aponta para uma sugest\u00e3o: que a indemniza\u00e7\u00e3o de 605.300,90 euros possa ser, no futuro, canalizada para fins de integridade desportiva. O autor sugeriu ainda a participa\u00e7\u00e3o da Funda\u00e7\u00e3o Benfica na promo\u00e7\u00e3o de integridade e transpar\u00eancia no desporto, atrav\u00e9s de uma organiza\u00e7\u00e3o internacional.<\/p>\n","protected":false},"excerpt":{"rendered":"<ul>\n<li>O advogado Jo\u00e3o Diogo Manteigas afirmou que, para al\u00e9m da decis\u00e3o judicial, o F. C. Porto deve ser punido desportivamente e criticou o Benfica por n\u00e3o apresentar queixa no Conselho de Disciplina.<\/li>\n<li>Manteigas sustenta que o Benfica confiou num alegado inqu\u00e9rito disciplinar de 2017 contra a F. C. Porto SAD que, na pr\u00e1tica, nunca existiu.<\/li>\n<li>O advogado refere um novo processo 73-2025\/2026, aberto a 21 de mar\u00e7o de 2026, contra a F. C. Porto SAD e o seu ex-diretor de comunica\u00e7\u00e3o.<\/li>\n<li>Sobre eventual prescri\u00e7\u00e3o disciplinar, aponta que pode existir, e que a dire\u00e7\u00e3o atual da federa\u00e7\u00e3o j\u00e1 ter\u2011ia de responder, insinuando responsabiliza\u00e7\u00e3o ao clube abusador.<\/li>\n<li>O caso relacionado com os emails levou \u00e0 condena\u00e7\u00e3o do F. C. Porto a pagar ao Sport Lisboa e Benfica 605.300,90 euros, com potencial de liquida\u00e7\u00e3o de senten\u00e7a, valor que o Benfica poder\u00e1 usar conforme sugerido pelo advogado.<\/li>\n<\/ul>\n","protected":false},"author":2,"featured_media":419787,"comment_status":"closed","ping_status":"closed","sticky":false,"template":"","format":"standard","meta":{"footnotes":""},"categories":[21,24],"tags":[1946,6613,2028,32,2372,6919],"class_list":["post-419782","post","type-post","status-publish","format-standard","has-post-thumbnail","hentry","category-desporto","category-futebol","tag-benfica","tag-comissao-de-disciplina","tag-fc-porto","tag-futebol","tag-indenizacao","tag-porto-sad"],"yoast_head":"<!-- This site is optimized with the Yoast SEO plugin v27.2 - https:\/\/yoast.com\/product\/yoast-seo-wordpress\/ -->\n<title>Manteigas exige puni\u00e7\u00e3o ao FC Porto no caso dos emails - Portal Tela Portugal<\/title>\n<meta name=\"robots\" content=\"index, follow, max-snippet:-1, max-image-preview:large, max-video-preview:-1\" \/>\n<meta property=\"og:locale\" content=\"pt_PT\" \/>\n<meta property=\"og:type\" content=\"article\" \/>\n<meta property=\"og:title\" content=\"Manteigas exige puni\u00e7\u00e3o ao FC Porto no caso dos emails - Portal Tela Portugal\" \/>\n<meta property=\"og:description\" content=\"O advogado Jo\u00e3o Diogo Manteigas afirmou que, para al\u00e9m da decis\u00e3o judicial, o F. C. Porto deve ser punido desportivamente e criticou o Benfica por n\u00e3o apresentar queixa no Conselho de Disciplina. Manteigas sustenta que o Benfica confiou num alegado inqu\u00e9rito disciplinar de 2017 contra a F. C. Porto SAD que, na pr\u00e1tica, nunca existiu. O advogado refere um novo processo 73-2025\/2026, aberto a 21 de mar\u00e7o de 2026, contra a F. C. Porto SAD e o seu ex-diretor de comunica\u00e7\u00e3o. Sobre eventual prescri\u00e7\u00e3o disciplinar, aponta que pode existir, e que a dire\u00e7\u00e3o atual da federa\u00e7\u00e3o j\u00e1 ter\u2011ia de responder, insinuando responsabiliza\u00e7\u00e3o ao clube abusador. O caso relacionado com os emails levou \u00e0 condena\u00e7\u00e3o do F. C. Porto a pagar ao Sport Lisboa e Benfica 605.300,90 euros, com potencial de liquida\u00e7\u00e3o de senten\u00e7a, valor que o Benfica poder\u00e1 usar conforme sugerido pelo advogado.\" \/>\n<meta property=\"og:url\" content=\"https:\/\/portaltela.pt\/noticias\/2026\/03\/24\/manteigas-exige-punicao-ao-fc-porto-no-caso-dos-emails\/\" \/>\n<meta property=\"og:site_name\" content=\"Portal Tela Portugal\" \/>\n<meta property=\"article:published_time\" content=\"2026-03-24T16:10:00+00:00\" \/>\n<meta name=\"author\" content=\"Telinha\" \/>\n<meta name=\"twitter:card\" content=\"summary_large_image\" \/>\n<meta name=\"twitter:label1\" content=\"Escrito por\" \/>\n\t<meta name=\"twitter:data1\" content=\"Telinha\" \/>\n\t<meta name=\"twitter:label2\" content=\"Tempo estimado de leitura\" \/>\n\t<meta name=\"twitter:data2\" content=\"1 minuto\" \/>\n<script type=\"application\/ld+json\" class=\"yoast-schema-graph\">{\"@context\":\"https:\/\/schema.org\",\"@graph\":[{\"@type\":\"Article\",\"@id\":\"https:\/\/portaltela.pt\/noticias\/2026\/03\/24\/manteigas-exige-punicao-ao-fc-porto-no-caso-dos-emails\/#article\",\"isPartOf\":{\"@id\":\"https:\/\/portaltela.pt\/noticias\/2026\/03\/24\/manteigas-exige-punicao-ao-fc-porto-no-caso-dos-emails\/\"},\"author\":{\"name\":\"Telinha\",\"@id\":\"https:\/\/portaltela.pt\/#\/schema\/person\/c4278d4a6028830caff9ee44b42d32ed\"},\"headline\":\"Manteigas exige puni\u00e7\u00e3o ao FC Porto no caso dos emails\",\"datePublished\":\"2026-03-24T16:10:00+00:00\",\"mainEntityOfPage\":{\"@id\":\"https:\/\/portaltela.pt\/noticias\/2026\/03\/24\/manteigas-exige-punicao-ao-fc-porto-no-caso-dos-emails\/\"},\"wordCount\":270,\"image\":{\"@id\":\"https:\/\/portaltela.pt\/noticias\/2026\/03\/24\/manteigas-exige-punicao-ao-fc-porto-no-caso-dos-emails\/#primaryimage\"},\"thumbnailUrl\":\"https:\/\/portaltela.pt\/s.01k8rhncp4jt1\/2026\/03\/b483df53-e068-4c4a-bed6-7267b2bd5254_1200x675.jpg\",\"keywords\":[\"Benfica\",\"Comiss\u00e3o de Disciplina\",\"FC Porto\",\"futebol\",\"indeniza\u00e7\u00e3o\",\"Porto SAD\"],\"articleSection\":[\"Desporto\",\"Futebol\"],\"inLanguage\":\"pt-PT\"},{\"@type\":\"WebPage\",\"@id\":\"https:\/\/portaltela.pt\/noticias\/2026\/03\/24\/manteigas-exige-punicao-ao-fc-porto-no-caso-dos-emails\/\",\"url\":\"https:\/\/portaltela.pt\/noticias\/2026\/03\/24\/manteigas-exige-punicao-ao-fc-porto-no-caso-dos-emails\/\",\"name\":\"Manteigas exige puni\u00e7\u00e3o ao FC Porto no caso dos emails - Portal Tela Portugal\",\"isPartOf\":{\"@id\":\"https:\/\/portaltela.pt\/#website\"},\"primaryImageOfPage\":{\"@id\":\"https:\/\/portaltela.pt\/noticias\/2026\/03\/24\/manteigas-exige-punicao-ao-fc-porto-no-caso-dos-emails\/#primaryimage\"},\"image\":{\"@id\":\"https:\/\/portaltela.pt\/noticias\/2026\/03\/24\/manteigas-exige-punicao-ao-fc-porto-no-caso-dos-emails\/#primaryimage\"},\"thumbnailUrl\":\"https:\/\/portaltela.pt\/s.01k8rhncp4jt1\/2026\/03\/b483df53-e068-4c4a-bed6-7267b2bd5254_1200x675.jpg\",\"datePublished\":\"2026-03-24T16:10:00+00:00\",\"author\":{\"@id\":\"https:\/\/portaltela.pt\/#\/schema\/person\/c4278d4a6028830caff9ee44b42d32ed\"},\"breadcrumb\":{\"@id\":\"https:\/\/portaltela.pt\/noticias\/2026\/03\/24\/manteigas-exige-punicao-ao-fc-porto-no-caso-dos-emails\/#breadcrumb\"},\"inLanguage\":\"pt-PT\",\"potentialAction\":[{\"@type\":\"ReadAction\",\"target\":[\"https:\/\/portaltela.pt\/noticias\/2026\/03\/24\/manteigas-exige-punicao-ao-fc-porto-no-caso-dos-emails\/\"]}]},{\"@type\":\"ImageObject\",\"inLanguage\":\"pt-PT\",\"@id\":\"https:\/\/portaltela.pt\/noticias\/2026\/03\/24\/manteigas-exige-punicao-ao-fc-porto-no-caso-dos-emails\/#primaryimage\",\"url\":\"https:\/\/portaltela.pt\/s.01k8rhncp4jt1\/2026\/03\/b483df53-e068-4c4a-bed6-7267b2bd5254_1200x675.jpg\",\"contentUrl\":\"https:\/\/portaltela.pt\/s.01k8rhncp4jt1\/2026\/03\/b483df53-e068-4c4a-bed6-7267b2bd5254_1200x675.jpg\",\"width\":1200,\"height\":675,\"caption\":\"Jo\u00e3o Diogo Manteigas foi candidato nas \u00faltimas elei\u00e7\u00f5es do Benfica\"},{\"@type\":\"BreadcrumbList\",\"@id\":\"https:\/\/portaltela.pt\/noticias\/2026\/03\/24\/manteigas-exige-punicao-ao-fc-porto-no-caso-dos-emails\/#breadcrumb\",\"itemListElement\":[{\"@type\":\"ListItem\",\"position\":1,\"name\":\"In\u00edcio\",\"item\":\"https:\/\/portaltela.pt\/\"},{\"@type\":\"ListItem\",\"position\":2,\"name\":\"Manteigas exige puni\u00e7\u00e3o ao FC Porto no caso dos emails\"}]},{\"@type\":\"WebSite\",\"@id\":\"https:\/\/portaltela.pt\/#website\",\"url\":\"https:\/\/portaltela.pt\/\",\"name\":\"Portal Tela Portugal\",\"description\":\"\",\"potentialAction\":[{\"@type\":\"SearchAction\",\"target\":{\"@type\":\"EntryPoint\",\"urlTemplate\":\"https:\/\/portaltela.pt\/?s={search_term_string}\"},\"query-input\":{\"@type\":\"PropertyValueSpecification\",\"valueRequired\":true,\"valueName\":\"search_term_string\"}}],\"inLanguage\":\"pt-PT\"},{\"@type\":\"Person\",\"@id\":\"https:\/\/portaltela.pt\/#\/schema\/person\/c4278d4a6028830caff9ee44b42d32ed\",\"name\":\"Telinha\",\"image\":{\"@type\":\"ImageObject\",\"inLanguage\":\"pt-PT\",\"@id\":\"https:\/\/portaltela.pt\/s.01k8rhncp4jt1\/2025\/11\/talking-bot-125x125.png\",\"url\":\"https:\/\/portaltela.pt\/s.01k8rhncp4jt1\/2025\/11\/talking-bot-125x125.png\",\"contentUrl\":\"https:\/\/portaltela.pt\/s.01k8rhncp4jt1\/2025\/11\/talking-bot-125x125.png\",\"caption\":\"Telinha\"},\"sameAs\":[\"https:\/\/portaltela.pt\/\"],\"url\":\"https:\/\/portaltela.pt\/por\/367410592786\/\"}]}<\/script>\n<!-- \/ Yoast SEO plugin. -->","yoast_head_json":{"title":"Manteigas exige puni\u00e7\u00e3o ao FC Porto no caso dos emails - Portal Tela Portugal","robots":{"index":"index","follow":"follow","max-snippet":"max-snippet:-1","max-image-preview":"max-image-preview:large","max-video-preview":"max-video-preview:-1"},"og_locale":"pt_PT","og_type":"article","og_title":"Manteigas exige puni\u00e7\u00e3o ao FC Porto no caso dos emails - Portal Tela Portugal","og_description":"O advogado Jo\u00e3o Diogo Manteigas afirmou que, para al\u00e9m da decis\u00e3o judicial, o F. C. Porto deve ser punido desportivamente e criticou o Benfica por n\u00e3o apresentar queixa no Conselho de Disciplina. Manteigas sustenta que o Benfica confiou num alegado inqu\u00e9rito disciplinar de 2017 contra a F. C. Porto SAD que, na pr\u00e1tica, nunca existiu. O advogado refere um novo processo 73-2025\/2026, aberto a 21 de mar\u00e7o de 2026, contra a F. C. Porto SAD e o seu ex-diretor de comunica\u00e7\u00e3o. Sobre eventual prescri\u00e7\u00e3o disciplinar, aponta que pode existir, e que a dire\u00e7\u00e3o atual da federa\u00e7\u00e3o j\u00e1 ter\u2011ia de responder, insinuando responsabiliza\u00e7\u00e3o ao clube abusador. O caso relacionado com os emails levou \u00e0 condena\u00e7\u00e3o do F. C. Porto a pagar ao Sport Lisboa e Benfica 605.300,90 euros, com potencial de liquida\u00e7\u00e3o de senten\u00e7a, valor que o Benfica poder\u00e1 usar conforme sugerido pelo advogado.","og_url":"https:\/\/portaltela.pt\/noticias\/2026\/03\/24\/manteigas-exige-punicao-ao-fc-porto-no-caso-dos-emails\/","og_site_name":"Portal Tela Portugal","article_published_time":"2026-03-24T16:10:00+00:00","author":"Telinha","twitter_card":"summary_large_image","twitter_misc":{"Escrito por":"Telinha","Tempo estimado de leitura":"1 minuto"},"schema":{"@context":"https:\/\/schema.org","@graph":[{"@type":"Article","@id":"https:\/\/portaltela.pt\/noticias\/2026\/03\/24\/manteigas-exige-punicao-ao-fc-porto-no-caso-dos-emails\/#article","isPartOf":{"@id":"https:\/\/portaltela.pt\/noticias\/2026\/03\/24\/manteigas-exige-punicao-ao-fc-porto-no-caso-dos-emails\/"},"author":{"name":"Telinha","@id":"https:\/\/portaltela.pt\/#\/schema\/person\/c4278d4a6028830caff9ee44b42d32ed"},"headline":"Manteigas exige puni\u00e7\u00e3o ao FC Porto no caso dos emails","datePublished":"2026-03-24T16:10:00+00:00","mainEntityOfPage":{"@id":"https:\/\/portaltela.pt\/noticias\/2026\/03\/24\/manteigas-exige-punicao-ao-fc-porto-no-caso-dos-emails\/"},"wordCount":270,"image":{"@id":"https:\/\/portaltela.pt\/noticias\/2026\/03\/24\/manteigas-exige-punicao-ao-fc-porto-no-caso-dos-emails\/#primaryimage"},"thumbnailUrl":"https:\/\/portaltela.pt\/s.01k8rhncp4jt1\/2026\/03\/b483df53-e068-4c4a-bed6-7267b2bd5254_1200x675.jpg","keywords":["Benfica","Comiss\u00e3o de Disciplina","FC Porto","futebol","indeniza\u00e7\u00e3o","Porto SAD"],"articleSection":["Desporto","Futebol"],"inLanguage":"pt-PT"},{"@type":"WebPage","@id":"https:\/\/portaltela.pt\/noticias\/2026\/03\/24\/manteigas-exige-punicao-ao-fc-porto-no-caso-dos-emails\/","url":"https:\/\/portaltela.pt\/noticias\/2026\/03\/24\/manteigas-exige-punicao-ao-fc-porto-no-caso-dos-emails\/","name":"Manteigas exige puni\u00e7\u00e3o ao FC Porto no caso dos emails - Portal Tela Portugal","isPartOf":{"@id":"https:\/\/portaltela.pt\/#website"},"primaryImageOfPage":{"@id":"https:\/\/portaltela.pt\/noticias\/2026\/03\/24\/manteigas-exige-punicao-ao-fc-porto-no-caso-dos-emails\/#primaryimage"},"image":{"@id":"https:\/\/portaltela.pt\/noticias\/2026\/03\/24\/manteigas-exige-punicao-ao-fc-porto-no-caso-dos-emails\/#primaryimage"},"thumbnailUrl":"https:\/\/portaltela.pt\/s.01k8rhncp4jt1\/2026\/03\/b483df53-e068-4c4a-bed6-7267b2bd5254_1200x675.jpg","datePublished":"2026-03-24T16:10:00+00:00","author":{"@id":"https:\/\/portaltela.pt\/#\/schema\/person\/c4278d4a6028830caff9ee44b42d32ed"},"breadcrumb":{"@id":"https:\/\/portaltela.pt\/noticias\/2026\/03\/24\/manteigas-exige-punicao-ao-fc-porto-no-caso-dos-emails\/#breadcrumb"},"inLanguage":"pt-PT","potentialAction":[{"@type":"ReadAction","target":["https:\/\/portaltela.pt\/noticias\/2026\/03\/24\/manteigas-exige-punicao-ao-fc-porto-no-caso-dos-emails\/"]}]},{"@type":"ImageObject","inLanguage":"pt-PT","@id":"https:\/\/portaltela.pt\/noticias\/2026\/03\/24\/manteigas-exige-punicao-ao-fc-porto-no-caso-dos-emails\/#primaryimage","url":"https:\/\/portaltela.pt\/s.01k8rhncp4jt1\/2026\/03\/b483df53-e068-4c4a-bed6-7267b2bd5254_1200x675.jpg","contentUrl":"https:\/\/portaltela.pt\/s.01k8rhncp4jt1\/2026\/03\/b483df53-e068-4c4a-bed6-7267b2bd5254_1200x675.jpg","width":1200,"height":675,"caption":"Jo\u00e3o Diogo Manteigas foi candidato nas \u00faltimas elei\u00e7\u00f5es do Benfica"},{"@type":"BreadcrumbList","@id":"https:\/\/portaltela.pt\/noticias\/2026\/03\/24\/manteigas-exige-punicao-ao-fc-porto-no-caso-dos-emails\/#breadcrumb","itemListElement":[{"@type":"ListItem","position":1,"name":"In\u00edcio","item":"https:\/\/portaltela.pt\/"},{"@type":"ListItem","position":2,"name":"Manteigas exige puni\u00e7\u00e3o ao FC Porto no caso dos emails"}]},{"@type":"WebSite","@id":"https:\/\/portaltela.pt\/#website","url":"https:\/\/portaltela.pt\/","name":"Portal Tela Portugal","description":"","potentialAction":[{"@type":"SearchAction","target":{"@type":"EntryPoint","urlTemplate":"https:\/\/portaltela.pt\/?s={search_term_string}"},"query-input":{"@type":"PropertyValueSpecification","valueRequired":true,"valueName":"search_term_string"}}],"inLanguage":"pt-PT"},{"@type":"Person","@id":"https:\/\/portaltela.pt\/#\/schema\/person\/c4278d4a6028830caff9ee44b42d32ed","name":"Telinha","image":{"@type":"ImageObject","inLanguage":"pt-PT","@id":"https:\/\/portaltela.pt\/s.01k8rhncp4jt1\/2025\/11\/talking-bot-125x125.png","url":"https:\/\/portaltela.pt\/s.01k8rhncp4jt1\/2025\/11\/talking-bot-125x125.png","contentUrl":"https:\/\/portaltela.pt\/s.01k8rhncp4jt1\/2025\/11\/talking-bot-125x125.png","caption":"Telinha"},"sameAs":["https:\/\/portaltela.pt\/"],"url":"https:\/\/portaltela.pt\/por\/367410592786\/"}]}},"_links":{"self":[{"href":"https:\/\/portaltela.pt\/api\/wp\/v2\/posts\/419782","targetHints":{"allow":["GET"]}}],"collection":[{"href":"https:\/\/portaltela.pt\/api\/wp\/v2\/posts"}],"about":[{"href":"https:\/\/portaltela.pt\/api\/wp\/v2\/types\/post"}],"author":[{"embeddable":true,"href":"https:\/\/portaltela.pt\/api\/wp\/v2\/users\/2"}],"replies":[{"embeddable":true,"href":"https:\/\/portaltela.pt\/api\/wp\/v2\/comments?post=419782"}],"version-history":[{"count":0,"href":"https:\/\/portaltela.pt\/api\/wp\/v2\/posts\/419782\/revisions"}],"wp:featuredmedia":[{"embeddable":true,"href":"https:\/\/portaltela.pt\/api\/wp\/v2\/media\/419787"}],"wp:attachment":[{"href":"https:\/\/portaltela.pt\/api\/wp\/v2\/media?parent=419782"}],"wp:term":[{"taxonomy":"category","embeddable":true,"href":"https:\/\/portaltela.pt\/api\/wp\/v2\/categories?post=419782"},{"taxonomy":"post_tag","embeddable":true,"href":"https:\/\/portaltela.pt\/api\/wp\/v2\/tags?post=419782"}],"curies":[{"name":"wp","href":"https:\/\/api.w.org\/{rel}","templated":true}]}}