{"id":419780,"date":"2026-03-24T13:01:13","date_gmt":"2026-03-24T16:01:13","guid":{"rendered":"https:\/\/portaltela.pt\/noticias\/2026\/03\/24\/separada-de-vito-sonia-jesus-afirma-que-o-amor-nunca-acabara\/"},"modified":"2026-03-24T13:01:13","modified_gmt":"2026-03-24T16:01:13","slug":"separada-de-vito-sonia-jesus-afirma-que-o-amor-nunca-acabara","status":"publish","type":"post","link":"https:\/\/portaltela.pt\/celebridades\/2026\/03\/24\/separada-de-vito-sonia-jesus-afirma-que-o-amor-nunca-acabara\/","title":{"rendered":"Separada de Vit\u00f3, S\u00f3nia Jesus afirma que o amor nunca acabar\u00e1"},"content":{"rendered":"<p>S\u00f3nia Jesus e Vit\u00f3, conhecido como V\u00edtor Soares, separaram-se ap\u00f3s 15 anos de rela\u00e7\u00e3o, j\u00e1 com o casamento a ser preparado. A empres\u00e1ria afirmou que o amor entre os dois n\u00e3o vai terminar, apesar da separa\u00e7\u00e3o.<\/p>\n<p>A separa\u00e7\u00e3o foi descrita como dif\u00edcil pela ex-concorrente do Big Brother 2020. Em entrevista ao programa Dois \u00e0s 10, da TVI, S\u00f3nia explicou que n\u00e3o foi algo imediato e que a vida pode parecer um reality show sem c\u00e2maras, exigindo decis\u00f5es para n\u00e3o magoar ningu\u00e9m, especialmente os filhos.<\/p>\n<p>A not\u00edcia \u00e9 de que, atualmente, mant\u00e9m-se uma rela\u00e7\u00e3o de respeito e cordialidade. S\u00f3nia revelou que, se precisar de algo, contacta Vit\u00f3 e ele faz o mesmo, refor\u00e7ando a exist\u00eancia de uma linha de comunica\u00e7\u00e3o aberta.<\/p>\n<p>O programa que a entrevista integrou questionou se o amor acabou. A resposta foi que nunca acaba, dado o tempo partilhado, os tr\u00eas filhos e a hist\u00f3ria em comum. A artista reiterou o desejo de evitar conflitos.<\/p>\n<p>A apresentadora Cristina Ferreira ainda interpelou se uma poss\u00edvel entrada de outra pessoa poderia alterar a vis\u00e3o. A resposta foi que o amor, o respeito e o cuidado continuam presentes, mantendo-se uma rela\u00e7\u00e3o pac\u00edfica entre ambos.<\/p>\n<h3>Rela\u00e7\u00e3o atual e projectos<\/h3>\n<p>A entrevista situou a separa\u00e7\u00e3o no contexto de uma conviv\u00eancia respeitosa, sem guerra entre as partes. S\u00f3nia destacou que o foco permanece nos filhos e nos projetos profissionais que desenvolve.<\/p>\n","protected":false},"excerpt":{"rendered":"<ul>\n<li>S\u00f3nia Jesus e Vit\u00f3 separaram-se ap\u00f3s quinze anos de rela\u00e7\u00e3o, com o casamento em prepara\u00e7\u00e3o.<\/li>\n<li>A empres\u00e1ria admite que a separa\u00e7\u00e3o foi dif\u00edcil e que n\u00e3o ocorreu de um dia para o outro.<\/li>\n<li>Atualmente mant\u00eam uma rela\u00e7\u00e3o de respeito e cordialidade, e podem contactar-se se precisam de algo.<\/li>\n<li>Questionada sobre se o amor acabou, S\u00f3nia garante que nunca vai acabar, lembrando que t\u00eam tr\u00eas filhos.<\/li>\n<li>Diz ainda que, se surgisse algu\u00e9m na vida de um deles, o amor, o respeito e o carinho permaneceriam, sem guerra entre ambos.<\/li>\n<\/ul>\n","protected":false},"author":2,"featured_media":419781,"comment_status":"closed","ping_status":"closed","sticky":false,"template":"","format":"standard","meta":{"footnotes":""},"categories":[6675],"tags":[76,75,64,132,5661,1196],"class_list":["post-419780","post","type-post","status-publish","format-standard","has-post-thumbnail","hentry","category-celebridades","tag-celebridades","tag-convivencia","tag-familia","tag-filhos","tag-pessoas-publicas","tag-vida-privada"],"yoast_head":"<!-- This site is optimized with the Yoast SEO plugin v27.2 - https:\/\/yoast.com\/product\/yoast-seo-wordpress\/ -->\n<title>Separada de Vit\u00f3, S\u00f3nia Jesus afirma que o amor nunca acabar\u00e1 - Portal Tela Portugal<\/title>\n<meta name=\"robots\" content=\"index, follow, max-snippet:-1, max-image-preview:large, max-video-preview:-1\" \/>\n<meta property=\"og:locale\" content=\"pt_PT\" \/>\n<meta property=\"og:type\" content=\"article\" \/>\n<meta property=\"og:title\" content=\"Separada de Vit\u00f3, S\u00f3nia Jesus afirma que o amor nunca acabar\u00e1 - Portal Tela Portugal\" \/>\n<meta property=\"og:description\" content=\"S\u00f3nia Jesus e Vit\u00f3 separaram-se ap\u00f3s quinze anos de rela\u00e7\u00e3o, com o casamento em prepara\u00e7\u00e3o. A empres\u00e1ria admite que a separa\u00e7\u00e3o foi dif\u00edcil e que n\u00e3o ocorreu de um dia para o outro. Atualmente mant\u00eam uma rela\u00e7\u00e3o de respeito e cordialidade, e podem contactar-se se precisam de algo. Questionada sobre se o amor acabou, S\u00f3nia garante que nunca vai acabar, lembrando que t\u00eam tr\u00eas filhos. Diz ainda que, se surgisse algu\u00e9m na vida de um deles, o amor, o respeito e o carinho permaneceriam, sem guerra entre ambos.\" \/>\n<meta property=\"og:url\" content=\"https:\/\/portaltela.pt\/noticias\/2026\/03\/24\/separada-de-vito-sonia-jesus-afirma-que-o-amor-nunca-acabara\/\" \/>\n<meta property=\"og:site_name\" content=\"Portal Tela Portugal\" \/>\n<meta property=\"article:published_time\" content=\"2026-03-24T16:01:13+00:00\" \/>\n<meta name=\"author\" content=\"Telinha\" \/>\n<meta name=\"twitter:card\" content=\"summary_large_image\" \/>\n<meta name=\"twitter:label1\" content=\"Escrito por\" \/>\n\t<meta name=\"twitter:data1\" content=\"Telinha\" \/>\n\t<meta name=\"twitter:label2\" content=\"Tempo estimado de leitura\" \/>\n\t<meta name=\"twitter:data2\" content=\"1 minuto\" \/>\n<script type=\"application\/ld+json\" class=\"yoast-schema-graph\">{\"@context\":\"https:\/\/schema.org\",\"@graph\":[{\"@type\":\"Article\",\"@id\":\"https:\/\/portaltela.pt\/noticias\/2026\/03\/24\/separada-de-vito-sonia-jesus-afirma-que-o-amor-nunca-acabara\/#article\",\"isPartOf\":{\"@id\":\"https:\/\/portaltela.pt\/noticias\/2026\/03\/24\/separada-de-vito-sonia-jesus-afirma-que-o-amor-nunca-acabara\/\"},\"author\":{\"name\":\"Telinha\",\"@id\":\"https:\/\/portaltela.pt\/#\/schema\/person\/c4278d4a6028830caff9ee44b42d32ed\"},\"headline\":\"Separada de Vit\u00f3, S\u00f3nia Jesus afirma que o amor nunca acabar\u00e1\",\"datePublished\":\"2026-03-24T16:01:13+00:00\",\"mainEntityOfPage\":{\"@id\":\"https:\/\/portaltela.pt\/noticias\/2026\/03\/24\/separada-de-vito-sonia-jesus-afirma-que-o-amor-nunca-acabara\/\"},\"wordCount\":267,\"image\":{\"@id\":\"https:\/\/portaltela.pt\/noticias\/2026\/03\/24\/separada-de-vito-sonia-jesus-afirma-que-o-amor-nunca-acabara\/#primaryimage\"},\"thumbnailUrl\":\"https:\/\/portaltela.pt\/s.01k8rhncp4jt1\/2026\/03\/img_1500x1000uu2023-05-29-10-52-53-1359942.jpg\",\"keywords\":[\"celebridades\",\"conviv\u00eancia\",\"fam\u00edlia\",\"filhos\",\"pessoas p\u00fablicas\",\"Vida Privada\"],\"articleSection\":[\"Celebridades\"],\"inLanguage\":\"pt-PT\"},{\"@type\":\"WebPage\",\"@id\":\"https:\/\/portaltela.pt\/noticias\/2026\/03\/24\/separada-de-vito-sonia-jesus-afirma-que-o-amor-nunca-acabara\/\",\"url\":\"https:\/\/portaltela.pt\/noticias\/2026\/03\/24\/separada-de-vito-sonia-jesus-afirma-que-o-amor-nunca-acabara\/\",\"name\":\"Separada de Vit\u00f3, S\u00f3nia Jesus afirma que o amor nunca acabar\u00e1 - Portal Tela Portugal\",\"isPartOf\":{\"@id\":\"https:\/\/portaltela.pt\/#website\"},\"primaryImageOfPage\":{\"@id\":\"https:\/\/portaltela.pt\/noticias\/2026\/03\/24\/separada-de-vito-sonia-jesus-afirma-que-o-amor-nunca-acabara\/#primaryimage\"},\"image\":{\"@id\":\"https:\/\/portaltela.pt\/noticias\/2026\/03\/24\/separada-de-vito-sonia-jesus-afirma-que-o-amor-nunca-acabara\/#primaryimage\"},\"thumbnailUrl\":\"https:\/\/portaltela.pt\/s.01k8rhncp4jt1\/2026\/03\/img_1500x1000uu2023-05-29-10-52-53-1359942.jpg\",\"datePublished\":\"2026-03-24T16:01:13+00:00\",\"author\":{\"@id\":\"https:\/\/portaltela.pt\/#\/schema\/person\/c4278d4a6028830caff9ee44b42d32ed\"},\"breadcrumb\":{\"@id\":\"https:\/\/portaltela.pt\/noticias\/2026\/03\/24\/separada-de-vito-sonia-jesus-afirma-que-o-amor-nunca-acabara\/#breadcrumb\"},\"inLanguage\":\"pt-PT\",\"potentialAction\":[{\"@type\":\"ReadAction\",\"target\":[\"https:\/\/portaltela.pt\/noticias\/2026\/03\/24\/separada-de-vito-sonia-jesus-afirma-que-o-amor-nunca-acabara\/\"]}]},{\"@type\":\"ImageObject\",\"inLanguage\":\"pt-PT\",\"@id\":\"https:\/\/portaltela.pt\/noticias\/2026\/03\/24\/separada-de-vito-sonia-jesus-afirma-que-o-amor-nunca-acabara\/#primaryimage\",\"url\":\"https:\/\/portaltela.pt\/s.01k8rhncp4jt1\/2026\/03\/img_1500x1000uu2023-05-29-10-52-53-1359942.jpg\",\"contentUrl\":\"https:\/\/portaltela.pt\/s.01k8rhncp4jt1\/2026\/03\/img_1500x1000uu2023-05-29-10-52-53-1359942.jpg\",\"width\":796,\"height\":448,\"caption\":\"S\u00f3nia Jesus e Vit\u00f3\"},{\"@type\":\"BreadcrumbList\",\"@id\":\"https:\/\/portaltela.pt\/noticias\/2026\/03\/24\/separada-de-vito-sonia-jesus-afirma-que-o-amor-nunca-acabara\/#breadcrumb\",\"itemListElement\":[{\"@type\":\"ListItem\",\"position\":1,\"name\":\"In\u00edcio\",\"item\":\"https:\/\/portaltela.pt\/\"},{\"@type\":\"ListItem\",\"position\":2,\"name\":\"Separada de Vit\u00f3, S\u00f3nia Jesus afirma que o amor nunca acabar\u00e1\"}]},{\"@type\":\"WebSite\",\"@id\":\"https:\/\/portaltela.pt\/#website\",\"url\":\"https:\/\/portaltela.pt\/\",\"name\":\"Portal Tela Portugal\",\"description\":\"\",\"potentialAction\":[{\"@type\":\"SearchAction\",\"target\":{\"@type\":\"EntryPoint\",\"urlTemplate\":\"https:\/\/portaltela.pt\/?s={search_term_string}\"},\"query-input\":{\"@type\":\"PropertyValueSpecification\",\"valueRequired\":true,\"valueName\":\"search_term_string\"}}],\"inLanguage\":\"pt-PT\"},{\"@type\":\"Person\",\"@id\":\"https:\/\/portaltela.pt\/#\/schema\/person\/c4278d4a6028830caff9ee44b42d32ed\",\"name\":\"Telinha\",\"image\":{\"@type\":\"ImageObject\",\"inLanguage\":\"pt-PT\",\"@id\":\"https:\/\/portaltela.pt\/s.01k8rhncp4jt1\/2025\/11\/talking-bot-125x125.png\",\"url\":\"https:\/\/portaltela.pt\/s.01k8rhncp4jt1\/2025\/11\/talking-bot-125x125.png\",\"contentUrl\":\"https:\/\/portaltela.pt\/s.01k8rhncp4jt1\/2025\/11\/talking-bot-125x125.png\",\"caption\":\"Telinha\"},\"sameAs\":[\"https:\/\/portaltela.pt\/\"],\"url\":\"https:\/\/portaltela.pt\/por\/367410592786\/\"}]}<\/script>\n<!-- \/ Yoast SEO plugin. -->","yoast_head_json":{"title":"Separada de Vit\u00f3, S\u00f3nia Jesus afirma que o amor nunca acabar\u00e1 - Portal Tela Portugal","robots":{"index":"index","follow":"follow","max-snippet":"max-snippet:-1","max-image-preview":"max-image-preview:large","max-video-preview":"max-video-preview:-1"},"og_locale":"pt_PT","og_type":"article","og_title":"Separada de Vit\u00f3, S\u00f3nia Jesus afirma que o amor nunca acabar\u00e1 - Portal Tela Portugal","og_description":"S\u00f3nia Jesus e Vit\u00f3 separaram-se ap\u00f3s quinze anos de rela\u00e7\u00e3o, com o casamento em prepara\u00e7\u00e3o. A empres\u00e1ria admite que a separa\u00e7\u00e3o foi dif\u00edcil e que n\u00e3o ocorreu de um dia para o outro. Atualmente mant\u00eam uma rela\u00e7\u00e3o de respeito e cordialidade, e podem contactar-se se precisam de algo. Questionada sobre se o amor acabou, S\u00f3nia garante que nunca vai acabar, lembrando que t\u00eam tr\u00eas filhos. Diz ainda que, se surgisse algu\u00e9m na vida de um deles, o amor, o respeito e o carinho permaneceriam, sem guerra entre ambos.","og_url":"https:\/\/portaltela.pt\/noticias\/2026\/03\/24\/separada-de-vito-sonia-jesus-afirma-que-o-amor-nunca-acabara\/","og_site_name":"Portal Tela Portugal","article_published_time":"2026-03-24T16:01:13+00:00","author":"Telinha","twitter_card":"summary_large_image","twitter_misc":{"Escrito por":"Telinha","Tempo estimado de leitura":"1 minuto"},"schema":{"@context":"https:\/\/schema.org","@graph":[{"@type":"Article","@id":"https:\/\/portaltela.pt\/noticias\/2026\/03\/24\/separada-de-vito-sonia-jesus-afirma-que-o-amor-nunca-acabara\/#article","isPartOf":{"@id":"https:\/\/portaltela.pt\/noticias\/2026\/03\/24\/separada-de-vito-sonia-jesus-afirma-que-o-amor-nunca-acabara\/"},"author":{"name":"Telinha","@id":"https:\/\/portaltela.pt\/#\/schema\/person\/c4278d4a6028830caff9ee44b42d32ed"},"headline":"Separada de Vit\u00f3, S\u00f3nia Jesus afirma que o amor nunca acabar\u00e1","datePublished":"2026-03-24T16:01:13+00:00","mainEntityOfPage":{"@id":"https:\/\/portaltela.pt\/noticias\/2026\/03\/24\/separada-de-vito-sonia-jesus-afirma-que-o-amor-nunca-acabara\/"},"wordCount":267,"image":{"@id":"https:\/\/portaltela.pt\/noticias\/2026\/03\/24\/separada-de-vito-sonia-jesus-afirma-que-o-amor-nunca-acabara\/#primaryimage"},"thumbnailUrl":"https:\/\/portaltela.pt\/s.01k8rhncp4jt1\/2026\/03\/img_1500x1000uu2023-05-29-10-52-53-1359942.jpg","keywords":["celebridades","conviv\u00eancia","fam\u00edlia","filhos","pessoas p\u00fablicas","Vida Privada"],"articleSection":["Celebridades"],"inLanguage":"pt-PT"},{"@type":"WebPage","@id":"https:\/\/portaltela.pt\/noticias\/2026\/03\/24\/separada-de-vito-sonia-jesus-afirma-que-o-amor-nunca-acabara\/","url":"https:\/\/portaltela.pt\/noticias\/2026\/03\/24\/separada-de-vito-sonia-jesus-afirma-que-o-amor-nunca-acabara\/","name":"Separada de Vit\u00f3, S\u00f3nia Jesus afirma que o amor nunca acabar\u00e1 - Portal Tela Portugal","isPartOf":{"@id":"https:\/\/portaltela.pt\/#website"},"primaryImageOfPage":{"@id":"https:\/\/portaltela.pt\/noticias\/2026\/03\/24\/separada-de-vito-sonia-jesus-afirma-que-o-amor-nunca-acabara\/#primaryimage"},"image":{"@id":"https:\/\/portaltela.pt\/noticias\/2026\/03\/24\/separada-de-vito-sonia-jesus-afirma-que-o-amor-nunca-acabara\/#primaryimage"},"thumbnailUrl":"https:\/\/portaltela.pt\/s.01k8rhncp4jt1\/2026\/03\/img_1500x1000uu2023-05-29-10-52-53-1359942.jpg","datePublished":"2026-03-24T16:01:13+00:00","author":{"@id":"https:\/\/portaltela.pt\/#\/schema\/person\/c4278d4a6028830caff9ee44b42d32ed"},"breadcrumb":{"@id":"https:\/\/portaltela.pt\/noticias\/2026\/03\/24\/separada-de-vito-sonia-jesus-afirma-que-o-amor-nunca-acabara\/#breadcrumb"},"inLanguage":"pt-PT","potentialAction":[{"@type":"ReadAction","target":["https:\/\/portaltela.pt\/noticias\/2026\/03\/24\/separada-de-vito-sonia-jesus-afirma-que-o-amor-nunca-acabara\/"]}]},{"@type":"ImageObject","inLanguage":"pt-PT","@id":"https:\/\/portaltela.pt\/noticias\/2026\/03\/24\/separada-de-vito-sonia-jesus-afirma-que-o-amor-nunca-acabara\/#primaryimage","url":"https:\/\/portaltela.pt\/s.01k8rhncp4jt1\/2026\/03\/img_1500x1000uu2023-05-29-10-52-53-1359942.jpg","contentUrl":"https:\/\/portaltela.pt\/s.01k8rhncp4jt1\/2026\/03\/img_1500x1000uu2023-05-29-10-52-53-1359942.jpg","width":796,"height":448,"caption":"S\u00f3nia Jesus e Vit\u00f3"},{"@type":"BreadcrumbList","@id":"https:\/\/portaltela.pt\/noticias\/2026\/03\/24\/separada-de-vito-sonia-jesus-afirma-que-o-amor-nunca-acabara\/#breadcrumb","itemListElement":[{"@type":"ListItem","position":1,"name":"In\u00edcio","item":"https:\/\/portaltela.pt\/"},{"@type":"ListItem","position":2,"name":"Separada de Vit\u00f3, S\u00f3nia Jesus afirma que o amor nunca acabar\u00e1"}]},{"@type":"WebSite","@id":"https:\/\/portaltela.pt\/#website","url":"https:\/\/portaltela.pt\/","name":"Portal Tela Portugal","description":"","potentialAction":[{"@type":"SearchAction","target":{"@type":"EntryPoint","urlTemplate":"https:\/\/portaltela.pt\/?s={search_term_string}"},"query-input":{"@type":"PropertyValueSpecification","valueRequired":true,"valueName":"search_term_string"}}],"inLanguage":"pt-PT"},{"@type":"Person","@id":"https:\/\/portaltela.pt\/#\/schema\/person\/c4278d4a6028830caff9ee44b42d32ed","name":"Telinha","image":{"@type":"ImageObject","inLanguage":"pt-PT","@id":"https:\/\/portaltela.pt\/s.01k8rhncp4jt1\/2025\/11\/talking-bot-125x125.png","url":"https:\/\/portaltela.pt\/s.01k8rhncp4jt1\/2025\/11\/talking-bot-125x125.png","contentUrl":"https:\/\/portaltela.pt\/s.01k8rhncp4jt1\/2025\/11\/talking-bot-125x125.png","caption":"Telinha"},"sameAs":["https:\/\/portaltela.pt\/"],"url":"https:\/\/portaltela.pt\/por\/367410592786\/"}]}},"_links":{"self":[{"href":"https:\/\/portaltela.pt\/api\/wp\/v2\/posts\/419780","targetHints":{"allow":["GET"]}}],"collection":[{"href":"https:\/\/portaltela.pt\/api\/wp\/v2\/posts"}],"about":[{"href":"https:\/\/portaltela.pt\/api\/wp\/v2\/types\/post"}],"author":[{"embeddable":true,"href":"https:\/\/portaltela.pt\/api\/wp\/v2\/users\/2"}],"replies":[{"embeddable":true,"href":"https:\/\/portaltela.pt\/api\/wp\/v2\/comments?post=419780"}],"version-history":[{"count":0,"href":"https:\/\/portaltela.pt\/api\/wp\/v2\/posts\/419780\/revisions"}],"wp:featuredmedia":[{"embeddable":true,"href":"https:\/\/portaltela.pt\/api\/wp\/v2\/media\/419781"}],"wp:attachment":[{"href":"https:\/\/portaltela.pt\/api\/wp\/v2\/media?parent=419780"}],"wp:term":[{"taxonomy":"category","embeddable":true,"href":"https:\/\/portaltela.pt\/api\/wp\/v2\/categories?post=419780"},{"taxonomy":"post_tag","embeddable":true,"href":"https:\/\/portaltela.pt\/api\/wp\/v2\/tags?post=419780"}],"curies":[{"name":"wp","href":"https:\/\/api.w.org\/{rel}","templated":true}]}}