{"id":419776,"date":"2026-03-24T13:00:15","date_gmt":"2026-03-24T16:00:15","guid":{"rendered":"https:\/\/portaltela.pt\/noticias\/2026\/03\/24\/suspeito-de-violencia-domestica-em-sor-internado-em-hospital-psiquiatrico\/"},"modified":"2026-03-24T13:00:15","modified_gmt":"2026-03-24T16:00:15","slug":"suspeito-de-violencia-domestica-em-sor-internado-em-hospital-psiquiatrico","status":"publish","type":"post","link":"https:\/\/portaltela.pt\/justica\/2026\/03\/24\/suspeito-de-violencia-domestica-em-sor-internado-em-hospital-psiquiatrico\/","title":{"rendered":"Suspeito de viol\u00eancia dom\u00e9stica em Sor internado em hospital psiqui\u00e1trico"},"content":{"rendered":"<p>Um homem suspeito de viol\u00eancia dom\u00e9stica foi detido em Ponte de Sor, fora de flagrante.<\/p>\n<p>Foi apresentado a um juiz na segunda-feira para o primeiro interrogat\u00f3rio judicial.<\/p>\n<p>Ao tribunal, foi-lhe decretado o internamento preventivo num hospital psiqui\u00e1trico ou num estabelecimento equivalente adequado.<\/p>\n<p>O Minist\u00e9rio P\u00fablico de Ponte de Sor indica que o crime \u00e9 viol\u00eancia dom\u00e9stica praticada contra a esposa, com agress\u00f5es f\u00edsicas e psicol\u00f3gicas.<\/p>\n<p>O MP acrescenta ainda que o arguido apresentava depend\u00eancia de bebidas alco\u00f3licas.<\/p>\n","protected":false},"excerpt":{"rendered":"<ul>\n<li>Um homem suspeito de viol\u00eancia dom\u00e9stica foi detido fora de flagrante delito em Ponte de Sor.<\/li>\n<li>Apresentou-se ao juiz na segunda-feira para o primeiro interrogat\u00f3rio judicial.<\/li>\n<li>O juiz decretou o internamento preventivo em hospital psiqui\u00e1trico ou estabelecimento an\u00e1logo adequado.<\/li>\n<li>O Minist\u00e9rio P\u00fablico indica que o arguido cometeu viol\u00eancia dom\u00e9stica contra a mulher, com agress\u00f5es f\u00edsicas e psicol\u00f3gicas.<\/li>\n<li>Segundo o MP, o homem tinha depend\u00eancia de bebidas alco\u00f3licas.<\/li>\n<\/ul>\n","protected":false},"author":2,"featured_media":419779,"comment_status":"closed","ping_status":"closed","sticky":false,"template":"","format":"standard","meta":{"footnotes":""},"categories":[6907,6815],"tags":[2079,3312,633,939,214],"class_list":["post-419776","post","type-post","status-publish","format-standard","has-post-thumbnail","hentry","category-crime","category-justica","tag-agressoes","tag-bebidas-alcoolicas","tag-hospital","tag-violencia","tag-violencia-domestica"],"yoast_head":"<!-- This site is optimized with the Yoast SEO plugin v27.2 - https:\/\/yoast.com\/product\/yoast-seo-wordpress\/ -->\n<title>Suspeito de viol\u00eancia dom\u00e9stica em Sor internado em hospital psiqui\u00e1trico - Portal Tela Portugal<\/title>\n<meta name=\"robots\" content=\"index, follow, max-snippet:-1, max-image-preview:large, max-video-preview:-1\" \/>\n<meta property=\"og:locale\" content=\"pt_PT\" \/>\n<meta property=\"og:type\" content=\"article\" \/>\n<meta property=\"og:title\" content=\"Suspeito de viol\u00eancia dom\u00e9stica em Sor internado em hospital psiqui\u00e1trico - Portal Tela Portugal\" \/>\n<meta property=\"og:description\" content=\"Um homem suspeito de viol\u00eancia dom\u00e9stica foi detido fora de flagrante delito em Ponte de Sor. Apresentou-se ao juiz na segunda-feira para o primeiro interrogat\u00f3rio judicial. O juiz decretou o internamento preventivo em hospital psiqui\u00e1trico ou estabelecimento an\u00e1logo adequado. O Minist\u00e9rio P\u00fablico indica que o arguido cometeu viol\u00eancia dom\u00e9stica contra a mulher, com agress\u00f5es f\u00edsicas e psicol\u00f3gicas. Segundo o MP, o homem tinha depend\u00eancia de bebidas alco\u00f3licas.\" \/>\n<meta property=\"og:url\" content=\"https:\/\/portaltela.pt\/noticias\/2026\/03\/24\/suspeito-de-violencia-domestica-em-sor-internado-em-hospital-psiquiatrico\/\" \/>\n<meta property=\"og:site_name\" content=\"Portal Tela Portugal\" \/>\n<meta property=\"article:published_time\" content=\"2026-03-24T16:00:15+00:00\" \/>\n<meta name=\"author\" content=\"Telinha\" \/>\n<meta name=\"twitter:card\" content=\"summary_large_image\" \/>\n<meta name=\"twitter:label1\" content=\"Escrito por\" \/>\n\t<meta name=\"twitter:data1\" content=\"Telinha\" \/>\n<script type=\"application\/ld+json\" class=\"yoast-schema-graph\">{\"@context\":\"https:\/\/schema.org\",\"@graph\":[{\"@type\":\"Article\",\"@id\":\"https:\/\/portaltela.pt\/noticias\/2026\/03\/24\/suspeito-de-violencia-domestica-em-sor-internado-em-hospital-psiquiatrico\/#article\",\"isPartOf\":{\"@id\":\"https:\/\/portaltela.pt\/noticias\/2026\/03\/24\/suspeito-de-violencia-domestica-em-sor-internado-em-hospital-psiquiatrico\/\"},\"author\":{\"name\":\"Telinha\",\"@id\":\"https:\/\/portaltela.pt\/#\/schema\/person\/c4278d4a6028830caff9ee44b42d32ed\"},\"headline\":\"Suspeito de viol\u00eancia dom\u00e9stica em Sor internado em hospital psiqui\u00e1trico\",\"datePublished\":\"2026-03-24T16:00:15+00:00\",\"mainEntityOfPage\":{\"@id\":\"https:\/\/portaltela.pt\/noticias\/2026\/03\/24\/suspeito-de-violencia-domestica-em-sor-internado-em-hospital-psiquiatrico\/\"},\"wordCount\":102,\"image\":{\"@id\":\"https:\/\/portaltela.pt\/noticias\/2026\/03\/24\/suspeito-de-violencia-domestica-em-sor-internado-em-hospital-psiquiatrico\/#primaryimage\"},\"thumbnailUrl\":\"https:\/\/portaltela.pt\/s.01k8rhncp4jt1\/2026\/03\/img_1500x1000uu2026-03-02-19-05-49-2269979.jpg\",\"keywords\":[\"agress\u00f5es\",\"bebidas alco\u00f3licas\",\"hospital\",\"viol\u00eancia\",\"viol\u00eancia dom\u00e9stica\"],\"articleSection\":[\"Crime\",\"Justi\u00e7a\"],\"inLanguage\":\"pt-PT\"},{\"@type\":\"WebPage\",\"@id\":\"https:\/\/portaltela.pt\/noticias\/2026\/03\/24\/suspeito-de-violencia-domestica-em-sor-internado-em-hospital-psiquiatrico\/\",\"url\":\"https:\/\/portaltela.pt\/noticias\/2026\/03\/24\/suspeito-de-violencia-domestica-em-sor-internado-em-hospital-psiquiatrico\/\",\"name\":\"Suspeito de viol\u00eancia dom\u00e9stica em Sor internado em hospital psiqui\u00e1trico - Portal Tela Portugal\",\"isPartOf\":{\"@id\":\"https:\/\/portaltela.pt\/#website\"},\"primaryImageOfPage\":{\"@id\":\"https:\/\/portaltela.pt\/noticias\/2026\/03\/24\/suspeito-de-violencia-domestica-em-sor-internado-em-hospital-psiquiatrico\/#primaryimage\"},\"image\":{\"@id\":\"https:\/\/portaltela.pt\/noticias\/2026\/03\/24\/suspeito-de-violencia-domestica-em-sor-internado-em-hospital-psiquiatrico\/#primaryimage\"},\"thumbnailUrl\":\"https:\/\/portaltela.pt\/s.01k8rhncp4jt1\/2026\/03\/img_1500x1000uu2026-03-02-19-05-49-2269979.jpg\",\"datePublished\":\"2026-03-24T16:00:15+00:00\",\"author\":{\"@id\":\"https:\/\/portaltela.pt\/#\/schema\/person\/c4278d4a6028830caff9ee44b42d32ed\"},\"breadcrumb\":{\"@id\":\"https:\/\/portaltela.pt\/noticias\/2026\/03\/24\/suspeito-de-violencia-domestica-em-sor-internado-em-hospital-psiquiatrico\/#breadcrumb\"},\"inLanguage\":\"pt-PT\",\"potentialAction\":[{\"@type\":\"ReadAction\",\"target\":[\"https:\/\/portaltela.pt\/noticias\/2026\/03\/24\/suspeito-de-violencia-domestica-em-sor-internado-em-hospital-psiquiatrico\/\"]}]},{\"@type\":\"ImageObject\",\"inLanguage\":\"pt-PT\",\"@id\":\"https:\/\/portaltela.pt\/noticias\/2026\/03\/24\/suspeito-de-violencia-domestica-em-sor-internado-em-hospital-psiquiatrico\/#primaryimage\",\"url\":\"https:\/\/portaltela.pt\/s.01k8rhncp4jt1\/2026\/03\/img_1500x1000uu2026-03-02-19-05-49-2269979.jpg\",\"contentUrl\":\"https:\/\/portaltela.pt\/s.01k8rhncp4jt1\/2026\/03\/img_1500x1000uu2026-03-02-19-05-49-2269979.jpg\",\"width\":796,\"height\":448,\"caption\":\"Homem agredia a mulher na habita\u00e7\u00e3o de ambos.\"},{\"@type\":\"BreadcrumbList\",\"@id\":\"https:\/\/portaltela.pt\/noticias\/2026\/03\/24\/suspeito-de-violencia-domestica-em-sor-internado-em-hospital-psiquiatrico\/#breadcrumb\",\"itemListElement\":[{\"@type\":\"ListItem\",\"position\":1,\"name\":\"In\u00edcio\",\"item\":\"https:\/\/portaltela.pt\/\"},{\"@type\":\"ListItem\",\"position\":2,\"name\":\"Suspeito de viol\u00eancia dom\u00e9stica em Sor internado em hospital psiqui\u00e1trico\"}]},{\"@type\":\"WebSite\",\"@id\":\"https:\/\/portaltela.pt\/#website\",\"url\":\"https:\/\/portaltela.pt\/\",\"name\":\"Portal Tela Portugal\",\"description\":\"\",\"potentialAction\":[{\"@type\":\"SearchAction\",\"target\":{\"@type\":\"EntryPoint\",\"urlTemplate\":\"https:\/\/portaltela.pt\/?s={search_term_string}\"},\"query-input\":{\"@type\":\"PropertyValueSpecification\",\"valueRequired\":true,\"valueName\":\"search_term_string\"}}],\"inLanguage\":\"pt-PT\"},{\"@type\":\"Person\",\"@id\":\"https:\/\/portaltela.pt\/#\/schema\/person\/c4278d4a6028830caff9ee44b42d32ed\",\"name\":\"Telinha\",\"image\":{\"@type\":\"ImageObject\",\"inLanguage\":\"pt-PT\",\"@id\":\"https:\/\/portaltela.pt\/s.01k8rhncp4jt1\/2025\/11\/talking-bot-125x125.png\",\"url\":\"https:\/\/portaltela.pt\/s.01k8rhncp4jt1\/2025\/11\/talking-bot-125x125.png\",\"contentUrl\":\"https:\/\/portaltela.pt\/s.01k8rhncp4jt1\/2025\/11\/talking-bot-125x125.png\",\"caption\":\"Telinha\"},\"sameAs\":[\"https:\/\/portaltela.pt\/\"],\"url\":\"https:\/\/portaltela.pt\/por\/367410592786\/\"}]}<\/script>\n<!-- \/ Yoast SEO plugin. -->","yoast_head_json":{"title":"Suspeito de viol\u00eancia dom\u00e9stica em Sor internado em hospital psiqui\u00e1trico - Portal Tela Portugal","robots":{"index":"index","follow":"follow","max-snippet":"max-snippet:-1","max-image-preview":"max-image-preview:large","max-video-preview":"max-video-preview:-1"},"og_locale":"pt_PT","og_type":"article","og_title":"Suspeito de viol\u00eancia dom\u00e9stica em Sor internado em hospital psiqui\u00e1trico - Portal Tela Portugal","og_description":"Um homem suspeito de viol\u00eancia dom\u00e9stica foi detido fora de flagrante delito em Ponte de Sor. Apresentou-se ao juiz na segunda-feira para o primeiro interrogat\u00f3rio judicial. O juiz decretou o internamento preventivo em hospital psiqui\u00e1trico ou estabelecimento an\u00e1logo adequado. O Minist\u00e9rio P\u00fablico indica que o arguido cometeu viol\u00eancia dom\u00e9stica contra a mulher, com agress\u00f5es f\u00edsicas e psicol\u00f3gicas. Segundo o MP, o homem tinha depend\u00eancia de bebidas alco\u00f3licas.","og_url":"https:\/\/portaltela.pt\/noticias\/2026\/03\/24\/suspeito-de-violencia-domestica-em-sor-internado-em-hospital-psiquiatrico\/","og_site_name":"Portal Tela Portugal","article_published_time":"2026-03-24T16:00:15+00:00","author":"Telinha","twitter_card":"summary_large_image","twitter_misc":{"Escrito por":"Telinha"},"schema":{"@context":"https:\/\/schema.org","@graph":[{"@type":"Article","@id":"https:\/\/portaltela.pt\/noticias\/2026\/03\/24\/suspeito-de-violencia-domestica-em-sor-internado-em-hospital-psiquiatrico\/#article","isPartOf":{"@id":"https:\/\/portaltela.pt\/noticias\/2026\/03\/24\/suspeito-de-violencia-domestica-em-sor-internado-em-hospital-psiquiatrico\/"},"author":{"name":"Telinha","@id":"https:\/\/portaltela.pt\/#\/schema\/person\/c4278d4a6028830caff9ee44b42d32ed"},"headline":"Suspeito de viol\u00eancia dom\u00e9stica em Sor internado em hospital psiqui\u00e1trico","datePublished":"2026-03-24T16:00:15+00:00","mainEntityOfPage":{"@id":"https:\/\/portaltela.pt\/noticias\/2026\/03\/24\/suspeito-de-violencia-domestica-em-sor-internado-em-hospital-psiquiatrico\/"},"wordCount":102,"image":{"@id":"https:\/\/portaltela.pt\/noticias\/2026\/03\/24\/suspeito-de-violencia-domestica-em-sor-internado-em-hospital-psiquiatrico\/#primaryimage"},"thumbnailUrl":"https:\/\/portaltela.pt\/s.01k8rhncp4jt1\/2026\/03\/img_1500x1000uu2026-03-02-19-05-49-2269979.jpg","keywords":["agress\u00f5es","bebidas alco\u00f3licas","hospital","viol\u00eancia","viol\u00eancia dom\u00e9stica"],"articleSection":["Crime","Justi\u00e7a"],"inLanguage":"pt-PT"},{"@type":"WebPage","@id":"https:\/\/portaltela.pt\/noticias\/2026\/03\/24\/suspeito-de-violencia-domestica-em-sor-internado-em-hospital-psiquiatrico\/","url":"https:\/\/portaltela.pt\/noticias\/2026\/03\/24\/suspeito-de-violencia-domestica-em-sor-internado-em-hospital-psiquiatrico\/","name":"Suspeito de viol\u00eancia dom\u00e9stica em Sor internado em hospital psiqui\u00e1trico - Portal Tela Portugal","isPartOf":{"@id":"https:\/\/portaltela.pt\/#website"},"primaryImageOfPage":{"@id":"https:\/\/portaltela.pt\/noticias\/2026\/03\/24\/suspeito-de-violencia-domestica-em-sor-internado-em-hospital-psiquiatrico\/#primaryimage"},"image":{"@id":"https:\/\/portaltela.pt\/noticias\/2026\/03\/24\/suspeito-de-violencia-domestica-em-sor-internado-em-hospital-psiquiatrico\/#primaryimage"},"thumbnailUrl":"https:\/\/portaltela.pt\/s.01k8rhncp4jt1\/2026\/03\/img_1500x1000uu2026-03-02-19-05-49-2269979.jpg","datePublished":"2026-03-24T16:00:15+00:00","author":{"@id":"https:\/\/portaltela.pt\/#\/schema\/person\/c4278d4a6028830caff9ee44b42d32ed"},"breadcrumb":{"@id":"https:\/\/portaltela.pt\/noticias\/2026\/03\/24\/suspeito-de-violencia-domestica-em-sor-internado-em-hospital-psiquiatrico\/#breadcrumb"},"inLanguage":"pt-PT","potentialAction":[{"@type":"ReadAction","target":["https:\/\/portaltela.pt\/noticias\/2026\/03\/24\/suspeito-de-violencia-domestica-em-sor-internado-em-hospital-psiquiatrico\/"]}]},{"@type":"ImageObject","inLanguage":"pt-PT","@id":"https:\/\/portaltela.pt\/noticias\/2026\/03\/24\/suspeito-de-violencia-domestica-em-sor-internado-em-hospital-psiquiatrico\/#primaryimage","url":"https:\/\/portaltela.pt\/s.01k8rhncp4jt1\/2026\/03\/img_1500x1000uu2026-03-02-19-05-49-2269979.jpg","contentUrl":"https:\/\/portaltela.pt\/s.01k8rhncp4jt1\/2026\/03\/img_1500x1000uu2026-03-02-19-05-49-2269979.jpg","width":796,"height":448,"caption":"Homem agredia a mulher na habita\u00e7\u00e3o de ambos."},{"@type":"BreadcrumbList","@id":"https:\/\/portaltela.pt\/noticias\/2026\/03\/24\/suspeito-de-violencia-domestica-em-sor-internado-em-hospital-psiquiatrico\/#breadcrumb","itemListElement":[{"@type":"ListItem","position":1,"name":"In\u00edcio","item":"https:\/\/portaltela.pt\/"},{"@type":"ListItem","position":2,"name":"Suspeito de viol\u00eancia dom\u00e9stica em Sor internado em hospital psiqui\u00e1trico"}]},{"@type":"WebSite","@id":"https:\/\/portaltela.pt\/#website","url":"https:\/\/portaltela.pt\/","name":"Portal Tela Portugal","description":"","potentialAction":[{"@type":"SearchAction","target":{"@type":"EntryPoint","urlTemplate":"https:\/\/portaltela.pt\/?s={search_term_string}"},"query-input":{"@type":"PropertyValueSpecification","valueRequired":true,"valueName":"search_term_string"}}],"inLanguage":"pt-PT"},{"@type":"Person","@id":"https:\/\/portaltela.pt\/#\/schema\/person\/c4278d4a6028830caff9ee44b42d32ed","name":"Telinha","image":{"@type":"ImageObject","inLanguage":"pt-PT","@id":"https:\/\/portaltela.pt\/s.01k8rhncp4jt1\/2025\/11\/talking-bot-125x125.png","url":"https:\/\/portaltela.pt\/s.01k8rhncp4jt1\/2025\/11\/talking-bot-125x125.png","contentUrl":"https:\/\/portaltela.pt\/s.01k8rhncp4jt1\/2025\/11\/talking-bot-125x125.png","caption":"Telinha"},"sameAs":["https:\/\/portaltela.pt\/"],"url":"https:\/\/portaltela.pt\/por\/367410592786\/"}]}},"_links":{"self":[{"href":"https:\/\/portaltela.pt\/api\/wp\/v2\/posts\/419776","targetHints":{"allow":["GET"]}}],"collection":[{"href":"https:\/\/portaltela.pt\/api\/wp\/v2\/posts"}],"about":[{"href":"https:\/\/portaltela.pt\/api\/wp\/v2\/types\/post"}],"author":[{"embeddable":true,"href":"https:\/\/portaltela.pt\/api\/wp\/v2\/users\/2"}],"replies":[{"embeddable":true,"href":"https:\/\/portaltela.pt\/api\/wp\/v2\/comments?post=419776"}],"version-history":[{"count":0,"href":"https:\/\/portaltela.pt\/api\/wp\/v2\/posts\/419776\/revisions"}],"wp:featuredmedia":[{"embeddable":true,"href":"https:\/\/portaltela.pt\/api\/wp\/v2\/media\/419779"}],"wp:attachment":[{"href":"https:\/\/portaltela.pt\/api\/wp\/v2\/media?parent=419776"}],"wp:term":[{"taxonomy":"category","embeddable":true,"href":"https:\/\/portaltela.pt\/api\/wp\/v2\/categories?post=419776"},{"taxonomy":"post_tag","embeddable":true,"href":"https:\/\/portaltela.pt\/api\/wp\/v2\/tags?post=419776"}],"curies":[{"name":"wp","href":"https:\/\/api.w.org\/{rel}","templated":true}]}}