{"id":419767,"date":"2026-03-24T12:46:00","date_gmt":"2026-03-24T15:46:00","guid":{"rendered":"https:\/\/portaltela.pt\/noticias\/2026\/03\/24\/associacao-de-adeptos-apresenta-queixa-contra-fifa-por-precos-de-bilhetes-do-mundial-2026\/"},"modified":"2026-03-24T12:46:00","modified_gmt":"2026-03-24T15:46:00","slug":"associacao-de-adeptos-apresenta-queixa-contra-fifa-por-precos-de-bilhetes-do-mundial-2026","status":"publish","type":"post","link":"https:\/\/portaltela.pt\/desporto\/copa-do-mundo\/2026\/03\/24\/associacao-de-adeptos-apresenta-queixa-contra-fifa-por-precos-de-bilhetes-do-mundial-2026\/","title":{"rendered":"Associa\u00e7\u00e3o de adeptos apresenta queixa contra FIFA por pre\u00e7os de bilhetes do Mundial 2026"},"content":{"rendered":"<p>A associa\u00e7\u00e3o de adeptos FSE, em conjunto com a Euroconsumers, apresentou uma queixa formal \u00e0 Comiss\u00e3o Europeia contra a FIFA. A queixa questiona os pre\u00e7os considerados exorbitantes dos bilhetes para o Mundial de 2026 e os procedimentos de compra, que descrevem como opacos e injustos.<\/p>\n<p>A den\u00fancia surge na sequ\u00eancia de uma iniciativa a pensar numa solu\u00e7\u00e3o que respeite a tradi\u00e7\u00e3o e o significado cultural do torneio. Em dezembro do ano passado, a FSE j\u00e1 tinha pedido \u00e0 FIFA conversa\u00e7\u00f5es para encontrar uma sa\u00edda aceit\u00e1vel.<\/p>\n<h3>Queixas apresentadas<\/h3>\n<p>A FSE e a Euroconsumers alegam que a FIFA usou o monop\u00f3lio na venda de bilhetes para impor condi\u00e7\u00f5es que n\u00e3o seriam aceit\u00e1veis num mercado competitivo. Pedem \u00e0 Comiss\u00e3o Europeia a rejei\u00e7\u00e3o de pol\u00edticas de pre\u00e7os din\u00e2micos e o congelamento dos pre\u00e7os nos patamares anunciados para a pr\u00f3xima fase de vendas, em abril.<\/p>\n<p>As organiza\u00e7\u00f5es destacam seis abusos espec\u00edficos. O pre\u00e7o mais baixo para a final \u00e9 estimado em cerca de 3609 euros, muito acima de edi\u00e7\u00f5es anteriores e das estimativas da FIFA. Observa-se tamb\u00e9m publicidade enganosa de bilhetes da fase de grupos, a 60 d\u00f3lares, alegando disponibilidade antes de as vendas abertas.<\/p>\n<h3>Mais pontos da queixa<\/h3>\n<p>As entidades acusam regras de venda opacas, sem garantia de localiza\u00e7\u00e3o dos lugares, disposi\u00e7\u00e3o dos est\u00e1dios ou equipas que jogam no momento da compra. Contam ainda com alega\u00e7\u00f5es de venda agressiva por parte da FIFA e de uma comiss\u00e3o de 15% sobre a revenda de bilhetes.<\/p>\n","protected":false},"excerpt":{"rendered":"<ul>\n<li>A Federa\u00e7\u00e3o Europeia de Adeptos (FSE), em conjunto com a Euroconsumers, apresentou queixa \u00e0 Comiss\u00e3o Europeia contra a FIFA, por pre\u00e7os \u201cexorbitantes\u201d de bilhetes no Mundial de 2026 e por procedimentos de compra opacos.<\/li>\n<li>O bilhete mais barato para a final j\u00e1 come\u00e7a nos 3.609 euros (4.185 d\u00f3lares), valores considerados mais altos que em edi\u00e7\u00f5es anteriores.<\/li>\n<li>As organiza\u00e7\u00f5es pedem o abandono da pol\u00edtica de \u201cpre\u00e7os din\u00e2micos\u201d, o congelamento dos pre\u00e7os anunciados para a pr\u00f3xima fase de vendas e a publica\u00e7\u00e3o do n\u00famero de bilhetes restantes com pelo menos 48 horas de anteced\u00eancia.<\/li>\n<li>S\u00e3o apontados seis abusos, incluindo pre\u00e7os elevados, publicidade enganosa para bilhete da fase de grupos e regras de venda pouco transparentes sobre localiza\u00e7\u00e3o dos lugares e equipas.<\/li>\n<li>Tamb\u00e9m s\u00e3o criticadas t\u00e9cnicas de venda agressivas e a comiss\u00e3o de 15% sobre a revenda de bilhetes.<\/li>\n<\/ul>\n","protected":false},"author":2,"featured_media":419770,"comment_status":"closed","ping_status":"closed","sticky":false,"template":"","format":"standard","meta":{"footnotes":""},"categories":[6695,21],"tags":[6115,6367,1638,47,7296,7460],"class_list":["post-419767","post","type-post","status-publish","format-standard","has-post-thumbnail","hentry","category-copa-do-mundo","category-desporto","tag-_economia","tag-copa2026","tag-comissao-europeia","tag-mundial","tag-precos","tag-vendas"],"yoast_head":"<!-- This site is optimized with the Yoast SEO plugin v27.2 - https:\/\/yoast.com\/product\/yoast-seo-wordpress\/ -->\n<title>Associa\u00e7\u00e3o de adeptos apresenta queixa contra FIFA por pre\u00e7os de bilhetes do Mundial 2026 - Portal Tela Portugal<\/title>\n<meta name=\"robots\" content=\"index, follow, max-snippet:-1, max-image-preview:large, max-video-preview:-1\" \/>\n<meta property=\"og:locale\" content=\"pt_PT\" \/>\n<meta property=\"og:type\" content=\"article\" \/>\n<meta property=\"og:title\" content=\"Associa\u00e7\u00e3o de adeptos apresenta queixa contra FIFA por pre\u00e7os de bilhetes do Mundial 2026 - Portal Tela Portugal\" \/>\n<meta property=\"og:description\" content=\"A Federa\u00e7\u00e3o Europeia de Adeptos (FSE), em conjunto com a Euroconsumers, apresentou queixa \u00e0 Comiss\u00e3o Europeia contra a FIFA, por pre\u00e7os \u201cexorbitantes\u201d de bilhetes no Mundial de 2026 e por procedimentos de compra opacos. O bilhete mais barato para a final j\u00e1 come\u00e7a nos 3.609 euros (4.185 d\u00f3lares), valores considerados mais altos que em edi\u00e7\u00f5es anteriores. As organiza\u00e7\u00f5es pedem o abandono da pol\u00edtica de \u201cpre\u00e7os din\u00e2micos\u201d, o congelamento dos pre\u00e7os anunciados para a pr\u00f3xima fase de vendas e a publica\u00e7\u00e3o do n\u00famero de bilhetes restantes com pelo menos 48 horas de anteced\u00eancia. S\u00e3o apontados seis abusos, incluindo pre\u00e7os elevados, publicidade enganosa para bilhete da fase de grupos e regras de venda pouco transparentes sobre localiza\u00e7\u00e3o dos lugares e equipas. Tamb\u00e9m s\u00e3o criticadas t\u00e9cnicas de venda agressivas e a comiss\u00e3o de 15% sobre a revenda de bilhetes.\" \/>\n<meta property=\"og:url\" content=\"https:\/\/portaltela.pt\/noticias\/2026\/03\/24\/associacao-de-adeptos-apresenta-queixa-contra-fifa-por-precos-de-bilhetes-do-mundial-2026\/\" \/>\n<meta property=\"og:site_name\" content=\"Portal Tela Portugal\" \/>\n<meta property=\"article:published_time\" content=\"2026-03-24T15:46:00+00:00\" \/>\n<meta name=\"author\" content=\"Telinha\" \/>\n<meta name=\"twitter:card\" content=\"summary_large_image\" \/>\n<meta name=\"twitter:label1\" content=\"Escrito por\" \/>\n\t<meta name=\"twitter:data1\" content=\"Telinha\" \/>\n\t<meta name=\"twitter:label2\" content=\"Tempo estimado de leitura\" \/>\n\t<meta name=\"twitter:data2\" content=\"1 minuto\" \/>\n<script type=\"application\/ld+json\" class=\"yoast-schema-graph\">{\"@context\":\"https:\/\/schema.org\",\"@graph\":[{\"@type\":\"Article\",\"@id\":\"https:\/\/portaltela.pt\/noticias\/2026\/03\/24\/associacao-de-adeptos-apresenta-queixa-contra-fifa-por-precos-de-bilhetes-do-mundial-2026\/#article\",\"isPartOf\":{\"@id\":\"https:\/\/portaltela.pt\/noticias\/2026\/03\/24\/associacao-de-adeptos-apresenta-queixa-contra-fifa-por-precos-de-bilhetes-do-mundial-2026\/\"},\"author\":{\"name\":\"Telinha\",\"@id\":\"https:\/\/portaltela.pt\/#\/schema\/person\/c4278d4a6028830caff9ee44b42d32ed\"},\"headline\":\"Associa\u00e7\u00e3o de adeptos apresenta queixa contra FIFA por pre\u00e7os de bilhetes do Mundial 2026\",\"datePublished\":\"2026-03-24T15:46:00+00:00\",\"mainEntityOfPage\":{\"@id\":\"https:\/\/portaltela.pt\/noticias\/2026\/03\/24\/associacao-de-adeptos-apresenta-queixa-contra-fifa-por-precos-de-bilhetes-do-mundial-2026\/\"},\"wordCount\":279,\"image\":{\"@id\":\"https:\/\/portaltela.pt\/noticias\/2026\/03\/24\/associacao-de-adeptos-apresenta-queixa-contra-fifa-por-precos-de-bilhetes-do-mundial-2026\/#primaryimage\"},\"thumbnailUrl\":\"https:\/\/portaltela.pt\/s.01k8rhncp4jt1\/2026\/03\/tpUHdbIMAGENStypeJPGshare1oBarraFacebook_Publico-47.jpg\",\"keywords\":[\"_economia\",\"#copa2026\",\"Comiss\u00e3o Europeia\",\"mundial\",\"pre\u00e7os\",\"vendas\"],\"articleSection\":[\"Copa do Mundo\",\"Desporto\"],\"inLanguage\":\"pt-PT\"},{\"@type\":\"WebPage\",\"@id\":\"https:\/\/portaltela.pt\/noticias\/2026\/03\/24\/associacao-de-adeptos-apresenta-queixa-contra-fifa-por-precos-de-bilhetes-do-mundial-2026\/\",\"url\":\"https:\/\/portaltela.pt\/noticias\/2026\/03\/24\/associacao-de-adeptos-apresenta-queixa-contra-fifa-por-precos-de-bilhetes-do-mundial-2026\/\",\"name\":\"Associa\u00e7\u00e3o de adeptos apresenta queixa contra FIFA por pre\u00e7os de bilhetes do Mundial 2026 - Portal Tela Portugal\",\"isPartOf\":{\"@id\":\"https:\/\/portaltela.pt\/#website\"},\"primaryImageOfPage\":{\"@id\":\"https:\/\/portaltela.pt\/noticias\/2026\/03\/24\/associacao-de-adeptos-apresenta-queixa-contra-fifa-por-precos-de-bilhetes-do-mundial-2026\/#primaryimage\"},\"image\":{\"@id\":\"https:\/\/portaltela.pt\/noticias\/2026\/03\/24\/associacao-de-adeptos-apresenta-queixa-contra-fifa-por-precos-de-bilhetes-do-mundial-2026\/#primaryimage\"},\"thumbnailUrl\":\"https:\/\/portaltela.pt\/s.01k8rhncp4jt1\/2026\/03\/tpUHdbIMAGENStypeJPGshare1oBarraFacebook_Publico-47.jpg\",\"datePublished\":\"2026-03-24T15:46:00+00:00\",\"author\":{\"@id\":\"https:\/\/portaltela.pt\/#\/schema\/person\/c4278d4a6028830caff9ee44b42d32ed\"},\"breadcrumb\":{\"@id\":\"https:\/\/portaltela.pt\/noticias\/2026\/03\/24\/associacao-de-adeptos-apresenta-queixa-contra-fifa-por-precos-de-bilhetes-do-mundial-2026\/#breadcrumb\"},\"inLanguage\":\"pt-PT\",\"potentialAction\":[{\"@type\":\"ReadAction\",\"target\":[\"https:\/\/portaltela.pt\/noticias\/2026\/03\/24\/associacao-de-adeptos-apresenta-queixa-contra-fifa-por-precos-de-bilhetes-do-mundial-2026\/\"]}]},{\"@type\":\"ImageObject\",\"inLanguage\":\"pt-PT\",\"@id\":\"https:\/\/portaltela.pt\/noticias\/2026\/03\/24\/associacao-de-adeptos-apresenta-queixa-contra-fifa-por-precos-de-bilhetes-do-mundial-2026\/#primaryimage\",\"url\":\"https:\/\/portaltela.pt\/s.01k8rhncp4jt1\/2026\/03\/tpUHdbIMAGENStypeJPGshare1oBarraFacebook_Publico-47.jpg\",\"contentUrl\":\"https:\/\/portaltela.pt\/s.01k8rhncp4jt1\/2026\/03\/tpUHdbIMAGENStypeJPGshare1oBarraFacebook_Publico-47.jpg\",\"width\":1200,\"height\":630,\"caption\":\"Os pre\u00e7os dos bilhetes para os jogos do Mundial 2026 est\u00e3o a valores excessivamente altos\"},{\"@type\":\"BreadcrumbList\",\"@id\":\"https:\/\/portaltela.pt\/noticias\/2026\/03\/24\/associacao-de-adeptos-apresenta-queixa-contra-fifa-por-precos-de-bilhetes-do-mundial-2026\/#breadcrumb\",\"itemListElement\":[{\"@type\":\"ListItem\",\"position\":1,\"name\":\"In\u00edcio\",\"item\":\"https:\/\/portaltela.pt\/\"},{\"@type\":\"ListItem\",\"position\":2,\"name\":\"Associa\u00e7\u00e3o de adeptos apresenta queixa contra FIFA por pre\u00e7os de bilhetes do Mundial 2026\"}]},{\"@type\":\"WebSite\",\"@id\":\"https:\/\/portaltela.pt\/#website\",\"url\":\"https:\/\/portaltela.pt\/\",\"name\":\"Portal Tela Portugal\",\"description\":\"\",\"potentialAction\":[{\"@type\":\"SearchAction\",\"target\":{\"@type\":\"EntryPoint\",\"urlTemplate\":\"https:\/\/portaltela.pt\/?s={search_term_string}\"},\"query-input\":{\"@type\":\"PropertyValueSpecification\",\"valueRequired\":true,\"valueName\":\"search_term_string\"}}],\"inLanguage\":\"pt-PT\"},{\"@type\":\"Person\",\"@id\":\"https:\/\/portaltela.pt\/#\/schema\/person\/c4278d4a6028830caff9ee44b42d32ed\",\"name\":\"Telinha\",\"image\":{\"@type\":\"ImageObject\",\"inLanguage\":\"pt-PT\",\"@id\":\"https:\/\/portaltela.pt\/s.01k8rhncp4jt1\/2025\/11\/talking-bot-125x125.png\",\"url\":\"https:\/\/portaltela.pt\/s.01k8rhncp4jt1\/2025\/11\/talking-bot-125x125.png\",\"contentUrl\":\"https:\/\/portaltela.pt\/s.01k8rhncp4jt1\/2025\/11\/talking-bot-125x125.png\",\"caption\":\"Telinha\"},\"sameAs\":[\"https:\/\/portaltela.pt\/\"],\"url\":\"https:\/\/portaltela.pt\/por\/367410592786\/\"}]}<\/script>\n<!-- \/ Yoast SEO plugin. -->","yoast_head_json":{"title":"Associa\u00e7\u00e3o de adeptos apresenta queixa contra FIFA por pre\u00e7os de bilhetes do Mundial 2026 - Portal Tela Portugal","robots":{"index":"index","follow":"follow","max-snippet":"max-snippet:-1","max-image-preview":"max-image-preview:large","max-video-preview":"max-video-preview:-1"},"og_locale":"pt_PT","og_type":"article","og_title":"Associa\u00e7\u00e3o de adeptos apresenta queixa contra FIFA por pre\u00e7os de bilhetes do Mundial 2026 - Portal Tela Portugal","og_description":"A Federa\u00e7\u00e3o Europeia de Adeptos (FSE), em conjunto com a Euroconsumers, apresentou queixa \u00e0 Comiss\u00e3o Europeia contra a FIFA, por pre\u00e7os \u201cexorbitantes\u201d de bilhetes no Mundial de 2026 e por procedimentos de compra opacos. O bilhete mais barato para a final j\u00e1 come\u00e7a nos 3.609 euros (4.185 d\u00f3lares), valores considerados mais altos que em edi\u00e7\u00f5es anteriores. As organiza\u00e7\u00f5es pedem o abandono da pol\u00edtica de \u201cpre\u00e7os din\u00e2micos\u201d, o congelamento dos pre\u00e7os anunciados para a pr\u00f3xima fase de vendas e a publica\u00e7\u00e3o do n\u00famero de bilhetes restantes com pelo menos 48 horas de anteced\u00eancia. S\u00e3o apontados seis abusos, incluindo pre\u00e7os elevados, publicidade enganosa para bilhete da fase de grupos e regras de venda pouco transparentes sobre localiza\u00e7\u00e3o dos lugares e equipas. Tamb\u00e9m s\u00e3o criticadas t\u00e9cnicas de venda agressivas e a comiss\u00e3o de 15% sobre a revenda de bilhetes.","og_url":"https:\/\/portaltela.pt\/noticias\/2026\/03\/24\/associacao-de-adeptos-apresenta-queixa-contra-fifa-por-precos-de-bilhetes-do-mundial-2026\/","og_site_name":"Portal Tela Portugal","article_published_time":"2026-03-24T15:46:00+00:00","author":"Telinha","twitter_card":"summary_large_image","twitter_misc":{"Escrito por":"Telinha","Tempo estimado de leitura":"1 minuto"},"schema":{"@context":"https:\/\/schema.org","@graph":[{"@type":"Article","@id":"https:\/\/portaltela.pt\/noticias\/2026\/03\/24\/associacao-de-adeptos-apresenta-queixa-contra-fifa-por-precos-de-bilhetes-do-mundial-2026\/#article","isPartOf":{"@id":"https:\/\/portaltela.pt\/noticias\/2026\/03\/24\/associacao-de-adeptos-apresenta-queixa-contra-fifa-por-precos-de-bilhetes-do-mundial-2026\/"},"author":{"name":"Telinha","@id":"https:\/\/portaltela.pt\/#\/schema\/person\/c4278d4a6028830caff9ee44b42d32ed"},"headline":"Associa\u00e7\u00e3o de adeptos apresenta queixa contra FIFA por pre\u00e7os de bilhetes do Mundial 2026","datePublished":"2026-03-24T15:46:00+00:00","mainEntityOfPage":{"@id":"https:\/\/portaltela.pt\/noticias\/2026\/03\/24\/associacao-de-adeptos-apresenta-queixa-contra-fifa-por-precos-de-bilhetes-do-mundial-2026\/"},"wordCount":279,"image":{"@id":"https:\/\/portaltela.pt\/noticias\/2026\/03\/24\/associacao-de-adeptos-apresenta-queixa-contra-fifa-por-precos-de-bilhetes-do-mundial-2026\/#primaryimage"},"thumbnailUrl":"https:\/\/portaltela.pt\/s.01k8rhncp4jt1\/2026\/03\/tpUHdbIMAGENStypeJPGshare1oBarraFacebook_Publico-47.jpg","keywords":["_economia","#copa2026","Comiss\u00e3o Europeia","mundial","pre\u00e7os","vendas"],"articleSection":["Copa do Mundo","Desporto"],"inLanguage":"pt-PT"},{"@type":"WebPage","@id":"https:\/\/portaltela.pt\/noticias\/2026\/03\/24\/associacao-de-adeptos-apresenta-queixa-contra-fifa-por-precos-de-bilhetes-do-mundial-2026\/","url":"https:\/\/portaltela.pt\/noticias\/2026\/03\/24\/associacao-de-adeptos-apresenta-queixa-contra-fifa-por-precos-de-bilhetes-do-mundial-2026\/","name":"Associa\u00e7\u00e3o de adeptos apresenta queixa contra FIFA por pre\u00e7os de bilhetes do Mundial 2026 - Portal Tela Portugal","isPartOf":{"@id":"https:\/\/portaltela.pt\/#website"},"primaryImageOfPage":{"@id":"https:\/\/portaltela.pt\/noticias\/2026\/03\/24\/associacao-de-adeptos-apresenta-queixa-contra-fifa-por-precos-de-bilhetes-do-mundial-2026\/#primaryimage"},"image":{"@id":"https:\/\/portaltela.pt\/noticias\/2026\/03\/24\/associacao-de-adeptos-apresenta-queixa-contra-fifa-por-precos-de-bilhetes-do-mundial-2026\/#primaryimage"},"thumbnailUrl":"https:\/\/portaltela.pt\/s.01k8rhncp4jt1\/2026\/03\/tpUHdbIMAGENStypeJPGshare1oBarraFacebook_Publico-47.jpg","datePublished":"2026-03-24T15:46:00+00:00","author":{"@id":"https:\/\/portaltela.pt\/#\/schema\/person\/c4278d4a6028830caff9ee44b42d32ed"},"breadcrumb":{"@id":"https:\/\/portaltela.pt\/noticias\/2026\/03\/24\/associacao-de-adeptos-apresenta-queixa-contra-fifa-por-precos-de-bilhetes-do-mundial-2026\/#breadcrumb"},"inLanguage":"pt-PT","potentialAction":[{"@type":"ReadAction","target":["https:\/\/portaltela.pt\/noticias\/2026\/03\/24\/associacao-de-adeptos-apresenta-queixa-contra-fifa-por-precos-de-bilhetes-do-mundial-2026\/"]}]},{"@type":"ImageObject","inLanguage":"pt-PT","@id":"https:\/\/portaltela.pt\/noticias\/2026\/03\/24\/associacao-de-adeptos-apresenta-queixa-contra-fifa-por-precos-de-bilhetes-do-mundial-2026\/#primaryimage","url":"https:\/\/portaltela.pt\/s.01k8rhncp4jt1\/2026\/03\/tpUHdbIMAGENStypeJPGshare1oBarraFacebook_Publico-47.jpg","contentUrl":"https:\/\/portaltela.pt\/s.01k8rhncp4jt1\/2026\/03\/tpUHdbIMAGENStypeJPGshare1oBarraFacebook_Publico-47.jpg","width":1200,"height":630,"caption":"Os pre\u00e7os dos bilhetes para os jogos do Mundial 2026 est\u00e3o a valores excessivamente altos"},{"@type":"BreadcrumbList","@id":"https:\/\/portaltela.pt\/noticias\/2026\/03\/24\/associacao-de-adeptos-apresenta-queixa-contra-fifa-por-precos-de-bilhetes-do-mundial-2026\/#breadcrumb","itemListElement":[{"@type":"ListItem","position":1,"name":"In\u00edcio","item":"https:\/\/portaltela.pt\/"},{"@type":"ListItem","position":2,"name":"Associa\u00e7\u00e3o de adeptos apresenta queixa contra FIFA por pre\u00e7os de bilhetes do Mundial 2026"}]},{"@type":"WebSite","@id":"https:\/\/portaltela.pt\/#website","url":"https:\/\/portaltela.pt\/","name":"Portal Tela Portugal","description":"","potentialAction":[{"@type":"SearchAction","target":{"@type":"EntryPoint","urlTemplate":"https:\/\/portaltela.pt\/?s={search_term_string}"},"query-input":{"@type":"PropertyValueSpecification","valueRequired":true,"valueName":"search_term_string"}}],"inLanguage":"pt-PT"},{"@type":"Person","@id":"https:\/\/portaltela.pt\/#\/schema\/person\/c4278d4a6028830caff9ee44b42d32ed","name":"Telinha","image":{"@type":"ImageObject","inLanguage":"pt-PT","@id":"https:\/\/portaltela.pt\/s.01k8rhncp4jt1\/2025\/11\/talking-bot-125x125.png","url":"https:\/\/portaltela.pt\/s.01k8rhncp4jt1\/2025\/11\/talking-bot-125x125.png","contentUrl":"https:\/\/portaltela.pt\/s.01k8rhncp4jt1\/2025\/11\/talking-bot-125x125.png","caption":"Telinha"},"sameAs":["https:\/\/portaltela.pt\/"],"url":"https:\/\/portaltela.pt\/por\/367410592786\/"}]}},"_links":{"self":[{"href":"https:\/\/portaltela.pt\/api\/wp\/v2\/posts\/419767","targetHints":{"allow":["GET"]}}],"collection":[{"href":"https:\/\/portaltela.pt\/api\/wp\/v2\/posts"}],"about":[{"href":"https:\/\/portaltela.pt\/api\/wp\/v2\/types\/post"}],"author":[{"embeddable":true,"href":"https:\/\/portaltela.pt\/api\/wp\/v2\/users\/2"}],"replies":[{"embeddable":true,"href":"https:\/\/portaltela.pt\/api\/wp\/v2\/comments?post=419767"}],"version-history":[{"count":0,"href":"https:\/\/portaltela.pt\/api\/wp\/v2\/posts\/419767\/revisions"}],"wp:featuredmedia":[{"embeddable":true,"href":"https:\/\/portaltela.pt\/api\/wp\/v2\/media\/419770"}],"wp:attachment":[{"href":"https:\/\/portaltela.pt\/api\/wp\/v2\/media?parent=419767"}],"wp:term":[{"taxonomy":"category","embeddable":true,"href":"https:\/\/portaltela.pt\/api\/wp\/v2\/categories?post=419767"},{"taxonomy":"post_tag","embeddable":true,"href":"https:\/\/portaltela.pt\/api\/wp\/v2\/tags?post=419767"}],"curies":[{"name":"wp","href":"https:\/\/api.w.org\/{rel}","templated":true}]}}