{"id":419727,"date":"2026-03-24T12:00:00","date_gmt":"2026-03-24T15:00:00","guid":{"rendered":"https:\/\/portaltela.pt\/noticias\/2026\/03\/24\/rui-moreira-diz-que-tiveram-sorte-por-nao-serem-levados-a-serio\/"},"modified":"2026-03-24T12:00:00","modified_gmt":"2026-03-24T15:00:00","slug":"rui-moreira-diz-que-tiveram-sorte-por-nao-serem-levados-a-serio","status":"publish","type":"post","link":"https:\/\/portaltela.pt\/noticias\/politica\/2026\/03\/24\/rui-moreira-diz-que-tiveram-sorte-por-nao-serem-levados-a-serio\/","title":{"rendered":"Rui Moreira diz que tiveram sorte por n\u00e3o serem levados a s\u00e9rio"},"content":{"rendered":"<p>Rui Moreira recorda a vit\u00f3ria nas elei\u00e7\u00f5es municipais do Porto em 2013, destacando o facto de ter sido a primeira vez que um independente conquistava a C\u00e2mara de uma grande cidade europeia. O feito \u00e9 apresentado como memory indel\u00e9vel na trajet\u00f3ria pol\u00edtica do autarca.<\/p>\n<p>O ex-presidente do Porto aponta dois advers\u00e1rios formid\u00e1veis na corrida eleitoral daquele ano, com quem, no entanto, manteve boa rela\u00e7\u00e3o pessoal. A vit\u00f3ria \u00e9 descrita como um marco, dada a aus\u00eancia pr\u00e9via de independentes neste n\u00edvel de gest\u00e3o municipal.<\/p>\n<p>Moreira remata olhando para o passado pol\u00edtico da cidade, sublinhando a import\u00e2ncia do resultado para os independentes e para o panorama eleitoral local. A mem\u00f3ria do triunfo permanece associada ao contexto de 2013, quando a lideran\u00e7a do munic\u00edpio foi assumida por um candidato sem filia\u00e7\u00e3o partid\u00e1ria.<\/p>\n<h3>Contexto hist\u00f3rico<\/h3>\n<p>O feito de 2013 \u00e9 apresentado como um momento \u00fanico na Europa, refletindo a possibilidade de um independente liderar uma grande cidade. A recolha de apoios e a rela\u00e7\u00e3o com advers\u00e1rios s\u00e3o mencionadas como componentes do percurso at\u00e9 \u00e0 vit\u00f3ria.<\/p>\n<h3>Legado e leitura atual<\/h3>\n<p>A experi\u00eancia \u00e9 descrita como base para percursos subsequentes na pol\u00edtica municipal do Porto, com refer\u00eancia \u00e0 continuidade da gest\u00e3o sob uma lideran\u00e7a independente. A hist\u00f3ria do triunfo \u00e9 vista como relevante para o entendimento do panorama eleitoral local.<\/p>\n","protected":false},"excerpt":{"rendered":"<ul>\n<li>Rui Moreira afirma que a vit\u00f3ria nas elei\u00e7\u00f5es para a C\u00e2mara do Porto, em 2013, ficar\u00e1 para sempre na mem\u00f3ria.<\/li>\n<li>Destaca que nunca um independente tinha sido eleito numa grande cidade europeia.<\/li>\n<li>Refere que tinha dois advers\u00e1rios formid\u00e1veis.<\/li>\n<li>Recorda que mant\u00e9m boas rela\u00e7\u00f5es pessoais com esses advers\u00e1rios.<\/li>\n<\/ul>\n","protected":false},"author":2,"featured_media":419728,"comment_status":"closed","ping_status":"closed","sticky":false,"template":"","format":"standard","meta":{"footnotes":""},"categories":[1,5],"tags":[703,68,299,6802,2832,982],"class_list":["post-419727","post","type-post","status-publish","format-standard","has-post-thumbnail","hentry","category-noticias","category-politica","tag-camara","tag-eleicoes","tag-historia","tag-lideranca","tag-politica","tag-porto"],"yoast_head":"<!-- This site is optimized with the Yoast SEO plugin v27.2 - https:\/\/yoast.com\/product\/yoast-seo-wordpress\/ -->\n<title>Rui Moreira diz que tiveram sorte por n\u00e3o serem levados a s\u00e9rio - Portal Tela Portugal<\/title>\n<meta name=\"robots\" content=\"index, follow, max-snippet:-1, max-image-preview:large, max-video-preview:-1\" \/>\n<meta property=\"og:locale\" content=\"pt_PT\" \/>\n<meta property=\"og:type\" content=\"article\" \/>\n<meta property=\"og:title\" content=\"Rui Moreira diz que tiveram sorte por n\u00e3o serem levados a s\u00e9rio - Portal Tela Portugal\" \/>\n<meta property=\"og:description\" content=\"Rui Moreira afirma que a vit\u00f3ria nas elei\u00e7\u00f5es para a C\u00e2mara do Porto, em 2013, ficar\u00e1 para sempre na mem\u00f3ria. Destaca que nunca um independente tinha sido eleito numa grande cidade europeia. Refere que tinha dois advers\u00e1rios formid\u00e1veis. Recorda que mant\u00e9m boas rela\u00e7\u00f5es pessoais com esses advers\u00e1rios.\" \/>\n<meta property=\"og:url\" content=\"https:\/\/portaltela.pt\/noticias\/2026\/03\/24\/rui-moreira-diz-que-tiveram-sorte-por-nao-serem-levados-a-serio\/\" \/>\n<meta property=\"og:site_name\" content=\"Portal Tela Portugal\" \/>\n<meta property=\"article:published_time\" content=\"2026-03-24T15:00:00+00:00\" \/>\n<meta name=\"author\" content=\"Telinha\" \/>\n<meta name=\"twitter:card\" content=\"summary_large_image\" \/>\n<meta name=\"twitter:label1\" content=\"Escrito por\" \/>\n\t<meta name=\"twitter:data1\" content=\"Telinha\" \/>\n\t<meta name=\"twitter:label2\" content=\"Tempo estimado de leitura\" \/>\n\t<meta name=\"twitter:data2\" content=\"1 minuto\" \/>\n<script type=\"application\/ld+json\" class=\"yoast-schema-graph\">{\"@context\":\"https:\/\/schema.org\",\"@graph\":[{\"@type\":\"Article\",\"@id\":\"https:\/\/portaltela.pt\/noticias\/2026\/03\/24\/rui-moreira-diz-que-tiveram-sorte-por-nao-serem-levados-a-serio\/#article\",\"isPartOf\":{\"@id\":\"https:\/\/portaltela.pt\/noticias\/2026\/03\/24\/rui-moreira-diz-que-tiveram-sorte-por-nao-serem-levados-a-serio\/\"},\"author\":{\"name\":\"Telinha\",\"@id\":\"https:\/\/portaltela.pt\/#\/schema\/person\/c4278d4a6028830caff9ee44b42d32ed\"},\"headline\":\"Rui Moreira diz que tiveram sorte por n\u00e3o serem levados a s\u00e9rio\",\"datePublished\":\"2026-03-24T15:00:00+00:00\",\"mainEntityOfPage\":{\"@id\":\"https:\/\/portaltela.pt\/noticias\/2026\/03\/24\/rui-moreira-diz-que-tiveram-sorte-por-nao-serem-levados-a-serio\/\"},\"wordCount\":250,\"image\":{\"@id\":\"https:\/\/portaltela.pt\/noticias\/2026\/03\/24\/rui-moreira-diz-que-tiveram-sorte-por-nao-serem-levados-a-serio\/#primaryimage\"},\"thumbnailUrl\":\"https:\/\/portaltela.pt\/s.01k8rhncp4jt1\/2026\/03\/image-1454.jpg\",\"keywords\":[\"c\u00e2mara\",\"elei\u00e7\u00f5es\",\"hist\u00f3ria\",\"lideran\u00e7a\",\"pol\u00edtica\",\"Porto\"],\"articleSection\":[\"Not\u00edcias\",\"Pol\u00edtica\"],\"inLanguage\":\"pt-PT\"},{\"@type\":\"WebPage\",\"@id\":\"https:\/\/portaltela.pt\/noticias\/2026\/03\/24\/rui-moreira-diz-que-tiveram-sorte-por-nao-serem-levados-a-serio\/\",\"url\":\"https:\/\/portaltela.pt\/noticias\/2026\/03\/24\/rui-moreira-diz-que-tiveram-sorte-por-nao-serem-levados-a-serio\/\",\"name\":\"Rui Moreira diz que tiveram sorte por n\u00e3o serem levados a s\u00e9rio - Portal Tela Portugal\",\"isPartOf\":{\"@id\":\"https:\/\/portaltela.pt\/#website\"},\"primaryImageOfPage\":{\"@id\":\"https:\/\/portaltela.pt\/noticias\/2026\/03\/24\/rui-moreira-diz-que-tiveram-sorte-por-nao-serem-levados-a-serio\/#primaryimage\"},\"image\":{\"@id\":\"https:\/\/portaltela.pt\/noticias\/2026\/03\/24\/rui-moreira-diz-que-tiveram-sorte-por-nao-serem-levados-a-serio\/#primaryimage\"},\"thumbnailUrl\":\"https:\/\/portaltela.pt\/s.01k8rhncp4jt1\/2026\/03\/image-1454.jpg\",\"datePublished\":\"2026-03-24T15:00:00+00:00\",\"author\":{\"@id\":\"https:\/\/portaltela.pt\/#\/schema\/person\/c4278d4a6028830caff9ee44b42d32ed\"},\"breadcrumb\":{\"@id\":\"https:\/\/portaltela.pt\/noticias\/2026\/03\/24\/rui-moreira-diz-que-tiveram-sorte-por-nao-serem-levados-a-serio\/#breadcrumb\"},\"inLanguage\":\"pt-PT\",\"potentialAction\":[{\"@type\":\"ReadAction\",\"target\":[\"https:\/\/portaltela.pt\/noticias\/2026\/03\/24\/rui-moreira-diz-que-tiveram-sorte-por-nao-serem-levados-a-serio\/\"]}]},{\"@type\":\"ImageObject\",\"inLanguage\":\"pt-PT\",\"@id\":\"https:\/\/portaltela.pt\/noticias\/2026\/03\/24\/rui-moreira-diz-que-tiveram-sorte-por-nao-serem-levados-a-serio\/#primaryimage\",\"url\":\"https:\/\/portaltela.pt\/s.01k8rhncp4jt1\/2026\/03\/image-1454.jpg\",\"contentUrl\":\"https:\/\/portaltela.pt\/s.01k8rhncp4jt1\/2026\/03\/image-1454.jpg\",\"width\":796,\"height\":448,\"caption\":\"Imagem de contexto do artigo Rui Moreira. \\\"Tivemos a sorte de n\u00e3o nos terem levado a s\u00e9rio\\\"\"},{\"@type\":\"BreadcrumbList\",\"@id\":\"https:\/\/portaltela.pt\/noticias\/2026\/03\/24\/rui-moreira-diz-que-tiveram-sorte-por-nao-serem-levados-a-serio\/#breadcrumb\",\"itemListElement\":[{\"@type\":\"ListItem\",\"position\":1,\"name\":\"In\u00edcio\",\"item\":\"https:\/\/portaltela.pt\/\"},{\"@type\":\"ListItem\",\"position\":2,\"name\":\"Rui Moreira diz que tiveram sorte por n\u00e3o serem levados a s\u00e9rio\"}]},{\"@type\":\"WebSite\",\"@id\":\"https:\/\/portaltela.pt\/#website\",\"url\":\"https:\/\/portaltela.pt\/\",\"name\":\"Portal Tela Portugal\",\"description\":\"\",\"potentialAction\":[{\"@type\":\"SearchAction\",\"target\":{\"@type\":\"EntryPoint\",\"urlTemplate\":\"https:\/\/portaltela.pt\/?s={search_term_string}\"},\"query-input\":{\"@type\":\"PropertyValueSpecification\",\"valueRequired\":true,\"valueName\":\"search_term_string\"}}],\"inLanguage\":\"pt-PT\"},{\"@type\":\"Person\",\"@id\":\"https:\/\/portaltela.pt\/#\/schema\/person\/c4278d4a6028830caff9ee44b42d32ed\",\"name\":\"Telinha\",\"image\":{\"@type\":\"ImageObject\",\"inLanguage\":\"pt-PT\",\"@id\":\"https:\/\/portaltela.pt\/s.01k8rhncp4jt1\/2025\/11\/talking-bot-125x125.png\",\"url\":\"https:\/\/portaltela.pt\/s.01k8rhncp4jt1\/2025\/11\/talking-bot-125x125.png\",\"contentUrl\":\"https:\/\/portaltela.pt\/s.01k8rhncp4jt1\/2025\/11\/talking-bot-125x125.png\",\"caption\":\"Telinha\"},\"sameAs\":[\"https:\/\/portaltela.pt\/\"],\"url\":\"https:\/\/portaltela.pt\/por\/367410592786\/\"}]}<\/script>\n<!-- \/ Yoast SEO plugin. -->","yoast_head_json":{"title":"Rui Moreira diz que tiveram sorte por n\u00e3o serem levados a s\u00e9rio - Portal Tela Portugal","robots":{"index":"index","follow":"follow","max-snippet":"max-snippet:-1","max-image-preview":"max-image-preview:large","max-video-preview":"max-video-preview:-1"},"og_locale":"pt_PT","og_type":"article","og_title":"Rui Moreira diz que tiveram sorte por n\u00e3o serem levados a s\u00e9rio - Portal Tela Portugal","og_description":"Rui Moreira afirma que a vit\u00f3ria nas elei\u00e7\u00f5es para a C\u00e2mara do Porto, em 2013, ficar\u00e1 para sempre na mem\u00f3ria. Destaca que nunca um independente tinha sido eleito numa grande cidade europeia. Refere que tinha dois advers\u00e1rios formid\u00e1veis. Recorda que mant\u00e9m boas rela\u00e7\u00f5es pessoais com esses advers\u00e1rios.","og_url":"https:\/\/portaltela.pt\/noticias\/2026\/03\/24\/rui-moreira-diz-que-tiveram-sorte-por-nao-serem-levados-a-serio\/","og_site_name":"Portal Tela Portugal","article_published_time":"2026-03-24T15:00:00+00:00","author":"Telinha","twitter_card":"summary_large_image","twitter_misc":{"Escrito por":"Telinha","Tempo estimado de leitura":"1 minuto"},"schema":{"@context":"https:\/\/schema.org","@graph":[{"@type":"Article","@id":"https:\/\/portaltela.pt\/noticias\/2026\/03\/24\/rui-moreira-diz-que-tiveram-sorte-por-nao-serem-levados-a-serio\/#article","isPartOf":{"@id":"https:\/\/portaltela.pt\/noticias\/2026\/03\/24\/rui-moreira-diz-que-tiveram-sorte-por-nao-serem-levados-a-serio\/"},"author":{"name":"Telinha","@id":"https:\/\/portaltela.pt\/#\/schema\/person\/c4278d4a6028830caff9ee44b42d32ed"},"headline":"Rui Moreira diz que tiveram sorte por n\u00e3o serem levados a s\u00e9rio","datePublished":"2026-03-24T15:00:00+00:00","mainEntityOfPage":{"@id":"https:\/\/portaltela.pt\/noticias\/2026\/03\/24\/rui-moreira-diz-que-tiveram-sorte-por-nao-serem-levados-a-serio\/"},"wordCount":250,"image":{"@id":"https:\/\/portaltela.pt\/noticias\/2026\/03\/24\/rui-moreira-diz-que-tiveram-sorte-por-nao-serem-levados-a-serio\/#primaryimage"},"thumbnailUrl":"https:\/\/portaltela.pt\/s.01k8rhncp4jt1\/2026\/03\/image-1454.jpg","keywords":["c\u00e2mara","elei\u00e7\u00f5es","hist\u00f3ria","lideran\u00e7a","pol\u00edtica","Porto"],"articleSection":["Not\u00edcias","Pol\u00edtica"],"inLanguage":"pt-PT"},{"@type":"WebPage","@id":"https:\/\/portaltela.pt\/noticias\/2026\/03\/24\/rui-moreira-diz-que-tiveram-sorte-por-nao-serem-levados-a-serio\/","url":"https:\/\/portaltela.pt\/noticias\/2026\/03\/24\/rui-moreira-diz-que-tiveram-sorte-por-nao-serem-levados-a-serio\/","name":"Rui Moreira diz que tiveram sorte por n\u00e3o serem levados a s\u00e9rio - Portal Tela Portugal","isPartOf":{"@id":"https:\/\/portaltela.pt\/#website"},"primaryImageOfPage":{"@id":"https:\/\/portaltela.pt\/noticias\/2026\/03\/24\/rui-moreira-diz-que-tiveram-sorte-por-nao-serem-levados-a-serio\/#primaryimage"},"image":{"@id":"https:\/\/portaltela.pt\/noticias\/2026\/03\/24\/rui-moreira-diz-que-tiveram-sorte-por-nao-serem-levados-a-serio\/#primaryimage"},"thumbnailUrl":"https:\/\/portaltela.pt\/s.01k8rhncp4jt1\/2026\/03\/image-1454.jpg","datePublished":"2026-03-24T15:00:00+00:00","author":{"@id":"https:\/\/portaltela.pt\/#\/schema\/person\/c4278d4a6028830caff9ee44b42d32ed"},"breadcrumb":{"@id":"https:\/\/portaltela.pt\/noticias\/2026\/03\/24\/rui-moreira-diz-que-tiveram-sorte-por-nao-serem-levados-a-serio\/#breadcrumb"},"inLanguage":"pt-PT","potentialAction":[{"@type":"ReadAction","target":["https:\/\/portaltela.pt\/noticias\/2026\/03\/24\/rui-moreira-diz-que-tiveram-sorte-por-nao-serem-levados-a-serio\/"]}]},{"@type":"ImageObject","inLanguage":"pt-PT","@id":"https:\/\/portaltela.pt\/noticias\/2026\/03\/24\/rui-moreira-diz-que-tiveram-sorte-por-nao-serem-levados-a-serio\/#primaryimage","url":"https:\/\/portaltela.pt\/s.01k8rhncp4jt1\/2026\/03\/image-1454.jpg","contentUrl":"https:\/\/portaltela.pt\/s.01k8rhncp4jt1\/2026\/03\/image-1454.jpg","width":796,"height":448,"caption":"Imagem de contexto do artigo Rui Moreira. \"Tivemos a sorte de n\u00e3o nos terem levado a s\u00e9rio\""},{"@type":"BreadcrumbList","@id":"https:\/\/portaltela.pt\/noticias\/2026\/03\/24\/rui-moreira-diz-que-tiveram-sorte-por-nao-serem-levados-a-serio\/#breadcrumb","itemListElement":[{"@type":"ListItem","position":1,"name":"In\u00edcio","item":"https:\/\/portaltela.pt\/"},{"@type":"ListItem","position":2,"name":"Rui Moreira diz que tiveram sorte por n\u00e3o serem levados a s\u00e9rio"}]},{"@type":"WebSite","@id":"https:\/\/portaltela.pt\/#website","url":"https:\/\/portaltela.pt\/","name":"Portal Tela Portugal","description":"","potentialAction":[{"@type":"SearchAction","target":{"@type":"EntryPoint","urlTemplate":"https:\/\/portaltela.pt\/?s={search_term_string}"},"query-input":{"@type":"PropertyValueSpecification","valueRequired":true,"valueName":"search_term_string"}}],"inLanguage":"pt-PT"},{"@type":"Person","@id":"https:\/\/portaltela.pt\/#\/schema\/person\/c4278d4a6028830caff9ee44b42d32ed","name":"Telinha","image":{"@type":"ImageObject","inLanguage":"pt-PT","@id":"https:\/\/portaltela.pt\/s.01k8rhncp4jt1\/2025\/11\/talking-bot-125x125.png","url":"https:\/\/portaltela.pt\/s.01k8rhncp4jt1\/2025\/11\/talking-bot-125x125.png","contentUrl":"https:\/\/portaltela.pt\/s.01k8rhncp4jt1\/2025\/11\/talking-bot-125x125.png","caption":"Telinha"},"sameAs":["https:\/\/portaltela.pt\/"],"url":"https:\/\/portaltela.pt\/por\/367410592786\/"}]}},"_links":{"self":[{"href":"https:\/\/portaltela.pt\/api\/wp\/v2\/posts\/419727","targetHints":{"allow":["GET"]}}],"collection":[{"href":"https:\/\/portaltela.pt\/api\/wp\/v2\/posts"}],"about":[{"href":"https:\/\/portaltela.pt\/api\/wp\/v2\/types\/post"}],"author":[{"embeddable":true,"href":"https:\/\/portaltela.pt\/api\/wp\/v2\/users\/2"}],"replies":[{"embeddable":true,"href":"https:\/\/portaltela.pt\/api\/wp\/v2\/comments?post=419727"}],"version-history":[{"count":0,"href":"https:\/\/portaltela.pt\/api\/wp\/v2\/posts\/419727\/revisions"}],"wp:featuredmedia":[{"embeddable":true,"href":"https:\/\/portaltela.pt\/api\/wp\/v2\/media\/419728"}],"wp:attachment":[{"href":"https:\/\/portaltela.pt\/api\/wp\/v2\/media?parent=419727"}],"wp:term":[{"taxonomy":"category","embeddable":true,"href":"https:\/\/portaltela.pt\/api\/wp\/v2\/categories?post=419727"},{"taxonomy":"post_tag","embeddable":true,"href":"https:\/\/portaltela.pt\/api\/wp\/v2\/tags?post=419727"}],"curies":[{"name":"wp","href":"https:\/\/api.w.org\/{rel}","templated":true}]}}