{"id":419725,"date":"2026-03-24T12:01:00","date_gmt":"2026-03-24T15:01:00","guid":{"rendered":"https:\/\/portaltela.pt\/noticias\/2026\/03\/24\/empresarios-pela-inclusao-social-pedem-900-mil-euros-para-bolsas-escolares\/"},"modified":"2026-03-24T12:01:00","modified_gmt":"2026-03-24T15:01:00","slug":"empresarios-pela-inclusao-social-pedem-900-mil-euros-para-bolsas-escolares","status":"publish","type":"post","link":"https:\/\/portaltela.pt\/sociedade\/2026\/03\/24\/empresarios-pela-inclusao-social-pedem-900-mil-euros-para-bolsas-escolares\/","title":{"rendered":"Empres\u00e1rios pela Inclus\u00e3o Social pedem 900 mil euros para bolsas escolares"},"content":{"rendered":"<p>A EPIS \u2013 Empres\u00e1rios Pela Inclus\u00e3o Social anunciou a mobiliza\u00e7\u00e3o de 900 mil euros para o programa de Bolsas Sociais de 2026. O calend\u00e1rio ser\u00e1 antecipado em quatro meses, com o objetivo de aumentar o n\u00famero de alunos abrangidos no pr\u00f3ximo ano letivo. O programa incide sobre v\u00e1rios n\u00edveis de ensino.<\/p>\n<p>A iniciativa dirige-se a estudantes com dificuldades econ\u00f3micas e inclui ensino secund\u00e1rio, ensino t\u00e9cnico, educa\u00e7\u00e3o inclusiva, cursos de especializa\u00e7\u00e3o tecnol\u00f3gica, licenciaturas e mestrados. Em alguns casos, prev\u00ea mentoria e est\u00e1gios.<\/p>\n<p>A antecipa\u00e7\u00e3o visa dar mais tempo a alunos, fam\u00edlias e escolas para conhecerem as condi\u00e7\u00f5es de acesso aos apoios. O director-geral, Diogo Sim\u00f5es Pereira, afirma que a partilha de informa\u00e7\u00e3o precoce facilita escolhas de cursos e institui\u00e7\u00f5es em contexto econ\u00f3mico atual.<\/p>\n<h3>Desempenho e perspetivas para 2026<\/h3>\n<p>At\u00e9 2025, foram atribu\u00eddas 1523 bolsas e distinguidas 136 escolas e institui\u00e7\u00f5es pela pr\u00e1tica de inclus\u00e3o. O investimento social acumulado ascende a 3,2 milh\u00f5es de euros, com 118 investidores sociais e 99 doadores individuais.<\/p>\n<p>Para 2026, a EPIS pretende refor\u00e7ar o envolvimento de empresas e investidores no financiamento do programa, com foco na continuidade do apoio aos estudantes em situa\u00e7\u00e3o de car\u00eancia.<\/p>\n<h3>Sobre a EPIS<\/h3>\n<p>Criada em 2006 por empres\u00e1rios e gestores, a associa\u00e7\u00e3o trabalha pela promo\u00e7\u00e3o do sucesso escolar e pela redu\u00e7\u00e3o do abandono. Desenvolveu projetos em dezenas de concelhos em parceria com escolas, autarquias e entidades p\u00fablicas, envolvendo 703 escolas e 42 autarquias. Conta com 681 empresas associadas ou parceiras.<\/p>\n","protected":false},"excerpt":{"rendered":"<ul>\n<li>A associa\u00e7\u00e3o EPIS \u2013 Empres\u00e1rios Pela Inclus\u00e3o Social quer mobilizar 900 mil euros para o programa de Bolsas Sociais em 2026.<\/li>\n<li>O calend\u00e1rio do programa ser\u00e1 antecipado em quatro meses para facilitar o acesso de alunos, fam\u00edlias e escolas.<\/li>\n<li>O programa abrange v\u00e1rios n\u00edveis de ensino, incluindo ensino secund\u00e1rio (regular e profissional), educa\u00e7\u00e3o inclusiva, cursos de especializa\u00e7\u00e3o tecnol\u00f3gica, licenciaturas e mestrados, com mentoria e est\u00e1gios em alguns casos.<\/li>\n<li>At\u00e9 2025 foram atribu\u00eddas 1.523 bolsas, distinguidas 136 escolas e institui\u00e7\u00f5es por pr\u00e1ticas de inclus\u00e3o, num investimento social de 3,2 milh\u00f5es de euros.<\/li>\n<li>Para 2026, a EPIS prev\u00ea refor\u00e7ar o envolvimento de empresas e investidores sociais no financiamento e ampliar o n\u00famero de alunos abrangidos no pr\u00f3ximo ano letivo.<\/li>\n<\/ul>\n","protected":false},"author":2,"featured_media":419726,"comment_status":"closed","ping_status":"closed","sticky":false,"template":"","format":"standard","meta":{"footnotes":""},"categories":[1,6871],"tags":[2035,28,163,4696,4074,316],"class_list":["post-419725","post","type-post","status-publish","format-standard","has-post-thumbnail","hentry","category-noticias","category-sociedade","tag-bolsas","tag-economia","tag-educacao","tag-educacao-inclusiva","tag-inclusao-social","tag-investimento"],"yoast_head":"<!-- This site is optimized with the Yoast SEO plugin v27.2 - https:\/\/yoast.com\/product\/yoast-seo-wordpress\/ -->\n<title>Empres\u00e1rios pela Inclus\u00e3o Social pedem 900 mil euros para bolsas escolares - Portal Tela Portugal<\/title>\n<meta name=\"robots\" content=\"index, follow, max-snippet:-1, max-image-preview:large, max-video-preview:-1\" \/>\n<meta property=\"og:locale\" content=\"pt_PT\" \/>\n<meta property=\"og:type\" content=\"article\" \/>\n<meta property=\"og:title\" content=\"Empres\u00e1rios pela Inclus\u00e3o Social pedem 900 mil euros para bolsas escolares - Portal Tela Portugal\" \/>\n<meta property=\"og:description\" content=\"A associa\u00e7\u00e3o EPIS \u2013 Empres\u00e1rios Pela Inclus\u00e3o Social quer mobilizar 900 mil euros para o programa de Bolsas Sociais em 2026. O calend\u00e1rio do programa ser\u00e1 antecipado em quatro meses para facilitar o acesso de alunos, fam\u00edlias e escolas. O programa abrange v\u00e1rios n\u00edveis de ensino, incluindo ensino secund\u00e1rio (regular e profissional), educa\u00e7\u00e3o inclusiva, cursos de especializa\u00e7\u00e3o tecnol\u00f3gica, licenciaturas e mestrados, com mentoria e est\u00e1gios em alguns casos. At\u00e9 2025 foram atribu\u00eddas 1.523 bolsas, distinguidas 136 escolas e institui\u00e7\u00f5es por pr\u00e1ticas de inclus\u00e3o, num investimento social de 3,2 milh\u00f5es de euros. Para 2026, a EPIS prev\u00ea refor\u00e7ar o envolvimento de empresas e investidores sociais no financiamento e ampliar o n\u00famero de alunos abrangidos no pr\u00f3ximo ano letivo.\" \/>\n<meta property=\"og:url\" content=\"https:\/\/portaltela.pt\/noticias\/2026\/03\/24\/empresarios-pela-inclusao-social-pedem-900-mil-euros-para-bolsas-escolares\/\" \/>\n<meta property=\"og:site_name\" content=\"Portal Tela Portugal\" \/>\n<meta property=\"article:published_time\" content=\"2026-03-24T15:01:00+00:00\" \/>\n<meta name=\"author\" content=\"Telinha\" \/>\n<meta name=\"twitter:card\" content=\"summary_large_image\" \/>\n<meta name=\"twitter:label1\" content=\"Escrito por\" \/>\n\t<meta name=\"twitter:data1\" content=\"Telinha\" \/>\n\t<meta name=\"twitter:label2\" content=\"Tempo estimado de leitura\" \/>\n\t<meta name=\"twitter:data2\" content=\"1 minuto\" \/>\n<script type=\"application\/ld+json\" class=\"yoast-schema-graph\">{\"@context\":\"https:\/\/schema.org\",\"@graph\":[{\"@type\":\"Article\",\"@id\":\"https:\/\/portaltela.pt\/noticias\/2026\/03\/24\/empresarios-pela-inclusao-social-pedem-900-mil-euros-para-bolsas-escolares\/#article\",\"isPartOf\":{\"@id\":\"https:\/\/portaltela.pt\/noticias\/2026\/03\/24\/empresarios-pela-inclusao-social-pedem-900-mil-euros-para-bolsas-escolares\/\"},\"author\":{\"name\":\"Telinha\",\"@id\":\"https:\/\/portaltela.pt\/#\/schema\/person\/c4278d4a6028830caff9ee44b42d32ed\"},\"headline\":\"Empres\u00e1rios pela Inclus\u00e3o Social pedem 900 mil euros para bolsas escolares\",\"datePublished\":\"2026-03-24T15:01:00+00:00\",\"mainEntityOfPage\":{\"@id\":\"https:\/\/portaltela.pt\/noticias\/2026\/03\/24\/empresarios-pela-inclusao-social-pedem-900-mil-euros-para-bolsas-escolares\/\"},\"wordCount\":271,\"image\":{\"@id\":\"https:\/\/portaltela.pt\/noticias\/2026\/03\/24\/empresarios-pela-inclusao-social-pedem-900-mil-euros-para-bolsas-escolares\/#primaryimage\"},\"thumbnailUrl\":\"https:\/\/portaltela.pt\/s.01k8rhncp4jt1\/2026\/03\/2076563.jpg\",\"keywords\":[\"bolsas\",\"economia\",\"educa\u00e7\u00e3o\",\"educa\u00e7\u00e3o inclusiva\",\"inclus\u00e3o social\",\"investimento\"],\"articleSection\":[\"Not\u00edcias\",\"Sociedade\"],\"inLanguage\":\"pt-PT\"},{\"@type\":\"WebPage\",\"@id\":\"https:\/\/portaltela.pt\/noticias\/2026\/03\/24\/empresarios-pela-inclusao-social-pedem-900-mil-euros-para-bolsas-escolares\/\",\"url\":\"https:\/\/portaltela.pt\/noticias\/2026\/03\/24\/empresarios-pela-inclusao-social-pedem-900-mil-euros-para-bolsas-escolares\/\",\"name\":\"Empres\u00e1rios pela Inclus\u00e3o Social pedem 900 mil euros para bolsas escolares - Portal Tela Portugal\",\"isPartOf\":{\"@id\":\"https:\/\/portaltela.pt\/#website\"},\"primaryImageOfPage\":{\"@id\":\"https:\/\/portaltela.pt\/noticias\/2026\/03\/24\/empresarios-pela-inclusao-social-pedem-900-mil-euros-para-bolsas-escolares\/#primaryimage\"},\"image\":{\"@id\":\"https:\/\/portaltela.pt\/noticias\/2026\/03\/24\/empresarios-pela-inclusao-social-pedem-900-mil-euros-para-bolsas-escolares\/#primaryimage\"},\"thumbnailUrl\":\"https:\/\/portaltela.pt\/s.01k8rhncp4jt1\/2026\/03\/2076563.jpg\",\"datePublished\":\"2026-03-24T15:01:00+00:00\",\"author\":{\"@id\":\"https:\/\/portaltela.pt\/#\/schema\/person\/c4278d4a6028830caff9ee44b42d32ed\"},\"breadcrumb\":{\"@id\":\"https:\/\/portaltela.pt\/noticias\/2026\/03\/24\/empresarios-pela-inclusao-social-pedem-900-mil-euros-para-bolsas-escolares\/#breadcrumb\"},\"inLanguage\":\"pt-PT\",\"potentialAction\":[{\"@type\":\"ReadAction\",\"target\":[\"https:\/\/portaltela.pt\/noticias\/2026\/03\/24\/empresarios-pela-inclusao-social-pedem-900-mil-euros-para-bolsas-escolares\/\"]}]},{\"@type\":\"ImageObject\",\"inLanguage\":\"pt-PT\",\"@id\":\"https:\/\/portaltela.pt\/noticias\/2026\/03\/24\/empresarios-pela-inclusao-social-pedem-900-mil-euros-para-bolsas-escolares\/#primaryimage\",\"url\":\"https:\/\/portaltela.pt\/s.01k8rhncp4jt1\/2026\/03\/2076563.jpg\",\"contentUrl\":\"https:\/\/portaltela.pt\/s.01k8rhncp4jt1\/2026\/03\/2076563.jpg\",\"width\":796,\"height\":448,\"caption\":\"As bolsas abrangem v\u00e1rios n\u00edveis de ensino\"},{\"@type\":\"BreadcrumbList\",\"@id\":\"https:\/\/portaltela.pt\/noticias\/2026\/03\/24\/empresarios-pela-inclusao-social-pedem-900-mil-euros-para-bolsas-escolares\/#breadcrumb\",\"itemListElement\":[{\"@type\":\"ListItem\",\"position\":1,\"name\":\"In\u00edcio\",\"item\":\"https:\/\/portaltela.pt\/\"},{\"@type\":\"ListItem\",\"position\":2,\"name\":\"Empres\u00e1rios pela Inclus\u00e3o Social pedem 900 mil euros para bolsas escolares\"}]},{\"@type\":\"WebSite\",\"@id\":\"https:\/\/portaltela.pt\/#website\",\"url\":\"https:\/\/portaltela.pt\/\",\"name\":\"Portal Tela Portugal\",\"description\":\"\",\"potentialAction\":[{\"@type\":\"SearchAction\",\"target\":{\"@type\":\"EntryPoint\",\"urlTemplate\":\"https:\/\/portaltela.pt\/?s={search_term_string}\"},\"query-input\":{\"@type\":\"PropertyValueSpecification\",\"valueRequired\":true,\"valueName\":\"search_term_string\"}}],\"inLanguage\":\"pt-PT\"},{\"@type\":\"Person\",\"@id\":\"https:\/\/portaltela.pt\/#\/schema\/person\/c4278d4a6028830caff9ee44b42d32ed\",\"name\":\"Telinha\",\"image\":{\"@type\":\"ImageObject\",\"inLanguage\":\"pt-PT\",\"@id\":\"https:\/\/portaltela.pt\/s.01k8rhncp4jt1\/2025\/11\/talking-bot-125x125.png\",\"url\":\"https:\/\/portaltela.pt\/s.01k8rhncp4jt1\/2025\/11\/talking-bot-125x125.png\",\"contentUrl\":\"https:\/\/portaltela.pt\/s.01k8rhncp4jt1\/2025\/11\/talking-bot-125x125.png\",\"caption\":\"Telinha\"},\"sameAs\":[\"https:\/\/portaltela.pt\/\"],\"url\":\"https:\/\/portaltela.pt\/por\/367410592786\/\"}]}<\/script>\n<!-- \/ Yoast SEO plugin. -->","yoast_head_json":{"title":"Empres\u00e1rios pela Inclus\u00e3o Social pedem 900 mil euros para bolsas escolares - Portal Tela Portugal","robots":{"index":"index","follow":"follow","max-snippet":"max-snippet:-1","max-image-preview":"max-image-preview:large","max-video-preview":"max-video-preview:-1"},"og_locale":"pt_PT","og_type":"article","og_title":"Empres\u00e1rios pela Inclus\u00e3o Social pedem 900 mil euros para bolsas escolares - Portal Tela Portugal","og_description":"A associa\u00e7\u00e3o EPIS \u2013 Empres\u00e1rios Pela Inclus\u00e3o Social quer mobilizar 900 mil euros para o programa de Bolsas Sociais em 2026. O calend\u00e1rio do programa ser\u00e1 antecipado em quatro meses para facilitar o acesso de alunos, fam\u00edlias e escolas. O programa abrange v\u00e1rios n\u00edveis de ensino, incluindo ensino secund\u00e1rio (regular e profissional), educa\u00e7\u00e3o inclusiva, cursos de especializa\u00e7\u00e3o tecnol\u00f3gica, licenciaturas e mestrados, com mentoria e est\u00e1gios em alguns casos. At\u00e9 2025 foram atribu\u00eddas 1.523 bolsas, distinguidas 136 escolas e institui\u00e7\u00f5es por pr\u00e1ticas de inclus\u00e3o, num investimento social de 3,2 milh\u00f5es de euros. Para 2026, a EPIS prev\u00ea refor\u00e7ar o envolvimento de empresas e investidores sociais no financiamento e ampliar o n\u00famero de alunos abrangidos no pr\u00f3ximo ano letivo.","og_url":"https:\/\/portaltela.pt\/noticias\/2026\/03\/24\/empresarios-pela-inclusao-social-pedem-900-mil-euros-para-bolsas-escolares\/","og_site_name":"Portal Tela Portugal","article_published_time":"2026-03-24T15:01:00+00:00","author":"Telinha","twitter_card":"summary_large_image","twitter_misc":{"Escrito por":"Telinha","Tempo estimado de leitura":"1 minuto"},"schema":{"@context":"https:\/\/schema.org","@graph":[{"@type":"Article","@id":"https:\/\/portaltela.pt\/noticias\/2026\/03\/24\/empresarios-pela-inclusao-social-pedem-900-mil-euros-para-bolsas-escolares\/#article","isPartOf":{"@id":"https:\/\/portaltela.pt\/noticias\/2026\/03\/24\/empresarios-pela-inclusao-social-pedem-900-mil-euros-para-bolsas-escolares\/"},"author":{"name":"Telinha","@id":"https:\/\/portaltela.pt\/#\/schema\/person\/c4278d4a6028830caff9ee44b42d32ed"},"headline":"Empres\u00e1rios pela Inclus\u00e3o Social pedem 900 mil euros para bolsas escolares","datePublished":"2026-03-24T15:01:00+00:00","mainEntityOfPage":{"@id":"https:\/\/portaltela.pt\/noticias\/2026\/03\/24\/empresarios-pela-inclusao-social-pedem-900-mil-euros-para-bolsas-escolares\/"},"wordCount":271,"image":{"@id":"https:\/\/portaltela.pt\/noticias\/2026\/03\/24\/empresarios-pela-inclusao-social-pedem-900-mil-euros-para-bolsas-escolares\/#primaryimage"},"thumbnailUrl":"https:\/\/portaltela.pt\/s.01k8rhncp4jt1\/2026\/03\/2076563.jpg","keywords":["bolsas","economia","educa\u00e7\u00e3o","educa\u00e7\u00e3o inclusiva","inclus\u00e3o social","investimento"],"articleSection":["Not\u00edcias","Sociedade"],"inLanguage":"pt-PT"},{"@type":"WebPage","@id":"https:\/\/portaltela.pt\/noticias\/2026\/03\/24\/empresarios-pela-inclusao-social-pedem-900-mil-euros-para-bolsas-escolares\/","url":"https:\/\/portaltela.pt\/noticias\/2026\/03\/24\/empresarios-pela-inclusao-social-pedem-900-mil-euros-para-bolsas-escolares\/","name":"Empres\u00e1rios pela Inclus\u00e3o Social pedem 900 mil euros para bolsas escolares - Portal Tela Portugal","isPartOf":{"@id":"https:\/\/portaltela.pt\/#website"},"primaryImageOfPage":{"@id":"https:\/\/portaltela.pt\/noticias\/2026\/03\/24\/empresarios-pela-inclusao-social-pedem-900-mil-euros-para-bolsas-escolares\/#primaryimage"},"image":{"@id":"https:\/\/portaltela.pt\/noticias\/2026\/03\/24\/empresarios-pela-inclusao-social-pedem-900-mil-euros-para-bolsas-escolares\/#primaryimage"},"thumbnailUrl":"https:\/\/portaltela.pt\/s.01k8rhncp4jt1\/2026\/03\/2076563.jpg","datePublished":"2026-03-24T15:01:00+00:00","author":{"@id":"https:\/\/portaltela.pt\/#\/schema\/person\/c4278d4a6028830caff9ee44b42d32ed"},"breadcrumb":{"@id":"https:\/\/portaltela.pt\/noticias\/2026\/03\/24\/empresarios-pela-inclusao-social-pedem-900-mil-euros-para-bolsas-escolares\/#breadcrumb"},"inLanguage":"pt-PT","potentialAction":[{"@type":"ReadAction","target":["https:\/\/portaltela.pt\/noticias\/2026\/03\/24\/empresarios-pela-inclusao-social-pedem-900-mil-euros-para-bolsas-escolares\/"]}]},{"@type":"ImageObject","inLanguage":"pt-PT","@id":"https:\/\/portaltela.pt\/noticias\/2026\/03\/24\/empresarios-pela-inclusao-social-pedem-900-mil-euros-para-bolsas-escolares\/#primaryimage","url":"https:\/\/portaltela.pt\/s.01k8rhncp4jt1\/2026\/03\/2076563.jpg","contentUrl":"https:\/\/portaltela.pt\/s.01k8rhncp4jt1\/2026\/03\/2076563.jpg","width":796,"height":448,"caption":"As bolsas abrangem v\u00e1rios n\u00edveis de ensino"},{"@type":"BreadcrumbList","@id":"https:\/\/portaltela.pt\/noticias\/2026\/03\/24\/empresarios-pela-inclusao-social-pedem-900-mil-euros-para-bolsas-escolares\/#breadcrumb","itemListElement":[{"@type":"ListItem","position":1,"name":"In\u00edcio","item":"https:\/\/portaltela.pt\/"},{"@type":"ListItem","position":2,"name":"Empres\u00e1rios pela Inclus\u00e3o Social pedem 900 mil euros para bolsas escolares"}]},{"@type":"WebSite","@id":"https:\/\/portaltela.pt\/#website","url":"https:\/\/portaltela.pt\/","name":"Portal Tela Portugal","description":"","potentialAction":[{"@type":"SearchAction","target":{"@type":"EntryPoint","urlTemplate":"https:\/\/portaltela.pt\/?s={search_term_string}"},"query-input":{"@type":"PropertyValueSpecification","valueRequired":true,"valueName":"search_term_string"}}],"inLanguage":"pt-PT"},{"@type":"Person","@id":"https:\/\/portaltela.pt\/#\/schema\/person\/c4278d4a6028830caff9ee44b42d32ed","name":"Telinha","image":{"@type":"ImageObject","inLanguage":"pt-PT","@id":"https:\/\/portaltela.pt\/s.01k8rhncp4jt1\/2025\/11\/talking-bot-125x125.png","url":"https:\/\/portaltela.pt\/s.01k8rhncp4jt1\/2025\/11\/talking-bot-125x125.png","contentUrl":"https:\/\/portaltela.pt\/s.01k8rhncp4jt1\/2025\/11\/talking-bot-125x125.png","caption":"Telinha"},"sameAs":["https:\/\/portaltela.pt\/"],"url":"https:\/\/portaltela.pt\/por\/367410592786\/"}]}},"_links":{"self":[{"href":"https:\/\/portaltela.pt\/api\/wp\/v2\/posts\/419725","targetHints":{"allow":["GET"]}}],"collection":[{"href":"https:\/\/portaltela.pt\/api\/wp\/v2\/posts"}],"about":[{"href":"https:\/\/portaltela.pt\/api\/wp\/v2\/types\/post"}],"author":[{"embeddable":true,"href":"https:\/\/portaltela.pt\/api\/wp\/v2\/users\/2"}],"replies":[{"embeddable":true,"href":"https:\/\/portaltela.pt\/api\/wp\/v2\/comments?post=419725"}],"version-history":[{"count":0,"href":"https:\/\/portaltela.pt\/api\/wp\/v2\/posts\/419725\/revisions"}],"wp:featuredmedia":[{"embeddable":true,"href":"https:\/\/portaltela.pt\/api\/wp\/v2\/media\/419726"}],"wp:attachment":[{"href":"https:\/\/portaltela.pt\/api\/wp\/v2\/media?parent=419725"}],"wp:term":[{"taxonomy":"category","embeddable":true,"href":"https:\/\/portaltela.pt\/api\/wp\/v2\/categories?post=419725"},{"taxonomy":"post_tag","embeddable":true,"href":"https:\/\/portaltela.pt\/api\/wp\/v2\/tags?post=419725"}],"curies":[{"name":"wp","href":"https:\/\/api.w.org\/{rel}","templated":true}]}}