{"id":419723,"date":"2026-03-24T12:11:00","date_gmt":"2026-03-24T15:11:00","guid":{"rendered":"https:\/\/portaltela.pt\/noticias\/2026\/03\/24\/primeiro-navio-com-ajuda-do-comboio-nuestra-america-chega-a-havana\/"},"modified":"2026-03-24T12:11:00","modified_gmt":"2026-03-24T15:11:00","slug":"primeiro-navio-com-ajuda-do-comboio-nuestra-america-chega-a-havana","status":"publish","type":"post","link":"https:\/\/portaltela.pt\/noticias\/internacional\/2026\/03\/24\/primeiro-navio-com-ajuda-do-comboio-nuestra-america-chega-a-havana\/","title":{"rendered":"Primeiro navio com ajuda do Comboio Nuestra Am\u00e9rica chega a Havana"},"content":{"rendered":"<p>O primeiro barco da frota do Comboio Nuestra Am\u00e9rica chegou hoje a Havana, trazendo mais de 30 toneladas de ajuda humanit\u00e1ria para Cuba. A opera\u00e7\u00e3o visa apoiar a ilha diante de dificuldades resultantes do embargo energ\u00e9tico imposto pelos Estados Unidos.<\/p>\n<p>A embarca\u00e7\u00e3o ficou sob controlo do grupo que coordena o comboio, com destino a instala\u00e7\u00f5es de apoio e distribui\u00e7\u00e3o em territ\u00f3rio cubano. O objetivo \u00e9 facilitar o acesso a mantimentos, itens m\u00e9dicos e outros recursos essenciais.<\/p>\n<p>O desembarque ocorreu na manh\u00e3 de hoje, no porto de Havana, com autoridades locais a acompanhar o recebimento das cargas. A iniciativa \u00e9 apresentada como parte de esfor\u00e7os para mitigar impactos do embargo energ\u00e9tico aplicado pelos EUA.<\/p>\n<p>A opera\u00e7\u00e3o de apoio humanit\u00e1rio ocorre num contexto de tens\u00f5es diplom\u00e1ticas entre Cuba e os Estados Unidos, com v\u00e1rios pa\u00edses a acompanharem a iniciativa. O foco \u00e9 assegurar ajuda estrat\u00e9gica para comunidades afetadas pela restri\u00e7\u00e3o energ\u00e9tica.<\/p>\n","protected":false},"excerpt":{"rendered":"<ul>\n<li>O primeiro navio da frota do Comboio Nuestra Am\u00e9rica chegou a Havana, em Cuba.<\/li>\n<li>O barco transporta mais de 30 toneladas de ajuda humanit\u00e1ria.<\/li>\n<li>A miss\u00e3o visa apoiar a ilha face ao embargo energ\u00e9tico imposto pelos Estados Unidos.<\/li>\n<li>A chegada ocorreu hoje.<\/li>\n<\/ul>\n","protected":false},"author":2,"featured_media":419724,"comment_status":"closed","ping_status":"closed","sticky":false,"template":"","format":"standard","meta":{"footnotes":""},"categories":[6814,4],"tags":[5747,7275,6636,4893,174],"class_list":["post-419723","post","type-post","status-publish","format-standard","has-post-thumbnail","hentry","category-geopolitica","category-internacional","tag-ajuda-humanitaria","tag-apoio-humanitario","tag-cuba","tag-embargos","tag-energia"],"yoast_head":"<!-- This site is optimized with the Yoast SEO plugin v27.2 - https:\/\/yoast.com\/product\/yoast-seo-wordpress\/ -->\n<title>Primeiro navio com ajuda do Comboio Nuestra Am\u00e9rica chega a Havana - Portal Tela Portugal<\/title>\n<meta name=\"robots\" content=\"index, follow, max-snippet:-1, max-image-preview:large, max-video-preview:-1\" \/>\n<meta property=\"og:locale\" content=\"pt_PT\" \/>\n<meta property=\"og:type\" content=\"article\" \/>\n<meta property=\"og:title\" content=\"Primeiro navio com ajuda do Comboio Nuestra Am\u00e9rica chega a Havana - Portal Tela Portugal\" \/>\n<meta property=\"og:description\" content=\"O primeiro navio da frota do Comboio Nuestra Am\u00e9rica chegou a Havana, em Cuba. O barco transporta mais de 30 toneladas de ajuda humanit\u00e1ria. A miss\u00e3o visa apoiar a ilha face ao embargo energ\u00e9tico imposto pelos Estados Unidos. A chegada ocorreu hoje.\" \/>\n<meta property=\"og:url\" content=\"https:\/\/portaltela.pt\/noticias\/2026\/03\/24\/primeiro-navio-com-ajuda-do-comboio-nuestra-america-chega-a-havana\/\" \/>\n<meta property=\"og:site_name\" content=\"Portal Tela Portugal\" \/>\n<meta property=\"article:published_time\" content=\"2026-03-24T15:11:00+00:00\" \/>\n<meta name=\"author\" content=\"Telinha\" \/>\n<meta name=\"twitter:card\" content=\"summary_large_image\" \/>\n<meta name=\"twitter:label1\" content=\"Escrito por\" \/>\n\t<meta name=\"twitter:data1\" content=\"Telinha\" \/>\n\t<meta name=\"twitter:label2\" content=\"Tempo estimado de leitura\" \/>\n\t<meta name=\"twitter:data2\" content=\"1 minuto\" \/>\n<script type=\"application\/ld+json\" class=\"yoast-schema-graph\">{\"@context\":\"https:\/\/schema.org\",\"@graph\":[{\"@type\":\"Article\",\"@id\":\"https:\/\/portaltela.pt\/noticias\/2026\/03\/24\/primeiro-navio-com-ajuda-do-comboio-nuestra-america-chega-a-havana\/#article\",\"isPartOf\":{\"@id\":\"https:\/\/portaltela.pt\/noticias\/2026\/03\/24\/primeiro-navio-com-ajuda-do-comboio-nuestra-america-chega-a-havana\/\"},\"author\":{\"name\":\"Telinha\",\"@id\":\"https:\/\/portaltela.pt\/#\/schema\/person\/c4278d4a6028830caff9ee44b42d32ed\"},\"headline\":\"Primeiro navio com ajuda do Comboio Nuestra Am\u00e9rica chega a Havana\",\"datePublished\":\"2026-03-24T15:11:00+00:00\",\"mainEntityOfPage\":{\"@id\":\"https:\/\/portaltela.pt\/noticias\/2026\/03\/24\/primeiro-navio-com-ajuda-do-comboio-nuestra-america-chega-a-havana\/\"},\"wordCount\":177,\"image\":{\"@id\":\"https:\/\/portaltela.pt\/noticias\/2026\/03\/24\/primeiro-navio-com-ajuda-do-comboio-nuestra-america-chega-a-havana\/#primaryimage\"},\"thumbnailUrl\":\"https:\/\/portaltela.pt\/s.01k8rhncp4jt1\/2026\/03\/CACHE_780X1200_ANALOG_WATERMARKED_46799919_437804516165569.jpg\",\"keywords\":[\"ajuda humanit\u00e1ria\",\"apoio humanit\u00e1rio\",\"Cuba\",\"embargos\",\"energia\"],\"articleSection\":[\"Geopol\u00edtica\",\"Internacional\"],\"inLanguage\":\"pt-PT\"},{\"@type\":\"WebPage\",\"@id\":\"https:\/\/portaltela.pt\/noticias\/2026\/03\/24\/primeiro-navio-com-ajuda-do-comboio-nuestra-america-chega-a-havana\/\",\"url\":\"https:\/\/portaltela.pt\/noticias\/2026\/03\/24\/primeiro-navio-com-ajuda-do-comboio-nuestra-america-chega-a-havana\/\",\"name\":\"Primeiro navio com ajuda do Comboio Nuestra Am\u00e9rica chega a Havana - Portal Tela Portugal\",\"isPartOf\":{\"@id\":\"https:\/\/portaltela.pt\/#website\"},\"primaryImageOfPage\":{\"@id\":\"https:\/\/portaltela.pt\/noticias\/2026\/03\/24\/primeiro-navio-com-ajuda-do-comboio-nuestra-america-chega-a-havana\/#primaryimage\"},\"image\":{\"@id\":\"https:\/\/portaltela.pt\/noticias\/2026\/03\/24\/primeiro-navio-com-ajuda-do-comboio-nuestra-america-chega-a-havana\/#primaryimage\"},\"thumbnailUrl\":\"https:\/\/portaltela.pt\/s.01k8rhncp4jt1\/2026\/03\/CACHE_780X1200_ANALOG_WATERMARKED_46799919_437804516165569.jpg\",\"datePublished\":\"2026-03-24T15:11:00+00:00\",\"author\":{\"@id\":\"https:\/\/portaltela.pt\/#\/schema\/person\/c4278d4a6028830caff9ee44b42d32ed\"},\"breadcrumb\":{\"@id\":\"https:\/\/portaltela.pt\/noticias\/2026\/03\/24\/primeiro-navio-com-ajuda-do-comboio-nuestra-america-chega-a-havana\/#breadcrumb\"},\"inLanguage\":\"pt-PT\",\"potentialAction\":[{\"@type\":\"ReadAction\",\"target\":[\"https:\/\/portaltela.pt\/noticias\/2026\/03\/24\/primeiro-navio-com-ajuda-do-comboio-nuestra-america-chega-a-havana\/\"]}]},{\"@type\":\"ImageObject\",\"inLanguage\":\"pt-PT\",\"@id\":\"https:\/\/portaltela.pt\/noticias\/2026\/03\/24\/primeiro-navio-com-ajuda-do-comboio-nuestra-america-chega-a-havana\/#primaryimage\",\"url\":\"https:\/\/portaltela.pt\/s.01k8rhncp4jt1\/2026\/03\/CACHE_780X1200_ANALOG_WATERMARKED_46799919_437804516165569.jpg\",\"contentUrl\":\"https:\/\/portaltela.pt\/s.01k8rhncp4jt1\/2026\/03\/CACHE_780X1200_ANALOG_WATERMARKED_46799919_437804516165569.jpg\",\"width\":796,\"height\":448,\"caption\":\"Chegou a Havana primeiro navio com ajuda humanit\u00e1ria do Comboio Nuestra Am\u00e9rica\"},{\"@type\":\"BreadcrumbList\",\"@id\":\"https:\/\/portaltela.pt\/noticias\/2026\/03\/24\/primeiro-navio-com-ajuda-do-comboio-nuestra-america-chega-a-havana\/#breadcrumb\",\"itemListElement\":[{\"@type\":\"ListItem\",\"position\":1,\"name\":\"In\u00edcio\",\"item\":\"https:\/\/portaltela.pt\/\"},{\"@type\":\"ListItem\",\"position\":2,\"name\":\"Primeiro navio com ajuda do Comboio Nuestra Am\u00e9rica chega a Havana\"}]},{\"@type\":\"WebSite\",\"@id\":\"https:\/\/portaltela.pt\/#website\",\"url\":\"https:\/\/portaltela.pt\/\",\"name\":\"Portal Tela Portugal\",\"description\":\"\",\"potentialAction\":[{\"@type\":\"SearchAction\",\"target\":{\"@type\":\"EntryPoint\",\"urlTemplate\":\"https:\/\/portaltela.pt\/?s={search_term_string}\"},\"query-input\":{\"@type\":\"PropertyValueSpecification\",\"valueRequired\":true,\"valueName\":\"search_term_string\"}}],\"inLanguage\":\"pt-PT\"},{\"@type\":\"Person\",\"@id\":\"https:\/\/portaltela.pt\/#\/schema\/person\/c4278d4a6028830caff9ee44b42d32ed\",\"name\":\"Telinha\",\"image\":{\"@type\":\"ImageObject\",\"inLanguage\":\"pt-PT\",\"@id\":\"https:\/\/portaltela.pt\/s.01k8rhncp4jt1\/2025\/11\/talking-bot-125x125.png\",\"url\":\"https:\/\/portaltela.pt\/s.01k8rhncp4jt1\/2025\/11\/talking-bot-125x125.png\",\"contentUrl\":\"https:\/\/portaltela.pt\/s.01k8rhncp4jt1\/2025\/11\/talking-bot-125x125.png\",\"caption\":\"Telinha\"},\"sameAs\":[\"https:\/\/portaltela.pt\/\"],\"url\":\"https:\/\/portaltela.pt\/por\/367410592786\/\"}]}<\/script>\n<!-- \/ Yoast SEO plugin. -->","yoast_head_json":{"title":"Primeiro navio com ajuda do Comboio Nuestra Am\u00e9rica chega a Havana - Portal Tela Portugal","robots":{"index":"index","follow":"follow","max-snippet":"max-snippet:-1","max-image-preview":"max-image-preview:large","max-video-preview":"max-video-preview:-1"},"og_locale":"pt_PT","og_type":"article","og_title":"Primeiro navio com ajuda do Comboio Nuestra Am\u00e9rica chega a Havana - Portal Tela Portugal","og_description":"O primeiro navio da frota do Comboio Nuestra Am\u00e9rica chegou a Havana, em Cuba. O barco transporta mais de 30 toneladas de ajuda humanit\u00e1ria. A miss\u00e3o visa apoiar a ilha face ao embargo energ\u00e9tico imposto pelos Estados Unidos. A chegada ocorreu hoje.","og_url":"https:\/\/portaltela.pt\/noticias\/2026\/03\/24\/primeiro-navio-com-ajuda-do-comboio-nuestra-america-chega-a-havana\/","og_site_name":"Portal Tela Portugal","article_published_time":"2026-03-24T15:11:00+00:00","author":"Telinha","twitter_card":"summary_large_image","twitter_misc":{"Escrito por":"Telinha","Tempo estimado de leitura":"1 minuto"},"schema":{"@context":"https:\/\/schema.org","@graph":[{"@type":"Article","@id":"https:\/\/portaltela.pt\/noticias\/2026\/03\/24\/primeiro-navio-com-ajuda-do-comboio-nuestra-america-chega-a-havana\/#article","isPartOf":{"@id":"https:\/\/portaltela.pt\/noticias\/2026\/03\/24\/primeiro-navio-com-ajuda-do-comboio-nuestra-america-chega-a-havana\/"},"author":{"name":"Telinha","@id":"https:\/\/portaltela.pt\/#\/schema\/person\/c4278d4a6028830caff9ee44b42d32ed"},"headline":"Primeiro navio com ajuda do Comboio Nuestra Am\u00e9rica chega a Havana","datePublished":"2026-03-24T15:11:00+00:00","mainEntityOfPage":{"@id":"https:\/\/portaltela.pt\/noticias\/2026\/03\/24\/primeiro-navio-com-ajuda-do-comboio-nuestra-america-chega-a-havana\/"},"wordCount":177,"image":{"@id":"https:\/\/portaltela.pt\/noticias\/2026\/03\/24\/primeiro-navio-com-ajuda-do-comboio-nuestra-america-chega-a-havana\/#primaryimage"},"thumbnailUrl":"https:\/\/portaltela.pt\/s.01k8rhncp4jt1\/2026\/03\/CACHE_780X1200_ANALOG_WATERMARKED_46799919_437804516165569.jpg","keywords":["ajuda humanit\u00e1ria","apoio humanit\u00e1rio","Cuba","embargos","energia"],"articleSection":["Geopol\u00edtica","Internacional"],"inLanguage":"pt-PT"},{"@type":"WebPage","@id":"https:\/\/portaltela.pt\/noticias\/2026\/03\/24\/primeiro-navio-com-ajuda-do-comboio-nuestra-america-chega-a-havana\/","url":"https:\/\/portaltela.pt\/noticias\/2026\/03\/24\/primeiro-navio-com-ajuda-do-comboio-nuestra-america-chega-a-havana\/","name":"Primeiro navio com ajuda do Comboio Nuestra Am\u00e9rica chega a Havana - Portal Tela Portugal","isPartOf":{"@id":"https:\/\/portaltela.pt\/#website"},"primaryImageOfPage":{"@id":"https:\/\/portaltela.pt\/noticias\/2026\/03\/24\/primeiro-navio-com-ajuda-do-comboio-nuestra-america-chega-a-havana\/#primaryimage"},"image":{"@id":"https:\/\/portaltela.pt\/noticias\/2026\/03\/24\/primeiro-navio-com-ajuda-do-comboio-nuestra-america-chega-a-havana\/#primaryimage"},"thumbnailUrl":"https:\/\/portaltela.pt\/s.01k8rhncp4jt1\/2026\/03\/CACHE_780X1200_ANALOG_WATERMARKED_46799919_437804516165569.jpg","datePublished":"2026-03-24T15:11:00+00:00","author":{"@id":"https:\/\/portaltela.pt\/#\/schema\/person\/c4278d4a6028830caff9ee44b42d32ed"},"breadcrumb":{"@id":"https:\/\/portaltela.pt\/noticias\/2026\/03\/24\/primeiro-navio-com-ajuda-do-comboio-nuestra-america-chega-a-havana\/#breadcrumb"},"inLanguage":"pt-PT","potentialAction":[{"@type":"ReadAction","target":["https:\/\/portaltela.pt\/noticias\/2026\/03\/24\/primeiro-navio-com-ajuda-do-comboio-nuestra-america-chega-a-havana\/"]}]},{"@type":"ImageObject","inLanguage":"pt-PT","@id":"https:\/\/portaltela.pt\/noticias\/2026\/03\/24\/primeiro-navio-com-ajuda-do-comboio-nuestra-america-chega-a-havana\/#primaryimage","url":"https:\/\/portaltela.pt\/s.01k8rhncp4jt1\/2026\/03\/CACHE_780X1200_ANALOG_WATERMARKED_46799919_437804516165569.jpg","contentUrl":"https:\/\/portaltela.pt\/s.01k8rhncp4jt1\/2026\/03\/CACHE_780X1200_ANALOG_WATERMARKED_46799919_437804516165569.jpg","width":796,"height":448,"caption":"Chegou a Havana primeiro navio com ajuda humanit\u00e1ria do Comboio Nuestra Am\u00e9rica"},{"@type":"BreadcrumbList","@id":"https:\/\/portaltela.pt\/noticias\/2026\/03\/24\/primeiro-navio-com-ajuda-do-comboio-nuestra-america-chega-a-havana\/#breadcrumb","itemListElement":[{"@type":"ListItem","position":1,"name":"In\u00edcio","item":"https:\/\/portaltela.pt\/"},{"@type":"ListItem","position":2,"name":"Primeiro navio com ajuda do Comboio Nuestra Am\u00e9rica chega a Havana"}]},{"@type":"WebSite","@id":"https:\/\/portaltela.pt\/#website","url":"https:\/\/portaltela.pt\/","name":"Portal Tela Portugal","description":"","potentialAction":[{"@type":"SearchAction","target":{"@type":"EntryPoint","urlTemplate":"https:\/\/portaltela.pt\/?s={search_term_string}"},"query-input":{"@type":"PropertyValueSpecification","valueRequired":true,"valueName":"search_term_string"}}],"inLanguage":"pt-PT"},{"@type":"Person","@id":"https:\/\/portaltela.pt\/#\/schema\/person\/c4278d4a6028830caff9ee44b42d32ed","name":"Telinha","image":{"@type":"ImageObject","inLanguage":"pt-PT","@id":"https:\/\/portaltela.pt\/s.01k8rhncp4jt1\/2025\/11\/talking-bot-125x125.png","url":"https:\/\/portaltela.pt\/s.01k8rhncp4jt1\/2025\/11\/talking-bot-125x125.png","contentUrl":"https:\/\/portaltela.pt\/s.01k8rhncp4jt1\/2025\/11\/talking-bot-125x125.png","caption":"Telinha"},"sameAs":["https:\/\/portaltela.pt\/"],"url":"https:\/\/portaltela.pt\/por\/367410592786\/"}]}},"_links":{"self":[{"href":"https:\/\/portaltela.pt\/api\/wp\/v2\/posts\/419723","targetHints":{"allow":["GET"]}}],"collection":[{"href":"https:\/\/portaltela.pt\/api\/wp\/v2\/posts"}],"about":[{"href":"https:\/\/portaltela.pt\/api\/wp\/v2\/types\/post"}],"author":[{"embeddable":true,"href":"https:\/\/portaltela.pt\/api\/wp\/v2\/users\/2"}],"replies":[{"embeddable":true,"href":"https:\/\/portaltela.pt\/api\/wp\/v2\/comments?post=419723"}],"version-history":[{"count":0,"href":"https:\/\/portaltela.pt\/api\/wp\/v2\/posts\/419723\/revisions"}],"wp:featuredmedia":[{"embeddable":true,"href":"https:\/\/portaltela.pt\/api\/wp\/v2\/media\/419724"}],"wp:attachment":[{"href":"https:\/\/portaltela.pt\/api\/wp\/v2\/media?parent=419723"}],"wp:term":[{"taxonomy":"category","embeddable":true,"href":"https:\/\/portaltela.pt\/api\/wp\/v2\/categories?post=419723"},{"taxonomy":"post_tag","embeddable":true,"href":"https:\/\/portaltela.pt\/api\/wp\/v2\/tags?post=419723"}],"curies":[{"name":"wp","href":"https:\/\/api.w.org\/{rel}","templated":true}]}}