{"id":419712,"date":"2026-03-24T11:55:00","date_gmt":"2026-03-24T14:55:00","guid":{"rendered":"https:\/\/portaltela.pt\/noticias\/2026\/03\/24\/governo-pretende-instalar-mais-12-radares-de-velocidade-media-nas-estradas\/"},"modified":"2026-03-24T11:55:00","modified_gmt":"2026-03-24T14:55:00","slug":"governo-pretende-instalar-mais-12-radares-de-velocidade-media-nas-estradas","status":"publish","type":"post","link":"https:\/\/portaltela.pt\/seguranca\/2026\/03\/24\/governo-pretende-instalar-mais-12-radares-de-velocidade-media-nas-estradas\/","title":{"rendered":"Governo pretende instalar mais 12 radares de velocidade m\u00e9dia nas estradas"},"content":{"rendered":"<p>O Governo anunciou hoje a inten\u00e7\u00e3o de instalar mais 12 radares de controlo de velocidade m\u00e9dia nas estradas portuguesas, at\u00e9 ao final deste ano. A not\u00edcia foi partilhada pelo secret\u00e1rio de Estado da Prote\u00e7\u00e3o Civil, em declara\u00e7\u00f5es feitas hoje.<\/p>\n<p>A medida faz parte de uma estrat\u00e9gia para refor\u00e7ar o uso de intelig\u00eancia artificial na gest\u00e3o de tr\u00e1fego e na preven\u00e7\u00e3o de acidentes, segundo o pr\u00f3prio governante. O objetivo \u00e9 melhorar a monitoriza\u00e7\u00e3o e a resposta a incidentes nas vias.<\/p>\n<p>Ainda n\u00e3o h\u00e1 detalhes adicionais sobre a localiza\u00e7\u00e3o espec\u00edfica dos novos radares nem sobre o cronograma exato de implementa\u00e7\u00e3o. O an\u00fancio enquadra-se em planos j\u00e1 anunciados pelo Governo para melhoria da seguran\u00e7a rodovi\u00e1ria.<\/p>\n","protected":false},"excerpt":{"rendered":"<ul>\n<li>O Governo quer instalar mais 12 radares de controlo de velocidade m\u00e9dia nas estradas portuguesas at\u00e9 ao final do ano.<\/li>\n<li>A medida inclui o refor\u00e7o do uso de intelig\u00eancia artificial na gest\u00e3o do tr\u00e1fego e na preven\u00e7\u00e3o de acidentes.<\/li>\n<li>O an\u00fancio foi feito pelo secret\u00e1rio de Estado da Prote\u00e7\u00e3o Civil.<\/li>\n<li>O conte\u00fado completo da not\u00edcia est\u00e1 dispon\u00edvel apenas para assinantes.<\/li>\n<\/ul>\n","protected":false},"author":2,"featured_media":419716,"comment_status":"closed","ping_status":"closed","sticky":false,"template":"","format":"standard","meta":{"footnotes":""},"categories":[1,6779],"tags":[1692,51,2761,1629,4988,1952],"class_list":["post-419712","post","type-post","status-publish","format-standard","has-post-thumbnail","hentry","category-noticias","category-seguranca","tag-fiscalizacao-de-transito","tag-inteligencia-artificial","tag-seguranca-rodoviaria","tag-transito","tag-transporte-rodoviarios","tag-velocidade-excessiva"],"yoast_head":"<!-- This site is optimized with the Yoast SEO plugin v27.2 - https:\/\/yoast.com\/product\/yoast-seo-wordpress\/ -->\n<title>Governo pretende instalar mais 12 radares de velocidade m\u00e9dia nas estradas - Portal Tela Portugal<\/title>\n<meta name=\"robots\" content=\"index, follow, max-snippet:-1, max-image-preview:large, max-video-preview:-1\" \/>\n<meta property=\"og:locale\" content=\"pt_PT\" \/>\n<meta property=\"og:type\" content=\"article\" \/>\n<meta property=\"og:title\" content=\"Governo pretende instalar mais 12 radares de velocidade m\u00e9dia nas estradas - Portal Tela Portugal\" \/>\n<meta property=\"og:description\" content=\"O Governo quer instalar mais 12 radares de controlo de velocidade m\u00e9dia nas estradas portuguesas at\u00e9 ao final do ano. A medida inclui o refor\u00e7o do uso de intelig\u00eancia artificial na gest\u00e3o do tr\u00e1fego e na preven\u00e7\u00e3o de acidentes. O an\u00fancio foi feito pelo secret\u00e1rio de Estado da Prote\u00e7\u00e3o Civil. O conte\u00fado completo da not\u00edcia est\u00e1 dispon\u00edvel apenas para assinantes.\" \/>\n<meta property=\"og:url\" content=\"https:\/\/portaltela.pt\/noticias\/2026\/03\/24\/governo-pretende-instalar-mais-12-radares-de-velocidade-media-nas-estradas\/\" \/>\n<meta property=\"og:site_name\" content=\"Portal Tela Portugal\" \/>\n<meta property=\"article:published_time\" content=\"2026-03-24T14:55:00+00:00\" \/>\n<meta name=\"author\" content=\"Telinha\" \/>\n<meta name=\"twitter:card\" content=\"summary_large_image\" \/>\n<meta name=\"twitter:label1\" content=\"Escrito por\" \/>\n\t<meta name=\"twitter:data1\" content=\"Telinha\" \/>\n\t<meta name=\"twitter:label2\" content=\"Tempo estimado de leitura\" \/>\n\t<meta name=\"twitter:data2\" content=\"1 minuto\" \/>\n<script type=\"application\/ld+json\" class=\"yoast-schema-graph\">{\"@context\":\"https:\/\/schema.org\",\"@graph\":[{\"@type\":\"Article\",\"@id\":\"https:\/\/portaltela.pt\/noticias\/2026\/03\/24\/governo-pretende-instalar-mais-12-radares-de-velocidade-media-nas-estradas\/#article\",\"isPartOf\":{\"@id\":\"https:\/\/portaltela.pt\/noticias\/2026\/03\/24\/governo-pretende-instalar-mais-12-radares-de-velocidade-media-nas-estradas\/\"},\"author\":{\"name\":\"Telinha\",\"@id\":\"https:\/\/portaltela.pt\/#\/schema\/person\/c4278d4a6028830caff9ee44b42d32ed\"},\"headline\":\"Governo pretende instalar mais 12 radares de velocidade m\u00e9dia nas estradas\",\"datePublished\":\"2026-03-24T14:55:00+00:00\",\"mainEntityOfPage\":{\"@id\":\"https:\/\/portaltela.pt\/noticias\/2026\/03\/24\/governo-pretende-instalar-mais-12-radares-de-velocidade-media-nas-estradas\/\"},\"wordCount\":142,\"image\":{\"@id\":\"https:\/\/portaltela.pt\/noticias\/2026\/03\/24\/governo-pretende-instalar-mais-12-radares-de-velocidade-media-nas-estradas\/#primaryimage\"},\"thumbnailUrl\":\"https:\/\/portaltela.pt\/s.01k8rhncp4jt1\/2026\/03\/CACHE_780X1200_ANALOG_WATERMARKED_37981686_2237313_14042022104120.jpg\",\"keywords\":[\"fiscaliza\u00e7\u00e3o de tr\u00e2nsito\",\"intelig\u00eancia artificial\",\"seguran\u00e7a rodovi\u00e1ria\",\"tr\u00e2nsito\",\"Transporte Rodovi\u00e1rios\",\"velocidade excessiva\"],\"articleSection\":[\"Not\u00edcias\",\"Seguran\u00e7a\"],\"inLanguage\":\"pt-PT\"},{\"@type\":\"WebPage\",\"@id\":\"https:\/\/portaltela.pt\/noticias\/2026\/03\/24\/governo-pretende-instalar-mais-12-radares-de-velocidade-media-nas-estradas\/\",\"url\":\"https:\/\/portaltela.pt\/noticias\/2026\/03\/24\/governo-pretende-instalar-mais-12-radares-de-velocidade-media-nas-estradas\/\",\"name\":\"Governo pretende instalar mais 12 radares de velocidade m\u00e9dia nas estradas - Portal Tela Portugal\",\"isPartOf\":{\"@id\":\"https:\/\/portaltela.pt\/#website\"},\"primaryImageOfPage\":{\"@id\":\"https:\/\/portaltela.pt\/noticias\/2026\/03\/24\/governo-pretende-instalar-mais-12-radares-de-velocidade-media-nas-estradas\/#primaryimage\"},\"image\":{\"@id\":\"https:\/\/portaltela.pt\/noticias\/2026\/03\/24\/governo-pretende-instalar-mais-12-radares-de-velocidade-media-nas-estradas\/#primaryimage\"},\"thumbnailUrl\":\"https:\/\/portaltela.pt\/s.01k8rhncp4jt1\/2026\/03\/CACHE_780X1200_ANALOG_WATERMARKED_37981686_2237313_14042022104120.jpg\",\"datePublished\":\"2026-03-24T14:55:00+00:00\",\"author\":{\"@id\":\"https:\/\/portaltela.pt\/#\/schema\/person\/c4278d4a6028830caff9ee44b42d32ed\"},\"breadcrumb\":{\"@id\":\"https:\/\/portaltela.pt\/noticias\/2026\/03\/24\/governo-pretende-instalar-mais-12-radares-de-velocidade-media-nas-estradas\/#breadcrumb\"},\"inLanguage\":\"pt-PT\",\"potentialAction\":[{\"@type\":\"ReadAction\",\"target\":[\"https:\/\/portaltela.pt\/noticias\/2026\/03\/24\/governo-pretende-instalar-mais-12-radares-de-velocidade-media-nas-estradas\/\"]}]},{\"@type\":\"ImageObject\",\"inLanguage\":\"pt-PT\",\"@id\":\"https:\/\/portaltela.pt\/noticias\/2026\/03\/24\/governo-pretende-instalar-mais-12-radares-de-velocidade-media-nas-estradas\/#primaryimage\",\"url\":\"https:\/\/portaltela.pt\/s.01k8rhncp4jt1\/2026\/03\/CACHE_780X1200_ANALOG_WATERMARKED_37981686_2237313_14042022104120.jpg\",\"contentUrl\":\"https:\/\/portaltela.pt\/s.01k8rhncp4jt1\/2026\/03\/CACHE_780X1200_ANALOG_WATERMARKED_37981686_2237313_14042022104120.jpg\",\"width\":796,\"height\":448,\"caption\":\"Governo quer instalar mais 12 radares de controlo de velocidade m\u00e9dia nas estradas portuguesas\"},{\"@type\":\"BreadcrumbList\",\"@id\":\"https:\/\/portaltela.pt\/noticias\/2026\/03\/24\/governo-pretende-instalar-mais-12-radares-de-velocidade-media-nas-estradas\/#breadcrumb\",\"itemListElement\":[{\"@type\":\"ListItem\",\"position\":1,\"name\":\"In\u00edcio\",\"item\":\"https:\/\/portaltela.pt\/\"},{\"@type\":\"ListItem\",\"position\":2,\"name\":\"Governo pretende instalar mais 12 radares de velocidade m\u00e9dia nas estradas\"}]},{\"@type\":\"WebSite\",\"@id\":\"https:\/\/portaltela.pt\/#website\",\"url\":\"https:\/\/portaltela.pt\/\",\"name\":\"Portal Tela Portugal\",\"description\":\"\",\"potentialAction\":[{\"@type\":\"SearchAction\",\"target\":{\"@type\":\"EntryPoint\",\"urlTemplate\":\"https:\/\/portaltela.pt\/?s={search_term_string}\"},\"query-input\":{\"@type\":\"PropertyValueSpecification\",\"valueRequired\":true,\"valueName\":\"search_term_string\"}}],\"inLanguage\":\"pt-PT\"},{\"@type\":\"Person\",\"@id\":\"https:\/\/portaltela.pt\/#\/schema\/person\/c4278d4a6028830caff9ee44b42d32ed\",\"name\":\"Telinha\",\"image\":{\"@type\":\"ImageObject\",\"inLanguage\":\"pt-PT\",\"@id\":\"https:\/\/portaltela.pt\/s.01k8rhncp4jt1\/2025\/11\/talking-bot-125x125.png\",\"url\":\"https:\/\/portaltela.pt\/s.01k8rhncp4jt1\/2025\/11\/talking-bot-125x125.png\",\"contentUrl\":\"https:\/\/portaltela.pt\/s.01k8rhncp4jt1\/2025\/11\/talking-bot-125x125.png\",\"caption\":\"Telinha\"},\"sameAs\":[\"https:\/\/portaltela.pt\/\"],\"url\":\"https:\/\/portaltela.pt\/por\/367410592786\/\"}]}<\/script>\n<!-- \/ Yoast SEO plugin. -->","yoast_head_json":{"title":"Governo pretende instalar mais 12 radares de velocidade m\u00e9dia nas estradas - Portal Tela Portugal","robots":{"index":"index","follow":"follow","max-snippet":"max-snippet:-1","max-image-preview":"max-image-preview:large","max-video-preview":"max-video-preview:-1"},"og_locale":"pt_PT","og_type":"article","og_title":"Governo pretende instalar mais 12 radares de velocidade m\u00e9dia nas estradas - Portal Tela Portugal","og_description":"O Governo quer instalar mais 12 radares de controlo de velocidade m\u00e9dia nas estradas portuguesas at\u00e9 ao final do ano. A medida inclui o refor\u00e7o do uso de intelig\u00eancia artificial na gest\u00e3o do tr\u00e1fego e na preven\u00e7\u00e3o de acidentes. O an\u00fancio foi feito pelo secret\u00e1rio de Estado da Prote\u00e7\u00e3o Civil. O conte\u00fado completo da not\u00edcia est\u00e1 dispon\u00edvel apenas para assinantes.","og_url":"https:\/\/portaltela.pt\/noticias\/2026\/03\/24\/governo-pretende-instalar-mais-12-radares-de-velocidade-media-nas-estradas\/","og_site_name":"Portal Tela Portugal","article_published_time":"2026-03-24T14:55:00+00:00","author":"Telinha","twitter_card":"summary_large_image","twitter_misc":{"Escrito por":"Telinha","Tempo estimado de leitura":"1 minuto"},"schema":{"@context":"https:\/\/schema.org","@graph":[{"@type":"Article","@id":"https:\/\/portaltela.pt\/noticias\/2026\/03\/24\/governo-pretende-instalar-mais-12-radares-de-velocidade-media-nas-estradas\/#article","isPartOf":{"@id":"https:\/\/portaltela.pt\/noticias\/2026\/03\/24\/governo-pretende-instalar-mais-12-radares-de-velocidade-media-nas-estradas\/"},"author":{"name":"Telinha","@id":"https:\/\/portaltela.pt\/#\/schema\/person\/c4278d4a6028830caff9ee44b42d32ed"},"headline":"Governo pretende instalar mais 12 radares de velocidade m\u00e9dia nas estradas","datePublished":"2026-03-24T14:55:00+00:00","mainEntityOfPage":{"@id":"https:\/\/portaltela.pt\/noticias\/2026\/03\/24\/governo-pretende-instalar-mais-12-radares-de-velocidade-media-nas-estradas\/"},"wordCount":142,"image":{"@id":"https:\/\/portaltela.pt\/noticias\/2026\/03\/24\/governo-pretende-instalar-mais-12-radares-de-velocidade-media-nas-estradas\/#primaryimage"},"thumbnailUrl":"https:\/\/portaltela.pt\/s.01k8rhncp4jt1\/2026\/03\/CACHE_780X1200_ANALOG_WATERMARKED_37981686_2237313_14042022104120.jpg","keywords":["fiscaliza\u00e7\u00e3o de tr\u00e2nsito","intelig\u00eancia artificial","seguran\u00e7a rodovi\u00e1ria","tr\u00e2nsito","Transporte Rodovi\u00e1rios","velocidade excessiva"],"articleSection":["Not\u00edcias","Seguran\u00e7a"],"inLanguage":"pt-PT"},{"@type":"WebPage","@id":"https:\/\/portaltela.pt\/noticias\/2026\/03\/24\/governo-pretende-instalar-mais-12-radares-de-velocidade-media-nas-estradas\/","url":"https:\/\/portaltela.pt\/noticias\/2026\/03\/24\/governo-pretende-instalar-mais-12-radares-de-velocidade-media-nas-estradas\/","name":"Governo pretende instalar mais 12 radares de velocidade m\u00e9dia nas estradas - Portal Tela Portugal","isPartOf":{"@id":"https:\/\/portaltela.pt\/#website"},"primaryImageOfPage":{"@id":"https:\/\/portaltela.pt\/noticias\/2026\/03\/24\/governo-pretende-instalar-mais-12-radares-de-velocidade-media-nas-estradas\/#primaryimage"},"image":{"@id":"https:\/\/portaltela.pt\/noticias\/2026\/03\/24\/governo-pretende-instalar-mais-12-radares-de-velocidade-media-nas-estradas\/#primaryimage"},"thumbnailUrl":"https:\/\/portaltela.pt\/s.01k8rhncp4jt1\/2026\/03\/CACHE_780X1200_ANALOG_WATERMARKED_37981686_2237313_14042022104120.jpg","datePublished":"2026-03-24T14:55:00+00:00","author":{"@id":"https:\/\/portaltela.pt\/#\/schema\/person\/c4278d4a6028830caff9ee44b42d32ed"},"breadcrumb":{"@id":"https:\/\/portaltela.pt\/noticias\/2026\/03\/24\/governo-pretende-instalar-mais-12-radares-de-velocidade-media-nas-estradas\/#breadcrumb"},"inLanguage":"pt-PT","potentialAction":[{"@type":"ReadAction","target":["https:\/\/portaltela.pt\/noticias\/2026\/03\/24\/governo-pretende-instalar-mais-12-radares-de-velocidade-media-nas-estradas\/"]}]},{"@type":"ImageObject","inLanguage":"pt-PT","@id":"https:\/\/portaltela.pt\/noticias\/2026\/03\/24\/governo-pretende-instalar-mais-12-radares-de-velocidade-media-nas-estradas\/#primaryimage","url":"https:\/\/portaltela.pt\/s.01k8rhncp4jt1\/2026\/03\/CACHE_780X1200_ANALOG_WATERMARKED_37981686_2237313_14042022104120.jpg","contentUrl":"https:\/\/portaltela.pt\/s.01k8rhncp4jt1\/2026\/03\/CACHE_780X1200_ANALOG_WATERMARKED_37981686_2237313_14042022104120.jpg","width":796,"height":448,"caption":"Governo quer instalar mais 12 radares de controlo de velocidade m\u00e9dia nas estradas portuguesas"},{"@type":"BreadcrumbList","@id":"https:\/\/portaltela.pt\/noticias\/2026\/03\/24\/governo-pretende-instalar-mais-12-radares-de-velocidade-media-nas-estradas\/#breadcrumb","itemListElement":[{"@type":"ListItem","position":1,"name":"In\u00edcio","item":"https:\/\/portaltela.pt\/"},{"@type":"ListItem","position":2,"name":"Governo pretende instalar mais 12 radares de velocidade m\u00e9dia nas estradas"}]},{"@type":"WebSite","@id":"https:\/\/portaltela.pt\/#website","url":"https:\/\/portaltela.pt\/","name":"Portal Tela Portugal","description":"","potentialAction":[{"@type":"SearchAction","target":{"@type":"EntryPoint","urlTemplate":"https:\/\/portaltela.pt\/?s={search_term_string}"},"query-input":{"@type":"PropertyValueSpecification","valueRequired":true,"valueName":"search_term_string"}}],"inLanguage":"pt-PT"},{"@type":"Person","@id":"https:\/\/portaltela.pt\/#\/schema\/person\/c4278d4a6028830caff9ee44b42d32ed","name":"Telinha","image":{"@type":"ImageObject","inLanguage":"pt-PT","@id":"https:\/\/portaltela.pt\/s.01k8rhncp4jt1\/2025\/11\/talking-bot-125x125.png","url":"https:\/\/portaltela.pt\/s.01k8rhncp4jt1\/2025\/11\/talking-bot-125x125.png","contentUrl":"https:\/\/portaltela.pt\/s.01k8rhncp4jt1\/2025\/11\/talking-bot-125x125.png","caption":"Telinha"},"sameAs":["https:\/\/portaltela.pt\/"],"url":"https:\/\/portaltela.pt\/por\/367410592786\/"}]}},"_links":{"self":[{"href":"https:\/\/portaltela.pt\/api\/wp\/v2\/posts\/419712","targetHints":{"allow":["GET"]}}],"collection":[{"href":"https:\/\/portaltela.pt\/api\/wp\/v2\/posts"}],"about":[{"href":"https:\/\/portaltela.pt\/api\/wp\/v2\/types\/post"}],"author":[{"embeddable":true,"href":"https:\/\/portaltela.pt\/api\/wp\/v2\/users\/2"}],"replies":[{"embeddable":true,"href":"https:\/\/portaltela.pt\/api\/wp\/v2\/comments?post=419712"}],"version-history":[{"count":0,"href":"https:\/\/portaltela.pt\/api\/wp\/v2\/posts\/419712\/revisions"}],"wp:featuredmedia":[{"embeddable":true,"href":"https:\/\/portaltela.pt\/api\/wp\/v2\/media\/419716"}],"wp:attachment":[{"href":"https:\/\/portaltela.pt\/api\/wp\/v2\/media?parent=419712"}],"wp:term":[{"taxonomy":"category","embeddable":true,"href":"https:\/\/portaltela.pt\/api\/wp\/v2\/categories?post=419712"},{"taxonomy":"post_tag","embeddable":true,"href":"https:\/\/portaltela.pt\/api\/wp\/v2\/tags?post=419712"}],"curies":[{"name":"wp","href":"https:\/\/api.w.org\/{rel}","templated":true}]}}