{"id":419704,"date":"2026-03-24T11:49:55","date_gmt":"2026-03-24T14:49:55","guid":{"rendered":"https:\/\/portaltela.pt\/noticias\/2026\/03\/24\/meo-preve-reposicao-total-da-rede-fixa-ate-30-de-abril\/"},"modified":"2026-03-24T11:49:55","modified_gmt":"2026-03-24T14:49:55","slug":"meo-preve-reposicao-total-da-rede-fixa-ate-30-de-abril","status":"publish","type":"post","link":"https:\/\/portaltela.pt\/telecomunicacoes\/2026\/03\/24\/meo-preve-reposicao-total-da-rede-fixa-ate-30-de-abril\/","title":{"rendered":"MEO prev\u00ea reposi\u00e7\u00e3o total da rede fixa at\u00e9 30 de abril"},"content":{"rendered":"<p>A Meo afirma que a reposi\u00e7\u00e3o total da rede fixa afetada pelo mau tempo est\u00e1 prevista at\u00e9 30 de abril. A informa\u00e7\u00e3o foi confirmada \u00e0 Lusa por uma fonte oficial da operadora, com base na situa\u00e7\u00e3o nas zonas atingidas.<\/p>\n<p>Segundo a mesma fonte, a rede m\u00f3vel j\u00e1 est\u00e1 reposta nas suas componentes de cobertura e capacidade. A prioridade tem sido manter o servi\u00e7o m\u00f3vel dispon\u00edvel, mesmo em zonas com mais danos.<\/p>\n<p>A recupera\u00e7\u00e3o da rede fixa \u00e9 descrita como mais complexa. Em muitos locais n\u00e3o se trata apenas de reparar falhas pontuais, mas de reconstruir tro\u00e7os inteiros da infraestrutura.<\/p>\n<h3>Progresso atual e prazo<\/h3>\n<p>No dia 24 de mar\u00e7o, a disponibilidade da rede fixa nas zonas afetadas situa-se em 95,9%. A previs\u00e3o aponta para a reposi\u00e7\u00e3o total at\u00e9 30 de abril, sujeito a condi\u00e7\u00f5es no terreno e a fatores externos.<\/p>\n<p>Durante o per\u00edodo de indisponibilidade, quando necess\u00e1rio, poder\u00e3o ser usadas solu\u00e7\u00f5es transit\u00f3rias para assegurar o servi\u00e7o aos clientes. A imprensa foi informada de que o objetivo \u00e9 manter a maior parte dos servi\u00e7os ativos.<\/p>\n<p>Os cr\u00e9ditos devidos aos clientes pelos per\u00edodos de indisponibilidade continuam a ser emitidos automaticamente. O valor aparece na fatura seguinte ao per\u00edodo afetado, conforme a legisla\u00e7\u00e3o vigente.<\/p>\n<p>A Lusa tentou obter respostas da NOS e da Vodafone sobre o mesmo tema, sem sucesso at\u00e9 ao momento. As informa\u00e7\u00f5es acima s\u00e3o da Meo e visam clarificar o estado da rede.<\/p>\n","protected":false},"excerpt":{"rendered":"<ul>\n<li>A disponibilidade da rede fixa da Meo nas zonas afetadas pelas intemp\u00e9ries \u00e9 de 95,9% \u00e0 data de 24 de mar\u00e7o, com reposi\u00e7\u00e3o completa prevista at\u00e9 30 de abril.<\/li>\n<li>A recupera\u00e7\u00e3o da rede fixa tem sido mais complexa, envolvendo reconstru\u00e7\u00e3o de tro\u00e7os da rede em muitos locais.<\/li>\n<li>A rede m\u00f3vel j\u00e1 est\u00e1 reposta nas componentes de cobertura e capacidade.<\/li>\n<li>At\u00e9 30 de abril podem existir solu\u00e7\u00f5es transit\u00f3rias para manter o servi\u00e7o, dependendo das condi\u00e7\u00f5es no terreno e de fatores externos.<\/li>\n<li>Os clientes afetados recebem cr\u00e9ditos autom\u00e1ticos pelas interrup\u00e7\u00f5es, refletidos na fatura seguinte ao per\u00edodo de indisponibilidade; a Meo mant\u00e9m a comunica\u00e7\u00e3o anterior sobre fatura\u00e7\u00e3o.<\/li>\n<\/ul>\n","protected":false},"author":2,"featured_media":419710,"comment_status":"closed","ping_status":"closed","sticky":false,"template":"","format":"standard","meta":{"footnotes":""},"categories":[6716,7367],"tags":[6115,5215,1615,1014,1221,2171],"class_list":["post-419704","post","type-post","status-publish","format-standard","has-post-thumbnail","hentry","category-tecnologia","category-telecomunicacoes","tag-_economia","tag-catastrofes-naturais","tag-infraestrutura","tag-portugal","tag-servicos-publicos","tag-telecomunicacoes"],"yoast_head":"<!-- This site is optimized with the Yoast SEO plugin v27.2 - https:\/\/yoast.com\/product\/yoast-seo-wordpress\/ -->\n<title>MEO prev\u00ea reposi\u00e7\u00e3o total da rede fixa at\u00e9 30 de abril - Portal Tela Portugal<\/title>\n<meta name=\"robots\" content=\"index, follow, max-snippet:-1, max-image-preview:large, max-video-preview:-1\" \/>\n<meta property=\"og:locale\" content=\"pt_PT\" \/>\n<meta property=\"og:type\" content=\"article\" \/>\n<meta property=\"og:title\" content=\"MEO prev\u00ea reposi\u00e7\u00e3o total da rede fixa at\u00e9 30 de abril - Portal Tela Portugal\" \/>\n<meta property=\"og:description\" content=\"A disponibilidade da rede fixa da Meo nas zonas afetadas pelas intemp\u00e9ries \u00e9 de 95,9% \u00e0 data de 24 de mar\u00e7o, com reposi\u00e7\u00e3o completa prevista at\u00e9 30 de abril. A recupera\u00e7\u00e3o da rede fixa tem sido mais complexa, envolvendo reconstru\u00e7\u00e3o de tro\u00e7os da rede em muitos locais. A rede m\u00f3vel j\u00e1 est\u00e1 reposta nas componentes de cobertura e capacidade. At\u00e9 30 de abril podem existir solu\u00e7\u00f5es transit\u00f3rias para manter o servi\u00e7o, dependendo das condi\u00e7\u00f5es no terreno e de fatores externos. Os clientes afetados recebem cr\u00e9ditos autom\u00e1ticos pelas interrup\u00e7\u00f5es, refletidos na fatura seguinte ao per\u00edodo de indisponibilidade; a Meo mant\u00e9m a comunica\u00e7\u00e3o anterior sobre fatura\u00e7\u00e3o.\" \/>\n<meta property=\"og:url\" content=\"https:\/\/portaltela.pt\/noticias\/2026\/03\/24\/meo-preve-reposicao-total-da-rede-fixa-ate-30-de-abril\/\" \/>\n<meta property=\"og:site_name\" content=\"Portal Tela Portugal\" \/>\n<meta property=\"article:published_time\" content=\"2026-03-24T14:49:55+00:00\" \/>\n<meta name=\"author\" content=\"Telinha\" \/>\n<meta name=\"twitter:card\" content=\"summary_large_image\" \/>\n<meta name=\"twitter:label1\" content=\"Escrito por\" \/>\n\t<meta name=\"twitter:data1\" content=\"Telinha\" \/>\n\t<meta name=\"twitter:label2\" content=\"Tempo estimado de leitura\" \/>\n\t<meta name=\"twitter:data2\" content=\"1 minuto\" \/>\n<script type=\"application\/ld+json\" class=\"yoast-schema-graph\">{\"@context\":\"https:\/\/schema.org\",\"@graph\":[{\"@type\":\"Article\",\"@id\":\"https:\/\/portaltela.pt\/noticias\/2026\/03\/24\/meo-preve-reposicao-total-da-rede-fixa-ate-30-de-abril\/#article\",\"isPartOf\":{\"@id\":\"https:\/\/portaltela.pt\/noticias\/2026\/03\/24\/meo-preve-reposicao-total-da-rede-fixa-ate-30-de-abril\/\"},\"author\":{\"name\":\"Telinha\",\"@id\":\"https:\/\/portaltela.pt\/#\/schema\/person\/c4278d4a6028830caff9ee44b42d32ed\"},\"headline\":\"MEO prev\u00ea reposi\u00e7\u00e3o total da rede fixa at\u00e9 30 de abril\",\"datePublished\":\"2026-03-24T14:49:55+00:00\",\"mainEntityOfPage\":{\"@id\":\"https:\/\/portaltela.pt\/noticias\/2026\/03\/24\/meo-preve-reposicao-total-da-rede-fixa-ate-30-de-abril\/\"},\"wordCount\":263,\"image\":{\"@id\":\"https:\/\/portaltela.pt\/noticias\/2026\/03\/24\/meo-preve-reposicao-total-da-rede-fixa-ate-30-de-abril\/#primaryimage\"},\"thumbnailUrl\":\"https:\/\/portaltela.pt\/s.01k8rhncp4jt1\/2026\/03\/img_1500x1000uu2021-06-04-00-31-47-1046835.jpg\",\"keywords\":[\"_economia\",\"cat\u00e1strofes naturais\",\"infraestrutura\",\"Portugal\",\"servi\u00e7os p\u00fablicos\",\"telecomunica\u00e7\u00f5es\"],\"articleSection\":[\"Tecnologia\",\"Telecomunica\u00e7\u00f5es\"],\"inLanguage\":\"pt-PT\"},{\"@type\":\"WebPage\",\"@id\":\"https:\/\/portaltela.pt\/noticias\/2026\/03\/24\/meo-preve-reposicao-total-da-rede-fixa-ate-30-de-abril\/\",\"url\":\"https:\/\/portaltela.pt\/noticias\/2026\/03\/24\/meo-preve-reposicao-total-da-rede-fixa-ate-30-de-abril\/\",\"name\":\"MEO prev\u00ea reposi\u00e7\u00e3o total da rede fixa at\u00e9 30 de abril - Portal Tela Portugal\",\"isPartOf\":{\"@id\":\"https:\/\/portaltela.pt\/#website\"},\"primaryImageOfPage\":{\"@id\":\"https:\/\/portaltela.pt\/noticias\/2026\/03\/24\/meo-preve-reposicao-total-da-rede-fixa-ate-30-de-abril\/#primaryimage\"},\"image\":{\"@id\":\"https:\/\/portaltela.pt\/noticias\/2026\/03\/24\/meo-preve-reposicao-total-da-rede-fixa-ate-30-de-abril\/#primaryimage\"},\"thumbnailUrl\":\"https:\/\/portaltela.pt\/s.01k8rhncp4jt1\/2026\/03\/img_1500x1000uu2021-06-04-00-31-47-1046835.jpg\",\"datePublished\":\"2026-03-24T14:49:55+00:00\",\"author\":{\"@id\":\"https:\/\/portaltela.pt\/#\/schema\/person\/c4278d4a6028830caff9ee44b42d32ed\"},\"breadcrumb\":{\"@id\":\"https:\/\/portaltela.pt\/noticias\/2026\/03\/24\/meo-preve-reposicao-total-da-rede-fixa-ate-30-de-abril\/#breadcrumb\"},\"inLanguage\":\"pt-PT\",\"potentialAction\":[{\"@type\":\"ReadAction\",\"target\":[\"https:\/\/portaltela.pt\/noticias\/2026\/03\/24\/meo-preve-reposicao-total-da-rede-fixa-ate-30-de-abril\/\"]}]},{\"@type\":\"ImageObject\",\"inLanguage\":\"pt-PT\",\"@id\":\"https:\/\/portaltela.pt\/noticias\/2026\/03\/24\/meo-preve-reposicao-total-da-rede-fixa-ate-30-de-abril\/#primaryimage\",\"url\":\"https:\/\/portaltela.pt\/s.01k8rhncp4jt1\/2026\/03\/img_1500x1000uu2021-06-04-00-31-47-1046835.jpg\",\"contentUrl\":\"https:\/\/portaltela.pt\/s.01k8rhncp4jt1\/2026\/03\/img_1500x1000uu2021-06-04-00-31-47-1046835.jpg\",\"width\":796,\"height\":448,\"caption\":\"Meo diz que reposi\u00e7\u00e3o completa de rede fixa afetada pelo mau tempo est\u00e1 prevista at\u00e9 30 de abril\"},{\"@type\":\"BreadcrumbList\",\"@id\":\"https:\/\/portaltela.pt\/noticias\/2026\/03\/24\/meo-preve-reposicao-total-da-rede-fixa-ate-30-de-abril\/#breadcrumb\",\"itemListElement\":[{\"@type\":\"ListItem\",\"position\":1,\"name\":\"In\u00edcio\",\"item\":\"https:\/\/portaltela.pt\/\"},{\"@type\":\"ListItem\",\"position\":2,\"name\":\"MEO prev\u00ea reposi\u00e7\u00e3o total da rede fixa at\u00e9 30 de abril\"}]},{\"@type\":\"WebSite\",\"@id\":\"https:\/\/portaltela.pt\/#website\",\"url\":\"https:\/\/portaltela.pt\/\",\"name\":\"Portal Tela Portugal\",\"description\":\"\",\"potentialAction\":[{\"@type\":\"SearchAction\",\"target\":{\"@type\":\"EntryPoint\",\"urlTemplate\":\"https:\/\/portaltela.pt\/?s={search_term_string}\"},\"query-input\":{\"@type\":\"PropertyValueSpecification\",\"valueRequired\":true,\"valueName\":\"search_term_string\"}}],\"inLanguage\":\"pt-PT\"},{\"@type\":\"Person\",\"@id\":\"https:\/\/portaltela.pt\/#\/schema\/person\/c4278d4a6028830caff9ee44b42d32ed\",\"name\":\"Telinha\",\"image\":{\"@type\":\"ImageObject\",\"inLanguage\":\"pt-PT\",\"@id\":\"https:\/\/portaltela.pt\/s.01k8rhncp4jt1\/2025\/11\/talking-bot-125x125.png\",\"url\":\"https:\/\/portaltela.pt\/s.01k8rhncp4jt1\/2025\/11\/talking-bot-125x125.png\",\"contentUrl\":\"https:\/\/portaltela.pt\/s.01k8rhncp4jt1\/2025\/11\/talking-bot-125x125.png\",\"caption\":\"Telinha\"},\"sameAs\":[\"https:\/\/portaltela.pt\/\"],\"url\":\"https:\/\/portaltela.pt\/por\/367410592786\/\"}]}<\/script>\n<!-- \/ Yoast SEO plugin. -->","yoast_head_json":{"title":"MEO prev\u00ea reposi\u00e7\u00e3o total da rede fixa at\u00e9 30 de abril - Portal Tela Portugal","robots":{"index":"index","follow":"follow","max-snippet":"max-snippet:-1","max-image-preview":"max-image-preview:large","max-video-preview":"max-video-preview:-1"},"og_locale":"pt_PT","og_type":"article","og_title":"MEO prev\u00ea reposi\u00e7\u00e3o total da rede fixa at\u00e9 30 de abril - Portal Tela Portugal","og_description":"A disponibilidade da rede fixa da Meo nas zonas afetadas pelas intemp\u00e9ries \u00e9 de 95,9% \u00e0 data de 24 de mar\u00e7o, com reposi\u00e7\u00e3o completa prevista at\u00e9 30 de abril. A recupera\u00e7\u00e3o da rede fixa tem sido mais complexa, envolvendo reconstru\u00e7\u00e3o de tro\u00e7os da rede em muitos locais. A rede m\u00f3vel j\u00e1 est\u00e1 reposta nas componentes de cobertura e capacidade. At\u00e9 30 de abril podem existir solu\u00e7\u00f5es transit\u00f3rias para manter o servi\u00e7o, dependendo das condi\u00e7\u00f5es no terreno e de fatores externos. Os clientes afetados recebem cr\u00e9ditos autom\u00e1ticos pelas interrup\u00e7\u00f5es, refletidos na fatura seguinte ao per\u00edodo de indisponibilidade; a Meo mant\u00e9m a comunica\u00e7\u00e3o anterior sobre fatura\u00e7\u00e3o.","og_url":"https:\/\/portaltela.pt\/noticias\/2026\/03\/24\/meo-preve-reposicao-total-da-rede-fixa-ate-30-de-abril\/","og_site_name":"Portal Tela Portugal","article_published_time":"2026-03-24T14:49:55+00:00","author":"Telinha","twitter_card":"summary_large_image","twitter_misc":{"Escrito por":"Telinha","Tempo estimado de leitura":"1 minuto"},"schema":{"@context":"https:\/\/schema.org","@graph":[{"@type":"Article","@id":"https:\/\/portaltela.pt\/noticias\/2026\/03\/24\/meo-preve-reposicao-total-da-rede-fixa-ate-30-de-abril\/#article","isPartOf":{"@id":"https:\/\/portaltela.pt\/noticias\/2026\/03\/24\/meo-preve-reposicao-total-da-rede-fixa-ate-30-de-abril\/"},"author":{"name":"Telinha","@id":"https:\/\/portaltela.pt\/#\/schema\/person\/c4278d4a6028830caff9ee44b42d32ed"},"headline":"MEO prev\u00ea reposi\u00e7\u00e3o total da rede fixa at\u00e9 30 de abril","datePublished":"2026-03-24T14:49:55+00:00","mainEntityOfPage":{"@id":"https:\/\/portaltela.pt\/noticias\/2026\/03\/24\/meo-preve-reposicao-total-da-rede-fixa-ate-30-de-abril\/"},"wordCount":263,"image":{"@id":"https:\/\/portaltela.pt\/noticias\/2026\/03\/24\/meo-preve-reposicao-total-da-rede-fixa-ate-30-de-abril\/#primaryimage"},"thumbnailUrl":"https:\/\/portaltela.pt\/s.01k8rhncp4jt1\/2026\/03\/img_1500x1000uu2021-06-04-00-31-47-1046835.jpg","keywords":["_economia","cat\u00e1strofes naturais","infraestrutura","Portugal","servi\u00e7os p\u00fablicos","telecomunica\u00e7\u00f5es"],"articleSection":["Tecnologia","Telecomunica\u00e7\u00f5es"],"inLanguage":"pt-PT"},{"@type":"WebPage","@id":"https:\/\/portaltela.pt\/noticias\/2026\/03\/24\/meo-preve-reposicao-total-da-rede-fixa-ate-30-de-abril\/","url":"https:\/\/portaltela.pt\/noticias\/2026\/03\/24\/meo-preve-reposicao-total-da-rede-fixa-ate-30-de-abril\/","name":"MEO prev\u00ea reposi\u00e7\u00e3o total da rede fixa at\u00e9 30 de abril - Portal Tela Portugal","isPartOf":{"@id":"https:\/\/portaltela.pt\/#website"},"primaryImageOfPage":{"@id":"https:\/\/portaltela.pt\/noticias\/2026\/03\/24\/meo-preve-reposicao-total-da-rede-fixa-ate-30-de-abril\/#primaryimage"},"image":{"@id":"https:\/\/portaltela.pt\/noticias\/2026\/03\/24\/meo-preve-reposicao-total-da-rede-fixa-ate-30-de-abril\/#primaryimage"},"thumbnailUrl":"https:\/\/portaltela.pt\/s.01k8rhncp4jt1\/2026\/03\/img_1500x1000uu2021-06-04-00-31-47-1046835.jpg","datePublished":"2026-03-24T14:49:55+00:00","author":{"@id":"https:\/\/portaltela.pt\/#\/schema\/person\/c4278d4a6028830caff9ee44b42d32ed"},"breadcrumb":{"@id":"https:\/\/portaltela.pt\/noticias\/2026\/03\/24\/meo-preve-reposicao-total-da-rede-fixa-ate-30-de-abril\/#breadcrumb"},"inLanguage":"pt-PT","potentialAction":[{"@type":"ReadAction","target":["https:\/\/portaltela.pt\/noticias\/2026\/03\/24\/meo-preve-reposicao-total-da-rede-fixa-ate-30-de-abril\/"]}]},{"@type":"ImageObject","inLanguage":"pt-PT","@id":"https:\/\/portaltela.pt\/noticias\/2026\/03\/24\/meo-preve-reposicao-total-da-rede-fixa-ate-30-de-abril\/#primaryimage","url":"https:\/\/portaltela.pt\/s.01k8rhncp4jt1\/2026\/03\/img_1500x1000uu2021-06-04-00-31-47-1046835.jpg","contentUrl":"https:\/\/portaltela.pt\/s.01k8rhncp4jt1\/2026\/03\/img_1500x1000uu2021-06-04-00-31-47-1046835.jpg","width":796,"height":448,"caption":"Meo diz que reposi\u00e7\u00e3o completa de rede fixa afetada pelo mau tempo est\u00e1 prevista at\u00e9 30 de abril"},{"@type":"BreadcrumbList","@id":"https:\/\/portaltela.pt\/noticias\/2026\/03\/24\/meo-preve-reposicao-total-da-rede-fixa-ate-30-de-abril\/#breadcrumb","itemListElement":[{"@type":"ListItem","position":1,"name":"In\u00edcio","item":"https:\/\/portaltela.pt\/"},{"@type":"ListItem","position":2,"name":"MEO prev\u00ea reposi\u00e7\u00e3o total da rede fixa at\u00e9 30 de abril"}]},{"@type":"WebSite","@id":"https:\/\/portaltela.pt\/#website","url":"https:\/\/portaltela.pt\/","name":"Portal Tela Portugal","description":"","potentialAction":[{"@type":"SearchAction","target":{"@type":"EntryPoint","urlTemplate":"https:\/\/portaltela.pt\/?s={search_term_string}"},"query-input":{"@type":"PropertyValueSpecification","valueRequired":true,"valueName":"search_term_string"}}],"inLanguage":"pt-PT"},{"@type":"Person","@id":"https:\/\/portaltela.pt\/#\/schema\/person\/c4278d4a6028830caff9ee44b42d32ed","name":"Telinha","image":{"@type":"ImageObject","inLanguage":"pt-PT","@id":"https:\/\/portaltela.pt\/s.01k8rhncp4jt1\/2025\/11\/talking-bot-125x125.png","url":"https:\/\/portaltela.pt\/s.01k8rhncp4jt1\/2025\/11\/talking-bot-125x125.png","contentUrl":"https:\/\/portaltela.pt\/s.01k8rhncp4jt1\/2025\/11\/talking-bot-125x125.png","caption":"Telinha"},"sameAs":["https:\/\/portaltela.pt\/"],"url":"https:\/\/portaltela.pt\/por\/367410592786\/"}]}},"_links":{"self":[{"href":"https:\/\/portaltela.pt\/api\/wp\/v2\/posts\/419704","targetHints":{"allow":["GET"]}}],"collection":[{"href":"https:\/\/portaltela.pt\/api\/wp\/v2\/posts"}],"about":[{"href":"https:\/\/portaltela.pt\/api\/wp\/v2\/types\/post"}],"author":[{"embeddable":true,"href":"https:\/\/portaltela.pt\/api\/wp\/v2\/users\/2"}],"replies":[{"embeddable":true,"href":"https:\/\/portaltela.pt\/api\/wp\/v2\/comments?post=419704"}],"version-history":[{"count":0,"href":"https:\/\/portaltela.pt\/api\/wp\/v2\/posts\/419704\/revisions"}],"wp:featuredmedia":[{"embeddable":true,"href":"https:\/\/portaltela.pt\/api\/wp\/v2\/media\/419710"}],"wp:attachment":[{"href":"https:\/\/portaltela.pt\/api\/wp\/v2\/media?parent=419704"}],"wp:term":[{"taxonomy":"category","embeddable":true,"href":"https:\/\/portaltela.pt\/api\/wp\/v2\/categories?post=419704"},{"taxonomy":"post_tag","embeddable":true,"href":"https:\/\/portaltela.pt\/api\/wp\/v2\/tags?post=419704"}],"curies":[{"name":"wp","href":"https:\/\/api.w.org\/{rel}","templated":true}]}}