{"id":419670,"date":"2026-03-24T11:05:00","date_gmt":"2026-03-24T14:05:00","guid":{"rendered":"https:\/\/portaltela.pt\/noticias\/2026\/03\/24\/negociacoes-do-pacote-laboral-continuam-precisam-de-mais-tempo\/"},"modified":"2026-03-24T11:05:00","modified_gmt":"2026-03-24T14:05:00","slug":"negociacoes-do-pacote-laboral-continuam-precisam-de-mais-tempo","status":"publish","type":"post","link":"https:\/\/portaltela.pt\/noticias\/economia\/2026\/03\/24\/negociacoes-do-pacote-laboral-continuam-precisam-de-mais-tempo\/","title":{"rendered":"Negocia\u00e7\u00f5es do pacote laboral continuam, precisam de mais tempo"},"content":{"rendered":"<p>As negocia\u00e7\u00f5es sobre o pacote laboral do Governo continuam em Lisboa, ap\u00f3s uma reuni\u00e3o entre as quatro confedera\u00e7\u00f5es patronais, a UGT e a ministra do Trabalho, Ros\u00e1rio Ramalho. O objetivo \u00e9 alcan\u00e7ar um acordo sobre mais de 100 altera\u00e7\u00f5es \u00e0 lei laboral, com as partes a n\u00e3o conclu\u00edrem ainda um consenso.<\/p>\n<p>\u00c0 sa\u00edda do Minist\u00e9rio do Trabalho, dirigentes sociais indicaram que falta tempo para finalizar as negocia\u00e7\u00f5es. A CIP afirmou que precisa de mais tempo para tentar melhorar o ponto de partida do anteprojeto chamado Trabalho XXI. A CCP limitou-se a indicar progressos sem detalhar.<\/p>\n<p>A UGT, \u00fanica central sindical envolvida, recusou comentar pontos espec\u00edficos j\u00e1 discutidos ou bloqueados. M\u00e1rio Mour\u00e3o insistiu que as reuni\u00f5es v\u00e3o continuar e n\u00e3o houve uma conclus\u00e3o nem assinatura iminente.<\/p>\n<p>Ao longo de 2025, o Governo realizou v\u00e1rias reuni\u00f5es t\u00e9cnicas com as confedera\u00e7\u00f5es e a UGT. O objetivo \u00e9 adaptar a legisla\u00e7\u00e3o laboral, mantendo a CGTP afastada, por alegada posi\u00e7\u00e3o desde o in\u00edcio.<\/p>\n<p>Desde a apresenta\u00e7\u00e3o do anteprojeto em 24 de julho de 2025, j\u00e1 decorreram mais de 50 encontros, entre plen\u00e1rios, trilaterais e bilaterais, conforme dados oficiais. A Comiss\u00e3o Permanente de Concerta\u00e7\u00e3o Social realizou apenas tr\u00eas reuni\u00f5es.<\/p>\n<h3>Linhas vermelhas e temas em an\u00e1lise<\/h3>\n<ul>\n<li>Out sourcing<\/li>\n<li>Regresso do banco de horas<\/li>\n<li>Dura\u00e7\u00e3o de contratos<\/li>\n<li>Reintegra\u00e7\u00e3o em despedimento il\u00edcito<\/li>\n<\/ul>\n<p>Estas \u00e1reas permanecem no centro das negocia\u00e7\u00f5es, com a UGT a defender limites claros para cada ponto. As negocia\u00e7\u00f5es devem prosseguir para tentar um acordo que satisfa\u00e7a as partes envolvidas.<\/p>\n","protected":false},"excerpt":{"rendered":"<ul>\n<li>As negocia\u00e7\u00f5es sobre o pacote laboral do Governo v\u00e3o continuar, com menos de um acordo conclu\u00eddo ap\u00f3s a reuni\u00e3o em Lisboa entre quatro confedera\u00e7\u00f5es patronais, a UGT e a ministra do Trabalho, Ros\u00e1rio Ramalho.<\/li>\n<li>Os interlocutores repetiram que \u00e9 preciso mais tempo para chegar a um entendimento sobre as altera\u00e7\u00f5es propostas no anteprojecto \u201cTrabalho XXI\u201d.<\/li>\n<li>A CIP destacou progressos, sem detalhar, e a CCP disse que h\u00e1 avan\u00e7os, mas n\u00e3o chegam para assinar um acordo.<\/li>\n<li>A UGT n\u00e3o revelou pormenores sobre os pontos em debate e garantiu que as reuni\u00f5es continuam, sem comentar a proposta da CIP.<\/li>\n<li>Entre as propostas ainda em discuss\u00e3o permanecem restri\u00e7\u00f5es ao outsourcing, o regresso do banco de horas, a dura\u00e7\u00e3o dos contratos e a reintegra\u00e7\u00e3o em caso de despedimento il\u00edcito, considerados linhas vermelhas para a UGT.<\/li>\n<\/ul>\n","protected":false},"author":2,"featured_media":419676,"comment_status":"closed","ping_status":"closed","sticky":false,"template":"","format":"standard","meta":{"footnotes":""},"categories":[2,6735],"tags":[2431,6331,3897,5463,966,2201],"class_list":["post-419670","post","type-post","status-publish","format-standard","has-post-thumbnail","hentry","category-economia","category-negocios","tag-concertacao-social","tag-condicoes-de-trabalho","tag-negociacoes","tag-outsourcing","tag-sindicatos","tag-trabalho"],"yoast_head":"<!-- This site is optimized with the Yoast SEO plugin v27.2 - https:\/\/yoast.com\/product\/yoast-seo-wordpress\/ -->\n<title>Negocia\u00e7\u00f5es do pacote laboral continuam, precisam de mais tempo - Portal Tela Portugal<\/title>\n<meta name=\"robots\" content=\"index, follow, max-snippet:-1, max-image-preview:large, max-video-preview:-1\" \/>\n<meta property=\"og:locale\" content=\"pt_PT\" \/>\n<meta property=\"og:type\" content=\"article\" \/>\n<meta property=\"og:title\" content=\"Negocia\u00e7\u00f5es do pacote laboral continuam, precisam de mais tempo - Portal Tela Portugal\" \/>\n<meta property=\"og:description\" content=\"As negocia\u00e7\u00f5es sobre o pacote laboral do Governo v\u00e3o continuar, com menos de um acordo conclu\u00eddo ap\u00f3s a reuni\u00e3o em Lisboa entre quatro confedera\u00e7\u00f5es patronais, a UGT e a ministra do Trabalho, Ros\u00e1rio Ramalho. Os interlocutores repetiram que \u00e9 preciso mais tempo para chegar a um entendimento sobre as altera\u00e7\u00f5es propostas no anteprojecto \u201cTrabalho XXI\u201d. A CIP destacou progressos, sem detalhar, e a CCP disse que h\u00e1 avan\u00e7os, mas n\u00e3o chegam para assinar um acordo. A UGT n\u00e3o revelou pormenores sobre os pontos em debate e garantiu que as reuni\u00f5es continuam, sem comentar a proposta da CIP. Entre as propostas ainda em discuss\u00e3o permanecem restri\u00e7\u00f5es ao outsourcing, o regresso do banco de horas, a dura\u00e7\u00e3o dos contratos e a reintegra\u00e7\u00e3o em caso de despedimento il\u00edcito, considerados linhas vermelhas para a UGT.\" \/>\n<meta property=\"og:url\" content=\"https:\/\/portaltela.pt\/noticias\/2026\/03\/24\/negociacoes-do-pacote-laboral-continuam-precisam-de-mais-tempo\/\" \/>\n<meta property=\"og:site_name\" content=\"Portal Tela Portugal\" \/>\n<meta property=\"article:published_time\" content=\"2026-03-24T14:05:00+00:00\" \/>\n<meta name=\"author\" content=\"Telinha\" \/>\n<meta name=\"twitter:card\" content=\"summary_large_image\" \/>\n<meta name=\"twitter:label1\" content=\"Escrito por\" \/>\n\t<meta name=\"twitter:data1\" content=\"Telinha\" \/>\n\t<meta name=\"twitter:label2\" content=\"Tempo estimado de leitura\" \/>\n\t<meta name=\"twitter:data2\" content=\"1 minuto\" \/>\n<script type=\"application\/ld+json\" class=\"yoast-schema-graph\">{\"@context\":\"https:\/\/schema.org\",\"@graph\":[{\"@type\":\"Article\",\"@id\":\"https:\/\/portaltela.pt\/noticias\/2026\/03\/24\/negociacoes-do-pacote-laboral-continuam-precisam-de-mais-tempo\/#article\",\"isPartOf\":{\"@id\":\"https:\/\/portaltela.pt\/noticias\/2026\/03\/24\/negociacoes-do-pacote-laboral-continuam-precisam-de-mais-tempo\/\"},\"author\":{\"name\":\"Telinha\",\"@id\":\"https:\/\/portaltela.pt\/#\/schema\/person\/c4278d4a6028830caff9ee44b42d32ed\"},\"headline\":\"Negocia\u00e7\u00f5es do pacote laboral continuam, precisam de mais tempo\",\"datePublished\":\"2026-03-24T14:05:00+00:00\",\"mainEntityOfPage\":{\"@id\":\"https:\/\/portaltela.pt\/noticias\/2026\/03\/24\/negociacoes-do-pacote-laboral-continuam-precisam-de-mais-tempo\/\"},\"wordCount\":283,\"image\":{\"@id\":\"https:\/\/portaltela.pt\/noticias\/2026\/03\/24\/negociacoes-do-pacote-laboral-continuam-precisam-de-mais-tempo\/#primaryimage\"},\"thumbnailUrl\":\"https:\/\/portaltela.pt\/s.01k8rhncp4jt1\/2026\/03\/2076538.jpg\",\"keywords\":[\"Concerta\u00e7\u00e3o Social\",\"condi\u00e7\u00f5es de trabalho\",\"negocia\u00e7\u00f5es\",\"outsourcing\",\"sindicatos\",\"trabalho\"],\"articleSection\":[\"Economia\",\"Neg\u00f3cios\"],\"inLanguage\":\"pt-PT\"},{\"@type\":\"WebPage\",\"@id\":\"https:\/\/portaltela.pt\/noticias\/2026\/03\/24\/negociacoes-do-pacote-laboral-continuam-precisam-de-mais-tempo\/\",\"url\":\"https:\/\/portaltela.pt\/noticias\/2026\/03\/24\/negociacoes-do-pacote-laboral-continuam-precisam-de-mais-tempo\/\",\"name\":\"Negocia\u00e7\u00f5es do pacote laboral continuam, precisam de mais tempo - Portal Tela Portugal\",\"isPartOf\":{\"@id\":\"https:\/\/portaltela.pt\/#website\"},\"primaryImageOfPage\":{\"@id\":\"https:\/\/portaltela.pt\/noticias\/2026\/03\/24\/negociacoes-do-pacote-laboral-continuam-precisam-de-mais-tempo\/#primaryimage\"},\"image\":{\"@id\":\"https:\/\/portaltela.pt\/noticias\/2026\/03\/24\/negociacoes-do-pacote-laboral-continuam-precisam-de-mais-tempo\/#primaryimage\"},\"thumbnailUrl\":\"https:\/\/portaltela.pt\/s.01k8rhncp4jt1\/2026\/03\/2076538.jpg\",\"datePublished\":\"2026-03-24T14:05:00+00:00\",\"author\":{\"@id\":\"https:\/\/portaltela.pt\/#\/schema\/person\/c4278d4a6028830caff9ee44b42d32ed\"},\"breadcrumb\":{\"@id\":\"https:\/\/portaltela.pt\/noticias\/2026\/03\/24\/negociacoes-do-pacote-laboral-continuam-precisam-de-mais-tempo\/#breadcrumb\"},\"inLanguage\":\"pt-PT\",\"potentialAction\":[{\"@type\":\"ReadAction\",\"target\":[\"https:\/\/portaltela.pt\/noticias\/2026\/03\/24\/negociacoes-do-pacote-laboral-continuam-precisam-de-mais-tempo\/\"]}]},{\"@type\":\"ImageObject\",\"inLanguage\":\"pt-PT\",\"@id\":\"https:\/\/portaltela.pt\/noticias\/2026\/03\/24\/negociacoes-do-pacote-laboral-continuam-precisam-de-mais-tempo\/#primaryimage\",\"url\":\"https:\/\/portaltela.pt\/s.01k8rhncp4jt1\/2026\/03\/2076538.jpg\",\"contentUrl\":\"https:\/\/portaltela.pt\/s.01k8rhncp4jt1\/2026\/03\/2076538.jpg\",\"width\":796,\"height\":448,\"caption\":\"Presidente da CIP, Armindo Monteiro, \u00e0 entrada da reuni\u00e3o da Concerta\u00e7\u00e3o Social de 24 de Julho de 2025, quando o Governo apresentou a proposta aos parceiros\"},{\"@type\":\"BreadcrumbList\",\"@id\":\"https:\/\/portaltela.pt\/noticias\/2026\/03\/24\/negociacoes-do-pacote-laboral-continuam-precisam-de-mais-tempo\/#breadcrumb\",\"itemListElement\":[{\"@type\":\"ListItem\",\"position\":1,\"name\":\"In\u00edcio\",\"item\":\"https:\/\/portaltela.pt\/\"},{\"@type\":\"ListItem\",\"position\":2,\"name\":\"Negocia\u00e7\u00f5es do pacote laboral continuam, precisam de mais tempo\"}]},{\"@type\":\"WebSite\",\"@id\":\"https:\/\/portaltela.pt\/#website\",\"url\":\"https:\/\/portaltela.pt\/\",\"name\":\"Portal Tela Portugal\",\"description\":\"\",\"potentialAction\":[{\"@type\":\"SearchAction\",\"target\":{\"@type\":\"EntryPoint\",\"urlTemplate\":\"https:\/\/portaltela.pt\/?s={search_term_string}\"},\"query-input\":{\"@type\":\"PropertyValueSpecification\",\"valueRequired\":true,\"valueName\":\"search_term_string\"}}],\"inLanguage\":\"pt-PT\"},{\"@type\":\"Person\",\"@id\":\"https:\/\/portaltela.pt\/#\/schema\/person\/c4278d4a6028830caff9ee44b42d32ed\",\"name\":\"Telinha\",\"image\":{\"@type\":\"ImageObject\",\"inLanguage\":\"pt-PT\",\"@id\":\"https:\/\/portaltela.pt\/s.01k8rhncp4jt1\/2025\/11\/talking-bot-125x125.png\",\"url\":\"https:\/\/portaltela.pt\/s.01k8rhncp4jt1\/2025\/11\/talking-bot-125x125.png\",\"contentUrl\":\"https:\/\/portaltela.pt\/s.01k8rhncp4jt1\/2025\/11\/talking-bot-125x125.png\",\"caption\":\"Telinha\"},\"sameAs\":[\"https:\/\/portaltela.pt\/\"],\"url\":\"https:\/\/portaltela.pt\/por\/367410592786\/\"}]}<\/script>\n<!-- \/ Yoast SEO plugin. -->","yoast_head_json":{"title":"Negocia\u00e7\u00f5es do pacote laboral continuam, precisam de mais tempo - Portal Tela Portugal","robots":{"index":"index","follow":"follow","max-snippet":"max-snippet:-1","max-image-preview":"max-image-preview:large","max-video-preview":"max-video-preview:-1"},"og_locale":"pt_PT","og_type":"article","og_title":"Negocia\u00e7\u00f5es do pacote laboral continuam, precisam de mais tempo - Portal Tela Portugal","og_description":"As negocia\u00e7\u00f5es sobre o pacote laboral do Governo v\u00e3o continuar, com menos de um acordo conclu\u00eddo ap\u00f3s a reuni\u00e3o em Lisboa entre quatro confedera\u00e7\u00f5es patronais, a UGT e a ministra do Trabalho, Ros\u00e1rio Ramalho. Os interlocutores repetiram que \u00e9 preciso mais tempo para chegar a um entendimento sobre as altera\u00e7\u00f5es propostas no anteprojecto \u201cTrabalho XXI\u201d. A CIP destacou progressos, sem detalhar, e a CCP disse que h\u00e1 avan\u00e7os, mas n\u00e3o chegam para assinar um acordo. A UGT n\u00e3o revelou pormenores sobre os pontos em debate e garantiu que as reuni\u00f5es continuam, sem comentar a proposta da CIP. Entre as propostas ainda em discuss\u00e3o permanecem restri\u00e7\u00f5es ao outsourcing, o regresso do banco de horas, a dura\u00e7\u00e3o dos contratos e a reintegra\u00e7\u00e3o em caso de despedimento il\u00edcito, considerados linhas vermelhas para a UGT.","og_url":"https:\/\/portaltela.pt\/noticias\/2026\/03\/24\/negociacoes-do-pacote-laboral-continuam-precisam-de-mais-tempo\/","og_site_name":"Portal Tela Portugal","article_published_time":"2026-03-24T14:05:00+00:00","author":"Telinha","twitter_card":"summary_large_image","twitter_misc":{"Escrito por":"Telinha","Tempo estimado de leitura":"1 minuto"},"schema":{"@context":"https:\/\/schema.org","@graph":[{"@type":"Article","@id":"https:\/\/portaltela.pt\/noticias\/2026\/03\/24\/negociacoes-do-pacote-laboral-continuam-precisam-de-mais-tempo\/#article","isPartOf":{"@id":"https:\/\/portaltela.pt\/noticias\/2026\/03\/24\/negociacoes-do-pacote-laboral-continuam-precisam-de-mais-tempo\/"},"author":{"name":"Telinha","@id":"https:\/\/portaltela.pt\/#\/schema\/person\/c4278d4a6028830caff9ee44b42d32ed"},"headline":"Negocia\u00e7\u00f5es do pacote laboral continuam, precisam de mais tempo","datePublished":"2026-03-24T14:05:00+00:00","mainEntityOfPage":{"@id":"https:\/\/portaltela.pt\/noticias\/2026\/03\/24\/negociacoes-do-pacote-laboral-continuam-precisam-de-mais-tempo\/"},"wordCount":283,"image":{"@id":"https:\/\/portaltela.pt\/noticias\/2026\/03\/24\/negociacoes-do-pacote-laboral-continuam-precisam-de-mais-tempo\/#primaryimage"},"thumbnailUrl":"https:\/\/portaltela.pt\/s.01k8rhncp4jt1\/2026\/03\/2076538.jpg","keywords":["Concerta\u00e7\u00e3o Social","condi\u00e7\u00f5es de trabalho","negocia\u00e7\u00f5es","outsourcing","sindicatos","trabalho"],"articleSection":["Economia","Neg\u00f3cios"],"inLanguage":"pt-PT"},{"@type":"WebPage","@id":"https:\/\/portaltela.pt\/noticias\/2026\/03\/24\/negociacoes-do-pacote-laboral-continuam-precisam-de-mais-tempo\/","url":"https:\/\/portaltela.pt\/noticias\/2026\/03\/24\/negociacoes-do-pacote-laboral-continuam-precisam-de-mais-tempo\/","name":"Negocia\u00e7\u00f5es do pacote laboral continuam, precisam de mais tempo - Portal Tela Portugal","isPartOf":{"@id":"https:\/\/portaltela.pt\/#website"},"primaryImageOfPage":{"@id":"https:\/\/portaltela.pt\/noticias\/2026\/03\/24\/negociacoes-do-pacote-laboral-continuam-precisam-de-mais-tempo\/#primaryimage"},"image":{"@id":"https:\/\/portaltela.pt\/noticias\/2026\/03\/24\/negociacoes-do-pacote-laboral-continuam-precisam-de-mais-tempo\/#primaryimage"},"thumbnailUrl":"https:\/\/portaltela.pt\/s.01k8rhncp4jt1\/2026\/03\/2076538.jpg","datePublished":"2026-03-24T14:05:00+00:00","author":{"@id":"https:\/\/portaltela.pt\/#\/schema\/person\/c4278d4a6028830caff9ee44b42d32ed"},"breadcrumb":{"@id":"https:\/\/portaltela.pt\/noticias\/2026\/03\/24\/negociacoes-do-pacote-laboral-continuam-precisam-de-mais-tempo\/#breadcrumb"},"inLanguage":"pt-PT","potentialAction":[{"@type":"ReadAction","target":["https:\/\/portaltela.pt\/noticias\/2026\/03\/24\/negociacoes-do-pacote-laboral-continuam-precisam-de-mais-tempo\/"]}]},{"@type":"ImageObject","inLanguage":"pt-PT","@id":"https:\/\/portaltela.pt\/noticias\/2026\/03\/24\/negociacoes-do-pacote-laboral-continuam-precisam-de-mais-tempo\/#primaryimage","url":"https:\/\/portaltela.pt\/s.01k8rhncp4jt1\/2026\/03\/2076538.jpg","contentUrl":"https:\/\/portaltela.pt\/s.01k8rhncp4jt1\/2026\/03\/2076538.jpg","width":796,"height":448,"caption":"Presidente da CIP, Armindo Monteiro, \u00e0 entrada da reuni\u00e3o da Concerta\u00e7\u00e3o Social de 24 de Julho de 2025, quando o Governo apresentou a proposta aos parceiros"},{"@type":"BreadcrumbList","@id":"https:\/\/portaltela.pt\/noticias\/2026\/03\/24\/negociacoes-do-pacote-laboral-continuam-precisam-de-mais-tempo\/#breadcrumb","itemListElement":[{"@type":"ListItem","position":1,"name":"In\u00edcio","item":"https:\/\/portaltela.pt\/"},{"@type":"ListItem","position":2,"name":"Negocia\u00e7\u00f5es do pacote laboral continuam, precisam de mais tempo"}]},{"@type":"WebSite","@id":"https:\/\/portaltela.pt\/#website","url":"https:\/\/portaltela.pt\/","name":"Portal Tela Portugal","description":"","potentialAction":[{"@type":"SearchAction","target":{"@type":"EntryPoint","urlTemplate":"https:\/\/portaltela.pt\/?s={search_term_string}"},"query-input":{"@type":"PropertyValueSpecification","valueRequired":true,"valueName":"search_term_string"}}],"inLanguage":"pt-PT"},{"@type":"Person","@id":"https:\/\/portaltela.pt\/#\/schema\/person\/c4278d4a6028830caff9ee44b42d32ed","name":"Telinha","image":{"@type":"ImageObject","inLanguage":"pt-PT","@id":"https:\/\/portaltela.pt\/s.01k8rhncp4jt1\/2025\/11\/talking-bot-125x125.png","url":"https:\/\/portaltela.pt\/s.01k8rhncp4jt1\/2025\/11\/talking-bot-125x125.png","contentUrl":"https:\/\/portaltela.pt\/s.01k8rhncp4jt1\/2025\/11\/talking-bot-125x125.png","caption":"Telinha"},"sameAs":["https:\/\/portaltela.pt\/"],"url":"https:\/\/portaltela.pt\/por\/367410592786\/"}]}},"_links":{"self":[{"href":"https:\/\/portaltela.pt\/api\/wp\/v2\/posts\/419670","targetHints":{"allow":["GET"]}}],"collection":[{"href":"https:\/\/portaltela.pt\/api\/wp\/v2\/posts"}],"about":[{"href":"https:\/\/portaltela.pt\/api\/wp\/v2\/types\/post"}],"author":[{"embeddable":true,"href":"https:\/\/portaltela.pt\/api\/wp\/v2\/users\/2"}],"replies":[{"embeddable":true,"href":"https:\/\/portaltela.pt\/api\/wp\/v2\/comments?post=419670"}],"version-history":[{"count":0,"href":"https:\/\/portaltela.pt\/api\/wp\/v2\/posts\/419670\/revisions"}],"wp:featuredmedia":[{"embeddable":true,"href":"https:\/\/portaltela.pt\/api\/wp\/v2\/media\/419676"}],"wp:attachment":[{"href":"https:\/\/portaltela.pt\/api\/wp\/v2\/media?parent=419670"}],"wp:term":[{"taxonomy":"category","embeddable":true,"href":"https:\/\/portaltela.pt\/api\/wp\/v2\/categories?post=419670"},{"taxonomy":"post_tag","embeddable":true,"href":"https:\/\/portaltela.pt\/api\/wp\/v2\/tags?post=419670"}],"curies":[{"name":"wp","href":"https:\/\/api.w.org\/{rel}","templated":true}]}}