{"id":419668,"date":"2026-03-24T09:44:00","date_gmt":"2026-03-24T12:44:00","guid":{"rendered":"https:\/\/portaltela.pt\/noticias\/2026\/03\/24\/dinamarca-realiza-eleicoes-antecipadas-apos-crise-na-gronelandia\/"},"modified":"2026-03-24T09:44:00","modified_gmt":"2026-03-24T12:44:00","slug":"dinamarca-realiza-eleicoes-antecipadas-apos-crise-na-gronelandia","status":"publish","type":"post","link":"https:\/\/portaltela.pt\/noticias\/internacional\/2026\/03\/24\/dinamarca-realiza-eleicoes-antecipadas-apos-crise-na-gronelandia\/","title":{"rendered":"Dinamarca realiza elei\u00e7\u00f5es antecipadas ap\u00f3s crise na Gronel\u00e2ndia"},"content":{"rendered":"<p>O Governo da Dinamarca anunciou a realiza\u00e7\u00e3o de elei\u00e7\u00f5es antecipadas, numa decis\u00e3o tomada ap\u00f3s a crise envolvendo a Gronel\u00e2ndia. A medida visa responder aos desenvolvimentos recentes na ilha aut\u00f4noma, associada ao territ\u00f3rio dinamarqu\u00eas.<\/p>\n<p>Ainda n\u00e3o foram divulgados detalhes oficiais sobre a data exata das elei\u00e7\u00f5es, nem sobre os partidos que participar\u00e3o ou as condi\u00e7\u00f5es que levaram \u00e0 convoca\u00e7\u00e3o. A comunica\u00e7\u00e3o oficial limitou-se a confirmar a realiza\u00e7\u00e3o do escrut\u00ednio antecipado.<\/p>\n<p>A Gronel\u00e2ndia continua a ser o foco da an\u00e1lise pol\u00edtica, com impactos potenciais nas rela\u00e7\u00f5es entre Copenhaga e a administra\u00e7\u00e3o regional. A expectativa \u00e9 de que os pr\u00f3ximos dias tragam informa\u00e7\u00f5es adicionais sobre o calend\u00e1rio eleitoral e os temas que marcar\u00e3o a campanha.<\/p>\n","protected":false},"excerpt":{"rendered":"<ul>\n<li>Dinamarca vai realizar elei\u00e7\u00f5es antecipadas.<\/li>\n<li>A decis\u00e3o decorre da crise envolvendo a Gronel\u00e2ndia.<\/li>\n<li>A medida visa responder aos impactos pol\u00edticos da crise.<\/li>\n<li>O conte\u00fado completo da not\u00edcia est\u00e1 dispon\u00edvel apenas para subscritores.<\/li>\n<\/ul>\n","protected":false},"author":2,"featured_media":419673,"comment_status":"closed","ping_status":"closed","sticky":false,"template":"","format":"standard","meta":{"footnotes":""},"categories":[4,7127],"tags":[2503,68,34,3783,2832,27],"class_list":["post-419668","post","type-post","status-publish","format-standard","has-post-thumbnail","hentry","category-internacional","category-politica-internacional","tag-dinamarca","tag-eleicoes","tag-governo","tag-groenlandia","tag-politica","tag-relacoes-internacionais"],"yoast_head":"<!-- This site is optimized with the Yoast SEO plugin v27.2 - https:\/\/yoast.com\/product\/yoast-seo-wordpress\/ -->\n<title>Dinamarca realiza elei\u00e7\u00f5es antecipadas ap\u00f3s crise na Gronel\u00e2ndia - Portal Tela Portugal<\/title>\n<meta name=\"robots\" content=\"index, follow, max-snippet:-1, max-image-preview:large, max-video-preview:-1\" \/>\n<meta property=\"og:locale\" content=\"pt_PT\" \/>\n<meta property=\"og:type\" content=\"article\" \/>\n<meta property=\"og:title\" content=\"Dinamarca realiza elei\u00e7\u00f5es antecipadas ap\u00f3s crise na Gronel\u00e2ndia - Portal Tela Portugal\" \/>\n<meta property=\"og:description\" content=\"Dinamarca vai realizar elei\u00e7\u00f5es antecipadas. A decis\u00e3o decorre da crise envolvendo a Gronel\u00e2ndia. A medida visa responder aos impactos pol\u00edticos da crise. O conte\u00fado completo da not\u00edcia est\u00e1 dispon\u00edvel apenas para subscritores.\" \/>\n<meta property=\"og:url\" content=\"https:\/\/portaltela.pt\/noticias\/2026\/03\/24\/dinamarca-realiza-eleicoes-antecipadas-apos-crise-na-gronelandia\/\" \/>\n<meta property=\"og:site_name\" content=\"Portal Tela Portugal\" \/>\n<meta property=\"article:published_time\" content=\"2026-03-24T12:44:00+00:00\" \/>\n<meta name=\"author\" content=\"Telinha\" \/>\n<meta name=\"twitter:card\" content=\"summary_large_image\" \/>\n<meta name=\"twitter:label1\" content=\"Escrito por\" \/>\n\t<meta name=\"twitter:data1\" content=\"Telinha\" \/>\n\t<meta name=\"twitter:label2\" content=\"Tempo estimado de leitura\" \/>\n\t<meta name=\"twitter:data2\" content=\"1 minuto\" \/>\n<script type=\"application\/ld+json\" class=\"yoast-schema-graph\">{\"@context\":\"https:\/\/schema.org\",\"@graph\":[{\"@type\":\"Article\",\"@id\":\"https:\/\/portaltela.pt\/noticias\/2026\/03\/24\/dinamarca-realiza-eleicoes-antecipadas-apos-crise-na-gronelandia\/#article\",\"isPartOf\":{\"@id\":\"https:\/\/portaltela.pt\/noticias\/2026\/03\/24\/dinamarca-realiza-eleicoes-antecipadas-apos-crise-na-gronelandia\/\"},\"author\":{\"name\":\"Telinha\",\"@id\":\"https:\/\/portaltela.pt\/#\/schema\/person\/c4278d4a6028830caff9ee44b42d32ed\"},\"headline\":\"Dinamarca realiza elei\u00e7\u00f5es antecipadas ap\u00f3s crise na Gronel\u00e2ndia\",\"datePublished\":\"2026-03-24T12:44:00+00:00\",\"mainEntityOfPage\":{\"@id\":\"https:\/\/portaltela.pt\/noticias\/2026\/03\/24\/dinamarca-realiza-eleicoes-antecipadas-apos-crise-na-gronelandia\/\"},\"wordCount\":146,\"image\":{\"@id\":\"https:\/\/portaltela.pt\/noticias\/2026\/03\/24\/dinamarca-realiza-eleicoes-antecipadas-apos-crise-na-gronelandia\/#primaryimage\"},\"thumbnailUrl\":\"https:\/\/portaltela.pt\/s.01k8rhncp4jt1\/2026\/03\/CACHE_780X1200_ANALOG_WATERMARKED_46814651_2307189045441101.jpg\",\"keywords\":[\"Dinamarca\",\"elei\u00e7\u00f5es\",\"governo\",\"Groenl\u00e2ndia\",\"pol\u00edtica\",\"rela\u00e7\u00f5es internacionais\"],\"articleSection\":[\"Internacional\",\"Pol\u00edtica Internacional\"],\"inLanguage\":\"pt-PT\"},{\"@type\":\"WebPage\",\"@id\":\"https:\/\/portaltela.pt\/noticias\/2026\/03\/24\/dinamarca-realiza-eleicoes-antecipadas-apos-crise-na-gronelandia\/\",\"url\":\"https:\/\/portaltela.pt\/noticias\/2026\/03\/24\/dinamarca-realiza-eleicoes-antecipadas-apos-crise-na-gronelandia\/\",\"name\":\"Dinamarca realiza elei\u00e7\u00f5es antecipadas ap\u00f3s crise na Gronel\u00e2ndia - Portal Tela Portugal\",\"isPartOf\":{\"@id\":\"https:\/\/portaltela.pt\/#website\"},\"primaryImageOfPage\":{\"@id\":\"https:\/\/portaltela.pt\/noticias\/2026\/03\/24\/dinamarca-realiza-eleicoes-antecipadas-apos-crise-na-gronelandia\/#primaryimage\"},\"image\":{\"@id\":\"https:\/\/portaltela.pt\/noticias\/2026\/03\/24\/dinamarca-realiza-eleicoes-antecipadas-apos-crise-na-gronelandia\/#primaryimage\"},\"thumbnailUrl\":\"https:\/\/portaltela.pt\/s.01k8rhncp4jt1\/2026\/03\/CACHE_780X1200_ANALOG_WATERMARKED_46814651_2307189045441101.jpg\",\"datePublished\":\"2026-03-24T12:44:00+00:00\",\"author\":{\"@id\":\"https:\/\/portaltela.pt\/#\/schema\/person\/c4278d4a6028830caff9ee44b42d32ed\"},\"breadcrumb\":{\"@id\":\"https:\/\/portaltela.pt\/noticias\/2026\/03\/24\/dinamarca-realiza-eleicoes-antecipadas-apos-crise-na-gronelandia\/#breadcrumb\"},\"inLanguage\":\"pt-PT\",\"potentialAction\":[{\"@type\":\"ReadAction\",\"target\":[\"https:\/\/portaltela.pt\/noticias\/2026\/03\/24\/dinamarca-realiza-eleicoes-antecipadas-apos-crise-na-gronelandia\/\"]}]},{\"@type\":\"ImageObject\",\"inLanguage\":\"pt-PT\",\"@id\":\"https:\/\/portaltela.pt\/noticias\/2026\/03\/24\/dinamarca-realiza-eleicoes-antecipadas-apos-crise-na-gronelandia\/#primaryimage\",\"url\":\"https:\/\/portaltela.pt\/s.01k8rhncp4jt1\/2026\/03\/CACHE_780X1200_ANALOG_WATERMARKED_46814651_2307189045441101.jpg\",\"contentUrl\":\"https:\/\/portaltela.pt\/s.01k8rhncp4jt1\/2026\/03\/CACHE_780X1200_ANALOG_WATERMARKED_46814651_2307189045441101.jpg\",\"width\":796,\"height\":448,\"caption\":\"Dinamarca realiza elei\u00e7\u00f5es antecipadas ap\u00f3s crise da Gronel\u00e2ndia\"},{\"@type\":\"BreadcrumbList\",\"@id\":\"https:\/\/portaltela.pt\/noticias\/2026\/03\/24\/dinamarca-realiza-eleicoes-antecipadas-apos-crise-na-gronelandia\/#breadcrumb\",\"itemListElement\":[{\"@type\":\"ListItem\",\"position\":1,\"name\":\"In\u00edcio\",\"item\":\"https:\/\/portaltela.pt\/\"},{\"@type\":\"ListItem\",\"position\":2,\"name\":\"Dinamarca realiza elei\u00e7\u00f5es antecipadas ap\u00f3s crise na Gronel\u00e2ndia\"}]},{\"@type\":\"WebSite\",\"@id\":\"https:\/\/portaltela.pt\/#website\",\"url\":\"https:\/\/portaltela.pt\/\",\"name\":\"Portal Tela Portugal\",\"description\":\"\",\"potentialAction\":[{\"@type\":\"SearchAction\",\"target\":{\"@type\":\"EntryPoint\",\"urlTemplate\":\"https:\/\/portaltela.pt\/?s={search_term_string}\"},\"query-input\":{\"@type\":\"PropertyValueSpecification\",\"valueRequired\":true,\"valueName\":\"search_term_string\"}}],\"inLanguage\":\"pt-PT\"},{\"@type\":\"Person\",\"@id\":\"https:\/\/portaltela.pt\/#\/schema\/person\/c4278d4a6028830caff9ee44b42d32ed\",\"name\":\"Telinha\",\"image\":{\"@type\":\"ImageObject\",\"inLanguage\":\"pt-PT\",\"@id\":\"https:\/\/portaltela.pt\/s.01k8rhncp4jt1\/2025\/11\/talking-bot-125x125.png\",\"url\":\"https:\/\/portaltela.pt\/s.01k8rhncp4jt1\/2025\/11\/talking-bot-125x125.png\",\"contentUrl\":\"https:\/\/portaltela.pt\/s.01k8rhncp4jt1\/2025\/11\/talking-bot-125x125.png\",\"caption\":\"Telinha\"},\"sameAs\":[\"https:\/\/portaltela.pt\/\"],\"url\":\"https:\/\/portaltela.pt\/por\/367410592786\/\"}]}<\/script>\n<!-- \/ Yoast SEO plugin. -->","yoast_head_json":{"title":"Dinamarca realiza elei\u00e7\u00f5es antecipadas ap\u00f3s crise na Gronel\u00e2ndia - Portal Tela Portugal","robots":{"index":"index","follow":"follow","max-snippet":"max-snippet:-1","max-image-preview":"max-image-preview:large","max-video-preview":"max-video-preview:-1"},"og_locale":"pt_PT","og_type":"article","og_title":"Dinamarca realiza elei\u00e7\u00f5es antecipadas ap\u00f3s crise na Gronel\u00e2ndia - Portal Tela Portugal","og_description":"Dinamarca vai realizar elei\u00e7\u00f5es antecipadas. A decis\u00e3o decorre da crise envolvendo a Gronel\u00e2ndia. A medida visa responder aos impactos pol\u00edticos da crise. O conte\u00fado completo da not\u00edcia est\u00e1 dispon\u00edvel apenas para subscritores.","og_url":"https:\/\/portaltela.pt\/noticias\/2026\/03\/24\/dinamarca-realiza-eleicoes-antecipadas-apos-crise-na-gronelandia\/","og_site_name":"Portal Tela Portugal","article_published_time":"2026-03-24T12:44:00+00:00","author":"Telinha","twitter_card":"summary_large_image","twitter_misc":{"Escrito por":"Telinha","Tempo estimado de leitura":"1 minuto"},"schema":{"@context":"https:\/\/schema.org","@graph":[{"@type":"Article","@id":"https:\/\/portaltela.pt\/noticias\/2026\/03\/24\/dinamarca-realiza-eleicoes-antecipadas-apos-crise-na-gronelandia\/#article","isPartOf":{"@id":"https:\/\/portaltela.pt\/noticias\/2026\/03\/24\/dinamarca-realiza-eleicoes-antecipadas-apos-crise-na-gronelandia\/"},"author":{"name":"Telinha","@id":"https:\/\/portaltela.pt\/#\/schema\/person\/c4278d4a6028830caff9ee44b42d32ed"},"headline":"Dinamarca realiza elei\u00e7\u00f5es antecipadas ap\u00f3s crise na Gronel\u00e2ndia","datePublished":"2026-03-24T12:44:00+00:00","mainEntityOfPage":{"@id":"https:\/\/portaltela.pt\/noticias\/2026\/03\/24\/dinamarca-realiza-eleicoes-antecipadas-apos-crise-na-gronelandia\/"},"wordCount":146,"image":{"@id":"https:\/\/portaltela.pt\/noticias\/2026\/03\/24\/dinamarca-realiza-eleicoes-antecipadas-apos-crise-na-gronelandia\/#primaryimage"},"thumbnailUrl":"https:\/\/portaltela.pt\/s.01k8rhncp4jt1\/2026\/03\/CACHE_780X1200_ANALOG_WATERMARKED_46814651_2307189045441101.jpg","keywords":["Dinamarca","elei\u00e7\u00f5es","governo","Groenl\u00e2ndia","pol\u00edtica","rela\u00e7\u00f5es internacionais"],"articleSection":["Internacional","Pol\u00edtica Internacional"],"inLanguage":"pt-PT"},{"@type":"WebPage","@id":"https:\/\/portaltela.pt\/noticias\/2026\/03\/24\/dinamarca-realiza-eleicoes-antecipadas-apos-crise-na-gronelandia\/","url":"https:\/\/portaltela.pt\/noticias\/2026\/03\/24\/dinamarca-realiza-eleicoes-antecipadas-apos-crise-na-gronelandia\/","name":"Dinamarca realiza elei\u00e7\u00f5es antecipadas ap\u00f3s crise na Gronel\u00e2ndia - Portal Tela Portugal","isPartOf":{"@id":"https:\/\/portaltela.pt\/#website"},"primaryImageOfPage":{"@id":"https:\/\/portaltela.pt\/noticias\/2026\/03\/24\/dinamarca-realiza-eleicoes-antecipadas-apos-crise-na-gronelandia\/#primaryimage"},"image":{"@id":"https:\/\/portaltela.pt\/noticias\/2026\/03\/24\/dinamarca-realiza-eleicoes-antecipadas-apos-crise-na-gronelandia\/#primaryimage"},"thumbnailUrl":"https:\/\/portaltela.pt\/s.01k8rhncp4jt1\/2026\/03\/CACHE_780X1200_ANALOG_WATERMARKED_46814651_2307189045441101.jpg","datePublished":"2026-03-24T12:44:00+00:00","author":{"@id":"https:\/\/portaltela.pt\/#\/schema\/person\/c4278d4a6028830caff9ee44b42d32ed"},"breadcrumb":{"@id":"https:\/\/portaltela.pt\/noticias\/2026\/03\/24\/dinamarca-realiza-eleicoes-antecipadas-apos-crise-na-gronelandia\/#breadcrumb"},"inLanguage":"pt-PT","potentialAction":[{"@type":"ReadAction","target":["https:\/\/portaltela.pt\/noticias\/2026\/03\/24\/dinamarca-realiza-eleicoes-antecipadas-apos-crise-na-gronelandia\/"]}]},{"@type":"ImageObject","inLanguage":"pt-PT","@id":"https:\/\/portaltela.pt\/noticias\/2026\/03\/24\/dinamarca-realiza-eleicoes-antecipadas-apos-crise-na-gronelandia\/#primaryimage","url":"https:\/\/portaltela.pt\/s.01k8rhncp4jt1\/2026\/03\/CACHE_780X1200_ANALOG_WATERMARKED_46814651_2307189045441101.jpg","contentUrl":"https:\/\/portaltela.pt\/s.01k8rhncp4jt1\/2026\/03\/CACHE_780X1200_ANALOG_WATERMARKED_46814651_2307189045441101.jpg","width":796,"height":448,"caption":"Dinamarca realiza elei\u00e7\u00f5es antecipadas ap\u00f3s crise da Gronel\u00e2ndia"},{"@type":"BreadcrumbList","@id":"https:\/\/portaltela.pt\/noticias\/2026\/03\/24\/dinamarca-realiza-eleicoes-antecipadas-apos-crise-na-gronelandia\/#breadcrumb","itemListElement":[{"@type":"ListItem","position":1,"name":"In\u00edcio","item":"https:\/\/portaltela.pt\/"},{"@type":"ListItem","position":2,"name":"Dinamarca realiza elei\u00e7\u00f5es antecipadas ap\u00f3s crise na Gronel\u00e2ndia"}]},{"@type":"WebSite","@id":"https:\/\/portaltela.pt\/#website","url":"https:\/\/portaltela.pt\/","name":"Portal Tela Portugal","description":"","potentialAction":[{"@type":"SearchAction","target":{"@type":"EntryPoint","urlTemplate":"https:\/\/portaltela.pt\/?s={search_term_string}"},"query-input":{"@type":"PropertyValueSpecification","valueRequired":true,"valueName":"search_term_string"}}],"inLanguage":"pt-PT"},{"@type":"Person","@id":"https:\/\/portaltela.pt\/#\/schema\/person\/c4278d4a6028830caff9ee44b42d32ed","name":"Telinha","image":{"@type":"ImageObject","inLanguage":"pt-PT","@id":"https:\/\/portaltela.pt\/s.01k8rhncp4jt1\/2025\/11\/talking-bot-125x125.png","url":"https:\/\/portaltela.pt\/s.01k8rhncp4jt1\/2025\/11\/talking-bot-125x125.png","contentUrl":"https:\/\/portaltela.pt\/s.01k8rhncp4jt1\/2025\/11\/talking-bot-125x125.png","caption":"Telinha"},"sameAs":["https:\/\/portaltela.pt\/"],"url":"https:\/\/portaltela.pt\/por\/367410592786\/"}]}},"_links":{"self":[{"href":"https:\/\/portaltela.pt\/api\/wp\/v2\/posts\/419668","targetHints":{"allow":["GET"]}}],"collection":[{"href":"https:\/\/portaltela.pt\/api\/wp\/v2\/posts"}],"about":[{"href":"https:\/\/portaltela.pt\/api\/wp\/v2\/types\/post"}],"author":[{"embeddable":true,"href":"https:\/\/portaltela.pt\/api\/wp\/v2\/users\/2"}],"replies":[{"embeddable":true,"href":"https:\/\/portaltela.pt\/api\/wp\/v2\/comments?post=419668"}],"version-history":[{"count":0,"href":"https:\/\/portaltela.pt\/api\/wp\/v2\/posts\/419668\/revisions"}],"wp:featuredmedia":[{"embeddable":true,"href":"https:\/\/portaltela.pt\/api\/wp\/v2\/media\/419673"}],"wp:attachment":[{"href":"https:\/\/portaltela.pt\/api\/wp\/v2\/media?parent=419668"}],"wp:term":[{"taxonomy":"category","embeddable":true,"href":"https:\/\/portaltela.pt\/api\/wp\/v2\/categories?post=419668"},{"taxonomy":"post_tag","embeddable":true,"href":"https:\/\/portaltela.pt\/api\/wp\/v2\/tags?post=419668"}],"curies":[{"name":"wp","href":"https:\/\/api.w.org\/{rel}","templated":true}]}}