{"id":419659,"date":"2026-03-24T11:15:00","date_gmt":"2026-03-24T14:15:00","guid":{"rendered":"https:\/\/portaltela.pt\/noticias\/2026\/03\/24\/festival-de-marionetas-e-formas-animadas-em-lisboa-reune-mais-de-25-projetos\/"},"modified":"2026-03-24T11:15:00","modified_gmt":"2026-03-24T14:15:00","slug":"festival-de-marionetas-e-formas-animadas-em-lisboa-reune-mais-de-25-projetos","status":"publish","type":"post","link":"https:\/\/portaltela.pt\/noticias\/2026\/03\/24\/festival-de-marionetas-e-formas-animadas-em-lisboa-reune-mais-de-25-projetos\/","title":{"rendered":"Festival de Marionetas e Formas Animadas em Lisboa re\u00fane mais de 25 projetos"},"content":{"rendered":"<p>Mais de 25 projetos de companhias e criadores de 12 pa\u00edses est\u00e3o envolvidos na 26.\u00aa edi\u00e7\u00e3o do Festival Internacional de Marionetas e Formas Animadas (FIMFA), que se realiza em Lisboa. A organiza\u00e7\u00e3o confirmou as datas: de 7 a 31 de maio.<\/p>\n<p>O festival re\u00fane companhias nacionais e internacionais, com propostas que combinam marionetas tradicionais, formas animadas e t\u00e9cnicas criativas diversas. A programa\u00e7\u00e3o cobre apresenta\u00e7\u00f5es em salas da cidade e espa\u00e7os ao ar livre.<\/p>\n<p>Entre os participantes est\u00e3o criadores de v\u00e1rias origens, refletindo a diversidade e a internacionaliza\u00e7\u00e3o do evento, que se mant\u00e9m como refer\u00eancia no panorama das artes performativas em Portugal. A edi\u00e7\u00e3o celebra a continuidade da mostra quinquenal dedicada \u00e0s marionetas.<\/p>\n<p>A divulga\u00e7\u00e3o indica ainda que o FIMFA pretende aproximar o p\u00fablico de diferentes linguagens teatrais, desde pe\u00e7as breves a performances de maior dura\u00e7\u00e3o, envolvendo artistas de v\u00e1rias gera\u00e7\u00f5es. Fonte: LUSA.<\/p>\n","protected":false},"excerpt":{"rendered":"<ul>\n<li>A 26.\u00aa edi\u00e7\u00e3o do Festival Internacional de Marionetas e Formas Animadas (FIMFA) realiza-se em Lisboa de 7 a 31 de maio.<\/li>\n<li>Re\u00fane mais de 25 projetos de companhias e criadores oriundos de 12 pa\u00edses.<\/li>\n<li>A organiza\u00e7\u00e3o confirmou a programa\u00e7\u00e3o, com apresenta\u00e7\u00f5es em diversos espa\u00e7os da cidade.<\/li>\n<li>O festival destaca-se pela diversidade de formas animadas e pela participa\u00e7\u00e3o internacional.<\/li>\n<\/ul>\n","protected":false},"author":2,"featured_media":419660,"comment_status":"closed","ping_status":"closed","sticky":false,"template":"","format":"standard","meta":{"footnotes":""},"categories":[7375,1],"tags":[4435,145,3674,81,981,119],"class_list":["post-419659","post","type-post","status-publish","format-standard","has-post-thumbnail","hentry","category-cultura","category-noticias","tag-artes","tag-cultura","tag-festival","tag-internacionais","tag-lisboa","tag-teatro"],"yoast_head":"<!-- This site is optimized with the Yoast SEO plugin v27.2 - https:\/\/yoast.com\/product\/yoast-seo-wordpress\/ -->\n<title>Festival de Marionetas e Formas Animadas em Lisboa re\u00fane mais de 25 projetos - Portal Tela Portugal<\/title>\n<meta name=\"robots\" content=\"index, follow, max-snippet:-1, max-image-preview:large, max-video-preview:-1\" \/>\n<meta property=\"og:locale\" content=\"pt_PT\" \/>\n<meta property=\"og:type\" content=\"article\" \/>\n<meta property=\"og:title\" content=\"Festival de Marionetas e Formas Animadas em Lisboa re\u00fane mais de 25 projetos - Portal Tela Portugal\" \/>\n<meta property=\"og:description\" content=\"A 26.\u00aa edi\u00e7\u00e3o do Festival Internacional de Marionetas e Formas Animadas (FIMFA) realiza-se em Lisboa de 7 a 31 de maio. Re\u00fane mais de 25 projetos de companhias e criadores oriundos de 12 pa\u00edses. A organiza\u00e7\u00e3o confirmou a programa\u00e7\u00e3o, com apresenta\u00e7\u00f5es em diversos espa\u00e7os da cidade. O festival destaca-se pela diversidade de formas animadas e pela participa\u00e7\u00e3o internacional.\" \/>\n<meta property=\"og:url\" content=\"https:\/\/portaltela.pt\/noticias\/2026\/03\/24\/festival-de-marionetas-e-formas-animadas-em-lisboa-reune-mais-de-25-projetos\/\" \/>\n<meta property=\"og:site_name\" content=\"Portal Tela Portugal\" \/>\n<meta property=\"article:published_time\" content=\"2026-03-24T14:15:00+00:00\" \/>\n<meta name=\"author\" content=\"Telinha\" \/>\n<meta name=\"twitter:card\" content=\"summary_large_image\" \/>\n<meta name=\"twitter:label1\" content=\"Escrito por\" \/>\n\t<meta name=\"twitter:data1\" content=\"Telinha\" \/>\n\t<meta name=\"twitter:label2\" content=\"Tempo estimado de leitura\" \/>\n\t<meta name=\"twitter:data2\" content=\"1 minuto\" \/>\n<script type=\"application\/ld+json\" class=\"yoast-schema-graph\">{\"@context\":\"https:\/\/schema.org\",\"@graph\":[{\"@type\":\"Article\",\"@id\":\"https:\/\/portaltela.pt\/noticias\/2026\/03\/24\/festival-de-marionetas-e-formas-animadas-em-lisboa-reune-mais-de-25-projetos\/#article\",\"isPartOf\":{\"@id\":\"https:\/\/portaltela.pt\/noticias\/2026\/03\/24\/festival-de-marionetas-e-formas-animadas-em-lisboa-reune-mais-de-25-projetos\/\"},\"author\":{\"name\":\"Telinha\",\"@id\":\"https:\/\/portaltela.pt\/#\/schema\/person\/c4278d4a6028830caff9ee44b42d32ed\"},\"headline\":\"Festival de Marionetas e Formas Animadas em Lisboa re\u00fane mais de 25 projetos\",\"datePublished\":\"2026-03-24T14:15:00+00:00\",\"mainEntityOfPage\":{\"@id\":\"https:\/\/portaltela.pt\/noticias\/2026\/03\/24\/festival-de-marionetas-e-formas-animadas-em-lisboa-reune-mais-de-25-projetos\/\"},\"wordCount\":171,\"image\":{\"@id\":\"https:\/\/portaltela.pt\/noticias\/2026\/03\/24\/festival-de-marionetas-e-formas-animadas-em-lisboa-reune-mais-de-25-projetos\/#primaryimage\"},\"thumbnailUrl\":\"https:\/\/portaltela.pt\/s.01k8rhncp4jt1\/2026\/03\/CACHE_780X1200_ANALOG_WATERMARKED_16762733_1346216_02042019092156.jpg\",\"keywords\":[\"artes\",\"cultura\",\"festival\",\"internacionais\",\"Lisboa\",\"teatro\"],\"articleSection\":[\"Cultura\",\"Not\u00edcias\"],\"inLanguage\":\"pt-PT\"},{\"@type\":\"WebPage\",\"@id\":\"https:\/\/portaltela.pt\/noticias\/2026\/03\/24\/festival-de-marionetas-e-formas-animadas-em-lisboa-reune-mais-de-25-projetos\/\",\"url\":\"https:\/\/portaltela.pt\/noticias\/2026\/03\/24\/festival-de-marionetas-e-formas-animadas-em-lisboa-reune-mais-de-25-projetos\/\",\"name\":\"Festival de Marionetas e Formas Animadas em Lisboa re\u00fane mais de 25 projetos - Portal Tela Portugal\",\"isPartOf\":{\"@id\":\"https:\/\/portaltela.pt\/#website\"},\"primaryImageOfPage\":{\"@id\":\"https:\/\/portaltela.pt\/noticias\/2026\/03\/24\/festival-de-marionetas-e-formas-animadas-em-lisboa-reune-mais-de-25-projetos\/#primaryimage\"},\"image\":{\"@id\":\"https:\/\/portaltela.pt\/noticias\/2026\/03\/24\/festival-de-marionetas-e-formas-animadas-em-lisboa-reune-mais-de-25-projetos\/#primaryimage\"},\"thumbnailUrl\":\"https:\/\/portaltela.pt\/s.01k8rhncp4jt1\/2026\/03\/CACHE_780X1200_ANALOG_WATERMARKED_16762733_1346216_02042019092156.jpg\",\"datePublished\":\"2026-03-24T14:15:00+00:00\",\"author\":{\"@id\":\"https:\/\/portaltela.pt\/#\/schema\/person\/c4278d4a6028830caff9ee44b42d32ed\"},\"breadcrumb\":{\"@id\":\"https:\/\/portaltela.pt\/noticias\/2026\/03\/24\/festival-de-marionetas-e-formas-animadas-em-lisboa-reune-mais-de-25-projetos\/#breadcrumb\"},\"inLanguage\":\"pt-PT\",\"potentialAction\":[{\"@type\":\"ReadAction\",\"target\":[\"https:\/\/portaltela.pt\/noticias\/2026\/03\/24\/festival-de-marionetas-e-formas-animadas-em-lisboa-reune-mais-de-25-projetos\/\"]}]},{\"@type\":\"ImageObject\",\"inLanguage\":\"pt-PT\",\"@id\":\"https:\/\/portaltela.pt\/noticias\/2026\/03\/24\/festival-de-marionetas-e-formas-animadas-em-lisboa-reune-mais-de-25-projetos\/#primaryimage\",\"url\":\"https:\/\/portaltela.pt\/s.01k8rhncp4jt1\/2026\/03\/CACHE_780X1200_ANALOG_WATERMARKED_16762733_1346216_02042019092156.jpg\",\"contentUrl\":\"https:\/\/portaltela.pt\/s.01k8rhncp4jt1\/2026\/03\/CACHE_780X1200_ANALOG_WATERMARKED_16762733_1346216_02042019092156.jpg\",\"width\":768,\"height\":525,\"caption\":\"Mais de 25 projetos fazem Festival de Marionetas e Formas Animadas em Lisboa\"},{\"@type\":\"BreadcrumbList\",\"@id\":\"https:\/\/portaltela.pt\/noticias\/2026\/03\/24\/festival-de-marionetas-e-formas-animadas-em-lisboa-reune-mais-de-25-projetos\/#breadcrumb\",\"itemListElement\":[{\"@type\":\"ListItem\",\"position\":1,\"name\":\"In\u00edcio\",\"item\":\"https:\/\/portaltela.pt\/\"},{\"@type\":\"ListItem\",\"position\":2,\"name\":\"Festival de Marionetas e Formas Animadas em Lisboa re\u00fane mais de 25 projetos\"}]},{\"@type\":\"WebSite\",\"@id\":\"https:\/\/portaltela.pt\/#website\",\"url\":\"https:\/\/portaltela.pt\/\",\"name\":\"Portal Tela Portugal\",\"description\":\"\",\"potentialAction\":[{\"@type\":\"SearchAction\",\"target\":{\"@type\":\"EntryPoint\",\"urlTemplate\":\"https:\/\/portaltela.pt\/?s={search_term_string}\"},\"query-input\":{\"@type\":\"PropertyValueSpecification\",\"valueRequired\":true,\"valueName\":\"search_term_string\"}}],\"inLanguage\":\"pt-PT\"},{\"@type\":\"Person\",\"@id\":\"https:\/\/portaltela.pt\/#\/schema\/person\/c4278d4a6028830caff9ee44b42d32ed\",\"name\":\"Telinha\",\"image\":{\"@type\":\"ImageObject\",\"inLanguage\":\"pt-PT\",\"@id\":\"https:\/\/portaltela.pt\/s.01k8rhncp4jt1\/2025\/11\/talking-bot-125x125.png\",\"url\":\"https:\/\/portaltela.pt\/s.01k8rhncp4jt1\/2025\/11\/talking-bot-125x125.png\",\"contentUrl\":\"https:\/\/portaltela.pt\/s.01k8rhncp4jt1\/2025\/11\/talking-bot-125x125.png\",\"caption\":\"Telinha\"},\"sameAs\":[\"https:\/\/portaltela.pt\/\"],\"url\":\"https:\/\/portaltela.pt\/por\/367410592786\/\"}]}<\/script>\n<!-- \/ Yoast SEO plugin. -->","yoast_head_json":{"title":"Festival de Marionetas e Formas Animadas em Lisboa re\u00fane mais de 25 projetos - Portal Tela Portugal","robots":{"index":"index","follow":"follow","max-snippet":"max-snippet:-1","max-image-preview":"max-image-preview:large","max-video-preview":"max-video-preview:-1"},"og_locale":"pt_PT","og_type":"article","og_title":"Festival de Marionetas e Formas Animadas em Lisboa re\u00fane mais de 25 projetos - Portal Tela Portugal","og_description":"A 26.\u00aa edi\u00e7\u00e3o do Festival Internacional de Marionetas e Formas Animadas (FIMFA) realiza-se em Lisboa de 7 a 31 de maio. Re\u00fane mais de 25 projetos de companhias e criadores oriundos de 12 pa\u00edses. A organiza\u00e7\u00e3o confirmou a programa\u00e7\u00e3o, com apresenta\u00e7\u00f5es em diversos espa\u00e7os da cidade. O festival destaca-se pela diversidade de formas animadas e pela participa\u00e7\u00e3o internacional.","og_url":"https:\/\/portaltela.pt\/noticias\/2026\/03\/24\/festival-de-marionetas-e-formas-animadas-em-lisboa-reune-mais-de-25-projetos\/","og_site_name":"Portal Tela Portugal","article_published_time":"2026-03-24T14:15:00+00:00","author":"Telinha","twitter_card":"summary_large_image","twitter_misc":{"Escrito por":"Telinha","Tempo estimado de leitura":"1 minuto"},"schema":{"@context":"https:\/\/schema.org","@graph":[{"@type":"Article","@id":"https:\/\/portaltela.pt\/noticias\/2026\/03\/24\/festival-de-marionetas-e-formas-animadas-em-lisboa-reune-mais-de-25-projetos\/#article","isPartOf":{"@id":"https:\/\/portaltela.pt\/noticias\/2026\/03\/24\/festival-de-marionetas-e-formas-animadas-em-lisboa-reune-mais-de-25-projetos\/"},"author":{"name":"Telinha","@id":"https:\/\/portaltela.pt\/#\/schema\/person\/c4278d4a6028830caff9ee44b42d32ed"},"headline":"Festival de Marionetas e Formas Animadas em Lisboa re\u00fane mais de 25 projetos","datePublished":"2026-03-24T14:15:00+00:00","mainEntityOfPage":{"@id":"https:\/\/portaltela.pt\/noticias\/2026\/03\/24\/festival-de-marionetas-e-formas-animadas-em-lisboa-reune-mais-de-25-projetos\/"},"wordCount":171,"image":{"@id":"https:\/\/portaltela.pt\/noticias\/2026\/03\/24\/festival-de-marionetas-e-formas-animadas-em-lisboa-reune-mais-de-25-projetos\/#primaryimage"},"thumbnailUrl":"https:\/\/portaltela.pt\/s.01k8rhncp4jt1\/2026\/03\/CACHE_780X1200_ANALOG_WATERMARKED_16762733_1346216_02042019092156.jpg","keywords":["artes","cultura","festival","internacionais","Lisboa","teatro"],"articleSection":["Cultura","Not\u00edcias"],"inLanguage":"pt-PT"},{"@type":"WebPage","@id":"https:\/\/portaltela.pt\/noticias\/2026\/03\/24\/festival-de-marionetas-e-formas-animadas-em-lisboa-reune-mais-de-25-projetos\/","url":"https:\/\/portaltela.pt\/noticias\/2026\/03\/24\/festival-de-marionetas-e-formas-animadas-em-lisboa-reune-mais-de-25-projetos\/","name":"Festival de Marionetas e Formas Animadas em Lisboa re\u00fane mais de 25 projetos - Portal Tela Portugal","isPartOf":{"@id":"https:\/\/portaltela.pt\/#website"},"primaryImageOfPage":{"@id":"https:\/\/portaltela.pt\/noticias\/2026\/03\/24\/festival-de-marionetas-e-formas-animadas-em-lisboa-reune-mais-de-25-projetos\/#primaryimage"},"image":{"@id":"https:\/\/portaltela.pt\/noticias\/2026\/03\/24\/festival-de-marionetas-e-formas-animadas-em-lisboa-reune-mais-de-25-projetos\/#primaryimage"},"thumbnailUrl":"https:\/\/portaltela.pt\/s.01k8rhncp4jt1\/2026\/03\/CACHE_780X1200_ANALOG_WATERMARKED_16762733_1346216_02042019092156.jpg","datePublished":"2026-03-24T14:15:00+00:00","author":{"@id":"https:\/\/portaltela.pt\/#\/schema\/person\/c4278d4a6028830caff9ee44b42d32ed"},"breadcrumb":{"@id":"https:\/\/portaltela.pt\/noticias\/2026\/03\/24\/festival-de-marionetas-e-formas-animadas-em-lisboa-reune-mais-de-25-projetos\/#breadcrumb"},"inLanguage":"pt-PT","potentialAction":[{"@type":"ReadAction","target":["https:\/\/portaltela.pt\/noticias\/2026\/03\/24\/festival-de-marionetas-e-formas-animadas-em-lisboa-reune-mais-de-25-projetos\/"]}]},{"@type":"ImageObject","inLanguage":"pt-PT","@id":"https:\/\/portaltela.pt\/noticias\/2026\/03\/24\/festival-de-marionetas-e-formas-animadas-em-lisboa-reune-mais-de-25-projetos\/#primaryimage","url":"https:\/\/portaltela.pt\/s.01k8rhncp4jt1\/2026\/03\/CACHE_780X1200_ANALOG_WATERMARKED_16762733_1346216_02042019092156.jpg","contentUrl":"https:\/\/portaltela.pt\/s.01k8rhncp4jt1\/2026\/03\/CACHE_780X1200_ANALOG_WATERMARKED_16762733_1346216_02042019092156.jpg","width":768,"height":525,"caption":"Mais de 25 projetos fazem Festival de Marionetas e Formas Animadas em Lisboa"},{"@type":"BreadcrumbList","@id":"https:\/\/portaltela.pt\/noticias\/2026\/03\/24\/festival-de-marionetas-e-formas-animadas-em-lisboa-reune-mais-de-25-projetos\/#breadcrumb","itemListElement":[{"@type":"ListItem","position":1,"name":"In\u00edcio","item":"https:\/\/portaltela.pt\/"},{"@type":"ListItem","position":2,"name":"Festival de Marionetas e Formas Animadas em Lisboa re\u00fane mais de 25 projetos"}]},{"@type":"WebSite","@id":"https:\/\/portaltela.pt\/#website","url":"https:\/\/portaltela.pt\/","name":"Portal Tela Portugal","description":"","potentialAction":[{"@type":"SearchAction","target":{"@type":"EntryPoint","urlTemplate":"https:\/\/portaltela.pt\/?s={search_term_string}"},"query-input":{"@type":"PropertyValueSpecification","valueRequired":true,"valueName":"search_term_string"}}],"inLanguage":"pt-PT"},{"@type":"Person","@id":"https:\/\/portaltela.pt\/#\/schema\/person\/c4278d4a6028830caff9ee44b42d32ed","name":"Telinha","image":{"@type":"ImageObject","inLanguage":"pt-PT","@id":"https:\/\/portaltela.pt\/s.01k8rhncp4jt1\/2025\/11\/talking-bot-125x125.png","url":"https:\/\/portaltela.pt\/s.01k8rhncp4jt1\/2025\/11\/talking-bot-125x125.png","contentUrl":"https:\/\/portaltela.pt\/s.01k8rhncp4jt1\/2025\/11\/talking-bot-125x125.png","caption":"Telinha"},"sameAs":["https:\/\/portaltela.pt\/"],"url":"https:\/\/portaltela.pt\/por\/367410592786\/"}]}},"_links":{"self":[{"href":"https:\/\/portaltela.pt\/api\/wp\/v2\/posts\/419659","targetHints":{"allow":["GET"]}}],"collection":[{"href":"https:\/\/portaltela.pt\/api\/wp\/v2\/posts"}],"about":[{"href":"https:\/\/portaltela.pt\/api\/wp\/v2\/types\/post"}],"author":[{"embeddable":true,"href":"https:\/\/portaltela.pt\/api\/wp\/v2\/users\/2"}],"replies":[{"embeddable":true,"href":"https:\/\/portaltela.pt\/api\/wp\/v2\/comments?post=419659"}],"version-history":[{"count":0,"href":"https:\/\/portaltela.pt\/api\/wp\/v2\/posts\/419659\/revisions"}],"wp:featuredmedia":[{"embeddable":true,"href":"https:\/\/portaltela.pt\/api\/wp\/v2\/media\/419660"}],"wp:attachment":[{"href":"https:\/\/portaltela.pt\/api\/wp\/v2\/media?parent=419659"}],"wp:term":[{"taxonomy":"category","embeddable":true,"href":"https:\/\/portaltela.pt\/api\/wp\/v2\/categories?post=419659"},{"taxonomy":"post_tag","embeddable":true,"href":"https:\/\/portaltela.pt\/api\/wp\/v2\/tags?post=419659"}],"curies":[{"name":"wp","href":"https:\/\/api.w.org\/{rel}","templated":true}]}}