{"id":419624,"date":"2026-03-24T10:33:52","date_gmt":"2026-03-24T13:33:52","guid":{"rendered":"https:\/\/portaltela.pt\/noticias\/2026\/03\/24\/precos-dos-combustiveis-podem-comprometer-limpeza-de-terrenos\/"},"modified":"2026-03-24T10:33:52","modified_gmt":"2026-03-24T13:33:52","slug":"precos-dos-combustiveis-podem-comprometer-limpeza-de-terrenos","status":"publish","type":"post","link":"https:\/\/portaltela.pt\/noticias\/2026\/03\/24\/precos-dos-combustiveis-podem-comprometer-limpeza-de-terrenos\/","title":{"rendered":"Pre\u00e7os dos combust\u00edveis podem comprometer limpeza de terrenos"},"content":{"rendered":"<p>Produtores florestais alertaram que a escalada dos pre\u00e7os dos combust\u00edveis pode comprometer a limpeza de terrenos e per\u00edmetros de seguran\u00e7a, para evitar a propaga\u00e7\u00e3o de inc\u00eandios. A advert\u00eancia foi feita na ter\u00e7a-feira, em declara\u00e7\u00f5es \u00e0 Lusa.<\/p>\n<p>O presidente da APATA, Armando Pacheco, explicou que o aumento dos custos dos combust\u00edveis se repercute nas opera\u00e7\u00f5es de limpeza de matas e per\u00edmetros urbanos. Os custos de aluguer, maquinaria e produ\u00e7\u00e3o pesam na decis\u00e3o de executar ou n\u00e3o estes trabalhos.<\/p>\n<p>Segundo Pacheco, se os combust\u00edveis continuarem a subir, o rendimento poder\u00e1 diminuir, especialmente no mercado e transporte da madeira, que representa mais de 30% das despesas da silvicultura. A preocupa\u00e7\u00e3o \u00e9 clara: cortes, ro\u00e7os e limpeza podem atrasar-se.<\/p>\n<p>A APATA tem sede em Mogadouro e agrupa cerca de 6 mil associados, com atua\u00e7\u00e3o no Norte e Centro de Portugal e gest\u00e3o de 120 mil hectares de terras agr\u00edcolas e florestais. A associa\u00e7\u00e3o pretende medidas urgentes para mitigar o impacto.<\/p>\n<p>As a\u00e7\u00f5es de limpeza de per\u00edmetros decorrem at\u00e9 31 de maio numa faixa de 50 metros ao redor de habita\u00e7\u00f5es e 100 metros de aglomerados. Em zonas em calamidade, o prazo extende-se at\u00e9 30 de junho, conforme informa\u00e7\u00e3o municipal.<\/p>\n<p>A escalada de mais de 40 c\u00eantimos no pre\u00e7o dos combust\u00edveis \u00e9 apontada como fator decisivo para o atraso destas tarefas. A redu\u00e7\u00e3o de custos \u00e9 apresentada como prioridade para manter a gest\u00e3o de combust\u00edveis nos terrenos.<\/p>\n<h3>Medidas e propostas<\/h3>\n<p>Entre as solu\u00e7\u00f5es defendidas, Armando Pacheco aponta a possibilidade de ajuda no pre\u00e7o por litro de gas\u00f3leo agr\u00edcola, semelhante ao apoio ao gas\u00f3leo rodovi\u00e1rio a certas empresas. O Governo tamb\u00e9m \u00e9 chamado a atuar com urg\u00eancia.<\/p>\n<p>Pacheco argumenta ainda pela revis\u00e3o do IVA de ve\u00edculos e equipamentos que funcionem a gasolina, como motosserras e ro\u00e7adoras, com IVA a 23%, sugerindo exce\u00e7\u00f5es para o setor agr\u00edcola e florestal.<\/p>\n<p>O dirigente tamb\u00e9m mencionou o Fundo Ambiental, que recebe 17 c\u00eantimos por litro de combust\u00edvel, mas considera que o montante atual n\u00e3o beneficia de forma adequada o setor agro-florestal. O objetivo \u00e9 direcionar apoios para reduzir custos.<\/p>\n<p>De acordo com o SGIFR, as coimas por falta de limpeza de espa\u00e7o florestal podem chegar a 5.000 euros para pessoas singulares e 25.000 euros para pessoas coletivas. O organismo recomenda consultar os munic\u00edpios para orienta\u00e7\u00f5es.<\/p>\n","protected":false},"excerpt":{"rendered":"<ul>\n<li>Produtores florestais alertam que a subida dos pre\u00e7os dos combust\u00edveis pode comprometer a limpeza de matas e per\u00edmetros de seguran\u00e7a junto a habita\u00e7\u00f5es e outras estruturas, para evitar propaga\u00e7\u00e3o de chamas em caso de inc\u00eandio.<\/li>\n<li>Armando Pacheco, presidente da APATA, disse que o aumento dos combust\u00edveis se reflecte nos custos de produ\u00e7\u00e3o, incluindo aluguer e maquinaria, o que pode fazer com que algumas limpezas n\u00e3o sejam realizadas.<\/li>\n<li>A APATA tem cerca de seis mil associados e gere 120 mil hectares de \u00e1reas agr\u00edcolas e florestais no Norte e Centro de Portugal.<\/li>\n<li>Os munic\u00edpios informam que as a\u00e7\u00f5es de limpeza de per\u00edmetros decorrem at\u00e9 31 de maio, a 50 metros das habita\u00e7\u00f5es e 100 metros de aglomerados; em concelhos com declara\u00e7\u00e3o de calamidade, o prazo vai at\u00e9 30 de junho.<\/li>\n<li>Entre as solu\u00e7\u00f5es propostas est\u00e3o apoio no pre\u00e7o por litro de gas\u00f3leo agr\u00edcola, revis\u00e3o do IVA para m\u00e1quinas que funcionam a gasolina, e cr\u00edticas ao destino do Fundo Ambiental, que tem 2,2 milh\u00f5es de euros por ano, com coimas por falta de limpeza que podem chegar a 5 mil euros para pessoas singulares e 25 mil euros para pessoas coletivas.<\/li>\n<\/ul>\n","protected":false},"author":2,"featured_media":419627,"comment_status":"closed","ping_status":"closed","sticky":false,"template":"","format":"standard","meta":{"footnotes":""},"categories":[7380,1],"tags":[6115,6201,5508,4729,4576,3985],"class_list":["post-419624","post","type-post","status-publish","format-standard","has-post-thumbnail","hentry","category-clima","category-noticias","tag-_economia","tag-a-floresta","tag-abastecimento-de-combustivel","tag-abastecimento-de-energia","tag-florestal","tag-fundo-ambiental"],"yoast_head":"<!-- This site is optimized with the Yoast SEO plugin v27.2 - https:\/\/yoast.com\/product\/yoast-seo-wordpress\/ -->\n<title>Pre\u00e7os dos combust\u00edveis podem comprometer limpeza de terrenos - Portal Tela Portugal<\/title>\n<meta name=\"robots\" content=\"index, follow, max-snippet:-1, max-image-preview:large, max-video-preview:-1\" \/>\n<meta property=\"og:locale\" content=\"pt_PT\" \/>\n<meta property=\"og:type\" content=\"article\" \/>\n<meta property=\"og:title\" content=\"Pre\u00e7os dos combust\u00edveis podem comprometer limpeza de terrenos - Portal Tela Portugal\" \/>\n<meta property=\"og:description\" content=\"Produtores florestais alertam que a subida dos pre\u00e7os dos combust\u00edveis pode comprometer a limpeza de matas e per\u00edmetros de seguran\u00e7a junto a habita\u00e7\u00f5es e outras estruturas, para evitar propaga\u00e7\u00e3o de chamas em caso de inc\u00eandio. Armando Pacheco, presidente da APATA, disse que o aumento dos combust\u00edveis se reflecte nos custos de produ\u00e7\u00e3o, incluindo aluguer e maquinaria, o que pode fazer com que algumas limpezas n\u00e3o sejam realizadas. A APATA tem cerca de seis mil associados e gere 120 mil hectares de \u00e1reas agr\u00edcolas e florestais no Norte e Centro de Portugal. Os munic\u00edpios informam que as a\u00e7\u00f5es de limpeza de per\u00edmetros decorrem at\u00e9 31 de maio, a 50 metros das habita\u00e7\u00f5es e 100 metros de aglomerados; em concelhos com declara\u00e7\u00e3o de calamidade, o prazo vai at\u00e9 30 de junho. Entre as solu\u00e7\u00f5es propostas est\u00e3o apoio no pre\u00e7o por litro de gas\u00f3leo agr\u00edcola, revis\u00e3o do IVA para m\u00e1quinas que funcionam a gasolina, e cr\u00edticas ao destino do Fundo Ambiental, que tem 2,2 milh\u00f5es de euros por ano, com coimas por falta de limpeza que podem chegar a 5 mil euros para pessoas singulares e 25 mil euros para pessoas coletivas.\" \/>\n<meta property=\"og:url\" content=\"https:\/\/portaltela.pt\/noticias\/2026\/03\/24\/precos-dos-combustiveis-podem-comprometer-limpeza-de-terrenos\/\" \/>\n<meta property=\"og:site_name\" content=\"Portal Tela Portugal\" \/>\n<meta property=\"article:published_time\" content=\"2026-03-24T13:33:52+00:00\" \/>\n<meta name=\"author\" content=\"Telinha\" \/>\n<meta name=\"twitter:card\" content=\"summary_large_image\" \/>\n<meta name=\"twitter:label1\" content=\"Escrito por\" \/>\n\t<meta name=\"twitter:data1\" content=\"Telinha\" \/>\n\t<meta name=\"twitter:label2\" content=\"Tempo estimado de leitura\" \/>\n\t<meta name=\"twitter:data2\" content=\"2 minutos\" \/>\n<script type=\"application\/ld+json\" class=\"yoast-schema-graph\">{\"@context\":\"https:\/\/schema.org\",\"@graph\":[{\"@type\":\"Article\",\"@id\":\"https:\/\/portaltela.pt\/noticias\/2026\/03\/24\/precos-dos-combustiveis-podem-comprometer-limpeza-de-terrenos\/#article\",\"isPartOf\":{\"@id\":\"https:\/\/portaltela.pt\/noticias\/2026\/03\/24\/precos-dos-combustiveis-podem-comprometer-limpeza-de-terrenos\/\"},\"author\":{\"name\":\"Telinha\",\"@id\":\"https:\/\/portaltela.pt\/#\/schema\/person\/c4278d4a6028830caff9ee44b42d32ed\"},\"headline\":\"Pre\u00e7os dos combust\u00edveis podem comprometer limpeza de terrenos\",\"datePublished\":\"2026-03-24T13:33:52+00:00\",\"mainEntityOfPage\":{\"@id\":\"https:\/\/portaltela.pt\/noticias\/2026\/03\/24\/precos-dos-combustiveis-podem-comprometer-limpeza-de-terrenos\/\"},\"wordCount\":419,\"image\":{\"@id\":\"https:\/\/portaltela.pt\/noticias\/2026\/03\/24\/precos-dos-combustiveis-podem-comprometer-limpeza-de-terrenos\/#primaryimage\"},\"thumbnailUrl\":\"https:\/\/portaltela.pt\/s.01k8rhncp4jt1\/2026\/03\/img_1500x1000uu2017-09-04-21-12-00-664698.jpg\",\"keywords\":[\"_economia\",\"a floresta\",\"abastecimento de combust\u00edvel\",\"abastecimento de energia\",\"florestal\",\"Fundo Ambiental\"],\"articleSection\":[\"Clima\",\"Not\u00edcias\"],\"inLanguage\":\"pt-PT\"},{\"@type\":\"WebPage\",\"@id\":\"https:\/\/portaltela.pt\/noticias\/2026\/03\/24\/precos-dos-combustiveis-podem-comprometer-limpeza-de-terrenos\/\",\"url\":\"https:\/\/portaltela.pt\/noticias\/2026\/03\/24\/precos-dos-combustiveis-podem-comprometer-limpeza-de-terrenos\/\",\"name\":\"Pre\u00e7os dos combust\u00edveis podem comprometer limpeza de terrenos - Portal Tela Portugal\",\"isPartOf\":{\"@id\":\"https:\/\/portaltela.pt\/#website\"},\"primaryImageOfPage\":{\"@id\":\"https:\/\/portaltela.pt\/noticias\/2026\/03\/24\/precos-dos-combustiveis-podem-comprometer-limpeza-de-terrenos\/#primaryimage\"},\"image\":{\"@id\":\"https:\/\/portaltela.pt\/noticias\/2026\/03\/24\/precos-dos-combustiveis-podem-comprometer-limpeza-de-terrenos\/#primaryimage\"},\"thumbnailUrl\":\"https:\/\/portaltela.pt\/s.01k8rhncp4jt1\/2026\/03\/img_1500x1000uu2017-09-04-21-12-00-664698.jpg\",\"datePublished\":\"2026-03-24T13:33:52+00:00\",\"author\":{\"@id\":\"https:\/\/portaltela.pt\/#\/schema\/person\/c4278d4a6028830caff9ee44b42d32ed\"},\"breadcrumb\":{\"@id\":\"https:\/\/portaltela.pt\/noticias\/2026\/03\/24\/precos-dos-combustiveis-podem-comprometer-limpeza-de-terrenos\/#breadcrumb\"},\"inLanguage\":\"pt-PT\",\"potentialAction\":[{\"@type\":\"ReadAction\",\"target\":[\"https:\/\/portaltela.pt\/noticias\/2026\/03\/24\/precos-dos-combustiveis-podem-comprometer-limpeza-de-terrenos\/\"]}]},{\"@type\":\"ImageObject\",\"inLanguage\":\"pt-PT\",\"@id\":\"https:\/\/portaltela.pt\/noticias\/2026\/03\/24\/precos-dos-combustiveis-podem-comprometer-limpeza-de-terrenos\/#primaryimage\",\"url\":\"https:\/\/portaltela.pt\/s.01k8rhncp4jt1\/2026\/03\/img_1500x1000uu2017-09-04-21-12-00-664698.jpg\",\"contentUrl\":\"https:\/\/portaltela.pt\/s.01k8rhncp4jt1\/2026\/03\/img_1500x1000uu2017-09-04-21-12-00-664698.jpg\",\"width\":1500,\"height\":1000,\"caption\":\"limpeza de florestas\"},{\"@type\":\"BreadcrumbList\",\"@id\":\"https:\/\/portaltela.pt\/noticias\/2026\/03\/24\/precos-dos-combustiveis-podem-comprometer-limpeza-de-terrenos\/#breadcrumb\",\"itemListElement\":[{\"@type\":\"ListItem\",\"position\":1,\"name\":\"In\u00edcio\",\"item\":\"https:\/\/portaltela.pt\/\"},{\"@type\":\"ListItem\",\"position\":2,\"name\":\"Pre\u00e7os dos combust\u00edveis podem comprometer limpeza de terrenos\"}]},{\"@type\":\"WebSite\",\"@id\":\"https:\/\/portaltela.pt\/#website\",\"url\":\"https:\/\/portaltela.pt\/\",\"name\":\"Portal Tela Portugal\",\"description\":\"\",\"potentialAction\":[{\"@type\":\"SearchAction\",\"target\":{\"@type\":\"EntryPoint\",\"urlTemplate\":\"https:\/\/portaltela.pt\/?s={search_term_string}\"},\"query-input\":{\"@type\":\"PropertyValueSpecification\",\"valueRequired\":true,\"valueName\":\"search_term_string\"}}],\"inLanguage\":\"pt-PT\"},{\"@type\":\"Person\",\"@id\":\"https:\/\/portaltela.pt\/#\/schema\/person\/c4278d4a6028830caff9ee44b42d32ed\",\"name\":\"Telinha\",\"image\":{\"@type\":\"ImageObject\",\"inLanguage\":\"pt-PT\",\"@id\":\"https:\/\/portaltela.pt\/s.01k8rhncp4jt1\/2025\/11\/talking-bot-125x125.png\",\"url\":\"https:\/\/portaltela.pt\/s.01k8rhncp4jt1\/2025\/11\/talking-bot-125x125.png\",\"contentUrl\":\"https:\/\/portaltela.pt\/s.01k8rhncp4jt1\/2025\/11\/talking-bot-125x125.png\",\"caption\":\"Telinha\"},\"sameAs\":[\"https:\/\/portaltela.pt\/\"],\"url\":\"https:\/\/portaltela.pt\/por\/367410592786\/\"}]}<\/script>\n<!-- \/ Yoast SEO plugin. -->","yoast_head_json":{"title":"Pre\u00e7os dos combust\u00edveis podem comprometer limpeza de terrenos - Portal Tela Portugal","robots":{"index":"index","follow":"follow","max-snippet":"max-snippet:-1","max-image-preview":"max-image-preview:large","max-video-preview":"max-video-preview:-1"},"og_locale":"pt_PT","og_type":"article","og_title":"Pre\u00e7os dos combust\u00edveis podem comprometer limpeza de terrenos - Portal Tela Portugal","og_description":"Produtores florestais alertam que a subida dos pre\u00e7os dos combust\u00edveis pode comprometer a limpeza de matas e per\u00edmetros de seguran\u00e7a junto a habita\u00e7\u00f5es e outras estruturas, para evitar propaga\u00e7\u00e3o de chamas em caso de inc\u00eandio. Armando Pacheco, presidente da APATA, disse que o aumento dos combust\u00edveis se reflecte nos custos de produ\u00e7\u00e3o, incluindo aluguer e maquinaria, o que pode fazer com que algumas limpezas n\u00e3o sejam realizadas. A APATA tem cerca de seis mil associados e gere 120 mil hectares de \u00e1reas agr\u00edcolas e florestais no Norte e Centro de Portugal. Os munic\u00edpios informam que as a\u00e7\u00f5es de limpeza de per\u00edmetros decorrem at\u00e9 31 de maio, a 50 metros das habita\u00e7\u00f5es e 100 metros de aglomerados; em concelhos com declara\u00e7\u00e3o de calamidade, o prazo vai at\u00e9 30 de junho. Entre as solu\u00e7\u00f5es propostas est\u00e3o apoio no pre\u00e7o por litro de gas\u00f3leo agr\u00edcola, revis\u00e3o do IVA para m\u00e1quinas que funcionam a gasolina, e cr\u00edticas ao destino do Fundo Ambiental, que tem 2,2 milh\u00f5es de euros por ano, com coimas por falta de limpeza que podem chegar a 5 mil euros para pessoas singulares e 25 mil euros para pessoas coletivas.","og_url":"https:\/\/portaltela.pt\/noticias\/2026\/03\/24\/precos-dos-combustiveis-podem-comprometer-limpeza-de-terrenos\/","og_site_name":"Portal Tela Portugal","article_published_time":"2026-03-24T13:33:52+00:00","author":"Telinha","twitter_card":"summary_large_image","twitter_misc":{"Escrito por":"Telinha","Tempo estimado de leitura":"2 minutos"},"schema":{"@context":"https:\/\/schema.org","@graph":[{"@type":"Article","@id":"https:\/\/portaltela.pt\/noticias\/2026\/03\/24\/precos-dos-combustiveis-podem-comprometer-limpeza-de-terrenos\/#article","isPartOf":{"@id":"https:\/\/portaltela.pt\/noticias\/2026\/03\/24\/precos-dos-combustiveis-podem-comprometer-limpeza-de-terrenos\/"},"author":{"name":"Telinha","@id":"https:\/\/portaltela.pt\/#\/schema\/person\/c4278d4a6028830caff9ee44b42d32ed"},"headline":"Pre\u00e7os dos combust\u00edveis podem comprometer limpeza de terrenos","datePublished":"2026-03-24T13:33:52+00:00","mainEntityOfPage":{"@id":"https:\/\/portaltela.pt\/noticias\/2026\/03\/24\/precos-dos-combustiveis-podem-comprometer-limpeza-de-terrenos\/"},"wordCount":419,"image":{"@id":"https:\/\/portaltela.pt\/noticias\/2026\/03\/24\/precos-dos-combustiveis-podem-comprometer-limpeza-de-terrenos\/#primaryimage"},"thumbnailUrl":"https:\/\/portaltela.pt\/s.01k8rhncp4jt1\/2026\/03\/img_1500x1000uu2017-09-04-21-12-00-664698.jpg","keywords":["_economia","a floresta","abastecimento de combust\u00edvel","abastecimento de energia","florestal","Fundo Ambiental"],"articleSection":["Clima","Not\u00edcias"],"inLanguage":"pt-PT"},{"@type":"WebPage","@id":"https:\/\/portaltela.pt\/noticias\/2026\/03\/24\/precos-dos-combustiveis-podem-comprometer-limpeza-de-terrenos\/","url":"https:\/\/portaltela.pt\/noticias\/2026\/03\/24\/precos-dos-combustiveis-podem-comprometer-limpeza-de-terrenos\/","name":"Pre\u00e7os dos combust\u00edveis podem comprometer limpeza de terrenos - Portal Tela Portugal","isPartOf":{"@id":"https:\/\/portaltela.pt\/#website"},"primaryImageOfPage":{"@id":"https:\/\/portaltela.pt\/noticias\/2026\/03\/24\/precos-dos-combustiveis-podem-comprometer-limpeza-de-terrenos\/#primaryimage"},"image":{"@id":"https:\/\/portaltela.pt\/noticias\/2026\/03\/24\/precos-dos-combustiveis-podem-comprometer-limpeza-de-terrenos\/#primaryimage"},"thumbnailUrl":"https:\/\/portaltela.pt\/s.01k8rhncp4jt1\/2026\/03\/img_1500x1000uu2017-09-04-21-12-00-664698.jpg","datePublished":"2026-03-24T13:33:52+00:00","author":{"@id":"https:\/\/portaltela.pt\/#\/schema\/person\/c4278d4a6028830caff9ee44b42d32ed"},"breadcrumb":{"@id":"https:\/\/portaltela.pt\/noticias\/2026\/03\/24\/precos-dos-combustiveis-podem-comprometer-limpeza-de-terrenos\/#breadcrumb"},"inLanguage":"pt-PT","potentialAction":[{"@type":"ReadAction","target":["https:\/\/portaltela.pt\/noticias\/2026\/03\/24\/precos-dos-combustiveis-podem-comprometer-limpeza-de-terrenos\/"]}]},{"@type":"ImageObject","inLanguage":"pt-PT","@id":"https:\/\/portaltela.pt\/noticias\/2026\/03\/24\/precos-dos-combustiveis-podem-comprometer-limpeza-de-terrenos\/#primaryimage","url":"https:\/\/portaltela.pt\/s.01k8rhncp4jt1\/2026\/03\/img_1500x1000uu2017-09-04-21-12-00-664698.jpg","contentUrl":"https:\/\/portaltela.pt\/s.01k8rhncp4jt1\/2026\/03\/img_1500x1000uu2017-09-04-21-12-00-664698.jpg","width":1500,"height":1000,"caption":"limpeza de florestas"},{"@type":"BreadcrumbList","@id":"https:\/\/portaltela.pt\/noticias\/2026\/03\/24\/precos-dos-combustiveis-podem-comprometer-limpeza-de-terrenos\/#breadcrumb","itemListElement":[{"@type":"ListItem","position":1,"name":"In\u00edcio","item":"https:\/\/portaltela.pt\/"},{"@type":"ListItem","position":2,"name":"Pre\u00e7os dos combust\u00edveis podem comprometer limpeza de terrenos"}]},{"@type":"WebSite","@id":"https:\/\/portaltela.pt\/#website","url":"https:\/\/portaltela.pt\/","name":"Portal Tela Portugal","description":"","potentialAction":[{"@type":"SearchAction","target":{"@type":"EntryPoint","urlTemplate":"https:\/\/portaltela.pt\/?s={search_term_string}"},"query-input":{"@type":"PropertyValueSpecification","valueRequired":true,"valueName":"search_term_string"}}],"inLanguage":"pt-PT"},{"@type":"Person","@id":"https:\/\/portaltela.pt\/#\/schema\/person\/c4278d4a6028830caff9ee44b42d32ed","name":"Telinha","image":{"@type":"ImageObject","inLanguage":"pt-PT","@id":"https:\/\/portaltela.pt\/s.01k8rhncp4jt1\/2025\/11\/talking-bot-125x125.png","url":"https:\/\/portaltela.pt\/s.01k8rhncp4jt1\/2025\/11\/talking-bot-125x125.png","contentUrl":"https:\/\/portaltela.pt\/s.01k8rhncp4jt1\/2025\/11\/talking-bot-125x125.png","caption":"Telinha"},"sameAs":["https:\/\/portaltela.pt\/"],"url":"https:\/\/portaltela.pt\/por\/367410592786\/"}]}},"_links":{"self":[{"href":"https:\/\/portaltela.pt\/api\/wp\/v2\/posts\/419624","targetHints":{"allow":["GET"]}}],"collection":[{"href":"https:\/\/portaltela.pt\/api\/wp\/v2\/posts"}],"about":[{"href":"https:\/\/portaltela.pt\/api\/wp\/v2\/types\/post"}],"author":[{"embeddable":true,"href":"https:\/\/portaltela.pt\/api\/wp\/v2\/users\/2"}],"replies":[{"embeddable":true,"href":"https:\/\/portaltela.pt\/api\/wp\/v2\/comments?post=419624"}],"version-history":[{"count":0,"href":"https:\/\/portaltela.pt\/api\/wp\/v2\/posts\/419624\/revisions"}],"wp:featuredmedia":[{"embeddable":true,"href":"https:\/\/portaltela.pt\/api\/wp\/v2\/media\/419627"}],"wp:attachment":[{"href":"https:\/\/portaltela.pt\/api\/wp\/v2\/media?parent=419624"}],"wp:term":[{"taxonomy":"category","embeddable":true,"href":"https:\/\/portaltela.pt\/api\/wp\/v2\/categories?post=419624"},{"taxonomy":"post_tag","embeddable":true,"href":"https:\/\/portaltela.pt\/api\/wp\/v2\/tags?post=419624"}],"curies":[{"name":"wp","href":"https:\/\/api.w.org\/{rel}","templated":true}]}}