{"id":419590,"date":"2026-03-24T10:29:21","date_gmt":"2026-03-24T13:29:21","guid":{"rendered":"https:\/\/portaltela.pt\/noticias\/2026\/03\/24\/imprensa-francesa-revela-que-observaram-o-joelho-errado-na-lesao-de-mbappe\/"},"modified":"2026-03-24T10:29:21","modified_gmt":"2026-03-24T13:29:21","slug":"imprensa-francesa-revela-que-observaram-o-joelho-errado-na-lesao-de-mbappe","status":"publish","type":"post","link":"https:\/\/portaltela.pt\/desporto\/futebol\/2026\/03\/24\/imprensa-francesa-revela-que-observaram-o-joelho-errado-na-lesao-de-mbappe\/","title":{"rendered":"Imprensa francesa revela que observaram o joelho errado na les\u00e3o de Mbapp\u00e9"},"content":{"rendered":"<p>O estado de forma de Kylian Mbapp\u00e9 \u00e9 tema em Fran\u00e7a ap\u00f3s alega\u00e7\u00e3o de diagn\u00f3stico m\u00e9dico falho. Segundo o comentador Daniel Riolo, da RMC Sport, o departamento m\u00e9dico do Real Madrid ter\u00e1 feito um erro grave ao avaliar a les\u00e3o no joelho do jogador, observando o joelho errado. A informa\u00e7\u00e3o chega num momento em que Mbapp\u00e9 permanece convocado pela sele\u00e7\u00e3o, alegando estar a 100% fisicamente.<\/p>\n<p>Riolo afirma que Mbapp\u00e9 consultou um dos maiores especialistas de joelho em Fran\u00e7a, que ter-se-\u00eda apercebido do mau diagn\u00f3stico feito em Madrid. O comentador acrescenta que a decis\u00e3o do Real Madrid de dispensar a equipa m\u00e9dica no in\u00edcio do ano ficou relacionada com esse caso, entre outras les\u00f5es. O tema gerou expetativas sobre as consequ\u00eancias para a equipa cl\u00ednica e para o clube.<\/p>\n<p>Alegadamente, o diagn\u00f3stico incorreto poderia ter provocado consequ\u00eancias graves para Mbapp\u00e9, que continuou a competir com dores e, segundo as palavras de Riolo, esteve pr\u00f3ximo de lidar com uma situa\u00e7\u00e3o ainda pior. O Real Madrid ter-se-ia visto confrontado com uma crise interna e com uma narrativa que envolve a gest\u00e3o m\u00e9dica do clube.<\/p>\n","protected":false},"excerpt":{"rendered":"<ul>\n<li>O comentador Daniel Riolo, da RMC Sport, afirma que o departamento m\u00e9dico do Real Madrid fez um mau diagn\u00f3stico da les\u00e3o de Mbapp\u00e9, alegando ter examinado o joelho errado.<\/li>\n<li>Riolo diz que o erro permitiu que o jogador continuasse a jogar com dores e acabou por irritar Mbapp\u00e9, que decidiu tratar da situa\u00e7\u00e3o de forma independente.<\/li>\n<li>O Real Madrid dispensou a sua equipa m\u00e9dica no in\u00edcio do ano, alegando um elevado n\u00famero de les\u00f5es.<\/li>\n<li>O comentador sustenta que o diagn\u00f3stico incorreto foi grave e podia ter prejudicado o joelho de Mbapp\u00e9.<\/li>\n<li>Segundo o que circula entre os meios informados, a falha \u00e9 descrita como extremamente grave e levou \u00e0 demiss\u00e3o da equipa m\u00e9dica do clube.<\/li>\n<\/ul>\n","protected":false},"author":2,"featured_media":419595,"comment_status":"closed","ping_status":"closed","sticky":false,"template":"","format":"standard","meta":{"footnotes":""},"categories":[21,24],"tags":[2805,1856,32,2538,3375,2714],"class_list":["post-419590","post","type-post","status-publish","format-standard","has-post-thumbnail","hentry","category-desporto","category-futebol","tag-diagnostico","tag-franca","tag-futebol","tag-lesoes","tag-mbappe","tag-real-madrid"],"yoast_head":"<!-- This site is optimized with the Yoast SEO plugin v27.2 - https:\/\/yoast.com\/product\/yoast-seo-wordpress\/ -->\n<title>Imprensa francesa revela que observaram o joelho errado na les\u00e3o de Mbapp\u00e9 - Portal Tela Portugal<\/title>\n<meta name=\"robots\" content=\"index, follow, max-snippet:-1, max-image-preview:large, max-video-preview:-1\" \/>\n<meta property=\"og:locale\" content=\"pt_PT\" \/>\n<meta property=\"og:type\" content=\"article\" \/>\n<meta property=\"og:title\" content=\"Imprensa francesa revela que observaram o joelho errado na les\u00e3o de Mbapp\u00e9 - Portal Tela Portugal\" \/>\n<meta property=\"og:description\" content=\"O comentador Daniel Riolo, da RMC Sport, afirma que o departamento m\u00e9dico do Real Madrid fez um mau diagn\u00f3stico da les\u00e3o de Mbapp\u00e9, alegando ter examinado o joelho errado. Riolo diz que o erro permitiu que o jogador continuasse a jogar com dores e acabou por irritar Mbapp\u00e9, que decidiu tratar da situa\u00e7\u00e3o de forma independente. O Real Madrid dispensou a sua equipa m\u00e9dica no in\u00edcio do ano, alegando um elevado n\u00famero de les\u00f5es. O comentador sustenta que o diagn\u00f3stico incorreto foi grave e podia ter prejudicado o joelho de Mbapp\u00e9. Segundo o que circula entre os meios informados, a falha \u00e9 descrita como extremamente grave e levou \u00e0 demiss\u00e3o da equipa m\u00e9dica do clube.\" \/>\n<meta property=\"og:url\" content=\"https:\/\/portaltela.pt\/noticias\/2026\/03\/24\/imprensa-francesa-revela-que-observaram-o-joelho-errado-na-lesao-de-mbappe\/\" \/>\n<meta property=\"og:site_name\" content=\"Portal Tela Portugal\" \/>\n<meta property=\"article:published_time\" content=\"2026-03-24T13:29:21+00:00\" \/>\n<meta name=\"author\" content=\"Telinha\" \/>\n<meta name=\"twitter:card\" content=\"summary_large_image\" \/>\n<meta name=\"twitter:label1\" content=\"Escrito por\" \/>\n\t<meta name=\"twitter:data1\" content=\"Telinha\" \/>\n\t<meta name=\"twitter:label2\" content=\"Tempo estimado de leitura\" \/>\n\t<meta name=\"twitter:data2\" content=\"1 minuto\" \/>\n<script type=\"application\/ld+json\" class=\"yoast-schema-graph\">{\"@context\":\"https:\/\/schema.org\",\"@graph\":[{\"@type\":\"Article\",\"@id\":\"https:\/\/portaltela.pt\/noticias\/2026\/03\/24\/imprensa-francesa-revela-que-observaram-o-joelho-errado-na-lesao-de-mbappe\/#article\",\"isPartOf\":{\"@id\":\"https:\/\/portaltela.pt\/noticias\/2026\/03\/24\/imprensa-francesa-revela-que-observaram-o-joelho-errado-na-lesao-de-mbappe\/\"},\"author\":{\"name\":\"Telinha\",\"@id\":\"https:\/\/portaltela.pt\/#\/schema\/person\/c4278d4a6028830caff9ee44b42d32ed\"},\"headline\":\"Imprensa francesa revela que observaram o joelho errado na les\u00e3o de Mbapp\u00e9\",\"datePublished\":\"2026-03-24T13:29:21+00:00\",\"mainEntityOfPage\":{\"@id\":\"https:\/\/portaltela.pt\/noticias\/2026\/03\/24\/imprensa-francesa-revela-que-observaram-o-joelho-errado-na-lesao-de-mbappe\/\"},\"wordCount\":216,\"image\":{\"@id\":\"https:\/\/portaltela.pt\/noticias\/2026\/03\/24\/imprensa-francesa-revela-que-observaram-o-joelho-errado-na-lesao-de-mbappe\/#primaryimage\"},\"thumbnailUrl\":\"https:\/\/portaltela.pt\/s.01k8rhncp4jt1\/2026\/03\/img_920x518uu2026-03-24-13-23-20-2429105.jpg\",\"keywords\":[\"diagn\u00f3stico\",\"Fran\u00e7a\",\"futebol\",\"les\u00f5es\",\"Mbapp\u00e9\",\"Real Madrid\"],\"articleSection\":[\"Desporto\",\"Futebol\"],\"inLanguage\":\"pt-PT\"},{\"@type\":\"WebPage\",\"@id\":\"https:\/\/portaltela.pt\/noticias\/2026\/03\/24\/imprensa-francesa-revela-que-observaram-o-joelho-errado-na-lesao-de-mbappe\/\",\"url\":\"https:\/\/portaltela.pt\/noticias\/2026\/03\/24\/imprensa-francesa-revela-que-observaram-o-joelho-errado-na-lesao-de-mbappe\/\",\"name\":\"Imprensa francesa revela que observaram o joelho errado na les\u00e3o de Mbapp\u00e9 - Portal Tela Portugal\",\"isPartOf\":{\"@id\":\"https:\/\/portaltela.pt\/#website\"},\"primaryImageOfPage\":{\"@id\":\"https:\/\/portaltela.pt\/noticias\/2026\/03\/24\/imprensa-francesa-revela-que-observaram-o-joelho-errado-na-lesao-de-mbappe\/#primaryimage\"},\"image\":{\"@id\":\"https:\/\/portaltela.pt\/noticias\/2026\/03\/24\/imprensa-francesa-revela-que-observaram-o-joelho-errado-na-lesao-de-mbappe\/#primaryimage\"},\"thumbnailUrl\":\"https:\/\/portaltela.pt\/s.01k8rhncp4jt1\/2026\/03\/img_920x518uu2026-03-24-13-23-20-2429105.jpg\",\"datePublished\":\"2026-03-24T13:29:21+00:00\",\"author\":{\"@id\":\"https:\/\/portaltela.pt\/#\/schema\/person\/c4278d4a6028830caff9ee44b42d32ed\"},\"breadcrumb\":{\"@id\":\"https:\/\/portaltela.pt\/noticias\/2026\/03\/24\/imprensa-francesa-revela-que-observaram-o-joelho-errado-na-lesao-de-mbappe\/#breadcrumb\"},\"inLanguage\":\"pt-PT\",\"potentialAction\":[{\"@type\":\"ReadAction\",\"target\":[\"https:\/\/portaltela.pt\/noticias\/2026\/03\/24\/imprensa-francesa-revela-que-observaram-o-joelho-errado-na-lesao-de-mbappe\/\"]}]},{\"@type\":\"ImageObject\",\"inLanguage\":\"pt-PT\",\"@id\":\"https:\/\/portaltela.pt\/noticias\/2026\/03\/24\/imprensa-francesa-revela-que-observaram-o-joelho-errado-na-lesao-de-mbappe\/#primaryimage\",\"url\":\"https:\/\/portaltela.pt\/s.01k8rhncp4jt1\/2026\/03\/img_920x518uu2026-03-24-13-23-20-2429105.jpg\",\"contentUrl\":\"https:\/\/portaltela.pt\/s.01k8rhncp4jt1\/2026\/03\/img_920x518uu2026-03-24-13-23-20-2429105.jpg\",\"width\":796,\"height\":448,\"caption\":\"Mbapp\u00e9 no centro de pol\u00e9mica sobre les\u00e3o\"},{\"@type\":\"BreadcrumbList\",\"@id\":\"https:\/\/portaltela.pt\/noticias\/2026\/03\/24\/imprensa-francesa-revela-que-observaram-o-joelho-errado-na-lesao-de-mbappe\/#breadcrumb\",\"itemListElement\":[{\"@type\":\"ListItem\",\"position\":1,\"name\":\"In\u00edcio\",\"item\":\"https:\/\/portaltela.pt\/\"},{\"@type\":\"ListItem\",\"position\":2,\"name\":\"Imprensa francesa revela que observaram o joelho errado na les\u00e3o de Mbapp\u00e9\"}]},{\"@type\":\"WebSite\",\"@id\":\"https:\/\/portaltela.pt\/#website\",\"url\":\"https:\/\/portaltela.pt\/\",\"name\":\"Portal Tela Portugal\",\"description\":\"\",\"potentialAction\":[{\"@type\":\"SearchAction\",\"target\":{\"@type\":\"EntryPoint\",\"urlTemplate\":\"https:\/\/portaltela.pt\/?s={search_term_string}\"},\"query-input\":{\"@type\":\"PropertyValueSpecification\",\"valueRequired\":true,\"valueName\":\"search_term_string\"}}],\"inLanguage\":\"pt-PT\"},{\"@type\":\"Person\",\"@id\":\"https:\/\/portaltela.pt\/#\/schema\/person\/c4278d4a6028830caff9ee44b42d32ed\",\"name\":\"Telinha\",\"image\":{\"@type\":\"ImageObject\",\"inLanguage\":\"pt-PT\",\"@id\":\"https:\/\/portaltela.pt\/s.01k8rhncp4jt1\/2025\/11\/talking-bot-125x125.png\",\"url\":\"https:\/\/portaltela.pt\/s.01k8rhncp4jt1\/2025\/11\/talking-bot-125x125.png\",\"contentUrl\":\"https:\/\/portaltela.pt\/s.01k8rhncp4jt1\/2025\/11\/talking-bot-125x125.png\",\"caption\":\"Telinha\"},\"sameAs\":[\"https:\/\/portaltela.pt\/\"],\"url\":\"https:\/\/portaltela.pt\/por\/367410592786\/\"}]}<\/script>\n<!-- \/ Yoast SEO plugin. -->","yoast_head_json":{"title":"Imprensa francesa revela que observaram o joelho errado na les\u00e3o de Mbapp\u00e9 - Portal Tela Portugal","robots":{"index":"index","follow":"follow","max-snippet":"max-snippet:-1","max-image-preview":"max-image-preview:large","max-video-preview":"max-video-preview:-1"},"og_locale":"pt_PT","og_type":"article","og_title":"Imprensa francesa revela que observaram o joelho errado na les\u00e3o de Mbapp\u00e9 - Portal Tela Portugal","og_description":"O comentador Daniel Riolo, da RMC Sport, afirma que o departamento m\u00e9dico do Real Madrid fez um mau diagn\u00f3stico da les\u00e3o de Mbapp\u00e9, alegando ter examinado o joelho errado. Riolo diz que o erro permitiu que o jogador continuasse a jogar com dores e acabou por irritar Mbapp\u00e9, que decidiu tratar da situa\u00e7\u00e3o de forma independente. O Real Madrid dispensou a sua equipa m\u00e9dica no in\u00edcio do ano, alegando um elevado n\u00famero de les\u00f5es. O comentador sustenta que o diagn\u00f3stico incorreto foi grave e podia ter prejudicado o joelho de Mbapp\u00e9. Segundo o que circula entre os meios informados, a falha \u00e9 descrita como extremamente grave e levou \u00e0 demiss\u00e3o da equipa m\u00e9dica do clube.","og_url":"https:\/\/portaltela.pt\/noticias\/2026\/03\/24\/imprensa-francesa-revela-que-observaram-o-joelho-errado-na-lesao-de-mbappe\/","og_site_name":"Portal Tela Portugal","article_published_time":"2026-03-24T13:29:21+00:00","author":"Telinha","twitter_card":"summary_large_image","twitter_misc":{"Escrito por":"Telinha","Tempo estimado de leitura":"1 minuto"},"schema":{"@context":"https:\/\/schema.org","@graph":[{"@type":"Article","@id":"https:\/\/portaltela.pt\/noticias\/2026\/03\/24\/imprensa-francesa-revela-que-observaram-o-joelho-errado-na-lesao-de-mbappe\/#article","isPartOf":{"@id":"https:\/\/portaltela.pt\/noticias\/2026\/03\/24\/imprensa-francesa-revela-que-observaram-o-joelho-errado-na-lesao-de-mbappe\/"},"author":{"name":"Telinha","@id":"https:\/\/portaltela.pt\/#\/schema\/person\/c4278d4a6028830caff9ee44b42d32ed"},"headline":"Imprensa francesa revela que observaram o joelho errado na les\u00e3o de Mbapp\u00e9","datePublished":"2026-03-24T13:29:21+00:00","mainEntityOfPage":{"@id":"https:\/\/portaltela.pt\/noticias\/2026\/03\/24\/imprensa-francesa-revela-que-observaram-o-joelho-errado-na-lesao-de-mbappe\/"},"wordCount":216,"image":{"@id":"https:\/\/portaltela.pt\/noticias\/2026\/03\/24\/imprensa-francesa-revela-que-observaram-o-joelho-errado-na-lesao-de-mbappe\/#primaryimage"},"thumbnailUrl":"https:\/\/portaltela.pt\/s.01k8rhncp4jt1\/2026\/03\/img_920x518uu2026-03-24-13-23-20-2429105.jpg","keywords":["diagn\u00f3stico","Fran\u00e7a","futebol","les\u00f5es","Mbapp\u00e9","Real Madrid"],"articleSection":["Desporto","Futebol"],"inLanguage":"pt-PT"},{"@type":"WebPage","@id":"https:\/\/portaltela.pt\/noticias\/2026\/03\/24\/imprensa-francesa-revela-que-observaram-o-joelho-errado-na-lesao-de-mbappe\/","url":"https:\/\/portaltela.pt\/noticias\/2026\/03\/24\/imprensa-francesa-revela-que-observaram-o-joelho-errado-na-lesao-de-mbappe\/","name":"Imprensa francesa revela que observaram o joelho errado na les\u00e3o de Mbapp\u00e9 - Portal Tela Portugal","isPartOf":{"@id":"https:\/\/portaltela.pt\/#website"},"primaryImageOfPage":{"@id":"https:\/\/portaltela.pt\/noticias\/2026\/03\/24\/imprensa-francesa-revela-que-observaram-o-joelho-errado-na-lesao-de-mbappe\/#primaryimage"},"image":{"@id":"https:\/\/portaltela.pt\/noticias\/2026\/03\/24\/imprensa-francesa-revela-que-observaram-o-joelho-errado-na-lesao-de-mbappe\/#primaryimage"},"thumbnailUrl":"https:\/\/portaltela.pt\/s.01k8rhncp4jt1\/2026\/03\/img_920x518uu2026-03-24-13-23-20-2429105.jpg","datePublished":"2026-03-24T13:29:21+00:00","author":{"@id":"https:\/\/portaltela.pt\/#\/schema\/person\/c4278d4a6028830caff9ee44b42d32ed"},"breadcrumb":{"@id":"https:\/\/portaltela.pt\/noticias\/2026\/03\/24\/imprensa-francesa-revela-que-observaram-o-joelho-errado-na-lesao-de-mbappe\/#breadcrumb"},"inLanguage":"pt-PT","potentialAction":[{"@type":"ReadAction","target":["https:\/\/portaltela.pt\/noticias\/2026\/03\/24\/imprensa-francesa-revela-que-observaram-o-joelho-errado-na-lesao-de-mbappe\/"]}]},{"@type":"ImageObject","inLanguage":"pt-PT","@id":"https:\/\/portaltela.pt\/noticias\/2026\/03\/24\/imprensa-francesa-revela-que-observaram-o-joelho-errado-na-lesao-de-mbappe\/#primaryimage","url":"https:\/\/portaltela.pt\/s.01k8rhncp4jt1\/2026\/03\/img_920x518uu2026-03-24-13-23-20-2429105.jpg","contentUrl":"https:\/\/portaltela.pt\/s.01k8rhncp4jt1\/2026\/03\/img_920x518uu2026-03-24-13-23-20-2429105.jpg","width":796,"height":448,"caption":"Mbapp\u00e9 no centro de pol\u00e9mica sobre les\u00e3o"},{"@type":"BreadcrumbList","@id":"https:\/\/portaltela.pt\/noticias\/2026\/03\/24\/imprensa-francesa-revela-que-observaram-o-joelho-errado-na-lesao-de-mbappe\/#breadcrumb","itemListElement":[{"@type":"ListItem","position":1,"name":"In\u00edcio","item":"https:\/\/portaltela.pt\/"},{"@type":"ListItem","position":2,"name":"Imprensa francesa revela que observaram o joelho errado na les\u00e3o de Mbapp\u00e9"}]},{"@type":"WebSite","@id":"https:\/\/portaltela.pt\/#website","url":"https:\/\/portaltela.pt\/","name":"Portal Tela Portugal","description":"","potentialAction":[{"@type":"SearchAction","target":{"@type":"EntryPoint","urlTemplate":"https:\/\/portaltela.pt\/?s={search_term_string}"},"query-input":{"@type":"PropertyValueSpecification","valueRequired":true,"valueName":"search_term_string"}}],"inLanguage":"pt-PT"},{"@type":"Person","@id":"https:\/\/portaltela.pt\/#\/schema\/person\/c4278d4a6028830caff9ee44b42d32ed","name":"Telinha","image":{"@type":"ImageObject","inLanguage":"pt-PT","@id":"https:\/\/portaltela.pt\/s.01k8rhncp4jt1\/2025\/11\/talking-bot-125x125.png","url":"https:\/\/portaltela.pt\/s.01k8rhncp4jt1\/2025\/11\/talking-bot-125x125.png","contentUrl":"https:\/\/portaltela.pt\/s.01k8rhncp4jt1\/2025\/11\/talking-bot-125x125.png","caption":"Telinha"},"sameAs":["https:\/\/portaltela.pt\/"],"url":"https:\/\/portaltela.pt\/por\/367410592786\/"}]}},"_links":{"self":[{"href":"https:\/\/portaltela.pt\/api\/wp\/v2\/posts\/419590","targetHints":{"allow":["GET"]}}],"collection":[{"href":"https:\/\/portaltela.pt\/api\/wp\/v2\/posts"}],"about":[{"href":"https:\/\/portaltela.pt\/api\/wp\/v2\/types\/post"}],"author":[{"embeddable":true,"href":"https:\/\/portaltela.pt\/api\/wp\/v2\/users\/2"}],"replies":[{"embeddable":true,"href":"https:\/\/portaltela.pt\/api\/wp\/v2\/comments?post=419590"}],"version-history":[{"count":0,"href":"https:\/\/portaltela.pt\/api\/wp\/v2\/posts\/419590\/revisions"}],"wp:featuredmedia":[{"embeddable":true,"href":"https:\/\/portaltela.pt\/api\/wp\/v2\/media\/419595"}],"wp:attachment":[{"href":"https:\/\/portaltela.pt\/api\/wp\/v2\/media?parent=419590"}],"wp:term":[{"taxonomy":"category","embeddable":true,"href":"https:\/\/portaltela.pt\/api\/wp\/v2\/categories?post=419590"},{"taxonomy":"post_tag","embeddable":true,"href":"https:\/\/portaltela.pt\/api\/wp\/v2\/tags?post=419590"}],"curies":[{"name":"wp","href":"https:\/\/api.w.org\/{rel}","templated":true}]}}